{"id":911942,"date":"2021-07-25T12:14:55","date_gmt":"2021-07-25T15:14:55","guid":{"rendered":"https:\/\/www.pm.pb.gov.br\/portal\/?p=911942"},"modified":"2021-07-25T12:25:14","modified_gmt":"2021-07-25T15:25:14","slug":"operacao-previna-se-policia-militar-apreende-tres-armas-de-fogo-e-realiza-fiscalizacoes-de-combate-ao-crime-de-poluicao-sonora-na-capital","status":"publish","type":"post","link":"https:\/\/www.pm.pb.gov.br\/portal\/2021\/07\/25\/operacao-previna-se-policia-militar-apreende-tres-armas-de-fogo-e-realiza-fiscalizacoes-de-combate-ao-crime-de-poluicao-sonora-na-capital\/","title":{"rendered":"Opera\u00e7\u00e3o Previna-se: Pol\u00edcia Militar apreende tr\u00eas armas de fogo e realiza fiscaliza\u00e7\u00f5es de combate ao crime de polui\u00e7\u00e3o sonora na Capital"},"content":{"rendered":"\n<p>Durante as a\u00e7\u00f5es da Pol\u00edcia Militar na Opera\u00e7\u00e3o Previna-se, entre a noite deste s\u00e1bado (24) e a manh\u00e3 deste domingo (25) foram realizadas apreens\u00f5es de tr\u00eas armas de fogo, al\u00e9m de autua\u00e7\u00f5es pelo crime de polui\u00e7\u00e3o sonora pelo Batalh\u00e3o de Pol\u00edcia Ambiental (BPAmb) na Capital.<\/p>\n<p>Na noite deste s\u00e1bado (24), policiais militares do BPAmb foram acionados para atender uma ocorr\u00eancia de perturba\u00e7\u00e3o de sossego, em uma casa de eventos na Praia do Sol. Ao chegar no local a guarni\u00e7\u00e3o constatou a polui\u00e7\u00e3o sonora atrav\u00e9s da aferi\u00e7\u00e3o com o decibel\u00edmetro, sendo lavrado um auto de infra\u00e7\u00e3o com multa no valor de R$ 5.000,00. Ainda na ocorr\u00eancia, ao ser realizada a abordagem \u00e0s pessoas que se encontravam no local, uma arma de fogo foi encontrada com um suspeito de 26 anos (foto abaixo).<\/p>\n<p><img loading=\"lazy\" decoding=\"async\" class=\"alignnone size-thumbnail wp-image-911945\" src=\"http:\/\/www.pm.pb.gov.br\/portal\/wp-content\/uploads\/2021\/07\/WhatsApp-Image-2021-07-25-at-12.10.00-1-245x136.jpeg\" alt=\"\" width=\"245\" height=\"136\" srcset=\"https:\/\/www.pm.pb.gov.br\/portal\/wp-content\/uploads\/2021\/07\/WhatsApp-Image-2021-07-25-at-12.10.00-1-245x136.jpeg 245w, https:\/\/www.pm.pb.gov.br\/portal\/wp-content\/uploads\/2021\/07\/WhatsApp-Image-2021-07-25-at-12.10.00-1-800x445.jpeg 800w\" sizes=\"(max-width: 245px) 100vw, 245px\" \/><\/p>\n<p>Outras fiscaliza\u00e7\u00f5es de combate ao crime de polui\u00e7\u00e3o sonora foram realizadas pelo BPAmb, em a\u00e7\u00e3o conjunta com policiais do 7\u00ba BPM e 5\u00ba BPM, as quais resultaram em mais duas autua\u00e7\u00f5es em Santa Rita e no Bairro de Barra de Gramame (foto abaixo).<\/p>\n<p><img loading=\"lazy\" decoding=\"async\" class=\"alignnone size-thumbnail wp-image-911946\" src=\"http:\/\/www.pm.pb.gov.br\/portal\/wp-content\/uploads\/2021\/07\/WhatsApp-Image-2021-07-25-at-12.10.01-245x136.jpeg\" alt=\"\" width=\"245\" height=\"136\" srcset=\"https:\/\/www.pm.pb.gov.br\/portal\/wp-content\/uploads\/2021\/07\/WhatsApp-Image-2021-07-25-at-12.10.01-245x136.jpeg 245w, https:\/\/www.pm.pb.gov.br\/portal\/wp-content\/uploads\/2021\/07\/WhatsApp-Image-2021-07-25-at-12.10.01-800x445.jpeg 800w\" sizes=\"(max-width: 245px) 100vw, 245px\" \/><\/p>\n<p>Outras duas armas de fogo foram apreendidas, uma em uma abordagem a um ve\u00edculo no centro da Capital, um rev\u00f3lver calibre 38 e em posse de acusado de 58 anos. E a segunda, durante uma abordagem a um suspeito, na Zona Sul da Capital. O suspeito fugiu, sendo encontrado um rev\u00f3lver calibre 38 abandonado em um casebre.<\/p>\n<p>Os acusados e as armas apreendidas foram conduzidas at\u00e9 a autoridade policial na Central de Flagrantes, no Geisel.<\/p>\n<p>\u00a0<\/p>\n","protected":false},"excerpt":{"rendered":"<p>Durante as a\u00e7\u00f5es da Pol\u00edcia Militar na Opera\u00e7\u00e3o Previna-se, entre a noite deste s\u00e1bado (24) e a manh\u00e3 deste domingo<\/p>\n","protected":false},"author":5,"featured_media":911944,"comment_status":"closed","ping_status":"closed","sticky":false,"template":"","format":"standard","meta":{"_exactmetrics_skip_tracking":false,"_exactmetrics_sitenote_active":false,"_exactmetrics_sitenote_note":"","_exactmetrics_sitenote_category":0,"footnotes":""},"categories":[4],"tags":[],"yoast_head":"<!-- This site is optimized with the Yoast SEO plugin v22.0 - https:\/\/yoast.com\/wordpress\/plugins\/seo\/ -->\n<title>Opera\u00e7\u00e3o Previna-se: Pol\u00edcia Militar apreende tr\u00eas armas de fogo e realiza fiscaliza\u00e7\u00f5es de combate ao crime de polui\u00e7\u00e3o sonora na Capital - Pol\u00edcia Militar da Para\u00edba<\/title>\n<meta name=\"robots\" content=\"index, follow, max-snippet:-1, max-image-preview:large, max-video-preview:-1\" \/>\n<link rel=\"canonical\" href=\"https:\/\/www.pm.pb.gov.br\/portal\/2021\/07\/25\/operacao-previna-se-policia-militar-apreende-tres-armas-de-fogo-e-realiza-fiscalizacoes-de-combate-ao-crime-de-poluicao-sonora-na-capital\/\" \/>\n<meta property=\"og:locale\" content=\"pt_BR\" \/>\n<meta property=\"og:type\" content=\"article\" \/>\n<meta property=\"og:title\" content=\"Opera\u00e7\u00e3o Previna-se: Pol\u00edcia Militar apreende tr\u00eas armas de fogo e realiza fiscaliza\u00e7\u00f5es de combate ao crime de polui\u00e7\u00e3o sonora na Capital - Pol\u00edcia Militar da Para\u00edba\" \/>\n<meta property=\"og:description\" content=\"Durante as a\u00e7\u00f5es da Pol\u00edcia Militar na Opera\u00e7\u00e3o Previna-se, entre a noite deste s\u00e1bado (24) e a manh\u00e3 deste domingo\" \/>\n<meta property=\"og:url\" content=\"https:\/\/www.pm.pb.gov.br\/portal\/2021\/07\/25\/operacao-previna-se-policia-militar-apreende-tres-armas-de-fogo-e-realiza-fiscalizacoes-de-combate-ao-crime-de-poluicao-sonora-na-capital\/\" \/>\n<meta property=\"og:site_name\" content=\"Pol\u00edcia Militar da Para\u00edba\" \/>\n<meta property=\"article:published_time\" content=\"2021-07-25T15:14:55+00:00\" \/>\n<meta property=\"article:modified_time\" content=\"2021-07-25T15:25:14+00:00\" \/>\n<meta property=\"og:image\" content=\"https:\/\/www.pm.pb.gov.br\/portal\/wp-content\/uploads\/2021\/07\/bpamb-1.jpeg\" \/>\n\t<meta property=\"og:image:width\" content=\"800\" \/>\n\t<meta property=\"og:image:height\" content=\"445\" \/>\n\t<meta property=\"og:image:type\" content=\"image\/jpeg\" \/>\n<meta name=\"author\" content=\"Assessoria de Imprensa da PMPB\" \/>\n<meta name=\"twitter:card\" content=\"summary_large_image\" \/>\n<meta name=\"twitter:label1\" content=\"Escrito por\" \/>\n\t<meta name=\"twitter:data1\" content=\"Assessoria de Imprensa da PMPB\" \/>\n\t<meta name=\"twitter:label2\" content=\"Est. tempo de leitura\" \/>\n\t<meta name=\"twitter:data2\" content=\"2 minutos\" \/>\n<script type=\"application\/ld+json\" class=\"yoast-schema-graph\">{\"@context\":\"https:\/\/schema.org\",\"@graph\":[{\"@type\":\"Article\",\"@id\":\"https:\/\/www.pm.pb.gov.br\/portal\/2021\/07\/25\/operacao-previna-se-policia-militar-apreende-tres-armas-de-fogo-e-realiza-fiscalizacoes-de-combate-ao-crime-de-poluicao-sonora-na-capital\/#article\",\"isPartOf\":{\"@id\":\"https:\/\/www.pm.pb.gov.br\/portal\/2021\/07\/25\/operacao-previna-se-policia-militar-apreende-tres-armas-de-fogo-e-realiza-fiscalizacoes-de-combate-ao-crime-de-poluicao-sonora-na-capital\/\"},\"author\":{\"name\":\"Assessoria de Imprensa da PMPB\",\"@id\":\"https:\/\/www.pm.pb.gov.br\/portal\/#\/schema\/person\/e8454f46651c3ecf0e1ba3c1666d9947\"},\"headline\":\"Opera\u00e7\u00e3o Previna-se: Pol\u00edcia Militar apreende tr\u00eas armas de fogo e realiza fiscaliza\u00e7\u00f5es de combate ao crime de polui\u00e7\u00e3o sonora na Capital\",\"datePublished\":\"2021-07-25T15:14:55+00:00\",\"dateModified\":\"2021-07-25T15:25:14+00:00\",\"mainEntityOfPage\":{\"@id\":\"https:\/\/www.pm.pb.gov.br\/portal\/2021\/07\/25\/operacao-previna-se-policia-militar-apreende-tres-armas-de-fogo-e-realiza-fiscalizacoes-de-combate-ao-crime-de-poluicao-sonora-na-capital\/\"},\"wordCount\":293,\"publisher\":{\"@id\":\"https:\/\/www.pm.pb.gov.br\/portal\/#organization\"},\"articleSection\":[\"A\u00e7\u00f5es Policiais\"],\"inLanguage\":\"pt-BR\"},{\"@type\":\"WebPage\",\"@id\":\"https:\/\/www.pm.pb.gov.br\/portal\/2021\/07\/25\/operacao-previna-se-policia-militar-apreende-tres-armas-de-fogo-e-realiza-fiscalizacoes-de-combate-ao-crime-de-poluicao-sonora-na-capital\/\",\"url\":\"https:\/\/www.pm.pb.gov.br\/portal\/2021\/07\/25\/operacao-previna-se-policia-militar-apreende-tres-armas-de-fogo-e-realiza-fiscalizacoes-de-combate-ao-crime-de-poluicao-sonora-na-capital\/\",\"name\":\"Opera\u00e7\u00e3o Previna-se: Pol\u00edcia Militar apreende tr\u00eas armas de fogo e realiza fiscaliza\u00e7\u00f5es de combate ao crime de polui\u00e7\u00e3o sonora na Capital - Pol\u00edcia Militar da Para\u00edba\",\"isPartOf\":{\"@id\":\"https:\/\/www.pm.pb.gov.br\/portal\/#website\"},\"datePublished\":\"2021-07-25T15:14:55+00:00\",\"dateModified\":\"2021-07-25T15:25:14+00:00\",\"breadcrumb\":{\"@id\":\"https:\/\/www.pm.pb.gov.br\/portal\/2021\/07\/25\/operacao-previna-se-policia-militar-apreende-tres-armas-de-fogo-e-realiza-fiscalizacoes-de-combate-ao-crime-de-poluicao-sonora-na-capital\/#breadcrumb\"},\"inLanguage\":\"pt-BR\",\"potentialAction\":[{\"@type\":\"ReadAction\",\"target\":[\"https:\/\/www.pm.pb.gov.br\/portal\/2021\/07\/25\/operacao-previna-se-policia-militar-apreende-tres-armas-de-fogo-e-realiza-fiscalizacoes-de-combate-ao-crime-de-poluicao-sonora-na-capital\/\"]}]},{\"@type\":\"BreadcrumbList\",\"@id\":\"https:\/\/www.pm.pb.gov.br\/portal\/2021\/07\/25\/operacao-previna-se-policia-militar-apreende-tres-armas-de-fogo-e-realiza-fiscalizacoes-de-combate-ao-crime-de-poluicao-sonora-na-capital\/#breadcrumb\",\"itemListElement\":[{\"@type\":\"ListItem\",\"position\":1,\"name\":\"In\u00edcio\",\"item\":\"https:\/\/www.pm.pb.gov.br\/portal\/\"},{\"@type\":\"ListItem\",\"position\":2,\"name\":\"Opera\u00e7\u00e3o Previna-se: Pol\u00edcia Militar apreende tr\u00eas armas de fogo e realiza fiscaliza\u00e7\u00f5es de combate ao crime de polui\u00e7\u00e3o sonora na Capital\"}]},{\"@type\":\"WebSite\",\"@id\":\"https:\/\/www.pm.pb.gov.br\/portal\/#website\",\"url\":\"https:\/\/www.pm.pb.gov.br\/portal\/\",\"name\":\"Pol\u00edcia Militar da Para\u00edba\",\"description\":\"\",\"publisher\":{\"@id\":\"https:\/\/www.pm.pb.gov.br\/portal\/#organization\"},\"potentialAction\":[{\"@type\":\"SearchAction\",\"target\":{\"@type\":\"EntryPoint\",\"urlTemplate\":\"https:\/\/www.pm.pb.gov.br\/portal\/?s={search_term_string}\"},\"query-input\":\"required name=search_term_string\"}],\"inLanguage\":\"pt-BR\"},{\"@type\":\"Organization\",\"@id\":\"https:\/\/www.pm.pb.gov.br\/portal\/#organization\",\"name\":\"Pol\u00edcia Militar da Para\u00edba\",\"url\":\"https:\/\/www.pm.pb.gov.br\/portal\/\",\"logo\":{\"@type\":\"ImageObject\",\"inLanguage\":\"pt-BR\",\"@id\":\"https:\/\/www.pm.pb.gov.br\/portal\/#\/schema\/logo\/image\/\",\"url\":\"https:\/\/www.pm.pb.gov.br\/portal\/wp-content\/uploads\/2025\/03\/cropped-logo-site-mag2-1.png\",\"contentUrl\":\"https:\/\/www.pm.pb.gov.br\/portal\/wp-content\/uploads\/2025\/03\/cropped-logo-site-mag2-1.png\",\"width\":320,\"height\":90,\"caption\":\"Pol\u00edcia Militar da Para\u00edba\"},\"image\":{\"@id\":\"https:\/\/www.pm.pb.gov.br\/portal\/#\/schema\/logo\/image\/\"}},{\"@type\":\"Person\",\"@id\":\"https:\/\/www.pm.pb.gov.br\/portal\/#\/schema\/person\/e8454f46651c3ecf0e1ba3c1666d9947\",\"name\":\"Assessoria de Imprensa da PMPB\",\"image\":{\"@type\":\"ImageObject\",\"inLanguage\":\"pt-BR\",\"@id\":\"https:\/\/www.pm.pb.gov.br\/portal\/#\/schema\/person\/image\/\",\"url\":\"https:\/\/secure.gravatar.com\/avatar\/2efe197438265d1e90bd98c4c8e1acf8?s=96&d=mm&r=g\",\"contentUrl\":\"https:\/\/secure.gravatar.com\/avatar\/2efe197438265d1e90bd98c4c8e1acf8?s=96&d=mm&r=g\",\"caption\":\"Assessoria de Imprensa da PMPB\"},\"url\":\"https:\/\/www.pm.pb.gov.br\/portal\/author\/assessoria\/\"}]}<\/script>\n<!-- \/ Yoast SEO plugin. -->","yoast_head_json":{"title":"Opera\u00e7\u00e3o Previna-se: Pol\u00edcia Militar apreende tr\u00eas armas de fogo e realiza fiscaliza\u00e7\u00f5es de combate ao crime de polui\u00e7\u00e3o sonora na Capital - Pol\u00edcia Militar da Para\u00edba","robots":{"index":"index","follow":"follow","max-snippet":"max-snippet:-1","max-image-preview":"max-image-preview:large","max-video-preview":"max-video-preview:-1"},"canonical":"https:\/\/www.pm.pb.gov.br\/portal\/2021\/07\/25\/operacao-previna-se-policia-militar-apreende-tres-armas-de-fogo-e-realiza-fiscalizacoes-de-combate-ao-crime-de-poluicao-sonora-na-capital\/","og_locale":"pt_BR","og_type":"article","og_title":"Opera\u00e7\u00e3o Previna-se: Pol\u00edcia Militar apreende tr\u00eas armas de fogo e realiza fiscaliza\u00e7\u00f5es de combate ao crime de polui\u00e7\u00e3o sonora na Capital - Pol\u00edcia Militar da Para\u00edba","og_description":"Durante as a\u00e7\u00f5es da Pol\u00edcia Militar na Opera\u00e7\u00e3o Previna-se, entre a noite deste s\u00e1bado (24) e a manh\u00e3 deste domingo","og_url":"https:\/\/www.pm.pb.gov.br\/portal\/2021\/07\/25\/operacao-previna-se-policia-militar-apreende-tres-armas-de-fogo-e-realiza-fiscalizacoes-de-combate-ao-crime-de-poluicao-sonora-na-capital\/","og_site_name":"Pol\u00edcia Militar da Para\u00edba","article_published_time":"2021-07-25T15:14:55+00:00","article_modified_time":"2021-07-25T15:25:14+00:00","og_image":[{"width":800,"height":445,"url":"https:\/\/www.pm.pb.gov.br\/portal\/wp-content\/uploads\/2021\/07\/bpamb-1.jpeg","type":"image\/jpeg"}],"author":"Assessoria de Imprensa da PMPB","twitter_card":"summary_large_image","twitter_misc":{"Escrito por":"Assessoria de Imprensa da PMPB","Est. tempo de leitura":"2 minutos"},"schema":{"@context":"https:\/\/schema.org","@graph":[{"@type":"Article","@id":"https:\/\/www.pm.pb.gov.br\/portal\/2021\/07\/25\/operacao-previna-se-policia-militar-apreende-tres-armas-de-fogo-e-realiza-fiscalizacoes-de-combate-ao-crime-de-poluicao-sonora-na-capital\/#article","isPartOf":{"@id":"https:\/\/www.pm.pb.gov.br\/portal\/2021\/07\/25\/operacao-previna-se-policia-militar-apreende-tres-armas-de-fogo-e-realiza-fiscalizacoes-de-combate-ao-crime-de-poluicao-sonora-na-capital\/"},"author":{"name":"Assessoria de Imprensa da PMPB","@id":"https:\/\/www.pm.pb.gov.br\/portal\/#\/schema\/person\/e8454f46651c3ecf0e1ba3c1666d9947"},"headline":"Opera\u00e7\u00e3o Previna-se: Pol\u00edcia Militar apreende tr\u00eas armas de fogo e realiza fiscaliza\u00e7\u00f5es de combate ao crime de polui\u00e7\u00e3o sonora na Capital","datePublished":"2021-07-25T15:14:55+00:00","dateModified":"2021-07-25T15:25:14+00:00","mainEntityOfPage":{"@id":"https:\/\/www.pm.pb.gov.br\/portal\/2021\/07\/25\/operacao-previna-se-policia-militar-apreende-tres-armas-de-fogo-e-realiza-fiscalizacoes-de-combate-ao-crime-de-poluicao-sonora-na-capital\/"},"wordCount":293,"publisher":{"@id":"https:\/\/www.pm.pb.gov.br\/portal\/#organization"},"articleSection":["A\u00e7\u00f5es Policiais"],"inLanguage":"pt-BR"},{"@type":"WebPage","@id":"https:\/\/www.pm.pb.gov.br\/portal\/2021\/07\/25\/operacao-previna-se-policia-militar-apreende-tres-armas-de-fogo-e-realiza-fiscalizacoes-de-combate-ao-crime-de-poluicao-sonora-na-capital\/","url":"https:\/\/www.pm.pb.gov.br\/portal\/2021\/07\/25\/operacao-previna-se-policia-militar-apreende-tres-armas-de-fogo-e-realiza-fiscalizacoes-de-combate-ao-crime-de-poluicao-sonora-na-capital\/","name":"Opera\u00e7\u00e3o Previna-se: Pol\u00edcia Militar apreende tr\u00eas armas de fogo e realiza fiscaliza\u00e7\u00f5es de combate ao crime de polui\u00e7\u00e3o sonora na Capital - Pol\u00edcia Militar da Para\u00edba","isPartOf":{"@id":"https:\/\/www.pm.pb.gov.br\/portal\/#website"},"datePublished":"2021-07-25T15:14:55+00:00","dateModified":"2021-07-25T15:25:14+00:00","breadcrumb":{"@id":"https:\/\/www.pm.pb.gov.br\/portal\/2021\/07\/25\/operacao-previna-se-policia-militar-apreende-tres-armas-de-fogo-e-realiza-fiscalizacoes-de-combate-ao-crime-de-poluicao-sonora-na-capital\/#breadcrumb"},"inLanguage":"pt-BR","potentialAction":[{"@type":"ReadAction","target":["https:\/\/www.pm.pb.gov.br\/portal\/2021\/07\/25\/operacao-previna-se-policia-militar-apreende-tres-armas-de-fogo-e-realiza-fiscalizacoes-de-combate-ao-crime-de-poluicao-sonora-na-capital\/"]}]},{"@type":"BreadcrumbList","@id":"https:\/\/www.pm.pb.gov.br\/portal\/2021\/07\/25\/operacao-previna-se-policia-militar-apreende-tres-armas-de-fogo-e-realiza-fiscalizacoes-de-combate-ao-crime-de-poluicao-sonora-na-capital\/#breadcrumb","itemListElement":[{"@type":"ListItem","position":1,"name":"In\u00edcio","item":"https:\/\/www.pm.pb.gov.br\/portal\/"},{"@type":"ListItem","position":2,"name":"Opera\u00e7\u00e3o Previna-se: Pol\u00edcia Militar apreende tr\u00eas armas de fogo e realiza fiscaliza\u00e7\u00f5es de combate ao crime de polui\u00e7\u00e3o sonora na Capital"}]},{"@type":"WebSite","@id":"https:\/\/www.pm.pb.gov.br\/portal\/#website","url":"https:\/\/www.pm.pb.gov.br\/portal\/","name":"Pol\u00edcia Militar da Para\u00edba","description":"","publisher":{"@id":"https:\/\/www.pm.pb.gov.br\/portal\/#organization"},"potentialAction":[{"@type":"SearchAction","target":{"@type":"EntryPoint","urlTemplate":"https:\/\/www.pm.pb.gov.br\/portal\/?s={search_term_string}"},"query-input":"required name=search_term_string"}],"inLanguage":"pt-BR"},{"@type":"Organization","@id":"https:\/\/www.pm.pb.gov.br\/portal\/#organization","name":"Pol\u00edcia Militar da Para\u00edba","url":"https:\/\/www.pm.pb.gov.br\/portal\/","logo":{"@type":"ImageObject","inLanguage":"pt-BR","@id":"https:\/\/www.pm.pb.gov.br\/portal\/#\/schema\/logo\/image\/","url":"https:\/\/www.pm.pb.gov.br\/portal\/wp-content\/uploads\/2025\/03\/cropped-logo-site-mag2-1.png","contentUrl":"https:\/\/www.pm.pb.gov.br\/portal\/wp-content\/uploads\/2025\/03\/cropped-logo-site-mag2-1.png","width":320,"height":90,"caption":"Pol\u00edcia Militar da Para\u00edba"},"image":{"@id":"https:\/\/www.pm.pb.gov.br\/portal\/#\/schema\/logo\/image\/"}},{"@type":"Person","@id":"https:\/\/www.pm.pb.gov.br\/portal\/#\/schema\/person\/e8454f46651c3ecf0e1ba3c1666d9947","name":"Assessoria de Imprensa da PMPB","image":{"@type":"ImageObject","inLanguage":"pt-BR","@id":"https:\/\/www.pm.pb.gov.br\/portal\/#\/schema\/person\/image\/","url":"https:\/\/secure.gravatar.com\/avatar\/2efe197438265d1e90bd98c4c8e1acf8?s=96&d=mm&r=g","contentUrl":"https:\/\/secure.gravatar.com\/avatar\/2efe197438265d1e90bd98c4c8e1acf8?s=96&d=mm&r=g","caption":"Assessoria de Imprensa da PMPB"},"url":"https:\/\/www.pm.pb.gov.br\/portal\/author\/assessoria\/"}]}},"_links":{"self":[{"href":"https:\/\/www.pm.pb.gov.br\/portal\/wp-json\/wp\/v2\/posts\/911942"}],"collection":[{"href":"https:\/\/www.pm.pb.gov.br\/portal\/wp-json\/wp\/v2\/posts"}],"about":[{"href":"https:\/\/www.pm.pb.gov.br\/portal\/wp-json\/wp\/v2\/types\/post"}],"author":[{"embeddable":true,"href":"https:\/\/www.pm.pb.gov.br\/portal\/wp-json\/wp\/v2\/users\/5"}],"replies":[{"embeddable":true,"href":"https:\/\/www.pm.pb.gov.br\/portal\/wp-json\/wp\/v2\/comments?post=911942"}],"version-history":[{"count":3,"href":"https:\/\/www.pm.pb.gov.br\/portal\/wp-json\/wp\/v2\/posts\/911942\/revisions"}],"predecessor-version":[{"id":911950,"href":"https:\/\/www.pm.pb.gov.br\/portal\/wp-json\/wp\/v2\/posts\/911942\/revisions\/911950"}],"wp:featuredmedia":[{"embeddable":true,"href":"https:\/\/www.pm.pb.gov.br\/portal\/wp-json\/wp\/v2\/media\/911944"}],"wp:attachment":[{"href":"https:\/\/www.pm.pb.gov.br\/portal\/wp-json\/wp\/v2\/media?parent=911942"}],"wp:term":[{"taxonomy":"category","embeddable":true,"href":"https:\/\/www.pm.pb.gov.br\/portal\/wp-json\/wp\/v2\/categories?post=911942"},{"taxonomy":"post_tag","embeddable":true,"href":"https:\/\/www.pm.pb.gov.br\/portal\/wp-json\/wp\/v2\/tags?post=911942"}],"curies":[{"name":"wp","href":"https:\/\/api.w.org\/{rel}","templated":true}]}}