{"id":911922,"date":"2021-07-24T15:54:42","date_gmt":"2021-07-24T18:54:42","guid":{"rendered":"https:\/\/www.pm.pb.gov.br\/portal\/?p=911922"},"modified":"2021-07-24T15:54:44","modified_gmt":"2021-07-24T18:54:44","slug":"operacao-previna-se-policia-militar-apreende-seis-armas-de-fogo-e-prende-cinco-suspeitos-no-sertao-da-paraiba","status":"publish","type":"post","link":"https:\/\/www.pm.pb.gov.br\/portal\/2021\/07\/24\/operacao-previna-se-policia-militar-apreende-seis-armas-de-fogo-e-prende-cinco-suspeitos-no-sertao-da-paraiba\/","title":{"rendered":"Opera\u00e7\u00e3o Previna-se: Pol\u00edcia Militar apreende seis armas de fogo e prende cinco suspeitos no sert\u00e3o da Para\u00edba"},"content":{"rendered":"\n<p>Durante as a\u00e7\u00f5es da Pol\u00edcia Militar na Opera\u00e7\u00e3o Previna-se, realizadas entre a noite da sexta (23) at\u00e9 a manh\u00e3 deste s\u00e1bado (24), resultou na apreens\u00e3o de 06 armas de fogo e pris\u00e3o de cinco indiv\u00edduos, nas cidades do interior da Para\u00edba.<\/p>\n<p>Na noite desta sexta (23), policiais militares do 3\u00ba BPM realizavam rondas na cidade de Matur\u00e9ia, quando visualizaram um indiv\u00edduo em uma motocicleta em atitude suspeita. As guarni\u00e7\u00f5es se aproximaram, e ao realizar a abordagem, durante a busca pessoal, os policiais encontraram um rev\u00f3lver calibre 38 (foto acima). O homem, de 42 anos, foi preso em flagrante. Em Patos, outro acusado em atitude suspeita, que estava em uso de tornozeleira eletr\u00f4nica, tentou fugir da pol\u00edcia, adentrando rapidamente a resid\u00eancia, os policiais realizaram a busca encontraram uma espingarda. Os acusados e as armas apreendidas foram conduzidos para a Delegacia de Pol\u00edcia Civil.<\/p>\n<p><img loading=\"lazy\" decoding=\"async\" class=\"alignnone size-thumbnail wp-image-911927\" src=\"http:\/\/www.pm.pb.gov.br\/portal\/wp-content\/uploads\/2021\/07\/WhatsApp-Image-2021-07-24-at-15.48.25-1-245x136.jpeg\" alt=\"\" width=\"245\" height=\"136\" srcset=\"https:\/\/www.pm.pb.gov.br\/portal\/wp-content\/uploads\/2021\/07\/WhatsApp-Image-2021-07-24-at-15.48.25-1-245x136.jpeg 245w, https:\/\/www.pm.pb.gov.br\/portal\/wp-content\/uploads\/2021\/07\/WhatsApp-Image-2021-07-24-at-15.48.25-1-800x445.jpeg 800w\" sizes=\"(max-width: 245px) 100vw, 245px\" \/><\/p>\n<p>Ainda na noite da sexta, policiais militares do 6\u00ba BPM foram solicitados para uma ocorr\u00eancia de tr\u00e2nsito, nas proximidades do S\u00edtio Cocos, na PB 004, em Cajazeiras. Ao chegar no local os policiais encontraram o ve\u00edculo bastante danificado e com os pneus furados. O motorista de 71 anos, apresentava sinais de embriaguez, ao realizar uma busca no interior do ve\u00edculo encontraram uma bolsa com um rev\u00f3lver calibre 38 e uma pistola calibre 765, al\u00e9m de muni\u00e7\u00f5es (foto acima). Ap\u00f3s realizar o teste de alcoolemia, foi constatada a embriaguez.\u00a0 Ainda em Cajazeiras outro acusado foi apreendido com um rev\u00f3lver calibre 38. Os acusados e as armas foram apresentados \u00e0 autoridade policial.<\/p>\n<p>Em Catol\u00e9 do Rocha, na madrugada deste s\u00e1bado, policiais militares do 12\u00ba BPM realizavam rondas quando encontraram um indiv\u00edduo em via p\u00fablica com uma espingarda calibre 36. O acusado de 23 anos foi apresentado na Delegacia de Pol\u00edcia Civil.<\/p>\n<p>\u00a0<\/p>\n<p>\u00a0<\/p>\n","protected":false},"excerpt":{"rendered":"<p>Durante as a\u00e7\u00f5es da Pol\u00edcia Militar na Opera\u00e7\u00e3o Previna-se, realizadas entre a noite da sexta (23) at\u00e9 a manh\u00e3 deste<\/p>\n","protected":false},"author":5,"featured_media":911923,"comment_status":"closed","ping_status":"closed","sticky":false,"template":"","format":"standard","meta":{"_exactmetrics_skip_tracking":false,"_exactmetrics_sitenote_active":false,"_exactmetrics_sitenote_note":"","_exactmetrics_sitenote_category":0,"footnotes":""},"categories":[4],"tags":[],"yoast_head":"<!-- This site is optimized with the Yoast SEO plugin v22.0 - https:\/\/yoast.com\/wordpress\/plugins\/seo\/ -->\n<title>Opera\u00e7\u00e3o Previna-se: Pol\u00edcia Militar apreende seis armas de fogo e prende cinco suspeitos no sert\u00e3o da Para\u00edba - Pol\u00edcia Militar da Para\u00edba<\/title>\n<meta name=\"robots\" content=\"index, follow, max-snippet:-1, max-image-preview:large, max-video-preview:-1\" \/>\n<link rel=\"canonical\" href=\"https:\/\/www.pm.pb.gov.br\/portal\/2021\/07\/24\/operacao-previna-se-policia-militar-apreende-seis-armas-de-fogo-e-prende-cinco-suspeitos-no-sertao-da-paraiba\/\" \/>\n<meta property=\"og:locale\" content=\"pt_BR\" \/>\n<meta property=\"og:type\" content=\"article\" \/>\n<meta property=\"og:title\" content=\"Opera\u00e7\u00e3o Previna-se: Pol\u00edcia Militar apreende seis armas de fogo e prende cinco suspeitos no sert\u00e3o da Para\u00edba - Pol\u00edcia Militar da Para\u00edba\" \/>\n<meta property=\"og:description\" content=\"Durante as a\u00e7\u00f5es da Pol\u00edcia Militar na Opera\u00e7\u00e3o Previna-se, realizadas entre a noite da sexta (23) at\u00e9 a manh\u00e3 deste\" \/>\n<meta property=\"og:url\" content=\"https:\/\/www.pm.pb.gov.br\/portal\/2021\/07\/24\/operacao-previna-se-policia-militar-apreende-seis-armas-de-fogo-e-prende-cinco-suspeitos-no-sertao-da-paraiba\/\" \/>\n<meta property=\"og:site_name\" content=\"Pol\u00edcia Militar da Para\u00edba\" \/>\n<meta property=\"article:published_time\" content=\"2021-07-24T18:54:42+00:00\" \/>\n<meta property=\"article:modified_time\" content=\"2021-07-24T18:54:44+00:00\" \/>\n<meta property=\"og:image\" content=\"https:\/\/www.pm.pb.gov.br\/portal\/wp-content\/uploads\/2021\/07\/WhatsApp-Image-2021-07-24-at-15.48.25.jpeg\" \/>\n\t<meta property=\"og:image:width\" content=\"1280\" \/>\n\t<meta property=\"og:image:height\" content=\"1023\" \/>\n\t<meta property=\"og:image:type\" content=\"image\/jpeg\" \/>\n<meta name=\"author\" content=\"Assessoria de Imprensa da PMPB\" \/>\n<meta name=\"twitter:card\" content=\"summary_large_image\" \/>\n<meta name=\"twitter:label1\" content=\"Escrito por\" \/>\n\t<meta name=\"twitter:data1\" content=\"Assessoria de Imprensa da PMPB\" \/>\n\t<meta name=\"twitter:label2\" content=\"Est. tempo de leitura\" \/>\n\t<meta name=\"twitter:data2\" content=\"2 minutos\" \/>\n<script type=\"application\/ld+json\" class=\"yoast-schema-graph\">{\"@context\":\"https:\/\/schema.org\",\"@graph\":[{\"@type\":\"Article\",\"@id\":\"https:\/\/www.pm.pb.gov.br\/portal\/2021\/07\/24\/operacao-previna-se-policia-militar-apreende-seis-armas-de-fogo-e-prende-cinco-suspeitos-no-sertao-da-paraiba\/#article\",\"isPartOf\":{\"@id\":\"https:\/\/www.pm.pb.gov.br\/portal\/2021\/07\/24\/operacao-previna-se-policia-militar-apreende-seis-armas-de-fogo-e-prende-cinco-suspeitos-no-sertao-da-paraiba\/\"},\"author\":{\"name\":\"Assessoria de Imprensa da PMPB\",\"@id\":\"https:\/\/www.pm.pb.gov.br\/portal\/#\/schema\/person\/e8454f46651c3ecf0e1ba3c1666d9947\"},\"headline\":\"Opera\u00e7\u00e3o Previna-se: Pol\u00edcia Militar apreende seis armas de fogo e prende cinco suspeitos no sert\u00e3o da Para\u00edba\",\"datePublished\":\"2021-07-24T18:54:42+00:00\",\"dateModified\":\"2021-07-24T18:54:44+00:00\",\"mainEntityOfPage\":{\"@id\":\"https:\/\/www.pm.pb.gov.br\/portal\/2021\/07\/24\/operacao-previna-se-policia-militar-apreende-seis-armas-de-fogo-e-prende-cinco-suspeitos-no-sertao-da-paraiba\/\"},\"wordCount\":325,\"publisher\":{\"@id\":\"https:\/\/www.pm.pb.gov.br\/portal\/#organization\"},\"articleSection\":[\"A\u00e7\u00f5es Policiais\"],\"inLanguage\":\"pt-BR\"},{\"@type\":\"WebPage\",\"@id\":\"https:\/\/www.pm.pb.gov.br\/portal\/2021\/07\/24\/operacao-previna-se-policia-militar-apreende-seis-armas-de-fogo-e-prende-cinco-suspeitos-no-sertao-da-paraiba\/\",\"url\":\"https:\/\/www.pm.pb.gov.br\/portal\/2021\/07\/24\/operacao-previna-se-policia-militar-apreende-seis-armas-de-fogo-e-prende-cinco-suspeitos-no-sertao-da-paraiba\/\",\"name\":\"Opera\u00e7\u00e3o Previna-se: Pol\u00edcia Militar apreende seis armas de fogo e prende cinco suspeitos no sert\u00e3o da Para\u00edba - Pol\u00edcia Militar da Para\u00edba\",\"isPartOf\":{\"@id\":\"https:\/\/www.pm.pb.gov.br\/portal\/#website\"},\"datePublished\":\"2021-07-24T18:54:42+00:00\",\"dateModified\":\"2021-07-24T18:54:44+00:00\",\"breadcrumb\":{\"@id\":\"https:\/\/www.pm.pb.gov.br\/portal\/2021\/07\/24\/operacao-previna-se-policia-militar-apreende-seis-armas-de-fogo-e-prende-cinco-suspeitos-no-sertao-da-paraiba\/#breadcrumb\"},\"inLanguage\":\"pt-BR\",\"potentialAction\":[{\"@type\":\"ReadAction\",\"target\":[\"https:\/\/www.pm.pb.gov.br\/portal\/2021\/07\/24\/operacao-previna-se-policia-militar-apreende-seis-armas-de-fogo-e-prende-cinco-suspeitos-no-sertao-da-paraiba\/\"]}]},{\"@type\":\"BreadcrumbList\",\"@id\":\"https:\/\/www.pm.pb.gov.br\/portal\/2021\/07\/24\/operacao-previna-se-policia-militar-apreende-seis-armas-de-fogo-e-prende-cinco-suspeitos-no-sertao-da-paraiba\/#breadcrumb\",\"itemListElement\":[{\"@type\":\"ListItem\",\"position\":1,\"name\":\"In\u00edcio\",\"item\":\"https:\/\/www.pm.pb.gov.br\/portal\/\"},{\"@type\":\"ListItem\",\"position\":2,\"name\":\"Opera\u00e7\u00e3o Previna-se: Pol\u00edcia Militar apreende seis armas de fogo e prende cinco suspeitos no sert\u00e3o da Para\u00edba\"}]},{\"@type\":\"WebSite\",\"@id\":\"https:\/\/www.pm.pb.gov.br\/portal\/#website\",\"url\":\"https:\/\/www.pm.pb.gov.br\/portal\/\",\"name\":\"Pol\u00edcia Militar da Para\u00edba\",\"description\":\"\",\"publisher\":{\"@id\":\"https:\/\/www.pm.pb.gov.br\/portal\/#organization\"},\"potentialAction\":[{\"@type\":\"SearchAction\",\"target\":{\"@type\":\"EntryPoint\",\"urlTemplate\":\"https:\/\/www.pm.pb.gov.br\/portal\/?s={search_term_string}\"},\"query-input\":\"required name=search_term_string\"}],\"inLanguage\":\"pt-BR\"},{\"@type\":\"Organization\",\"@id\":\"https:\/\/www.pm.pb.gov.br\/portal\/#organization\",\"name\":\"Pol\u00edcia Militar da Para\u00edba\",\"url\":\"https:\/\/www.pm.pb.gov.br\/portal\/\",\"logo\":{\"@type\":\"ImageObject\",\"inLanguage\":\"pt-BR\",\"@id\":\"https:\/\/www.pm.pb.gov.br\/portal\/#\/schema\/logo\/image\/\",\"url\":\"https:\/\/www.pm.pb.gov.br\/portal\/wp-content\/uploads\/2025\/03\/cropped-logo-site-mag2-1.png\",\"contentUrl\":\"https:\/\/www.pm.pb.gov.br\/portal\/wp-content\/uploads\/2025\/03\/cropped-logo-site-mag2-1.png\",\"width\":320,\"height\":90,\"caption\":\"Pol\u00edcia Militar da Para\u00edba\"},\"image\":{\"@id\":\"https:\/\/www.pm.pb.gov.br\/portal\/#\/schema\/logo\/image\/\"}},{\"@type\":\"Person\",\"@id\":\"https:\/\/www.pm.pb.gov.br\/portal\/#\/schema\/person\/e8454f46651c3ecf0e1ba3c1666d9947\",\"name\":\"Assessoria de Imprensa da PMPB\",\"image\":{\"@type\":\"ImageObject\",\"inLanguage\":\"pt-BR\",\"@id\":\"https:\/\/www.pm.pb.gov.br\/portal\/#\/schema\/person\/image\/\",\"url\":\"https:\/\/secure.gravatar.com\/avatar\/2efe197438265d1e90bd98c4c8e1acf8?s=96&d=mm&r=g\",\"contentUrl\":\"https:\/\/secure.gravatar.com\/avatar\/2efe197438265d1e90bd98c4c8e1acf8?s=96&d=mm&r=g\",\"caption\":\"Assessoria de Imprensa da PMPB\"},\"url\":\"https:\/\/www.pm.pb.gov.br\/portal\/author\/assessoria\/\"}]}<\/script>\n<!-- \/ Yoast SEO plugin. -->","yoast_head_json":{"title":"Opera\u00e7\u00e3o Previna-se: Pol\u00edcia Militar apreende seis armas de fogo e prende cinco suspeitos no sert\u00e3o da Para\u00edba - Pol\u00edcia Militar da Para\u00edba","robots":{"index":"index","follow":"follow","max-snippet":"max-snippet:-1","max-image-preview":"max-image-preview:large","max-video-preview":"max-video-preview:-1"},"canonical":"https:\/\/www.pm.pb.gov.br\/portal\/2021\/07\/24\/operacao-previna-se-policia-militar-apreende-seis-armas-de-fogo-e-prende-cinco-suspeitos-no-sertao-da-paraiba\/","og_locale":"pt_BR","og_type":"article","og_title":"Opera\u00e7\u00e3o Previna-se: Pol\u00edcia Militar apreende seis armas de fogo e prende cinco suspeitos no sert\u00e3o da Para\u00edba - Pol\u00edcia Militar da Para\u00edba","og_description":"Durante as a\u00e7\u00f5es da Pol\u00edcia Militar na Opera\u00e7\u00e3o Previna-se, realizadas entre a noite da sexta (23) at\u00e9 a manh\u00e3 deste","og_url":"https:\/\/www.pm.pb.gov.br\/portal\/2021\/07\/24\/operacao-previna-se-policia-militar-apreende-seis-armas-de-fogo-e-prende-cinco-suspeitos-no-sertao-da-paraiba\/","og_site_name":"Pol\u00edcia Militar da Para\u00edba","article_published_time":"2021-07-24T18:54:42+00:00","article_modified_time":"2021-07-24T18:54:44+00:00","og_image":[{"width":1280,"height":1023,"url":"https:\/\/www.pm.pb.gov.br\/portal\/wp-content\/uploads\/2021\/07\/WhatsApp-Image-2021-07-24-at-15.48.25.jpeg","type":"image\/jpeg"}],"author":"Assessoria de Imprensa da PMPB","twitter_card":"summary_large_image","twitter_misc":{"Escrito por":"Assessoria de Imprensa da PMPB","Est. tempo de leitura":"2 minutos"},"schema":{"@context":"https:\/\/schema.org","@graph":[{"@type":"Article","@id":"https:\/\/www.pm.pb.gov.br\/portal\/2021\/07\/24\/operacao-previna-se-policia-militar-apreende-seis-armas-de-fogo-e-prende-cinco-suspeitos-no-sertao-da-paraiba\/#article","isPartOf":{"@id":"https:\/\/www.pm.pb.gov.br\/portal\/2021\/07\/24\/operacao-previna-se-policia-militar-apreende-seis-armas-de-fogo-e-prende-cinco-suspeitos-no-sertao-da-paraiba\/"},"author":{"name":"Assessoria de Imprensa da PMPB","@id":"https:\/\/www.pm.pb.gov.br\/portal\/#\/schema\/person\/e8454f46651c3ecf0e1ba3c1666d9947"},"headline":"Opera\u00e7\u00e3o Previna-se: Pol\u00edcia Militar apreende seis armas de fogo e prende cinco suspeitos no sert\u00e3o da Para\u00edba","datePublished":"2021-07-24T18:54:42+00:00","dateModified":"2021-07-24T18:54:44+00:00","mainEntityOfPage":{"@id":"https:\/\/www.pm.pb.gov.br\/portal\/2021\/07\/24\/operacao-previna-se-policia-militar-apreende-seis-armas-de-fogo-e-prende-cinco-suspeitos-no-sertao-da-paraiba\/"},"wordCount":325,"publisher":{"@id":"https:\/\/www.pm.pb.gov.br\/portal\/#organization"},"articleSection":["A\u00e7\u00f5es Policiais"],"inLanguage":"pt-BR"},{"@type":"WebPage","@id":"https:\/\/www.pm.pb.gov.br\/portal\/2021\/07\/24\/operacao-previna-se-policia-militar-apreende-seis-armas-de-fogo-e-prende-cinco-suspeitos-no-sertao-da-paraiba\/","url":"https:\/\/www.pm.pb.gov.br\/portal\/2021\/07\/24\/operacao-previna-se-policia-militar-apreende-seis-armas-de-fogo-e-prende-cinco-suspeitos-no-sertao-da-paraiba\/","name":"Opera\u00e7\u00e3o Previna-se: Pol\u00edcia Militar apreende seis armas de fogo e prende cinco suspeitos no sert\u00e3o da Para\u00edba - Pol\u00edcia Militar da Para\u00edba","isPartOf":{"@id":"https:\/\/www.pm.pb.gov.br\/portal\/#website"},"datePublished":"2021-07-24T18:54:42+00:00","dateModified":"2021-07-24T18:54:44+00:00","breadcrumb":{"@id":"https:\/\/www.pm.pb.gov.br\/portal\/2021\/07\/24\/operacao-previna-se-policia-militar-apreende-seis-armas-de-fogo-e-prende-cinco-suspeitos-no-sertao-da-paraiba\/#breadcrumb"},"inLanguage":"pt-BR","potentialAction":[{"@type":"ReadAction","target":["https:\/\/www.pm.pb.gov.br\/portal\/2021\/07\/24\/operacao-previna-se-policia-militar-apreende-seis-armas-de-fogo-e-prende-cinco-suspeitos-no-sertao-da-paraiba\/"]}]},{"@type":"BreadcrumbList","@id":"https:\/\/www.pm.pb.gov.br\/portal\/2021\/07\/24\/operacao-previna-se-policia-militar-apreende-seis-armas-de-fogo-e-prende-cinco-suspeitos-no-sertao-da-paraiba\/#breadcrumb","itemListElement":[{"@type":"ListItem","position":1,"name":"In\u00edcio","item":"https:\/\/www.pm.pb.gov.br\/portal\/"},{"@type":"ListItem","position":2,"name":"Opera\u00e7\u00e3o Previna-se: Pol\u00edcia Militar apreende seis armas de fogo e prende cinco suspeitos no sert\u00e3o da Para\u00edba"}]},{"@type":"WebSite","@id":"https:\/\/www.pm.pb.gov.br\/portal\/#website","url":"https:\/\/www.pm.pb.gov.br\/portal\/","name":"Pol\u00edcia Militar da Para\u00edba","description":"","publisher":{"@id":"https:\/\/www.pm.pb.gov.br\/portal\/#organization"},"potentialAction":[{"@type":"SearchAction","target":{"@type":"EntryPoint","urlTemplate":"https:\/\/www.pm.pb.gov.br\/portal\/?s={search_term_string}"},"query-input":"required name=search_term_string"}],"inLanguage":"pt-BR"},{"@type":"Organization","@id":"https:\/\/www.pm.pb.gov.br\/portal\/#organization","name":"Pol\u00edcia Militar da Para\u00edba","url":"https:\/\/www.pm.pb.gov.br\/portal\/","logo":{"@type":"ImageObject","inLanguage":"pt-BR","@id":"https:\/\/www.pm.pb.gov.br\/portal\/#\/schema\/logo\/image\/","url":"https:\/\/www.pm.pb.gov.br\/portal\/wp-content\/uploads\/2025\/03\/cropped-logo-site-mag2-1.png","contentUrl":"https:\/\/www.pm.pb.gov.br\/portal\/wp-content\/uploads\/2025\/03\/cropped-logo-site-mag2-1.png","width":320,"height":90,"caption":"Pol\u00edcia Militar da Para\u00edba"},"image":{"@id":"https:\/\/www.pm.pb.gov.br\/portal\/#\/schema\/logo\/image\/"}},{"@type":"Person","@id":"https:\/\/www.pm.pb.gov.br\/portal\/#\/schema\/person\/e8454f46651c3ecf0e1ba3c1666d9947","name":"Assessoria de Imprensa da PMPB","image":{"@type":"ImageObject","inLanguage":"pt-BR","@id":"https:\/\/www.pm.pb.gov.br\/portal\/#\/schema\/person\/image\/","url":"https:\/\/secure.gravatar.com\/avatar\/2efe197438265d1e90bd98c4c8e1acf8?s=96&d=mm&r=g","contentUrl":"https:\/\/secure.gravatar.com\/avatar\/2efe197438265d1e90bd98c4c8e1acf8?s=96&d=mm&r=g","caption":"Assessoria de Imprensa da PMPB"},"url":"https:\/\/www.pm.pb.gov.br\/portal\/author\/assessoria\/"}]}},"_links":{"self":[{"href":"https:\/\/www.pm.pb.gov.br\/portal\/wp-json\/wp\/v2\/posts\/911922"}],"collection":[{"href":"https:\/\/www.pm.pb.gov.br\/portal\/wp-json\/wp\/v2\/posts"}],"about":[{"href":"https:\/\/www.pm.pb.gov.br\/portal\/wp-json\/wp\/v2\/types\/post"}],"author":[{"embeddable":true,"href":"https:\/\/www.pm.pb.gov.br\/portal\/wp-json\/wp\/v2\/users\/5"}],"replies":[{"embeddable":true,"href":"https:\/\/www.pm.pb.gov.br\/portal\/wp-json\/wp\/v2\/comments?post=911922"}],"version-history":[{"count":4,"href":"https:\/\/www.pm.pb.gov.br\/portal\/wp-json\/wp\/v2\/posts\/911922\/revisions"}],"predecessor-version":[{"id":911931,"href":"https:\/\/www.pm.pb.gov.br\/portal\/wp-json\/wp\/v2\/posts\/911922\/revisions\/911931"}],"wp:featuredmedia":[{"embeddable":true,"href":"https:\/\/www.pm.pb.gov.br\/portal\/wp-json\/wp\/v2\/media\/911923"}],"wp:attachment":[{"href":"https:\/\/www.pm.pb.gov.br\/portal\/wp-json\/wp\/v2\/media?parent=911922"}],"wp:term":[{"taxonomy":"category","embeddable":true,"href":"https:\/\/www.pm.pb.gov.br\/portal\/wp-json\/wp\/v2\/categories?post=911922"},{"taxonomy":"post_tag","embeddable":true,"href":"https:\/\/www.pm.pb.gov.br\/portal\/wp-json\/wp\/v2\/tags?post=911922"}],"curies":[{"name":"wp","href":"https:\/\/api.w.org\/{rel}","templated":true}]}}