{"id":911909,"date":"2021-07-24T02:09:47","date_gmt":"2021-07-24T05:09:47","guid":{"rendered":"https:\/\/www.pm.pb.gov.br\/portal\/?p=911909"},"modified":"2021-07-24T02:22:13","modified_gmt":"2021-07-24T05:22:13","slug":"policia-militar-prende-grupo-criminoso-ligado-ao-trafico-que-teria-envolvimento-no-assassinato-de-tres-mulheres-na-paraiba","status":"publish","type":"post","link":"https:\/\/www.pm.pb.gov.br\/portal\/2021\/07\/24\/policia-militar-prende-grupo-criminoso-ligado-ao-trafico-que-teria-envolvimento-no-assassinato-de-tres-mulheres-na-paraiba\/","title":{"rendered":"Pol\u00edcia Militar prende grupo criminoso ligado ao tr\u00e1fico que teria envolvimento no assassinato de tr\u00eas mulheres na Para\u00edba"},"content":{"rendered":"\n<p>A Pol\u00edcia Militar prendeu, na noite da \u00faltima sexta-feira (23) em Jo\u00e3o Pessoa, um grupo ligado ao tr\u00e1fico de drogas que teria envolvimento no assassinato de tr\u00eas mulheres, esta semana, na cidade de Pitimbu, no Litoral Sul da Para\u00edba. Sete integrantes do bando foram presos no bairro do Jardim Veneza.<\/p>\n<p>Os acusados estavam em uma casa com cinco armas de fogo, v\u00e1rios tabletes de subst\u00e2ncia semelhante \u00e0 maconha, 170 pinos com coca\u00edna, cerca de 250 muni\u00e7\u00f5es, dinheiro, e vasto material usado tamb\u00e9m no cometimento de crimes como tocas, facas e roupas camufladas. Todo o material foi apreendido pelos policiais que estavam atuando na zona sul, como 5\u00ba Batalh\u00e3o e For\u00e7a Regional, e foi apresentado junto com os presos na Central de Flagrantes, no bairro do Ernesto Geisel (foto abaixo).<\/p>\n<p><img loading=\"lazy\" decoding=\"async\" class=\" wp-image-911911 aligncenter\" src=\"http:\/\/www.pm.pb.gov.br\/portal\/wp-content\/uploads\/2021\/07\/grupo_preso-1-791x445.jpeg\" alt=\"\" width=\"715\" height=\"402\" srcset=\"https:\/\/www.pm.pb.gov.br\/portal\/wp-content\/uploads\/2021\/07\/grupo_preso-1-791x445.jpeg 791w, https:\/\/www.pm.pb.gov.br\/portal\/wp-content\/uploads\/2021\/07\/grupo_preso-1-1013x570.jpeg 1013w, https:\/\/www.pm.pb.gov.br\/portal\/wp-content\/uploads\/2021\/07\/grupo_preso-1-768x432.jpeg 768w, https:\/\/www.pm.pb.gov.br\/portal\/wp-content\/uploads\/2021\/07\/grupo_preso-1-1536x864.jpeg 1536w, https:\/\/www.pm.pb.gov.br\/portal\/wp-content\/uploads\/2021\/07\/grupo_preso-1.jpeg 1600w\" sizes=\"(max-width: 715px) 100vw, 715px\" \/><\/p>\n<p>Mais cedo, a PM tinha localizado uma casa abandonada que servia como esconderijo do bando, na cidade de Pitimbu, onde foi apreendido quatro armas de fogo, dois simulacros, balan\u00e7as de precis\u00e3o, drogas e outros objetos pelos policiais da 1\u00aa Companhia Independente (foto abaixo).<\/p>\n<p><img loading=\"lazy\" decoding=\"async\" class=\" wp-image-911912 aligncenter\" src=\"http:\/\/www.pm.pb.gov.br\/portal\/wp-content\/uploads\/2021\/07\/1cipm-677x445.jpeg\" alt=\"\" width=\"613\" height=\"403\" srcset=\"https:\/\/www.pm.pb.gov.br\/portal\/wp-content\/uploads\/2021\/07\/1cipm-677x445.jpeg 677w, https:\/\/www.pm.pb.gov.br\/portal\/wp-content\/uploads\/2021\/07\/1cipm-867x570.jpeg 867w, https:\/\/www.pm.pb.gov.br\/portal\/wp-content\/uploads\/2021\/07\/1cipm-768x505.jpeg 768w, https:\/\/www.pm.pb.gov.br\/portal\/wp-content\/uploads\/2021\/07\/1cipm.jpeg 958w\" sizes=\"(max-width: 613px) 100vw, 613px\" \/><\/p>\n<p>Ao todo, nestas a\u00e7\u00f5es de sexta, foram nove armas retiradas de circula\u00e7\u00e3o e que possivelmente foram usadas nos homic\u00eddios, algo que ainda ser\u00e1 constatado pela per\u00edcia. Entre os presos detidos, pelo menos dois deles j\u00e1 t\u00eam mandados de pris\u00e3o em aberto. A real motiva\u00e7\u00e3o dos homic\u00eddios est\u00e1 sendo investigada.<\/p>\n<p><img loading=\"lazy\" decoding=\"async\" class=\" wp-image-911913 aligncenter\" src=\"http:\/\/www.pm.pb.gov.br\/portal\/wp-content\/uploads\/2021\/07\/grupo_preso-5-791x445.jpeg\" alt=\"\" width=\"681\" height=\"383\" srcset=\"https:\/\/www.pm.pb.gov.br\/portal\/wp-content\/uploads\/2021\/07\/grupo_preso-5-791x445.jpeg 791w, https:\/\/www.pm.pb.gov.br\/portal\/wp-content\/uploads\/2021\/07\/grupo_preso-5-1013x570.jpeg 1013w, https:\/\/www.pm.pb.gov.br\/portal\/wp-content\/uploads\/2021\/07\/grupo_preso-5-768x432.jpeg 768w, https:\/\/www.pm.pb.gov.br\/portal\/wp-content\/uploads\/2021\/07\/grupo_preso-5-1536x864.jpeg 1536w, https:\/\/www.pm.pb.gov.br\/portal\/wp-content\/uploads\/2021\/07\/grupo_preso-5.jpeg 1600w\" sizes=\"(max-width: 681px) 100vw, 681px\" \/><\/p>\n","protected":false},"excerpt":{"rendered":"<p>A Pol\u00edcia Militar prendeu, na noite da \u00faltima sexta-feira (23) em Jo\u00e3o Pessoa, um grupo ligado ao tr\u00e1fico de drogas<\/p>\n","protected":false},"author":12,"featured_media":911910,"comment_status":"closed","ping_status":"closed","sticky":false,"template":"","format":"standard","meta":{"_exactmetrics_skip_tracking":false,"_exactmetrics_sitenote_active":false,"_exactmetrics_sitenote_note":"","_exactmetrics_sitenote_category":0,"footnotes":""},"categories":[4],"tags":[],"yoast_head":"<!-- This site is optimized with the Yoast SEO plugin v22.0 - https:\/\/yoast.com\/wordpress\/plugins\/seo\/ -->\n<title>Pol\u00edcia Militar prende grupo criminoso ligado ao tr\u00e1fico que teria envolvimento no assassinato de tr\u00eas mulheres na Para\u00edba - Pol\u00edcia Militar da Para\u00edba<\/title>\n<meta name=\"robots\" content=\"index, follow, max-snippet:-1, max-image-preview:large, max-video-preview:-1\" \/>\n<link rel=\"canonical\" href=\"https:\/\/www.pm.pb.gov.br\/portal\/2021\/07\/24\/policia-militar-prende-grupo-criminoso-ligado-ao-trafico-que-teria-envolvimento-no-assassinato-de-tres-mulheres-na-paraiba\/\" \/>\n<meta property=\"og:locale\" content=\"pt_BR\" \/>\n<meta property=\"og:type\" content=\"article\" \/>\n<meta property=\"og:title\" content=\"Pol\u00edcia Militar prende grupo criminoso ligado ao tr\u00e1fico que teria envolvimento no assassinato de tr\u00eas mulheres na Para\u00edba - Pol\u00edcia Militar da Para\u00edba\" \/>\n<meta property=\"og:description\" content=\"A Pol\u00edcia Militar prendeu, na noite da \u00faltima sexta-feira (23) em Jo\u00e3o Pessoa, um grupo ligado ao tr\u00e1fico de drogas\" \/>\n<meta property=\"og:url\" content=\"https:\/\/www.pm.pb.gov.br\/portal\/2021\/07\/24\/policia-militar-prende-grupo-criminoso-ligado-ao-trafico-que-teria-envolvimento-no-assassinato-de-tres-mulheres-na-paraiba\/\" \/>\n<meta property=\"og:site_name\" content=\"Pol\u00edcia Militar da Para\u00edba\" \/>\n<meta property=\"article:published_time\" content=\"2021-07-24T05:09:47+00:00\" \/>\n<meta property=\"article:modified_time\" content=\"2021-07-24T05:22:13+00:00\" \/>\n<meta property=\"og:image\" content=\"https:\/\/www.pm.pb.gov.br\/portal\/wp-content\/uploads\/2021\/07\/grupo_preso-2.jpeg\" \/>\n\t<meta property=\"og:image:width\" content=\"1600\" \/>\n\t<meta property=\"og:image:height\" content=\"900\" \/>\n\t<meta property=\"og:image:type\" content=\"image\/jpeg\" \/>\n<meta name=\"author\" content=\"Tarcisio Oliveira\" \/>\n<meta name=\"twitter:card\" content=\"summary_large_image\" \/>\n<meta name=\"twitter:label1\" content=\"Escrito por\" \/>\n\t<meta name=\"twitter:data1\" content=\"Tarcisio Oliveira\" \/>\n\t<meta name=\"twitter:label2\" content=\"Est. tempo de leitura\" \/>\n\t<meta name=\"twitter:data2\" content=\"2 minutos\" \/>\n<script type=\"application\/ld+json\" class=\"yoast-schema-graph\">{\"@context\":\"https:\/\/schema.org\",\"@graph\":[{\"@type\":\"Article\",\"@id\":\"https:\/\/www.pm.pb.gov.br\/portal\/2021\/07\/24\/policia-militar-prende-grupo-criminoso-ligado-ao-trafico-que-teria-envolvimento-no-assassinato-de-tres-mulheres-na-paraiba\/#article\",\"isPartOf\":{\"@id\":\"https:\/\/www.pm.pb.gov.br\/portal\/2021\/07\/24\/policia-militar-prende-grupo-criminoso-ligado-ao-trafico-que-teria-envolvimento-no-assassinato-de-tres-mulheres-na-paraiba\/\"},\"author\":{\"name\":\"Tarcisio Oliveira\",\"@id\":\"https:\/\/www.pm.pb.gov.br\/portal\/#\/schema\/person\/f84f56dcc78ce4357054da888b8247fd\"},\"headline\":\"Pol\u00edcia Militar prende grupo criminoso ligado ao tr\u00e1fico que teria envolvimento no assassinato de tr\u00eas mulheres na Para\u00edba\",\"datePublished\":\"2021-07-24T05:09:47+00:00\",\"dateModified\":\"2021-07-24T05:22:13+00:00\",\"mainEntityOfPage\":{\"@id\":\"https:\/\/www.pm.pb.gov.br\/portal\/2021\/07\/24\/policia-militar-prende-grupo-criminoso-ligado-ao-trafico-que-teria-envolvimento-no-assassinato-de-tres-mulheres-na-paraiba\/\"},\"wordCount\":259,\"publisher\":{\"@id\":\"https:\/\/www.pm.pb.gov.br\/portal\/#organization\"},\"articleSection\":[\"A\u00e7\u00f5es Policiais\"],\"inLanguage\":\"pt-BR\"},{\"@type\":\"WebPage\",\"@id\":\"https:\/\/www.pm.pb.gov.br\/portal\/2021\/07\/24\/policia-militar-prende-grupo-criminoso-ligado-ao-trafico-que-teria-envolvimento-no-assassinato-de-tres-mulheres-na-paraiba\/\",\"url\":\"https:\/\/www.pm.pb.gov.br\/portal\/2021\/07\/24\/policia-militar-prende-grupo-criminoso-ligado-ao-trafico-que-teria-envolvimento-no-assassinato-de-tres-mulheres-na-paraiba\/\",\"name\":\"Pol\u00edcia Militar prende grupo criminoso ligado ao tr\u00e1fico que teria envolvimento no assassinato de tr\u00eas mulheres na Para\u00edba - Pol\u00edcia Militar da Para\u00edba\",\"isPartOf\":{\"@id\":\"https:\/\/www.pm.pb.gov.br\/portal\/#website\"},\"datePublished\":\"2021-07-24T05:09:47+00:00\",\"dateModified\":\"2021-07-24T05:22:13+00:00\",\"breadcrumb\":{\"@id\":\"https:\/\/www.pm.pb.gov.br\/portal\/2021\/07\/24\/policia-militar-prende-grupo-criminoso-ligado-ao-trafico-que-teria-envolvimento-no-assassinato-de-tres-mulheres-na-paraiba\/#breadcrumb\"},\"inLanguage\":\"pt-BR\",\"potentialAction\":[{\"@type\":\"ReadAction\",\"target\":[\"https:\/\/www.pm.pb.gov.br\/portal\/2021\/07\/24\/policia-militar-prende-grupo-criminoso-ligado-ao-trafico-que-teria-envolvimento-no-assassinato-de-tres-mulheres-na-paraiba\/\"]}]},{\"@type\":\"BreadcrumbList\",\"@id\":\"https:\/\/www.pm.pb.gov.br\/portal\/2021\/07\/24\/policia-militar-prende-grupo-criminoso-ligado-ao-trafico-que-teria-envolvimento-no-assassinato-de-tres-mulheres-na-paraiba\/#breadcrumb\",\"itemListElement\":[{\"@type\":\"ListItem\",\"position\":1,\"name\":\"In\u00edcio\",\"item\":\"https:\/\/www.pm.pb.gov.br\/portal\/\"},{\"@type\":\"ListItem\",\"position\":2,\"name\":\"Pol\u00edcia Militar prende grupo criminoso ligado ao tr\u00e1fico que teria envolvimento no assassinato de tr\u00eas mulheres na Para\u00edba\"}]},{\"@type\":\"WebSite\",\"@id\":\"https:\/\/www.pm.pb.gov.br\/portal\/#website\",\"url\":\"https:\/\/www.pm.pb.gov.br\/portal\/\",\"name\":\"Pol\u00edcia Militar da Para\u00edba\",\"description\":\"\",\"publisher\":{\"@id\":\"https:\/\/www.pm.pb.gov.br\/portal\/#organization\"},\"potentialAction\":[{\"@type\":\"SearchAction\",\"target\":{\"@type\":\"EntryPoint\",\"urlTemplate\":\"https:\/\/www.pm.pb.gov.br\/portal\/?s={search_term_string}\"},\"query-input\":\"required name=search_term_string\"}],\"inLanguage\":\"pt-BR\"},{\"@type\":\"Organization\",\"@id\":\"https:\/\/www.pm.pb.gov.br\/portal\/#organization\",\"name\":\"Pol\u00edcia Militar da Para\u00edba\",\"url\":\"https:\/\/www.pm.pb.gov.br\/portal\/\",\"logo\":{\"@type\":\"ImageObject\",\"inLanguage\":\"pt-BR\",\"@id\":\"https:\/\/www.pm.pb.gov.br\/portal\/#\/schema\/logo\/image\/\",\"url\":\"https:\/\/www.pm.pb.gov.br\/portal\/wp-content\/uploads\/2025\/03\/cropped-logo-site-mag2-1.png\",\"contentUrl\":\"https:\/\/www.pm.pb.gov.br\/portal\/wp-content\/uploads\/2025\/03\/cropped-logo-site-mag2-1.png\",\"width\":320,\"height\":90,\"caption\":\"Pol\u00edcia Militar da Para\u00edba\"},\"image\":{\"@id\":\"https:\/\/www.pm.pb.gov.br\/portal\/#\/schema\/logo\/image\/\"}},{\"@type\":\"Person\",\"@id\":\"https:\/\/www.pm.pb.gov.br\/portal\/#\/schema\/person\/f84f56dcc78ce4357054da888b8247fd\",\"name\":\"Tarcisio Oliveira\",\"image\":{\"@type\":\"ImageObject\",\"inLanguage\":\"pt-BR\",\"@id\":\"https:\/\/www.pm.pb.gov.br\/portal\/#\/schema\/person\/image\/\",\"url\":\"https:\/\/secure.gravatar.com\/avatar\/72917b630b69d31cd0297507f34bac97?s=96&d=mm&r=g\",\"contentUrl\":\"https:\/\/secure.gravatar.com\/avatar\/72917b630b69d31cd0297507f34bac97?s=96&d=mm&r=g\",\"caption\":\"Tarcisio Oliveira\"},\"url\":\"https:\/\/www.pm.pb.gov.br\/portal\/author\/tarcisio\/\"}]}<\/script>\n<!-- \/ Yoast SEO plugin. -->","yoast_head_json":{"title":"Pol\u00edcia Militar prende grupo criminoso ligado ao tr\u00e1fico que teria envolvimento no assassinato de tr\u00eas mulheres na Para\u00edba - Pol\u00edcia Militar da Para\u00edba","robots":{"index":"index","follow":"follow","max-snippet":"max-snippet:-1","max-image-preview":"max-image-preview:large","max-video-preview":"max-video-preview:-1"},"canonical":"https:\/\/www.pm.pb.gov.br\/portal\/2021\/07\/24\/policia-militar-prende-grupo-criminoso-ligado-ao-trafico-que-teria-envolvimento-no-assassinato-de-tres-mulheres-na-paraiba\/","og_locale":"pt_BR","og_type":"article","og_title":"Pol\u00edcia Militar prende grupo criminoso ligado ao tr\u00e1fico que teria envolvimento no assassinato de tr\u00eas mulheres na Para\u00edba - Pol\u00edcia Militar da Para\u00edba","og_description":"A Pol\u00edcia Militar prendeu, na noite da \u00faltima sexta-feira (23) em Jo\u00e3o Pessoa, um grupo ligado ao tr\u00e1fico de drogas","og_url":"https:\/\/www.pm.pb.gov.br\/portal\/2021\/07\/24\/policia-militar-prende-grupo-criminoso-ligado-ao-trafico-que-teria-envolvimento-no-assassinato-de-tres-mulheres-na-paraiba\/","og_site_name":"Pol\u00edcia Militar da Para\u00edba","article_published_time":"2021-07-24T05:09:47+00:00","article_modified_time":"2021-07-24T05:22:13+00:00","og_image":[{"width":1600,"height":900,"url":"https:\/\/www.pm.pb.gov.br\/portal\/wp-content\/uploads\/2021\/07\/grupo_preso-2.jpeg","type":"image\/jpeg"}],"author":"Tarcisio Oliveira","twitter_card":"summary_large_image","twitter_misc":{"Escrito por":"Tarcisio Oliveira","Est. tempo de leitura":"2 minutos"},"schema":{"@context":"https:\/\/schema.org","@graph":[{"@type":"Article","@id":"https:\/\/www.pm.pb.gov.br\/portal\/2021\/07\/24\/policia-militar-prende-grupo-criminoso-ligado-ao-trafico-que-teria-envolvimento-no-assassinato-de-tres-mulheres-na-paraiba\/#article","isPartOf":{"@id":"https:\/\/www.pm.pb.gov.br\/portal\/2021\/07\/24\/policia-militar-prende-grupo-criminoso-ligado-ao-trafico-que-teria-envolvimento-no-assassinato-de-tres-mulheres-na-paraiba\/"},"author":{"name":"Tarcisio Oliveira","@id":"https:\/\/www.pm.pb.gov.br\/portal\/#\/schema\/person\/f84f56dcc78ce4357054da888b8247fd"},"headline":"Pol\u00edcia Militar prende grupo criminoso ligado ao tr\u00e1fico que teria envolvimento no assassinato de tr\u00eas mulheres na Para\u00edba","datePublished":"2021-07-24T05:09:47+00:00","dateModified":"2021-07-24T05:22:13+00:00","mainEntityOfPage":{"@id":"https:\/\/www.pm.pb.gov.br\/portal\/2021\/07\/24\/policia-militar-prende-grupo-criminoso-ligado-ao-trafico-que-teria-envolvimento-no-assassinato-de-tres-mulheres-na-paraiba\/"},"wordCount":259,"publisher":{"@id":"https:\/\/www.pm.pb.gov.br\/portal\/#organization"},"articleSection":["A\u00e7\u00f5es Policiais"],"inLanguage":"pt-BR"},{"@type":"WebPage","@id":"https:\/\/www.pm.pb.gov.br\/portal\/2021\/07\/24\/policia-militar-prende-grupo-criminoso-ligado-ao-trafico-que-teria-envolvimento-no-assassinato-de-tres-mulheres-na-paraiba\/","url":"https:\/\/www.pm.pb.gov.br\/portal\/2021\/07\/24\/policia-militar-prende-grupo-criminoso-ligado-ao-trafico-que-teria-envolvimento-no-assassinato-de-tres-mulheres-na-paraiba\/","name":"Pol\u00edcia Militar prende grupo criminoso ligado ao tr\u00e1fico que teria envolvimento no assassinato de tr\u00eas mulheres na Para\u00edba - Pol\u00edcia Militar da Para\u00edba","isPartOf":{"@id":"https:\/\/www.pm.pb.gov.br\/portal\/#website"},"datePublished":"2021-07-24T05:09:47+00:00","dateModified":"2021-07-24T05:22:13+00:00","breadcrumb":{"@id":"https:\/\/www.pm.pb.gov.br\/portal\/2021\/07\/24\/policia-militar-prende-grupo-criminoso-ligado-ao-trafico-que-teria-envolvimento-no-assassinato-de-tres-mulheres-na-paraiba\/#breadcrumb"},"inLanguage":"pt-BR","potentialAction":[{"@type":"ReadAction","target":["https:\/\/www.pm.pb.gov.br\/portal\/2021\/07\/24\/policia-militar-prende-grupo-criminoso-ligado-ao-trafico-que-teria-envolvimento-no-assassinato-de-tres-mulheres-na-paraiba\/"]}]},{"@type":"BreadcrumbList","@id":"https:\/\/www.pm.pb.gov.br\/portal\/2021\/07\/24\/policia-militar-prende-grupo-criminoso-ligado-ao-trafico-que-teria-envolvimento-no-assassinato-de-tres-mulheres-na-paraiba\/#breadcrumb","itemListElement":[{"@type":"ListItem","position":1,"name":"In\u00edcio","item":"https:\/\/www.pm.pb.gov.br\/portal\/"},{"@type":"ListItem","position":2,"name":"Pol\u00edcia Militar prende grupo criminoso ligado ao tr\u00e1fico que teria envolvimento no assassinato de tr\u00eas mulheres na Para\u00edba"}]},{"@type":"WebSite","@id":"https:\/\/www.pm.pb.gov.br\/portal\/#website","url":"https:\/\/www.pm.pb.gov.br\/portal\/","name":"Pol\u00edcia Militar da Para\u00edba","description":"","publisher":{"@id":"https:\/\/www.pm.pb.gov.br\/portal\/#organization"},"potentialAction":[{"@type":"SearchAction","target":{"@type":"EntryPoint","urlTemplate":"https:\/\/www.pm.pb.gov.br\/portal\/?s={search_term_string}"},"query-input":"required name=search_term_string"}],"inLanguage":"pt-BR"},{"@type":"Organization","@id":"https:\/\/www.pm.pb.gov.br\/portal\/#organization","name":"Pol\u00edcia Militar da Para\u00edba","url":"https:\/\/www.pm.pb.gov.br\/portal\/","logo":{"@type":"ImageObject","inLanguage":"pt-BR","@id":"https:\/\/www.pm.pb.gov.br\/portal\/#\/schema\/logo\/image\/","url":"https:\/\/www.pm.pb.gov.br\/portal\/wp-content\/uploads\/2025\/03\/cropped-logo-site-mag2-1.png","contentUrl":"https:\/\/www.pm.pb.gov.br\/portal\/wp-content\/uploads\/2025\/03\/cropped-logo-site-mag2-1.png","width":320,"height":90,"caption":"Pol\u00edcia Militar da Para\u00edba"},"image":{"@id":"https:\/\/www.pm.pb.gov.br\/portal\/#\/schema\/logo\/image\/"}},{"@type":"Person","@id":"https:\/\/www.pm.pb.gov.br\/portal\/#\/schema\/person\/f84f56dcc78ce4357054da888b8247fd","name":"Tarcisio Oliveira","image":{"@type":"ImageObject","inLanguage":"pt-BR","@id":"https:\/\/www.pm.pb.gov.br\/portal\/#\/schema\/person\/image\/","url":"https:\/\/secure.gravatar.com\/avatar\/72917b630b69d31cd0297507f34bac97?s=96&d=mm&r=g","contentUrl":"https:\/\/secure.gravatar.com\/avatar\/72917b630b69d31cd0297507f34bac97?s=96&d=mm&r=g","caption":"Tarcisio Oliveira"},"url":"https:\/\/www.pm.pb.gov.br\/portal\/author\/tarcisio\/"}]}},"_links":{"self":[{"href":"https:\/\/www.pm.pb.gov.br\/portal\/wp-json\/wp\/v2\/posts\/911909"}],"collection":[{"href":"https:\/\/www.pm.pb.gov.br\/portal\/wp-json\/wp\/v2\/posts"}],"about":[{"href":"https:\/\/www.pm.pb.gov.br\/portal\/wp-json\/wp\/v2\/types\/post"}],"author":[{"embeddable":true,"href":"https:\/\/www.pm.pb.gov.br\/portal\/wp-json\/wp\/v2\/users\/12"}],"replies":[{"embeddable":true,"href":"https:\/\/www.pm.pb.gov.br\/portal\/wp-json\/wp\/v2\/comments?post=911909"}],"version-history":[{"count":2,"href":"https:\/\/www.pm.pb.gov.br\/portal\/wp-json\/wp\/v2\/posts\/911909\/revisions"}],"predecessor-version":[{"id":911915,"href":"https:\/\/www.pm.pb.gov.br\/portal\/wp-json\/wp\/v2\/posts\/911909\/revisions\/911915"}],"wp:featuredmedia":[{"embeddable":true,"href":"https:\/\/www.pm.pb.gov.br\/portal\/wp-json\/wp\/v2\/media\/911910"}],"wp:attachment":[{"href":"https:\/\/www.pm.pb.gov.br\/portal\/wp-json\/wp\/v2\/media?parent=911909"}],"wp:term":[{"taxonomy":"category","embeddable":true,"href":"https:\/\/www.pm.pb.gov.br\/portal\/wp-json\/wp\/v2\/categories?post=911909"},{"taxonomy":"post_tag","embeddable":true,"href":"https:\/\/www.pm.pb.gov.br\/portal\/wp-json\/wp\/v2\/tags?post=911909"}],"curies":[{"name":"wp","href":"https:\/\/api.w.org\/{rel}","templated":true}]}}