{"id":911896,"date":"2021-07-22T10:57:04","date_gmt":"2021-07-22T13:57:04","guid":{"rendered":"https:\/\/www.pm.pb.gov.br\/portal\/?p=911896"},"modified":"2021-07-22T10:57:07","modified_gmt":"2021-07-22T13:57:07","slug":"policia-militar-da-paraiba-apreende-mais-7-armas-de-fogo-e-ultrapassa-as-1-600-apreensoes-este-ano","status":"publish","type":"post","link":"https:\/\/www.pm.pb.gov.br\/portal\/2021\/07\/22\/policia-militar-da-paraiba-apreende-mais-7-armas-de-fogo-e-ultrapassa-as-1-600-apreensoes-este-ano\/","title":{"rendered":"Pol\u00edcia Militar da Para\u00edba apreende mais 7 armas de fogo e ultrapassa as 1.600 apreens\u00f5es este ano"},"content":{"rendered":"\n<p>A Pol\u00edcia Militar apreendeu mais sete armas de fogo, nessa quarta-feira (21), nas cidades de Campina Grande, Umbuzeiro, Rem\u00edgio, Santa Rita, Juazeirinho e em Jo\u00e3o Pessoa. Com essas, a corpora\u00e7\u00e3o chega a 1.625 apreens\u00f5es, s\u00f3 este ano, no Estado.<br><br>O trabalho de tirar armas de circula\u00e7\u00e3o tem sido destaque nacional, sendo a Para\u00edba o 5\u00aa estado do pa\u00eds que, proporcionalmente, mais retirou armamento das ruas em 2020, com 3.502 apreens\u00f5es, conforme Anu\u00e1rio do F\u00f3rum Brasileiro de Seguran\u00e7a P\u00fablica.<br><br>Os profissionais respons\u00e1veis pelas apreens\u00f5es ganham bonifica\u00e7\u00e3o, com valores que variam entre R$ 600 a R$ 1.500, de acordo com o tipo de armamento.<br><br>Para o pr\u00f3ximo fim de semana, a PM planeja novas opera\u00e7\u00e3o, com foco na apreens\u00e3o de armas e outros objetos il\u00edcitos.<\/p>\n","protected":false},"excerpt":{"rendered":"<p>A Pol\u00edcia Militar apreendeu mais sete armas de fogo, nessa quarta-feira (21), nas cidades de Campina Grande, Umbuzeiro, Rem\u00edgio, Santa<\/p>\n","protected":false},"author":5,"featured_media":911901,"comment_status":"closed","ping_status":"closed","sticky":false,"template":"","format":"standard","meta":{"_exactmetrics_skip_tracking":false,"_exactmetrics_sitenote_active":false,"_exactmetrics_sitenote_note":"","_exactmetrics_sitenote_category":0,"footnotes":""},"categories":[4],"tags":[],"yoast_head":"<!-- This site is optimized with the Yoast SEO plugin v22.0 - https:\/\/yoast.com\/wordpress\/plugins\/seo\/ -->\n<title>Pol\u00edcia Militar da Para\u00edba apreende mais 7 armas de fogo e ultrapassa as 1.600 apreens\u00f5es este ano - Pol\u00edcia Militar da Para\u00edba<\/title>\n<meta name=\"robots\" content=\"index, follow, max-snippet:-1, max-image-preview:large, max-video-preview:-1\" \/>\n<link rel=\"canonical\" href=\"https:\/\/www.pm.pb.gov.br\/portal\/2021\/07\/22\/policia-militar-da-paraiba-apreende-mais-7-armas-de-fogo-e-ultrapassa-as-1-600-apreensoes-este-ano\/\" \/>\n<meta property=\"og:locale\" content=\"pt_BR\" \/>\n<meta property=\"og:type\" content=\"article\" \/>\n<meta property=\"og:title\" content=\"Pol\u00edcia Militar da Para\u00edba apreende mais 7 armas de fogo e ultrapassa as 1.600 apreens\u00f5es este ano - Pol\u00edcia Militar da Para\u00edba\" \/>\n<meta property=\"og:description\" content=\"A Pol\u00edcia Militar apreendeu mais sete armas de fogo, nessa quarta-feira (21), nas cidades de Campina Grande, Umbuzeiro, Rem\u00edgio, Santa\" \/>\n<meta property=\"og:url\" content=\"https:\/\/www.pm.pb.gov.br\/portal\/2021\/07\/22\/policia-militar-da-paraiba-apreende-mais-7-armas-de-fogo-e-ultrapassa-as-1-600-apreensoes-este-ano\/\" \/>\n<meta property=\"og:site_name\" content=\"Pol\u00edcia Militar da Para\u00edba\" \/>\n<meta property=\"article:published_time\" content=\"2021-07-22T13:57:04+00:00\" \/>\n<meta property=\"article:modified_time\" content=\"2021-07-22T13:57:07+00:00\" \/>\n<meta property=\"og:image\" content=\"https:\/\/www.pm.pb.gov.br\/portal\/wp-content\/uploads\/2021\/07\/d526b311-34ec-4b72-8b4e-97df66f7bb6b.jpg\" \/>\n\t<meta property=\"og:image:width\" content=\"800\" \/>\n\t<meta property=\"og:image:height\" content=\"445\" \/>\n\t<meta property=\"og:image:type\" content=\"image\/jpeg\" \/>\n<meta name=\"author\" content=\"Assessoria de Imprensa da PMPB\" \/>\n<meta name=\"twitter:card\" content=\"summary_large_image\" \/>\n<meta name=\"twitter:label1\" content=\"Escrito por\" \/>\n\t<meta name=\"twitter:data1\" content=\"Assessoria de Imprensa da PMPB\" \/>\n\t<meta name=\"twitter:label2\" content=\"Est. tempo de leitura\" \/>\n\t<meta name=\"twitter:data2\" content=\"1 minuto\" \/>\n<script type=\"application\/ld+json\" class=\"yoast-schema-graph\">{\"@context\":\"https:\/\/schema.org\",\"@graph\":[{\"@type\":\"Article\",\"@id\":\"https:\/\/www.pm.pb.gov.br\/portal\/2021\/07\/22\/policia-militar-da-paraiba-apreende-mais-7-armas-de-fogo-e-ultrapassa-as-1-600-apreensoes-este-ano\/#article\",\"isPartOf\":{\"@id\":\"https:\/\/www.pm.pb.gov.br\/portal\/2021\/07\/22\/policia-militar-da-paraiba-apreende-mais-7-armas-de-fogo-e-ultrapassa-as-1-600-apreensoes-este-ano\/\"},\"author\":{\"name\":\"Assessoria de Imprensa da PMPB\",\"@id\":\"https:\/\/www.pm.pb.gov.br\/portal\/#\/schema\/person\/e8454f46651c3ecf0e1ba3c1666d9947\"},\"headline\":\"Pol\u00edcia Militar da Para\u00edba apreende mais 7 armas de fogo e ultrapassa as 1.600 apreens\u00f5es este ano\",\"datePublished\":\"2021-07-22T13:57:04+00:00\",\"dateModified\":\"2021-07-22T13:57:07+00:00\",\"mainEntityOfPage\":{\"@id\":\"https:\/\/www.pm.pb.gov.br\/portal\/2021\/07\/22\/policia-militar-da-paraiba-apreende-mais-7-armas-de-fogo-e-ultrapassa-as-1-600-apreensoes-este-ano\/\"},\"wordCount\":154,\"publisher\":{\"@id\":\"https:\/\/www.pm.pb.gov.br\/portal\/#organization\"},\"articleSection\":[\"A\u00e7\u00f5es Policiais\"],\"inLanguage\":\"pt-BR\"},{\"@type\":\"WebPage\",\"@id\":\"https:\/\/www.pm.pb.gov.br\/portal\/2021\/07\/22\/policia-militar-da-paraiba-apreende-mais-7-armas-de-fogo-e-ultrapassa-as-1-600-apreensoes-este-ano\/\",\"url\":\"https:\/\/www.pm.pb.gov.br\/portal\/2021\/07\/22\/policia-militar-da-paraiba-apreende-mais-7-armas-de-fogo-e-ultrapassa-as-1-600-apreensoes-este-ano\/\",\"name\":\"Pol\u00edcia Militar da Para\u00edba apreende mais 7 armas de fogo e ultrapassa as 1.600 apreens\u00f5es este ano - Pol\u00edcia Militar da Para\u00edba\",\"isPartOf\":{\"@id\":\"https:\/\/www.pm.pb.gov.br\/portal\/#website\"},\"datePublished\":\"2021-07-22T13:57:04+00:00\",\"dateModified\":\"2021-07-22T13:57:07+00:00\",\"breadcrumb\":{\"@id\":\"https:\/\/www.pm.pb.gov.br\/portal\/2021\/07\/22\/policia-militar-da-paraiba-apreende-mais-7-armas-de-fogo-e-ultrapassa-as-1-600-apreensoes-este-ano\/#breadcrumb\"},\"inLanguage\":\"pt-BR\",\"potentialAction\":[{\"@type\":\"ReadAction\",\"target\":[\"https:\/\/www.pm.pb.gov.br\/portal\/2021\/07\/22\/policia-militar-da-paraiba-apreende-mais-7-armas-de-fogo-e-ultrapassa-as-1-600-apreensoes-este-ano\/\"]}]},{\"@type\":\"BreadcrumbList\",\"@id\":\"https:\/\/www.pm.pb.gov.br\/portal\/2021\/07\/22\/policia-militar-da-paraiba-apreende-mais-7-armas-de-fogo-e-ultrapassa-as-1-600-apreensoes-este-ano\/#breadcrumb\",\"itemListElement\":[{\"@type\":\"ListItem\",\"position\":1,\"name\":\"In\u00edcio\",\"item\":\"https:\/\/www.pm.pb.gov.br\/portal\/\"},{\"@type\":\"ListItem\",\"position\":2,\"name\":\"Pol\u00edcia Militar da Para\u00edba apreende mais 7 armas de fogo e ultrapassa as 1.600 apreens\u00f5es este ano\"}]},{\"@type\":\"WebSite\",\"@id\":\"https:\/\/www.pm.pb.gov.br\/portal\/#website\",\"url\":\"https:\/\/www.pm.pb.gov.br\/portal\/\",\"name\":\"Pol\u00edcia Militar da Para\u00edba\",\"description\":\"\",\"publisher\":{\"@id\":\"https:\/\/www.pm.pb.gov.br\/portal\/#organization\"},\"potentialAction\":[{\"@type\":\"SearchAction\",\"target\":{\"@type\":\"EntryPoint\",\"urlTemplate\":\"https:\/\/www.pm.pb.gov.br\/portal\/?s={search_term_string}\"},\"query-input\":\"required name=search_term_string\"}],\"inLanguage\":\"pt-BR\"},{\"@type\":\"Organization\",\"@id\":\"https:\/\/www.pm.pb.gov.br\/portal\/#organization\",\"name\":\"Pol\u00edcia Militar da Para\u00edba\",\"url\":\"https:\/\/www.pm.pb.gov.br\/portal\/\",\"logo\":{\"@type\":\"ImageObject\",\"inLanguage\":\"pt-BR\",\"@id\":\"https:\/\/www.pm.pb.gov.br\/portal\/#\/schema\/logo\/image\/\",\"url\":\"https:\/\/www.pm.pb.gov.br\/portal\/wp-content\/uploads\/2025\/03\/cropped-logo-site-mag2-1.png\",\"contentUrl\":\"https:\/\/www.pm.pb.gov.br\/portal\/wp-content\/uploads\/2025\/03\/cropped-logo-site-mag2-1.png\",\"width\":320,\"height\":90,\"caption\":\"Pol\u00edcia Militar da Para\u00edba\"},\"image\":{\"@id\":\"https:\/\/www.pm.pb.gov.br\/portal\/#\/schema\/logo\/image\/\"}},{\"@type\":\"Person\",\"@id\":\"https:\/\/www.pm.pb.gov.br\/portal\/#\/schema\/person\/e8454f46651c3ecf0e1ba3c1666d9947\",\"name\":\"Assessoria de Imprensa da PMPB\",\"image\":{\"@type\":\"ImageObject\",\"inLanguage\":\"pt-BR\",\"@id\":\"https:\/\/www.pm.pb.gov.br\/portal\/#\/schema\/person\/image\/\",\"url\":\"https:\/\/secure.gravatar.com\/avatar\/2efe197438265d1e90bd98c4c8e1acf8?s=96&d=mm&r=g\",\"contentUrl\":\"https:\/\/secure.gravatar.com\/avatar\/2efe197438265d1e90bd98c4c8e1acf8?s=96&d=mm&r=g\",\"caption\":\"Assessoria de Imprensa da PMPB\"},\"url\":\"https:\/\/www.pm.pb.gov.br\/portal\/author\/assessoria\/\"}]}<\/script>\n<!-- \/ Yoast SEO plugin. -->","yoast_head_json":{"title":"Pol\u00edcia Militar da Para\u00edba apreende mais 7 armas de fogo e ultrapassa as 1.600 apreens\u00f5es este ano - Pol\u00edcia Militar da Para\u00edba","robots":{"index":"index","follow":"follow","max-snippet":"max-snippet:-1","max-image-preview":"max-image-preview:large","max-video-preview":"max-video-preview:-1"},"canonical":"https:\/\/www.pm.pb.gov.br\/portal\/2021\/07\/22\/policia-militar-da-paraiba-apreende-mais-7-armas-de-fogo-e-ultrapassa-as-1-600-apreensoes-este-ano\/","og_locale":"pt_BR","og_type":"article","og_title":"Pol\u00edcia Militar da Para\u00edba apreende mais 7 armas de fogo e ultrapassa as 1.600 apreens\u00f5es este ano - Pol\u00edcia Militar da Para\u00edba","og_description":"A Pol\u00edcia Militar apreendeu mais sete armas de fogo, nessa quarta-feira (21), nas cidades de Campina Grande, Umbuzeiro, Rem\u00edgio, Santa","og_url":"https:\/\/www.pm.pb.gov.br\/portal\/2021\/07\/22\/policia-militar-da-paraiba-apreende-mais-7-armas-de-fogo-e-ultrapassa-as-1-600-apreensoes-este-ano\/","og_site_name":"Pol\u00edcia Militar da Para\u00edba","article_published_time":"2021-07-22T13:57:04+00:00","article_modified_time":"2021-07-22T13:57:07+00:00","og_image":[{"width":800,"height":445,"url":"https:\/\/www.pm.pb.gov.br\/portal\/wp-content\/uploads\/2021\/07\/d526b311-34ec-4b72-8b4e-97df66f7bb6b.jpg","type":"image\/jpeg"}],"author":"Assessoria de Imprensa da PMPB","twitter_card":"summary_large_image","twitter_misc":{"Escrito por":"Assessoria de Imprensa da PMPB","Est. tempo de leitura":"1 minuto"},"schema":{"@context":"https:\/\/schema.org","@graph":[{"@type":"Article","@id":"https:\/\/www.pm.pb.gov.br\/portal\/2021\/07\/22\/policia-militar-da-paraiba-apreende-mais-7-armas-de-fogo-e-ultrapassa-as-1-600-apreensoes-este-ano\/#article","isPartOf":{"@id":"https:\/\/www.pm.pb.gov.br\/portal\/2021\/07\/22\/policia-militar-da-paraiba-apreende-mais-7-armas-de-fogo-e-ultrapassa-as-1-600-apreensoes-este-ano\/"},"author":{"name":"Assessoria de Imprensa da PMPB","@id":"https:\/\/www.pm.pb.gov.br\/portal\/#\/schema\/person\/e8454f46651c3ecf0e1ba3c1666d9947"},"headline":"Pol\u00edcia Militar da Para\u00edba apreende mais 7 armas de fogo e ultrapassa as 1.600 apreens\u00f5es este ano","datePublished":"2021-07-22T13:57:04+00:00","dateModified":"2021-07-22T13:57:07+00:00","mainEntityOfPage":{"@id":"https:\/\/www.pm.pb.gov.br\/portal\/2021\/07\/22\/policia-militar-da-paraiba-apreende-mais-7-armas-de-fogo-e-ultrapassa-as-1-600-apreensoes-este-ano\/"},"wordCount":154,"publisher":{"@id":"https:\/\/www.pm.pb.gov.br\/portal\/#organization"},"articleSection":["A\u00e7\u00f5es Policiais"],"inLanguage":"pt-BR"},{"@type":"WebPage","@id":"https:\/\/www.pm.pb.gov.br\/portal\/2021\/07\/22\/policia-militar-da-paraiba-apreende-mais-7-armas-de-fogo-e-ultrapassa-as-1-600-apreensoes-este-ano\/","url":"https:\/\/www.pm.pb.gov.br\/portal\/2021\/07\/22\/policia-militar-da-paraiba-apreende-mais-7-armas-de-fogo-e-ultrapassa-as-1-600-apreensoes-este-ano\/","name":"Pol\u00edcia Militar da Para\u00edba apreende mais 7 armas de fogo e ultrapassa as 1.600 apreens\u00f5es este ano - Pol\u00edcia Militar da Para\u00edba","isPartOf":{"@id":"https:\/\/www.pm.pb.gov.br\/portal\/#website"},"datePublished":"2021-07-22T13:57:04+00:00","dateModified":"2021-07-22T13:57:07+00:00","breadcrumb":{"@id":"https:\/\/www.pm.pb.gov.br\/portal\/2021\/07\/22\/policia-militar-da-paraiba-apreende-mais-7-armas-de-fogo-e-ultrapassa-as-1-600-apreensoes-este-ano\/#breadcrumb"},"inLanguage":"pt-BR","potentialAction":[{"@type":"ReadAction","target":["https:\/\/www.pm.pb.gov.br\/portal\/2021\/07\/22\/policia-militar-da-paraiba-apreende-mais-7-armas-de-fogo-e-ultrapassa-as-1-600-apreensoes-este-ano\/"]}]},{"@type":"BreadcrumbList","@id":"https:\/\/www.pm.pb.gov.br\/portal\/2021\/07\/22\/policia-militar-da-paraiba-apreende-mais-7-armas-de-fogo-e-ultrapassa-as-1-600-apreensoes-este-ano\/#breadcrumb","itemListElement":[{"@type":"ListItem","position":1,"name":"In\u00edcio","item":"https:\/\/www.pm.pb.gov.br\/portal\/"},{"@type":"ListItem","position":2,"name":"Pol\u00edcia Militar da Para\u00edba apreende mais 7 armas de fogo e ultrapassa as 1.600 apreens\u00f5es este ano"}]},{"@type":"WebSite","@id":"https:\/\/www.pm.pb.gov.br\/portal\/#website","url":"https:\/\/www.pm.pb.gov.br\/portal\/","name":"Pol\u00edcia Militar da Para\u00edba","description":"","publisher":{"@id":"https:\/\/www.pm.pb.gov.br\/portal\/#organization"},"potentialAction":[{"@type":"SearchAction","target":{"@type":"EntryPoint","urlTemplate":"https:\/\/www.pm.pb.gov.br\/portal\/?s={search_term_string}"},"query-input":"required name=search_term_string"}],"inLanguage":"pt-BR"},{"@type":"Organization","@id":"https:\/\/www.pm.pb.gov.br\/portal\/#organization","name":"Pol\u00edcia Militar da Para\u00edba","url":"https:\/\/www.pm.pb.gov.br\/portal\/","logo":{"@type":"ImageObject","inLanguage":"pt-BR","@id":"https:\/\/www.pm.pb.gov.br\/portal\/#\/schema\/logo\/image\/","url":"https:\/\/www.pm.pb.gov.br\/portal\/wp-content\/uploads\/2025\/03\/cropped-logo-site-mag2-1.png","contentUrl":"https:\/\/www.pm.pb.gov.br\/portal\/wp-content\/uploads\/2025\/03\/cropped-logo-site-mag2-1.png","width":320,"height":90,"caption":"Pol\u00edcia Militar da Para\u00edba"},"image":{"@id":"https:\/\/www.pm.pb.gov.br\/portal\/#\/schema\/logo\/image\/"}},{"@type":"Person","@id":"https:\/\/www.pm.pb.gov.br\/portal\/#\/schema\/person\/e8454f46651c3ecf0e1ba3c1666d9947","name":"Assessoria de Imprensa da PMPB","image":{"@type":"ImageObject","inLanguage":"pt-BR","@id":"https:\/\/www.pm.pb.gov.br\/portal\/#\/schema\/person\/image\/","url":"https:\/\/secure.gravatar.com\/avatar\/2efe197438265d1e90bd98c4c8e1acf8?s=96&d=mm&r=g","contentUrl":"https:\/\/secure.gravatar.com\/avatar\/2efe197438265d1e90bd98c4c8e1acf8?s=96&d=mm&r=g","caption":"Assessoria de Imprensa da PMPB"},"url":"https:\/\/www.pm.pb.gov.br\/portal\/author\/assessoria\/"}]}},"_links":{"self":[{"href":"https:\/\/www.pm.pb.gov.br\/portal\/wp-json\/wp\/v2\/posts\/911896"}],"collection":[{"href":"https:\/\/www.pm.pb.gov.br\/portal\/wp-json\/wp\/v2\/posts"}],"about":[{"href":"https:\/\/www.pm.pb.gov.br\/portal\/wp-json\/wp\/v2\/types\/post"}],"author":[{"embeddable":true,"href":"https:\/\/www.pm.pb.gov.br\/portal\/wp-json\/wp\/v2\/users\/5"}],"replies":[{"embeddable":true,"href":"https:\/\/www.pm.pb.gov.br\/portal\/wp-json\/wp\/v2\/comments?post=911896"}],"version-history":[{"count":2,"href":"https:\/\/www.pm.pb.gov.br\/portal\/wp-json\/wp\/v2\/posts\/911896\/revisions"}],"predecessor-version":[{"id":911902,"href":"https:\/\/www.pm.pb.gov.br\/portal\/wp-json\/wp\/v2\/posts\/911896\/revisions\/911902"}],"wp:featuredmedia":[{"embeddable":true,"href":"https:\/\/www.pm.pb.gov.br\/portal\/wp-json\/wp\/v2\/media\/911901"}],"wp:attachment":[{"href":"https:\/\/www.pm.pb.gov.br\/portal\/wp-json\/wp\/v2\/media?parent=911896"}],"wp:term":[{"taxonomy":"category","embeddable":true,"href":"https:\/\/www.pm.pb.gov.br\/portal\/wp-json\/wp\/v2\/categories?post=911896"},{"taxonomy":"post_tag","embeddable":true,"href":"https:\/\/www.pm.pb.gov.br\/portal\/wp-json\/wp\/v2\/tags?post=911896"}],"curies":[{"name":"wp","href":"https:\/\/api.w.org\/{rel}","templated":true}]}}