{"id":911877,"date":"2021-07-21T13:58:49","date_gmt":"2021-07-21T16:58:49","guid":{"rendered":"https:\/\/www.pm.pb.gov.br\/portal\/?p=911877"},"modified":"2021-07-21T16:31:15","modified_gmt":"2021-07-21T19:31:15","slug":"inscricoes-abertas-para-o-v-curso-de-formacao-de-instrutor-de-educacao-fisica-da-pmpb","status":"publish","type":"post","link":"https:\/\/www.pm.pb.gov.br\/portal\/2021\/07\/21\/inscricoes-abertas-para-o-v-curso-de-formacao-de-instrutor-de-educacao-fisica-da-pmpb\/","title":{"rendered":"Inscri\u00e7\u00f5es abertas para o V Curso de Forma\u00e7\u00e3o de Instrutor de Educa\u00e7\u00e3o F\u00edsica da PMPB"},"content":{"rendered":"\n<p>Est\u00e3o abertas at\u00e9 o pr\u00f3ximo dia 28, as inscri\u00e7\u00f5es para o V Curso de Forma\u00e7\u00e3o Instrutor de Educa\u00e7\u00e3o F\u00edsica para Profissionais de Seguran\u00e7a P\u00fablica (CIEF). O curso est\u00e1 disponibilizando 30 (trinta) vagas, sendo 18 para os policiais militares da Para\u00edba, 02 (duas) vagas para o Corpo de Bombeiros Militar, e 10 (dez) vagas para institui\u00e7\u00f5es coirm\u00e3s (foto acima ilustrativa; registro antes da pandemia).<\/p>\n<p><img loading=\"lazy\" decoding=\"async\" class=\" wp-image-911851 aligncenter\" src=\"http:\/\/www.pm.pb.gov.br\/portal\/wp-content\/uploads\/2021\/07\/edfisica1.jpg\" alt=\"\" width=\"635\" height=\"353\" srcset=\"https:\/\/www.pm.pb.gov.br\/portal\/wp-content\/uploads\/2021\/07\/edfisica1.jpg 800w, https:\/\/www.pm.pb.gov.br\/portal\/wp-content\/uploads\/2021\/07\/edfisica1-245x136.jpg 245w, https:\/\/www.pm.pb.gov.br\/portal\/wp-content\/uploads\/2021\/07\/edfisica1-768x427.jpg 768w\" sizes=\"(max-width: 635px) 100vw, 635px\" \/><\/p>\n<p>O objetivo do V CIEF \u00e9 formar instrutores de educa\u00e7\u00e3o f\u00edsica para atua\u00e7\u00e3o junto \u00e0s institui\u00e7\u00f5es do sistema de Seguran\u00e7a P\u00fablica, dotando-os de conhecimentos cient\u00edficos, t\u00e9cnicos e human\u00edsticos, visando \u00e0 forma\u00e7\u00e3o, a amplia\u00e7\u00e3o e o treinamento dos profissionais que atuam na \u00e1rea (brev\u00ea do curso). Todo o processo de sele\u00e7\u00e3o foi divulgado no Boletim Interno da PM n\u00ba 139, publicado no \u00faltimo dia 15 de julho.<\/p>\n<p>O curso deve come\u00e7ar no pr\u00f3ximo m\u00eas de setembro, com previs\u00e3o de t\u00e9rmino em julho de 2022, contando com 900 horas-aulas. Devido a pandemia do Covid-19, o V CIEF ir\u00e1 utilizar o Ensino \u00e0 Dist\u00e2ncia \u2013 EAD, sendo suas atividades pr\u00e1ticas realizados nas depend\u00eancias do Centro de Educa\u00e7\u00e3o da PMPB, e em instala\u00e7\u00f5es de institui\u00e7\u00f5es parceiras.<\/p>\n<p>O processo de sele\u00e7\u00e3o envolve an\u00e1lise documental dos inscritos, inspe\u00e7\u00e3o de sa\u00fade e teste de aptid\u00e3o f\u00edsica. Todo o detalhamento do processo est\u00e1 no Bol n\u00ba 139. Mais informa\u00e7\u00f5es podem ser obtidas atrav\u00e9s dos telefones (83) 99932-6006 ou (83) 98831-1319, atrav\u00e9s do major Juceilton.<\/p>\n<p><img loading=\"lazy\" decoding=\"async\" class=\" wp-image-911879 aligncenter\" src=\"http:\/\/www.pm.pb.gov.br\/portal\/wp-content\/uploads\/2021\/07\/WhatsApp-Image-2021-07-21-at-13.44.26-668x445.jpeg\" alt=\"\" width=\"575\" height=\"383\" srcset=\"https:\/\/www.pm.pb.gov.br\/portal\/wp-content\/uploads\/2021\/07\/WhatsApp-Image-2021-07-21-at-13.44.26-668x445.jpeg 668w, https:\/\/www.pm.pb.gov.br\/portal\/wp-content\/uploads\/2021\/07\/WhatsApp-Image-2021-07-21-at-13.44.26-855x570.jpeg 855w, https:\/\/www.pm.pb.gov.br\/portal\/wp-content\/uploads\/2021\/07\/WhatsApp-Image-2021-07-21-at-13.44.26-768x512.jpeg 768w, https:\/\/www.pm.pb.gov.br\/portal\/wp-content\/uploads\/2021\/07\/WhatsApp-Image-2021-07-21-at-13.44.26-272x182.jpeg 272w, https:\/\/www.pm.pb.gov.br\/portal\/wp-content\/uploads\/2021\/07\/WhatsApp-Image-2021-07-21-at-13.44.26.jpeg 1280w\" sizes=\"(max-width: 575px) 100vw, 575px\" \/><\/p>\n","protected":false},"excerpt":{"rendered":"<p>Est\u00e3o abertas at\u00e9 o pr\u00f3ximo dia 28, as inscri\u00e7\u00f5es para o V Curso de Forma\u00e7\u00e3o Instrutor de Educa\u00e7\u00e3o F\u00edsica para<\/p>\n","protected":false},"author":12,"featured_media":911878,"comment_status":"closed","ping_status":"closed","sticky":false,"template":"","format":"standard","meta":{"_exactmetrics_skip_tracking":false,"_exactmetrics_sitenote_active":false,"_exactmetrics_sitenote_note":"","_exactmetrics_sitenote_category":0,"footnotes":""},"categories":[6],"tags":[],"yoast_head":"<!-- This site is optimized with the Yoast SEO plugin v22.0 - https:\/\/yoast.com\/wordpress\/plugins\/seo\/ -->\n<title>Inscri\u00e7\u00f5es abertas para o V Curso de Forma\u00e7\u00e3o de Instrutor de Educa\u00e7\u00e3o F\u00edsica da PMPB - Pol\u00edcia Militar da Para\u00edba<\/title>\n<meta name=\"robots\" content=\"index, follow, max-snippet:-1, max-image-preview:large, max-video-preview:-1\" \/>\n<link rel=\"canonical\" href=\"https:\/\/www.pm.pb.gov.br\/portal\/2021\/07\/21\/inscricoes-abertas-para-o-v-curso-de-formacao-de-instrutor-de-educacao-fisica-da-pmpb\/\" \/>\n<meta property=\"og:locale\" content=\"pt_BR\" \/>\n<meta property=\"og:type\" content=\"article\" \/>\n<meta property=\"og:title\" content=\"Inscri\u00e7\u00f5es abertas para o V Curso de Forma\u00e7\u00e3o de Instrutor de Educa\u00e7\u00e3o F\u00edsica da PMPB - Pol\u00edcia Militar da Para\u00edba\" \/>\n<meta property=\"og:description\" content=\"Est\u00e3o abertas at\u00e9 o pr\u00f3ximo dia 28, as inscri\u00e7\u00f5es para o V Curso de Forma\u00e7\u00e3o Instrutor de Educa\u00e7\u00e3o F\u00edsica para\" \/>\n<meta property=\"og:url\" content=\"https:\/\/www.pm.pb.gov.br\/portal\/2021\/07\/21\/inscricoes-abertas-para-o-v-curso-de-formacao-de-instrutor-de-educacao-fisica-da-pmpb\/\" \/>\n<meta property=\"og:site_name\" content=\"Pol\u00edcia Militar da Para\u00edba\" \/>\n<meta property=\"article:published_time\" content=\"2021-07-21T16:58:49+00:00\" \/>\n<meta property=\"article:modified_time\" content=\"2021-07-21T19:31:15+00:00\" \/>\n<meta property=\"og:image\" content=\"https:\/\/www.pm.pb.gov.br\/portal\/wp-content\/uploads\/2021\/07\/edfisica.jpeg\" \/>\n\t<meta property=\"og:image:width\" content=\"800\" \/>\n\t<meta property=\"og:image:height\" content=\"445\" \/>\n\t<meta property=\"og:image:type\" content=\"image\/jpeg\" \/>\n<meta name=\"author\" content=\"Tarcisio Oliveira\" \/>\n<meta name=\"twitter:card\" content=\"summary_large_image\" \/>\n<meta name=\"twitter:label1\" content=\"Escrito por\" \/>\n\t<meta name=\"twitter:data1\" content=\"Tarcisio Oliveira\" \/>\n\t<meta name=\"twitter:label2\" content=\"Est. tempo de leitura\" \/>\n\t<meta name=\"twitter:data2\" content=\"2 minutos\" \/>\n<script type=\"application\/ld+json\" class=\"yoast-schema-graph\">{\"@context\":\"https:\/\/schema.org\",\"@graph\":[{\"@type\":\"Article\",\"@id\":\"https:\/\/www.pm.pb.gov.br\/portal\/2021\/07\/21\/inscricoes-abertas-para-o-v-curso-de-formacao-de-instrutor-de-educacao-fisica-da-pmpb\/#article\",\"isPartOf\":{\"@id\":\"https:\/\/www.pm.pb.gov.br\/portal\/2021\/07\/21\/inscricoes-abertas-para-o-v-curso-de-formacao-de-instrutor-de-educacao-fisica-da-pmpb\/\"},\"author\":{\"name\":\"Tarcisio Oliveira\",\"@id\":\"https:\/\/www.pm.pb.gov.br\/portal\/#\/schema\/person\/f84f56dcc78ce4357054da888b8247fd\"},\"headline\":\"Inscri\u00e7\u00f5es abertas para o V Curso de Forma\u00e7\u00e3o de Instrutor de Educa\u00e7\u00e3o F\u00edsica da PMPB\",\"datePublished\":\"2021-07-21T16:58:49+00:00\",\"dateModified\":\"2021-07-21T19:31:15+00:00\",\"mainEntityOfPage\":{\"@id\":\"https:\/\/www.pm.pb.gov.br\/portal\/2021\/07\/21\/inscricoes-abertas-para-o-v-curso-de-formacao-de-instrutor-de-educacao-fisica-da-pmpb\/\"},\"wordCount\":275,\"publisher\":{\"@id\":\"https:\/\/www.pm.pb.gov.br\/portal\/#organization\"},\"articleSection\":[\"Cursos\"],\"inLanguage\":\"pt-BR\"},{\"@type\":\"WebPage\",\"@id\":\"https:\/\/www.pm.pb.gov.br\/portal\/2021\/07\/21\/inscricoes-abertas-para-o-v-curso-de-formacao-de-instrutor-de-educacao-fisica-da-pmpb\/\",\"url\":\"https:\/\/www.pm.pb.gov.br\/portal\/2021\/07\/21\/inscricoes-abertas-para-o-v-curso-de-formacao-de-instrutor-de-educacao-fisica-da-pmpb\/\",\"name\":\"Inscri\u00e7\u00f5es abertas para o V Curso de Forma\u00e7\u00e3o de Instrutor de Educa\u00e7\u00e3o F\u00edsica da PMPB - Pol\u00edcia Militar da Para\u00edba\",\"isPartOf\":{\"@id\":\"https:\/\/www.pm.pb.gov.br\/portal\/#website\"},\"datePublished\":\"2021-07-21T16:58:49+00:00\",\"dateModified\":\"2021-07-21T19:31:15+00:00\",\"breadcrumb\":{\"@id\":\"https:\/\/www.pm.pb.gov.br\/portal\/2021\/07\/21\/inscricoes-abertas-para-o-v-curso-de-formacao-de-instrutor-de-educacao-fisica-da-pmpb\/#breadcrumb\"},\"inLanguage\":\"pt-BR\",\"potentialAction\":[{\"@type\":\"ReadAction\",\"target\":[\"https:\/\/www.pm.pb.gov.br\/portal\/2021\/07\/21\/inscricoes-abertas-para-o-v-curso-de-formacao-de-instrutor-de-educacao-fisica-da-pmpb\/\"]}]},{\"@type\":\"BreadcrumbList\",\"@id\":\"https:\/\/www.pm.pb.gov.br\/portal\/2021\/07\/21\/inscricoes-abertas-para-o-v-curso-de-formacao-de-instrutor-de-educacao-fisica-da-pmpb\/#breadcrumb\",\"itemListElement\":[{\"@type\":\"ListItem\",\"position\":1,\"name\":\"In\u00edcio\",\"item\":\"https:\/\/www.pm.pb.gov.br\/portal\/\"},{\"@type\":\"ListItem\",\"position\":2,\"name\":\"Inscri\u00e7\u00f5es abertas para o V Curso de Forma\u00e7\u00e3o de Instrutor de Educa\u00e7\u00e3o F\u00edsica da PMPB\"}]},{\"@type\":\"WebSite\",\"@id\":\"https:\/\/www.pm.pb.gov.br\/portal\/#website\",\"url\":\"https:\/\/www.pm.pb.gov.br\/portal\/\",\"name\":\"Pol\u00edcia Militar da Para\u00edba\",\"description\":\"\",\"publisher\":{\"@id\":\"https:\/\/www.pm.pb.gov.br\/portal\/#organization\"},\"potentialAction\":[{\"@type\":\"SearchAction\",\"target\":{\"@type\":\"EntryPoint\",\"urlTemplate\":\"https:\/\/www.pm.pb.gov.br\/portal\/?s={search_term_string}\"},\"query-input\":\"required name=search_term_string\"}],\"inLanguage\":\"pt-BR\"},{\"@type\":\"Organization\",\"@id\":\"https:\/\/www.pm.pb.gov.br\/portal\/#organization\",\"name\":\"Pol\u00edcia Militar da Para\u00edba\",\"url\":\"https:\/\/www.pm.pb.gov.br\/portal\/\",\"logo\":{\"@type\":\"ImageObject\",\"inLanguage\":\"pt-BR\",\"@id\":\"https:\/\/www.pm.pb.gov.br\/portal\/#\/schema\/logo\/image\/\",\"url\":\"https:\/\/www.pm.pb.gov.br\/portal\/wp-content\/uploads\/2025\/03\/cropped-logo-site-mag2-1.png\",\"contentUrl\":\"https:\/\/www.pm.pb.gov.br\/portal\/wp-content\/uploads\/2025\/03\/cropped-logo-site-mag2-1.png\",\"width\":320,\"height\":90,\"caption\":\"Pol\u00edcia Militar da Para\u00edba\"},\"image\":{\"@id\":\"https:\/\/www.pm.pb.gov.br\/portal\/#\/schema\/logo\/image\/\"}},{\"@type\":\"Person\",\"@id\":\"https:\/\/www.pm.pb.gov.br\/portal\/#\/schema\/person\/f84f56dcc78ce4357054da888b8247fd\",\"name\":\"Tarcisio Oliveira\",\"image\":{\"@type\":\"ImageObject\",\"inLanguage\":\"pt-BR\",\"@id\":\"https:\/\/www.pm.pb.gov.br\/portal\/#\/schema\/person\/image\/\",\"url\":\"https:\/\/secure.gravatar.com\/avatar\/72917b630b69d31cd0297507f34bac97?s=96&d=mm&r=g\",\"contentUrl\":\"https:\/\/secure.gravatar.com\/avatar\/72917b630b69d31cd0297507f34bac97?s=96&d=mm&r=g\",\"caption\":\"Tarcisio Oliveira\"},\"url\":\"https:\/\/www.pm.pb.gov.br\/portal\/author\/tarcisio\/\"}]}<\/script>\n<!-- \/ Yoast SEO plugin. -->","yoast_head_json":{"title":"Inscri\u00e7\u00f5es abertas para o V Curso de Forma\u00e7\u00e3o de Instrutor de Educa\u00e7\u00e3o F\u00edsica da PMPB - Pol\u00edcia Militar da Para\u00edba","robots":{"index":"index","follow":"follow","max-snippet":"max-snippet:-1","max-image-preview":"max-image-preview:large","max-video-preview":"max-video-preview:-1"},"canonical":"https:\/\/www.pm.pb.gov.br\/portal\/2021\/07\/21\/inscricoes-abertas-para-o-v-curso-de-formacao-de-instrutor-de-educacao-fisica-da-pmpb\/","og_locale":"pt_BR","og_type":"article","og_title":"Inscri\u00e7\u00f5es abertas para o V Curso de Forma\u00e7\u00e3o de Instrutor de Educa\u00e7\u00e3o F\u00edsica da PMPB - Pol\u00edcia Militar da Para\u00edba","og_description":"Est\u00e3o abertas at\u00e9 o pr\u00f3ximo dia 28, as inscri\u00e7\u00f5es para o V Curso de Forma\u00e7\u00e3o Instrutor de Educa\u00e7\u00e3o F\u00edsica para","og_url":"https:\/\/www.pm.pb.gov.br\/portal\/2021\/07\/21\/inscricoes-abertas-para-o-v-curso-de-formacao-de-instrutor-de-educacao-fisica-da-pmpb\/","og_site_name":"Pol\u00edcia Militar da Para\u00edba","article_published_time":"2021-07-21T16:58:49+00:00","article_modified_time":"2021-07-21T19:31:15+00:00","og_image":[{"width":800,"height":445,"url":"https:\/\/www.pm.pb.gov.br\/portal\/wp-content\/uploads\/2021\/07\/edfisica.jpeg","type":"image\/jpeg"}],"author":"Tarcisio Oliveira","twitter_card":"summary_large_image","twitter_misc":{"Escrito por":"Tarcisio Oliveira","Est. tempo de leitura":"2 minutos"},"schema":{"@context":"https:\/\/schema.org","@graph":[{"@type":"Article","@id":"https:\/\/www.pm.pb.gov.br\/portal\/2021\/07\/21\/inscricoes-abertas-para-o-v-curso-de-formacao-de-instrutor-de-educacao-fisica-da-pmpb\/#article","isPartOf":{"@id":"https:\/\/www.pm.pb.gov.br\/portal\/2021\/07\/21\/inscricoes-abertas-para-o-v-curso-de-formacao-de-instrutor-de-educacao-fisica-da-pmpb\/"},"author":{"name":"Tarcisio Oliveira","@id":"https:\/\/www.pm.pb.gov.br\/portal\/#\/schema\/person\/f84f56dcc78ce4357054da888b8247fd"},"headline":"Inscri\u00e7\u00f5es abertas para o V Curso de Forma\u00e7\u00e3o de Instrutor de Educa\u00e7\u00e3o F\u00edsica da PMPB","datePublished":"2021-07-21T16:58:49+00:00","dateModified":"2021-07-21T19:31:15+00:00","mainEntityOfPage":{"@id":"https:\/\/www.pm.pb.gov.br\/portal\/2021\/07\/21\/inscricoes-abertas-para-o-v-curso-de-formacao-de-instrutor-de-educacao-fisica-da-pmpb\/"},"wordCount":275,"publisher":{"@id":"https:\/\/www.pm.pb.gov.br\/portal\/#organization"},"articleSection":["Cursos"],"inLanguage":"pt-BR"},{"@type":"WebPage","@id":"https:\/\/www.pm.pb.gov.br\/portal\/2021\/07\/21\/inscricoes-abertas-para-o-v-curso-de-formacao-de-instrutor-de-educacao-fisica-da-pmpb\/","url":"https:\/\/www.pm.pb.gov.br\/portal\/2021\/07\/21\/inscricoes-abertas-para-o-v-curso-de-formacao-de-instrutor-de-educacao-fisica-da-pmpb\/","name":"Inscri\u00e7\u00f5es abertas para o V Curso de Forma\u00e7\u00e3o de Instrutor de Educa\u00e7\u00e3o F\u00edsica da PMPB - Pol\u00edcia Militar da Para\u00edba","isPartOf":{"@id":"https:\/\/www.pm.pb.gov.br\/portal\/#website"},"datePublished":"2021-07-21T16:58:49+00:00","dateModified":"2021-07-21T19:31:15+00:00","breadcrumb":{"@id":"https:\/\/www.pm.pb.gov.br\/portal\/2021\/07\/21\/inscricoes-abertas-para-o-v-curso-de-formacao-de-instrutor-de-educacao-fisica-da-pmpb\/#breadcrumb"},"inLanguage":"pt-BR","potentialAction":[{"@type":"ReadAction","target":["https:\/\/www.pm.pb.gov.br\/portal\/2021\/07\/21\/inscricoes-abertas-para-o-v-curso-de-formacao-de-instrutor-de-educacao-fisica-da-pmpb\/"]}]},{"@type":"BreadcrumbList","@id":"https:\/\/www.pm.pb.gov.br\/portal\/2021\/07\/21\/inscricoes-abertas-para-o-v-curso-de-formacao-de-instrutor-de-educacao-fisica-da-pmpb\/#breadcrumb","itemListElement":[{"@type":"ListItem","position":1,"name":"In\u00edcio","item":"https:\/\/www.pm.pb.gov.br\/portal\/"},{"@type":"ListItem","position":2,"name":"Inscri\u00e7\u00f5es abertas para o V Curso de Forma\u00e7\u00e3o de Instrutor de Educa\u00e7\u00e3o F\u00edsica da PMPB"}]},{"@type":"WebSite","@id":"https:\/\/www.pm.pb.gov.br\/portal\/#website","url":"https:\/\/www.pm.pb.gov.br\/portal\/","name":"Pol\u00edcia Militar da Para\u00edba","description":"","publisher":{"@id":"https:\/\/www.pm.pb.gov.br\/portal\/#organization"},"potentialAction":[{"@type":"SearchAction","target":{"@type":"EntryPoint","urlTemplate":"https:\/\/www.pm.pb.gov.br\/portal\/?s={search_term_string}"},"query-input":"required name=search_term_string"}],"inLanguage":"pt-BR"},{"@type":"Organization","@id":"https:\/\/www.pm.pb.gov.br\/portal\/#organization","name":"Pol\u00edcia Militar da Para\u00edba","url":"https:\/\/www.pm.pb.gov.br\/portal\/","logo":{"@type":"ImageObject","inLanguage":"pt-BR","@id":"https:\/\/www.pm.pb.gov.br\/portal\/#\/schema\/logo\/image\/","url":"https:\/\/www.pm.pb.gov.br\/portal\/wp-content\/uploads\/2025\/03\/cropped-logo-site-mag2-1.png","contentUrl":"https:\/\/www.pm.pb.gov.br\/portal\/wp-content\/uploads\/2025\/03\/cropped-logo-site-mag2-1.png","width":320,"height":90,"caption":"Pol\u00edcia Militar da Para\u00edba"},"image":{"@id":"https:\/\/www.pm.pb.gov.br\/portal\/#\/schema\/logo\/image\/"}},{"@type":"Person","@id":"https:\/\/www.pm.pb.gov.br\/portal\/#\/schema\/person\/f84f56dcc78ce4357054da888b8247fd","name":"Tarcisio Oliveira","image":{"@type":"ImageObject","inLanguage":"pt-BR","@id":"https:\/\/www.pm.pb.gov.br\/portal\/#\/schema\/person\/image\/","url":"https:\/\/secure.gravatar.com\/avatar\/72917b630b69d31cd0297507f34bac97?s=96&d=mm&r=g","contentUrl":"https:\/\/secure.gravatar.com\/avatar\/72917b630b69d31cd0297507f34bac97?s=96&d=mm&r=g","caption":"Tarcisio Oliveira"},"url":"https:\/\/www.pm.pb.gov.br\/portal\/author\/tarcisio\/"}]}},"_links":{"self":[{"href":"https:\/\/www.pm.pb.gov.br\/portal\/wp-json\/wp\/v2\/posts\/911877"}],"collection":[{"href":"https:\/\/www.pm.pb.gov.br\/portal\/wp-json\/wp\/v2\/posts"}],"about":[{"href":"https:\/\/www.pm.pb.gov.br\/portal\/wp-json\/wp\/v2\/types\/post"}],"author":[{"embeddable":true,"href":"https:\/\/www.pm.pb.gov.br\/portal\/wp-json\/wp\/v2\/users\/12"}],"replies":[{"embeddable":true,"href":"https:\/\/www.pm.pb.gov.br\/portal\/wp-json\/wp\/v2\/comments?post=911877"}],"version-history":[{"count":1,"href":"https:\/\/www.pm.pb.gov.br\/portal\/wp-json\/wp\/v2\/posts\/911877\/revisions"}],"predecessor-version":[{"id":911880,"href":"https:\/\/www.pm.pb.gov.br\/portal\/wp-json\/wp\/v2\/posts\/911877\/revisions\/911880"}],"wp:featuredmedia":[{"embeddable":true,"href":"https:\/\/www.pm.pb.gov.br\/portal\/wp-json\/wp\/v2\/media\/911878"}],"wp:attachment":[{"href":"https:\/\/www.pm.pb.gov.br\/portal\/wp-json\/wp\/v2\/media?parent=911877"}],"wp:term":[{"taxonomy":"category","embeddable":true,"href":"https:\/\/www.pm.pb.gov.br\/portal\/wp-json\/wp\/v2\/categories?post=911877"},{"taxonomy":"post_tag","embeddable":true,"href":"https:\/\/www.pm.pb.gov.br\/portal\/wp-json\/wp\/v2\/tags?post=911877"}],"curies":[{"name":"wp","href":"https:\/\/api.w.org\/{rel}","templated":true}]}}