{"id":911867,"date":"2021-07-21T11:47:18","date_gmt":"2021-07-21T14:47:18","guid":{"rendered":"https:\/\/www.pm.pb.gov.br\/portal\/?p=911867"},"modified":"2021-07-21T12:51:02","modified_gmt":"2021-07-21T15:51:02","slug":"operacao-aprende-arma-drogas-e-mascara-que-era-usada-em-assaltos-na-zona-rural-de-santa-rita","status":"publish","type":"post","link":"https:\/\/www.pm.pb.gov.br\/portal\/2021\/07\/21\/operacao-aprende-arma-drogas-e-mascara-que-era-usada-em-assaltos-na-zona-rural-de-santa-rita\/","title":{"rendered":"Opera\u00e7\u00e3o apreende arma, drogas e m\u00e1scara que era usada em assaltos na zona rural de Santa Rita"},"content":{"rendered":"\n<p>A Pol\u00edcia Militar apreendeu na manh\u00e3 desta quarta-feira (21) uma espingarda, muni\u00e7\u00f5es, drogas e uma m\u00e1scara do filme \u201cV de Vingan\u00e7a\u201d, que estaria sendo usada por acusados de praticar crimes no distrito de Livramento, na zona rural da cidade de Santa Rita. Os integrantes do grupo criminoso conseguiram fugir, ap\u00f3s uma troca de tiros.<br><br>Eles foram cercados por equipes da For\u00e7a T\u00e1tica do 7\u00ba Batalh\u00e3o, que realizaram uma opera\u00e7\u00e3o na localidade para prender suspeitos de tr\u00e1fico de drogas e de roubos. A m\u00e1scara apreendida teria sido usada para esconder o rosto, durante assaltos registrados. A PM continuar\u00e1 realizando buscas na regi\u00e3o.<br><br>O material apreendido foi levado para a 6\u00aa Delegacia Distrital, em Santa Rita.<br><br><\/p>\n","protected":false},"excerpt":{"rendered":"<p>A Pol\u00edcia Militar apreendeu na manh\u00e3 desta quarta-feira (21) uma espingarda, muni\u00e7\u00f5es, drogas e uma m\u00e1scara do filme \u201cV de<\/p>\n","protected":false},"author":5,"featured_media":911873,"comment_status":"closed","ping_status":"closed","sticky":false,"template":"","format":"standard","meta":{"_exactmetrics_skip_tracking":false,"_exactmetrics_sitenote_active":false,"_exactmetrics_sitenote_note":"","_exactmetrics_sitenote_category":0,"footnotes":""},"categories":[4],"tags":[],"yoast_head":"<!-- This site is optimized with the Yoast SEO plugin v22.0 - https:\/\/yoast.com\/wordpress\/plugins\/seo\/ -->\n<title>Opera\u00e7\u00e3o apreende arma, drogas e m\u00e1scara que era usada em assaltos na zona rural de Santa Rita - Pol\u00edcia Militar da Para\u00edba<\/title>\n<meta name=\"robots\" content=\"index, follow, max-snippet:-1, max-image-preview:large, max-video-preview:-1\" \/>\n<link rel=\"canonical\" href=\"https:\/\/www.pm.pb.gov.br\/portal\/2021\/07\/21\/operacao-aprende-arma-drogas-e-mascara-que-era-usada-em-assaltos-na-zona-rural-de-santa-rita\/\" \/>\n<meta property=\"og:locale\" content=\"pt_BR\" \/>\n<meta property=\"og:type\" content=\"article\" \/>\n<meta property=\"og:title\" content=\"Opera\u00e7\u00e3o apreende arma, drogas e m\u00e1scara que era usada em assaltos na zona rural de Santa Rita - Pol\u00edcia Militar da Para\u00edba\" \/>\n<meta property=\"og:description\" content=\"A Pol\u00edcia Militar apreendeu na manh\u00e3 desta quarta-feira (21) uma espingarda, muni\u00e7\u00f5es, drogas e uma m\u00e1scara do filme \u201cV de\" \/>\n<meta property=\"og:url\" content=\"https:\/\/www.pm.pb.gov.br\/portal\/2021\/07\/21\/operacao-aprende-arma-drogas-e-mascara-que-era-usada-em-assaltos-na-zona-rural-de-santa-rita\/\" \/>\n<meta property=\"og:site_name\" content=\"Pol\u00edcia Militar da Para\u00edba\" \/>\n<meta property=\"article:published_time\" content=\"2021-07-21T14:47:18+00:00\" \/>\n<meta property=\"article:modified_time\" content=\"2021-07-21T15:51:02+00:00\" \/>\n<meta property=\"og:image\" content=\"https:\/\/www.pm.pb.gov.br\/portal\/wp-content\/uploads\/2021\/07\/0b81e326-6e02-4a22-a2fc-c4b655e6b399-2.jpg\" \/>\n\t<meta property=\"og:image:width\" content=\"899\" \/>\n\t<meta property=\"og:image:height\" content=\"1599\" \/>\n\t<meta property=\"og:image:type\" content=\"image\/jpeg\" \/>\n<meta name=\"author\" content=\"Assessoria de Imprensa da PMPB\" \/>\n<meta name=\"twitter:card\" content=\"summary_large_image\" \/>\n<meta name=\"twitter:label1\" content=\"Escrito por\" \/>\n\t<meta name=\"twitter:data1\" content=\"Assessoria de Imprensa da PMPB\" \/>\n\t<meta name=\"twitter:label2\" content=\"Est. tempo de leitura\" \/>\n\t<meta name=\"twitter:data2\" content=\"1 minuto\" \/>\n<script type=\"application\/ld+json\" class=\"yoast-schema-graph\">{\"@context\":\"https:\/\/schema.org\",\"@graph\":[{\"@type\":\"Article\",\"@id\":\"https:\/\/www.pm.pb.gov.br\/portal\/2021\/07\/21\/operacao-aprende-arma-drogas-e-mascara-que-era-usada-em-assaltos-na-zona-rural-de-santa-rita\/#article\",\"isPartOf\":{\"@id\":\"https:\/\/www.pm.pb.gov.br\/portal\/2021\/07\/21\/operacao-aprende-arma-drogas-e-mascara-que-era-usada-em-assaltos-na-zona-rural-de-santa-rita\/\"},\"author\":{\"name\":\"Assessoria de Imprensa da PMPB\",\"@id\":\"https:\/\/www.pm.pb.gov.br\/portal\/#\/schema\/person\/e8454f46651c3ecf0e1ba3c1666d9947\"},\"headline\":\"Opera\u00e7\u00e3o apreende arma, drogas e m\u00e1scara que era usada em assaltos na zona rural de Santa Rita\",\"datePublished\":\"2021-07-21T14:47:18+00:00\",\"dateModified\":\"2021-07-21T15:51:02+00:00\",\"mainEntityOfPage\":{\"@id\":\"https:\/\/www.pm.pb.gov.br\/portal\/2021\/07\/21\/operacao-aprende-arma-drogas-e-mascara-que-era-usada-em-assaltos-na-zona-rural-de-santa-rita\/\"},\"wordCount\":142,\"publisher\":{\"@id\":\"https:\/\/www.pm.pb.gov.br\/portal\/#organization\"},\"articleSection\":[\"A\u00e7\u00f5es Policiais\"],\"inLanguage\":\"pt-BR\"},{\"@type\":\"WebPage\",\"@id\":\"https:\/\/www.pm.pb.gov.br\/portal\/2021\/07\/21\/operacao-aprende-arma-drogas-e-mascara-que-era-usada-em-assaltos-na-zona-rural-de-santa-rita\/\",\"url\":\"https:\/\/www.pm.pb.gov.br\/portal\/2021\/07\/21\/operacao-aprende-arma-drogas-e-mascara-que-era-usada-em-assaltos-na-zona-rural-de-santa-rita\/\",\"name\":\"Opera\u00e7\u00e3o apreende arma, drogas e m\u00e1scara que era usada em assaltos na zona rural de Santa Rita - Pol\u00edcia Militar da Para\u00edba\",\"isPartOf\":{\"@id\":\"https:\/\/www.pm.pb.gov.br\/portal\/#website\"},\"datePublished\":\"2021-07-21T14:47:18+00:00\",\"dateModified\":\"2021-07-21T15:51:02+00:00\",\"breadcrumb\":{\"@id\":\"https:\/\/www.pm.pb.gov.br\/portal\/2021\/07\/21\/operacao-aprende-arma-drogas-e-mascara-que-era-usada-em-assaltos-na-zona-rural-de-santa-rita\/#breadcrumb\"},\"inLanguage\":\"pt-BR\",\"potentialAction\":[{\"@type\":\"ReadAction\",\"target\":[\"https:\/\/www.pm.pb.gov.br\/portal\/2021\/07\/21\/operacao-aprende-arma-drogas-e-mascara-que-era-usada-em-assaltos-na-zona-rural-de-santa-rita\/\"]}]},{\"@type\":\"BreadcrumbList\",\"@id\":\"https:\/\/www.pm.pb.gov.br\/portal\/2021\/07\/21\/operacao-aprende-arma-drogas-e-mascara-que-era-usada-em-assaltos-na-zona-rural-de-santa-rita\/#breadcrumb\",\"itemListElement\":[{\"@type\":\"ListItem\",\"position\":1,\"name\":\"In\u00edcio\",\"item\":\"https:\/\/www.pm.pb.gov.br\/portal\/\"},{\"@type\":\"ListItem\",\"position\":2,\"name\":\"Opera\u00e7\u00e3o apreende arma, drogas e m\u00e1scara que era usada em assaltos na zona rural de Santa Rita\"}]},{\"@type\":\"WebSite\",\"@id\":\"https:\/\/www.pm.pb.gov.br\/portal\/#website\",\"url\":\"https:\/\/www.pm.pb.gov.br\/portal\/\",\"name\":\"Pol\u00edcia Militar da Para\u00edba\",\"description\":\"\",\"publisher\":{\"@id\":\"https:\/\/www.pm.pb.gov.br\/portal\/#organization\"},\"potentialAction\":[{\"@type\":\"SearchAction\",\"target\":{\"@type\":\"EntryPoint\",\"urlTemplate\":\"https:\/\/www.pm.pb.gov.br\/portal\/?s={search_term_string}\"},\"query-input\":\"required name=search_term_string\"}],\"inLanguage\":\"pt-BR\"},{\"@type\":\"Organization\",\"@id\":\"https:\/\/www.pm.pb.gov.br\/portal\/#organization\",\"name\":\"Pol\u00edcia Militar da Para\u00edba\",\"url\":\"https:\/\/www.pm.pb.gov.br\/portal\/\",\"logo\":{\"@type\":\"ImageObject\",\"inLanguage\":\"pt-BR\",\"@id\":\"https:\/\/www.pm.pb.gov.br\/portal\/#\/schema\/logo\/image\/\",\"url\":\"https:\/\/www.pm.pb.gov.br\/portal\/wp-content\/uploads\/2025\/03\/cropped-logo-site-mag2-1.png\",\"contentUrl\":\"https:\/\/www.pm.pb.gov.br\/portal\/wp-content\/uploads\/2025\/03\/cropped-logo-site-mag2-1.png\",\"width\":320,\"height\":90,\"caption\":\"Pol\u00edcia Militar da Para\u00edba\"},\"image\":{\"@id\":\"https:\/\/www.pm.pb.gov.br\/portal\/#\/schema\/logo\/image\/\"}},{\"@type\":\"Person\",\"@id\":\"https:\/\/www.pm.pb.gov.br\/portal\/#\/schema\/person\/e8454f46651c3ecf0e1ba3c1666d9947\",\"name\":\"Assessoria de Imprensa da PMPB\",\"image\":{\"@type\":\"ImageObject\",\"inLanguage\":\"pt-BR\",\"@id\":\"https:\/\/www.pm.pb.gov.br\/portal\/#\/schema\/person\/image\/\",\"url\":\"https:\/\/secure.gravatar.com\/avatar\/2efe197438265d1e90bd98c4c8e1acf8?s=96&d=mm&r=g\",\"contentUrl\":\"https:\/\/secure.gravatar.com\/avatar\/2efe197438265d1e90bd98c4c8e1acf8?s=96&d=mm&r=g\",\"caption\":\"Assessoria de Imprensa da PMPB\"},\"url\":\"https:\/\/www.pm.pb.gov.br\/portal\/author\/assessoria\/\"}]}<\/script>\n<!-- \/ Yoast SEO plugin. -->","yoast_head_json":{"title":"Opera\u00e7\u00e3o apreende arma, drogas e m\u00e1scara que era usada em assaltos na zona rural de Santa Rita - Pol\u00edcia Militar da Para\u00edba","robots":{"index":"index","follow":"follow","max-snippet":"max-snippet:-1","max-image-preview":"max-image-preview:large","max-video-preview":"max-video-preview:-1"},"canonical":"https:\/\/www.pm.pb.gov.br\/portal\/2021\/07\/21\/operacao-aprende-arma-drogas-e-mascara-que-era-usada-em-assaltos-na-zona-rural-de-santa-rita\/","og_locale":"pt_BR","og_type":"article","og_title":"Opera\u00e7\u00e3o apreende arma, drogas e m\u00e1scara que era usada em assaltos na zona rural de Santa Rita - Pol\u00edcia Militar da Para\u00edba","og_description":"A Pol\u00edcia Militar apreendeu na manh\u00e3 desta quarta-feira (21) uma espingarda, muni\u00e7\u00f5es, drogas e uma m\u00e1scara do filme \u201cV de","og_url":"https:\/\/www.pm.pb.gov.br\/portal\/2021\/07\/21\/operacao-aprende-arma-drogas-e-mascara-que-era-usada-em-assaltos-na-zona-rural-de-santa-rita\/","og_site_name":"Pol\u00edcia Militar da Para\u00edba","article_published_time":"2021-07-21T14:47:18+00:00","article_modified_time":"2021-07-21T15:51:02+00:00","og_image":[{"width":899,"height":1599,"url":"https:\/\/www.pm.pb.gov.br\/portal\/wp-content\/uploads\/2021\/07\/0b81e326-6e02-4a22-a2fc-c4b655e6b399-2.jpg","type":"image\/jpeg"}],"author":"Assessoria de Imprensa da PMPB","twitter_card":"summary_large_image","twitter_misc":{"Escrito por":"Assessoria de Imprensa da PMPB","Est. tempo de leitura":"1 minuto"},"schema":{"@context":"https:\/\/schema.org","@graph":[{"@type":"Article","@id":"https:\/\/www.pm.pb.gov.br\/portal\/2021\/07\/21\/operacao-aprende-arma-drogas-e-mascara-que-era-usada-em-assaltos-na-zona-rural-de-santa-rita\/#article","isPartOf":{"@id":"https:\/\/www.pm.pb.gov.br\/portal\/2021\/07\/21\/operacao-aprende-arma-drogas-e-mascara-que-era-usada-em-assaltos-na-zona-rural-de-santa-rita\/"},"author":{"name":"Assessoria de Imprensa da PMPB","@id":"https:\/\/www.pm.pb.gov.br\/portal\/#\/schema\/person\/e8454f46651c3ecf0e1ba3c1666d9947"},"headline":"Opera\u00e7\u00e3o apreende arma, drogas e m\u00e1scara que era usada em assaltos na zona rural de Santa Rita","datePublished":"2021-07-21T14:47:18+00:00","dateModified":"2021-07-21T15:51:02+00:00","mainEntityOfPage":{"@id":"https:\/\/www.pm.pb.gov.br\/portal\/2021\/07\/21\/operacao-aprende-arma-drogas-e-mascara-que-era-usada-em-assaltos-na-zona-rural-de-santa-rita\/"},"wordCount":142,"publisher":{"@id":"https:\/\/www.pm.pb.gov.br\/portal\/#organization"},"articleSection":["A\u00e7\u00f5es Policiais"],"inLanguage":"pt-BR"},{"@type":"WebPage","@id":"https:\/\/www.pm.pb.gov.br\/portal\/2021\/07\/21\/operacao-aprende-arma-drogas-e-mascara-que-era-usada-em-assaltos-na-zona-rural-de-santa-rita\/","url":"https:\/\/www.pm.pb.gov.br\/portal\/2021\/07\/21\/operacao-aprende-arma-drogas-e-mascara-que-era-usada-em-assaltos-na-zona-rural-de-santa-rita\/","name":"Opera\u00e7\u00e3o apreende arma, drogas e m\u00e1scara que era usada em assaltos na zona rural de Santa Rita - Pol\u00edcia Militar da Para\u00edba","isPartOf":{"@id":"https:\/\/www.pm.pb.gov.br\/portal\/#website"},"datePublished":"2021-07-21T14:47:18+00:00","dateModified":"2021-07-21T15:51:02+00:00","breadcrumb":{"@id":"https:\/\/www.pm.pb.gov.br\/portal\/2021\/07\/21\/operacao-aprende-arma-drogas-e-mascara-que-era-usada-em-assaltos-na-zona-rural-de-santa-rita\/#breadcrumb"},"inLanguage":"pt-BR","potentialAction":[{"@type":"ReadAction","target":["https:\/\/www.pm.pb.gov.br\/portal\/2021\/07\/21\/operacao-aprende-arma-drogas-e-mascara-que-era-usada-em-assaltos-na-zona-rural-de-santa-rita\/"]}]},{"@type":"BreadcrumbList","@id":"https:\/\/www.pm.pb.gov.br\/portal\/2021\/07\/21\/operacao-aprende-arma-drogas-e-mascara-que-era-usada-em-assaltos-na-zona-rural-de-santa-rita\/#breadcrumb","itemListElement":[{"@type":"ListItem","position":1,"name":"In\u00edcio","item":"https:\/\/www.pm.pb.gov.br\/portal\/"},{"@type":"ListItem","position":2,"name":"Opera\u00e7\u00e3o apreende arma, drogas e m\u00e1scara que era usada em assaltos na zona rural de Santa Rita"}]},{"@type":"WebSite","@id":"https:\/\/www.pm.pb.gov.br\/portal\/#website","url":"https:\/\/www.pm.pb.gov.br\/portal\/","name":"Pol\u00edcia Militar da Para\u00edba","description":"","publisher":{"@id":"https:\/\/www.pm.pb.gov.br\/portal\/#organization"},"potentialAction":[{"@type":"SearchAction","target":{"@type":"EntryPoint","urlTemplate":"https:\/\/www.pm.pb.gov.br\/portal\/?s={search_term_string}"},"query-input":"required name=search_term_string"}],"inLanguage":"pt-BR"},{"@type":"Organization","@id":"https:\/\/www.pm.pb.gov.br\/portal\/#organization","name":"Pol\u00edcia Militar da Para\u00edba","url":"https:\/\/www.pm.pb.gov.br\/portal\/","logo":{"@type":"ImageObject","inLanguage":"pt-BR","@id":"https:\/\/www.pm.pb.gov.br\/portal\/#\/schema\/logo\/image\/","url":"https:\/\/www.pm.pb.gov.br\/portal\/wp-content\/uploads\/2025\/03\/cropped-logo-site-mag2-1.png","contentUrl":"https:\/\/www.pm.pb.gov.br\/portal\/wp-content\/uploads\/2025\/03\/cropped-logo-site-mag2-1.png","width":320,"height":90,"caption":"Pol\u00edcia Militar da Para\u00edba"},"image":{"@id":"https:\/\/www.pm.pb.gov.br\/portal\/#\/schema\/logo\/image\/"}},{"@type":"Person","@id":"https:\/\/www.pm.pb.gov.br\/portal\/#\/schema\/person\/e8454f46651c3ecf0e1ba3c1666d9947","name":"Assessoria de Imprensa da PMPB","image":{"@type":"ImageObject","inLanguage":"pt-BR","@id":"https:\/\/www.pm.pb.gov.br\/portal\/#\/schema\/person\/image\/","url":"https:\/\/secure.gravatar.com\/avatar\/2efe197438265d1e90bd98c4c8e1acf8?s=96&d=mm&r=g","contentUrl":"https:\/\/secure.gravatar.com\/avatar\/2efe197438265d1e90bd98c4c8e1acf8?s=96&d=mm&r=g","caption":"Assessoria de Imprensa da PMPB"},"url":"https:\/\/www.pm.pb.gov.br\/portal\/author\/assessoria\/"}]}},"_links":{"self":[{"href":"https:\/\/www.pm.pb.gov.br\/portal\/wp-json\/wp\/v2\/posts\/911867"}],"collection":[{"href":"https:\/\/www.pm.pb.gov.br\/portal\/wp-json\/wp\/v2\/posts"}],"about":[{"href":"https:\/\/www.pm.pb.gov.br\/portal\/wp-json\/wp\/v2\/types\/post"}],"author":[{"embeddable":true,"href":"https:\/\/www.pm.pb.gov.br\/portal\/wp-json\/wp\/v2\/users\/5"}],"replies":[{"embeddable":true,"href":"https:\/\/www.pm.pb.gov.br\/portal\/wp-json\/wp\/v2\/comments?post=911867"}],"version-history":[{"count":4,"href":"https:\/\/www.pm.pb.gov.br\/portal\/wp-json\/wp\/v2\/posts\/911867\/revisions"}],"predecessor-version":[{"id":911876,"href":"https:\/\/www.pm.pb.gov.br\/portal\/wp-json\/wp\/v2\/posts\/911867\/revisions\/911876"}],"wp:featuredmedia":[{"embeddable":true,"href":"https:\/\/www.pm.pb.gov.br\/portal\/wp-json\/wp\/v2\/media\/911873"}],"wp:attachment":[{"href":"https:\/\/www.pm.pb.gov.br\/portal\/wp-json\/wp\/v2\/media?parent=911867"}],"wp:term":[{"taxonomy":"category","embeddable":true,"href":"https:\/\/www.pm.pb.gov.br\/portal\/wp-json\/wp\/v2\/categories?post=911867"},{"taxonomy":"post_tag","embeddable":true,"href":"https:\/\/www.pm.pb.gov.br\/portal\/wp-json\/wp\/v2\/tags?post=911867"}],"curies":[{"name":"wp","href":"https:\/\/api.w.org\/{rel}","templated":true}]}}