{"id":911536,"date":"2021-07-01T16:10:00","date_gmt":"2021-07-01T19:10:00","guid":{"rendered":"https:\/\/www.pm.pb.gov.br\/portal\/?p=911536"},"modified":"2021-07-01T20:40:49","modified_gmt":"2021-07-01T23:40:49","slug":"joao-azevedo-prestigia-solenidade-de-formatura-de-novos-soldados-da-policia-militar-e-do-corpo-de-bombeiros-em-joao-pessoa","status":"publish","type":"post","link":"https:\/\/www.pm.pb.gov.br\/portal\/2021\/07\/01\/joao-azevedo-prestigia-solenidade-de-formatura-de-novos-soldados-da-policia-militar-e-do-corpo-de-bombeiros-em-joao-pessoa\/","title":{"rendered":"Governador Jo\u00e3o Azev\u00eado prestigia solenidade de formatura de novos soldados da Pol\u00edcia Militar e do Corpo de Bombeiros em Jo\u00e3o Pessoa"},"content":{"rendered":"\n<p>O governador Jo\u00e3o Azev\u00eado participou, nesta quinta-feira (1\u00ba), no Centro de Conven\u00e7\u00f5es de Jo\u00e3o Pessoa, da solenidade de conclus\u00e3o do curso de forma\u00e7\u00e3o de soldados da Pol\u00edcia Militar (PMPB) e do Corpo de Bombeiros Militar (CBM) da Para\u00edba, ocasi\u00e3o em que foram formados 64 soldados da PM e 11 soldados do CBM. At\u00e9 a pr\u00f3xima semana, ser\u00e3o conclu\u00eddas as formaturas dos 515 policiais e 53 bombeiros na Capital paraibana e nos munic\u00edpios de Campina Grande e Patos.&nbsp;<br>&nbsp;<br>O chefe do Executivo estadual parabenizou os novos soldados e ressaltou o compromisso que eles assumem de trabalhar em prol da seguran\u00e7a da sociedade paraibana. \u201c\u00c9 importante que a cada dia possamos prestar um servi\u00e7o melhor \u00e0 popula\u00e7\u00e3o, oferecendo tamb\u00e9m as melhores condi\u00e7\u00f5es de trabalho. Esse momento \u00e9 fruto de muito estudo e dedica\u00e7\u00e3o dos novos soldados e todo esfor\u00e7o permitiu que todos estejam preparados para nos ajudar a construir um caminho mais seguro para o futuro da Para\u00edba, sempre ouvindo a popula\u00e7\u00e3o, dialogando com os mais diversos setores da sociedade\u201d, frisou.<br>&nbsp;<br>Ele tamb\u00e9m fez um balan\u00e7o das a\u00e7\u00f5es desenvolvidas pela gest\u00e3o voltadas para o fortalecimento das pol\u00edticas de seguran\u00e7a p\u00fablica. \u201cN\u00f3s anunciamos, recentemente, a implanta\u00e7\u00e3o de uma UTI m\u00f3vel, disponibilizando uma estrutura p\u00fablica totalmente adaptada para deslocar pacientes do SUS e salvar vidas, criamos regi\u00e3o e \u00e1reas integradas de seguran\u00e7a em Guarabira, Juazeirinho e Sap\u00e9, o Batalh\u00e3o Especializado em Policiamento Tur\u00edstico, estamos construindo os Centros Integrados de Comando e Controle e tamb\u00e9m investimos no policial com mais de duas mil promo\u00e7\u00f5es na Pol\u00edcia Militar, garantimos a autonomia da Pol\u00edcia Civil, a forma\u00e7\u00e3o de novos soldados e oficiais, a convoca\u00e7\u00e3o de suplentes e a realiza\u00e7\u00e3o do concurso da Pol\u00edcia Civil\u201d, acrescentou.<br>&nbsp;<br>O secret\u00e1rio de Estado da Seguran\u00e7a e da Defesa Social, Jean Francisco Nunes, destacou que o ingresso dos novos soldados \u00e9 fundamental para a redu\u00e7\u00e3o de crimes e a conquista de melhores \u00edndices na \u00e1rea. \u201cA chegada de mais policiais para refor\u00e7ar a seguran\u00e7a \u00e9 essencial para a melhoria do que vem sendo constru\u00eddo e para avan\u00e7ar em v\u00e1rios outros indicadores. O novo efetivo faz parte de um planejamento feito desde 2019 e temos outras a\u00e7\u00f5es de realiza\u00e7\u00e3o de concursos, como o da Pol\u00edcia Civil, demonstrando que o governador se preocupa em recompor os nossos quadros\u201d, pontuou.&nbsp;<\/p>\n<p><img loading=\"lazy\" decoding=\"async\" class=\" wp-image-911541 aligncenter\" src=\"http:\/\/www.pm.pb.gov.br\/portal\/wp-content\/uploads\/2021\/07\/unnamed-4-668x445.jpg\" alt=\"\" width=\"594\" height=\"396\" srcset=\"https:\/\/www.pm.pb.gov.br\/portal\/wp-content\/uploads\/2021\/07\/unnamed-4-668x445.jpg 668w, https:\/\/www.pm.pb.gov.br\/portal\/wp-content\/uploads\/2021\/07\/unnamed-4-855x570.jpg 855w, https:\/\/www.pm.pb.gov.br\/portal\/wp-content\/uploads\/2021\/07\/unnamed-4-768x512.jpg 768w, https:\/\/www.pm.pb.gov.br\/portal\/wp-content\/uploads\/2021\/07\/unnamed-4-1536x1024.jpg 1536w, https:\/\/www.pm.pb.gov.br\/portal\/wp-content\/uploads\/2021\/07\/unnamed-4-2048x1365.jpg 2048w, https:\/\/www.pm.pb.gov.br\/portal\/wp-content\/uploads\/2021\/07\/unnamed-4-272x182.jpg 272w\" sizes=\"(max-width: 594px) 100vw, 594px\" \/><br>O comandante geral da Pol\u00edcia Militar, coronel Euller Chaves (na foto acima ao lado do governador), afirmou que o investimento em recursos humanos permite o aprimoramento dos servi\u00e7os prestados \u00e0 popula\u00e7\u00e3o. \u201cA forma\u00e7\u00e3o e capacita\u00e7\u00e3o s\u00e3o a vida da institui\u00e7\u00e3o. O governador Jo\u00e3o Azev\u00eado nos tem proporcionado essa possibilidade de renovar os nossos quadros, de equipar a corpora\u00e7\u00e3o e promover ascens\u00f5es profissionais, com forma\u00e7\u00e3o de sargentos, de cabos e oficiais, resultando em promo\u00e7\u00f5es imediatas e esse momento nos renova e oxigena enquanto mantenedores da ordem p\u00fablica e essas pessoas chegam para contribuir com a paz social numa atua\u00e7\u00e3o de forma integrada com a Pol\u00edcia Civil e Corpo de Bombeiros\u201d, falou.&nbsp;<br>&nbsp;<br>O comandante geral do Corpo de Bombeiros Militar, coronel Marcelo Ara\u00fajo, comemorou o aumento do efetivo nas unidades operacionais do estado. \u201cS\u00e3o recursos humanos que s\u00e3o incorporados \u00e0 nossa corpora\u00e7\u00e3o, com a finalidade de interiorizar as nossas a\u00e7\u00f5es e o governador d\u00e1 essa oportunidade aos jovens, a condi\u00e7\u00e3o de trabalhar na seguran\u00e7a p\u00fablica. Eles come\u00e7am a atuar imediatamente, j\u00e1 est\u00e3o preparados e qualificados para desempenhar a fun\u00e7\u00e3o da melhor forma poss\u00edvel\u201d, disse.&nbsp;<\/p>\n<p>O novo soldado da Pol\u00edcia Militar, Rodrigo Medeiros, celebrou a formatura. \u201cEsse \u00e9 um momento de alegria e felicidade para todos n\u00f3s, tivemos uma longa etapa, estamos enfrentando uma pandemia, mas chegamos nesse momento para cumprir a miss\u00e3o que honramos de garantir \u00e0 popula\u00e7\u00e3o a ordem p\u00fablica, a seguran\u00e7a da comunidade, mesmo com o risco da nossa pr\u00f3pria vida\u201d, comentou.<br>&nbsp;<br>Josiberto Oliveira, que passa a integrar o Corpo de Bombeiros Militar, ressaltou sua identifica\u00e7\u00e3o com a profiss\u00e3o ao ler o edital do concurso e vislumbrou no servi\u00e7o militar a oportunidade de ajudar as pessoas. \u201cEssa \u00e9 uma sensa\u00e7\u00e3o de realiza\u00e7\u00e3o e de supera\u00e7\u00e3o, passamos por um momento conturbado no mundo e \u00e9 muito gratificante chegar at\u00e9 aqui e a popula\u00e7\u00e3o pode contar com a nossa dedica\u00e7\u00e3o, empenho e empatia de fazer bem ao pr\u00f3ximo\u201d, comentou.<\/p>\n<p><img loading=\"lazy\" decoding=\"async\" class=\" wp-image-911543 aligncenter\" src=\"http:\/\/www.pm.pb.gov.br\/portal\/wp-content\/uploads\/2021\/07\/unnamed-6-685x445.jpg\" alt=\"\" width=\"627\" height=\"407\" srcset=\"https:\/\/www.pm.pb.gov.br\/portal\/wp-content\/uploads\/2021\/07\/unnamed-6-685x445.jpg 685w, https:\/\/www.pm.pb.gov.br\/portal\/wp-content\/uploads\/2021\/07\/unnamed-6-878x570.jpg 878w, https:\/\/www.pm.pb.gov.br\/portal\/wp-content\/uploads\/2021\/07\/unnamed-6-768x499.jpg 768w, https:\/\/www.pm.pb.gov.br\/portal\/wp-content\/uploads\/2021\/07\/unnamed-6-1536x997.jpg 1536w, https:\/\/www.pm.pb.gov.br\/portal\/wp-content\/uploads\/2021\/07\/unnamed-6-2048x1330.jpg 2048w\" sizes=\"(max-width: 627px) 100vw, 627px\" \/><br><strong>Curso de Forma\u00e7\u00e3o<\/strong>&nbsp;&#8211; As aulas foram iniciadas em 9 de dezembro de 2019 e tiveram dura\u00e7\u00e3o de 1.760 horas, com 51 disciplinas. Os novos soldados tamb\u00e9m passaram por cursos extracurriculares de promotor de pol\u00edcia comunit\u00e1ria e de t\u00e1ticas em duplas.&nbsp;<br>&nbsp;<br>No total, 192 soldados foram formados em Jo\u00e3o Pessoa, 123 em Campina Grande, 28 em Sum\u00e9, 45 em Guarabira, 48 em Patos, 33 em Sousa e 46 em Cajazeiras.&nbsp;<br>&nbsp;<br>Com a forma\u00e7\u00e3o dos 568 policiais e bombeiros, o governador Jo\u00e3o Azev\u00eado assegurou o ingresso de 1.034 soldados na Seguran\u00e7a P\u00fablica do estado. Al\u00e9m disso, o gestor autorizou a convoca\u00e7\u00e3o de 233 suplentes que passam por cursos de forma\u00e7\u00e3o.&nbsp;<br>&nbsp;<br>Ao longo de dois anos e meio, o chefe do Executivo estadual tamb\u00e9m promoveu 2.154 policiais militares, sendo 292 promo\u00e7\u00f5es de oficiais e 1.862 de pra\u00e7as, das quais 21 por atos de bravura.<\/p>\n<p><strong>Por Secom\/PB, com fotos de Francisco Fran\u00e7a.<\/strong><\/p>\n","protected":false},"excerpt":{"rendered":"<p>O governador Jo\u00e3o Azev\u00eado participou, nesta quinta-feira (1\u00ba), no Centro de Conven\u00e7\u00f5es de Jo\u00e3o Pessoa, da solenidade de conclus\u00e3o do<\/p>\n","protected":false},"author":12,"featured_media":911540,"comment_status":"closed","ping_status":"closed","sticky":false,"template":"","format":"standard","meta":{"_exactmetrics_skip_tracking":false,"_exactmetrics_sitenote_active":false,"_exactmetrics_sitenote_note":"","_exactmetrics_sitenote_category":0,"footnotes":""},"categories":[6,9],"tags":[],"yoast_head":"<!-- This site is optimized with the Yoast SEO plugin v22.0 - https:\/\/yoast.com\/wordpress\/plugins\/seo\/ -->\n<title>Governador Jo\u00e3o Azev\u00eado prestigia solenidade de formatura de novos soldados da Pol\u00edcia Militar e do Corpo de Bombeiros em Jo\u00e3o Pessoa - Pol\u00edcia Militar da Para\u00edba<\/title>\n<meta name=\"robots\" content=\"index, follow, max-snippet:-1, max-image-preview:large, max-video-preview:-1\" \/>\n<link rel=\"canonical\" href=\"https:\/\/www.pm.pb.gov.br\/portal\/2021\/07\/01\/joao-azevedo-prestigia-solenidade-de-formatura-de-novos-soldados-da-policia-militar-e-do-corpo-de-bombeiros-em-joao-pessoa\/\" \/>\n<meta property=\"og:locale\" content=\"pt_BR\" \/>\n<meta property=\"og:type\" content=\"article\" \/>\n<meta property=\"og:title\" content=\"Governador Jo\u00e3o Azev\u00eado prestigia solenidade de formatura de novos soldados da Pol\u00edcia Militar e do Corpo de Bombeiros em Jo\u00e3o Pessoa - Pol\u00edcia Militar da Para\u00edba\" \/>\n<meta property=\"og:description\" content=\"O governador Jo\u00e3o Azev\u00eado participou, nesta quinta-feira (1\u00ba), no Centro de Conven\u00e7\u00f5es de Jo\u00e3o Pessoa, da solenidade de conclus\u00e3o do\" \/>\n<meta property=\"og:url\" content=\"https:\/\/www.pm.pb.gov.br\/portal\/2021\/07\/01\/joao-azevedo-prestigia-solenidade-de-formatura-de-novos-soldados-da-policia-militar-e-do-corpo-de-bombeiros-em-joao-pessoa\/\" \/>\n<meta property=\"og:site_name\" content=\"Pol\u00edcia Militar da Para\u00edba\" \/>\n<meta property=\"article:published_time\" content=\"2021-07-01T19:10:00+00:00\" \/>\n<meta property=\"article:modified_time\" content=\"2021-07-01T23:40:49+00:00\" \/>\n<meta property=\"og:image\" content=\"https:\/\/www.pm.pb.gov.br\/portal\/wp-content\/uploads\/2021\/07\/1.jpg\" \/>\n\t<meta property=\"og:image:width\" content=\"800\" \/>\n\t<meta property=\"og:image:height\" content=\"445\" \/>\n\t<meta property=\"og:image:type\" content=\"image\/jpeg\" \/>\n<meta name=\"author\" content=\"Tarcisio Oliveira\" \/>\n<meta name=\"twitter:card\" content=\"summary_large_image\" \/>\n<meta name=\"twitter:label1\" content=\"Escrito por\" \/>\n\t<meta name=\"twitter:data1\" content=\"Tarcisio Oliveira\" \/>\n\t<meta name=\"twitter:label2\" content=\"Est. tempo de leitura\" \/>\n\t<meta name=\"twitter:data2\" content=\"5 minutos\" \/>\n<script type=\"application\/ld+json\" class=\"yoast-schema-graph\">{\"@context\":\"https:\/\/schema.org\",\"@graph\":[{\"@type\":\"Article\",\"@id\":\"https:\/\/www.pm.pb.gov.br\/portal\/2021\/07\/01\/joao-azevedo-prestigia-solenidade-de-formatura-de-novos-soldados-da-policia-militar-e-do-corpo-de-bombeiros-em-joao-pessoa\/#article\",\"isPartOf\":{\"@id\":\"https:\/\/www.pm.pb.gov.br\/portal\/2021\/07\/01\/joao-azevedo-prestigia-solenidade-de-formatura-de-novos-soldados-da-policia-militar-e-do-corpo-de-bombeiros-em-joao-pessoa\/\"},\"author\":{\"name\":\"Tarcisio Oliveira\",\"@id\":\"https:\/\/www.pm.pb.gov.br\/portal\/#\/schema\/person\/f84f56dcc78ce4357054da888b8247fd\"},\"headline\":\"Governador Jo\u00e3o Azev\u00eado prestigia solenidade de formatura de novos soldados da Pol\u00edcia Militar e do Corpo de Bombeiros em Jo\u00e3o Pessoa\",\"datePublished\":\"2021-07-01T19:10:00+00:00\",\"dateModified\":\"2021-07-01T23:40:49+00:00\",\"mainEntityOfPage\":{\"@id\":\"https:\/\/www.pm.pb.gov.br\/portal\/2021\/07\/01\/joao-azevedo-prestigia-solenidade-de-formatura-de-novos-soldados-da-policia-militar-e-do-corpo-de-bombeiros-em-joao-pessoa\/\"},\"wordCount\":967,\"publisher\":{\"@id\":\"https:\/\/www.pm.pb.gov.br\/portal\/#organization\"},\"articleSection\":[\"Cursos\",\"Eventos\"],\"inLanguage\":\"pt-BR\"},{\"@type\":\"WebPage\",\"@id\":\"https:\/\/www.pm.pb.gov.br\/portal\/2021\/07\/01\/joao-azevedo-prestigia-solenidade-de-formatura-de-novos-soldados-da-policia-militar-e-do-corpo-de-bombeiros-em-joao-pessoa\/\",\"url\":\"https:\/\/www.pm.pb.gov.br\/portal\/2021\/07\/01\/joao-azevedo-prestigia-solenidade-de-formatura-de-novos-soldados-da-policia-militar-e-do-corpo-de-bombeiros-em-joao-pessoa\/\",\"name\":\"Governador Jo\u00e3o Azev\u00eado prestigia solenidade de formatura de novos soldados da Pol\u00edcia Militar e do Corpo de Bombeiros em Jo\u00e3o Pessoa - Pol\u00edcia Militar da Para\u00edba\",\"isPartOf\":{\"@id\":\"https:\/\/www.pm.pb.gov.br\/portal\/#website\"},\"datePublished\":\"2021-07-01T19:10:00+00:00\",\"dateModified\":\"2021-07-01T23:40:49+00:00\",\"breadcrumb\":{\"@id\":\"https:\/\/www.pm.pb.gov.br\/portal\/2021\/07\/01\/joao-azevedo-prestigia-solenidade-de-formatura-de-novos-soldados-da-policia-militar-e-do-corpo-de-bombeiros-em-joao-pessoa\/#breadcrumb\"},\"inLanguage\":\"pt-BR\",\"potentialAction\":[{\"@type\":\"ReadAction\",\"target\":[\"https:\/\/www.pm.pb.gov.br\/portal\/2021\/07\/01\/joao-azevedo-prestigia-solenidade-de-formatura-de-novos-soldados-da-policia-militar-e-do-corpo-de-bombeiros-em-joao-pessoa\/\"]}]},{\"@type\":\"BreadcrumbList\",\"@id\":\"https:\/\/www.pm.pb.gov.br\/portal\/2021\/07\/01\/joao-azevedo-prestigia-solenidade-de-formatura-de-novos-soldados-da-policia-militar-e-do-corpo-de-bombeiros-em-joao-pessoa\/#breadcrumb\",\"itemListElement\":[{\"@type\":\"ListItem\",\"position\":1,\"name\":\"In\u00edcio\",\"item\":\"https:\/\/www.pm.pb.gov.br\/portal\/\"},{\"@type\":\"ListItem\",\"position\":2,\"name\":\"Governador Jo\u00e3o Azev\u00eado prestigia solenidade de formatura de novos soldados da Pol\u00edcia Militar e do Corpo de Bombeiros em Jo\u00e3o Pessoa\"}]},{\"@type\":\"WebSite\",\"@id\":\"https:\/\/www.pm.pb.gov.br\/portal\/#website\",\"url\":\"https:\/\/www.pm.pb.gov.br\/portal\/\",\"name\":\"Pol\u00edcia Militar da Para\u00edba\",\"description\":\"\",\"publisher\":{\"@id\":\"https:\/\/www.pm.pb.gov.br\/portal\/#organization\"},\"potentialAction\":[{\"@type\":\"SearchAction\",\"target\":{\"@type\":\"EntryPoint\",\"urlTemplate\":\"https:\/\/www.pm.pb.gov.br\/portal\/?s={search_term_string}\"},\"query-input\":\"required name=search_term_string\"}],\"inLanguage\":\"pt-BR\"},{\"@type\":\"Organization\",\"@id\":\"https:\/\/www.pm.pb.gov.br\/portal\/#organization\",\"name\":\"Pol\u00edcia Militar da Para\u00edba\",\"url\":\"https:\/\/www.pm.pb.gov.br\/portal\/\",\"logo\":{\"@type\":\"ImageObject\",\"inLanguage\":\"pt-BR\",\"@id\":\"https:\/\/www.pm.pb.gov.br\/portal\/#\/schema\/logo\/image\/\",\"url\":\"https:\/\/www.pm.pb.gov.br\/portal\/wp-content\/uploads\/2025\/03\/cropped-logo-site-mag2-1.png\",\"contentUrl\":\"https:\/\/www.pm.pb.gov.br\/portal\/wp-content\/uploads\/2025\/03\/cropped-logo-site-mag2-1.png\",\"width\":320,\"height\":90,\"caption\":\"Pol\u00edcia Militar da Para\u00edba\"},\"image\":{\"@id\":\"https:\/\/www.pm.pb.gov.br\/portal\/#\/schema\/logo\/image\/\"}},{\"@type\":\"Person\",\"@id\":\"https:\/\/www.pm.pb.gov.br\/portal\/#\/schema\/person\/f84f56dcc78ce4357054da888b8247fd\",\"name\":\"Tarcisio Oliveira\",\"image\":{\"@type\":\"ImageObject\",\"inLanguage\":\"pt-BR\",\"@id\":\"https:\/\/www.pm.pb.gov.br\/portal\/#\/schema\/person\/image\/\",\"url\":\"https:\/\/secure.gravatar.com\/avatar\/72917b630b69d31cd0297507f34bac97?s=96&d=mm&r=g\",\"contentUrl\":\"https:\/\/secure.gravatar.com\/avatar\/72917b630b69d31cd0297507f34bac97?s=96&d=mm&r=g\",\"caption\":\"Tarcisio Oliveira\"},\"url\":\"https:\/\/www.pm.pb.gov.br\/portal\/author\/tarcisio\/\"}]}<\/script>\n<!-- \/ Yoast SEO plugin. -->","yoast_head_json":{"title":"Governador Jo\u00e3o Azev\u00eado prestigia solenidade de formatura de novos soldados da Pol\u00edcia Militar e do Corpo de Bombeiros em Jo\u00e3o Pessoa - Pol\u00edcia Militar da Para\u00edba","robots":{"index":"index","follow":"follow","max-snippet":"max-snippet:-1","max-image-preview":"max-image-preview:large","max-video-preview":"max-video-preview:-1"},"canonical":"https:\/\/www.pm.pb.gov.br\/portal\/2021\/07\/01\/joao-azevedo-prestigia-solenidade-de-formatura-de-novos-soldados-da-policia-militar-e-do-corpo-de-bombeiros-em-joao-pessoa\/","og_locale":"pt_BR","og_type":"article","og_title":"Governador Jo\u00e3o Azev\u00eado prestigia solenidade de formatura de novos soldados da Pol\u00edcia Militar e do Corpo de Bombeiros em Jo\u00e3o Pessoa - Pol\u00edcia Militar da Para\u00edba","og_description":"O governador Jo\u00e3o Azev\u00eado participou, nesta quinta-feira (1\u00ba), no Centro de Conven\u00e7\u00f5es de Jo\u00e3o Pessoa, da solenidade de conclus\u00e3o do","og_url":"https:\/\/www.pm.pb.gov.br\/portal\/2021\/07\/01\/joao-azevedo-prestigia-solenidade-de-formatura-de-novos-soldados-da-policia-militar-e-do-corpo-de-bombeiros-em-joao-pessoa\/","og_site_name":"Pol\u00edcia Militar da Para\u00edba","article_published_time":"2021-07-01T19:10:00+00:00","article_modified_time":"2021-07-01T23:40:49+00:00","og_image":[{"width":800,"height":445,"url":"https:\/\/www.pm.pb.gov.br\/portal\/wp-content\/uploads\/2021\/07\/1.jpg","type":"image\/jpeg"}],"author":"Tarcisio Oliveira","twitter_card":"summary_large_image","twitter_misc":{"Escrito por":"Tarcisio Oliveira","Est. tempo de leitura":"5 minutos"},"schema":{"@context":"https:\/\/schema.org","@graph":[{"@type":"Article","@id":"https:\/\/www.pm.pb.gov.br\/portal\/2021\/07\/01\/joao-azevedo-prestigia-solenidade-de-formatura-de-novos-soldados-da-policia-militar-e-do-corpo-de-bombeiros-em-joao-pessoa\/#article","isPartOf":{"@id":"https:\/\/www.pm.pb.gov.br\/portal\/2021\/07\/01\/joao-azevedo-prestigia-solenidade-de-formatura-de-novos-soldados-da-policia-militar-e-do-corpo-de-bombeiros-em-joao-pessoa\/"},"author":{"name":"Tarcisio Oliveira","@id":"https:\/\/www.pm.pb.gov.br\/portal\/#\/schema\/person\/f84f56dcc78ce4357054da888b8247fd"},"headline":"Governador Jo\u00e3o Azev\u00eado prestigia solenidade de formatura de novos soldados da Pol\u00edcia Militar e do Corpo de Bombeiros em Jo\u00e3o Pessoa","datePublished":"2021-07-01T19:10:00+00:00","dateModified":"2021-07-01T23:40:49+00:00","mainEntityOfPage":{"@id":"https:\/\/www.pm.pb.gov.br\/portal\/2021\/07\/01\/joao-azevedo-prestigia-solenidade-de-formatura-de-novos-soldados-da-policia-militar-e-do-corpo-de-bombeiros-em-joao-pessoa\/"},"wordCount":967,"publisher":{"@id":"https:\/\/www.pm.pb.gov.br\/portal\/#organization"},"articleSection":["Cursos","Eventos"],"inLanguage":"pt-BR"},{"@type":"WebPage","@id":"https:\/\/www.pm.pb.gov.br\/portal\/2021\/07\/01\/joao-azevedo-prestigia-solenidade-de-formatura-de-novos-soldados-da-policia-militar-e-do-corpo-de-bombeiros-em-joao-pessoa\/","url":"https:\/\/www.pm.pb.gov.br\/portal\/2021\/07\/01\/joao-azevedo-prestigia-solenidade-de-formatura-de-novos-soldados-da-policia-militar-e-do-corpo-de-bombeiros-em-joao-pessoa\/","name":"Governador Jo\u00e3o Azev\u00eado prestigia solenidade de formatura de novos soldados da Pol\u00edcia Militar e do Corpo de Bombeiros em Jo\u00e3o Pessoa - Pol\u00edcia Militar da Para\u00edba","isPartOf":{"@id":"https:\/\/www.pm.pb.gov.br\/portal\/#website"},"datePublished":"2021-07-01T19:10:00+00:00","dateModified":"2021-07-01T23:40:49+00:00","breadcrumb":{"@id":"https:\/\/www.pm.pb.gov.br\/portal\/2021\/07\/01\/joao-azevedo-prestigia-solenidade-de-formatura-de-novos-soldados-da-policia-militar-e-do-corpo-de-bombeiros-em-joao-pessoa\/#breadcrumb"},"inLanguage":"pt-BR","potentialAction":[{"@type":"ReadAction","target":["https:\/\/www.pm.pb.gov.br\/portal\/2021\/07\/01\/joao-azevedo-prestigia-solenidade-de-formatura-de-novos-soldados-da-policia-militar-e-do-corpo-de-bombeiros-em-joao-pessoa\/"]}]},{"@type":"BreadcrumbList","@id":"https:\/\/www.pm.pb.gov.br\/portal\/2021\/07\/01\/joao-azevedo-prestigia-solenidade-de-formatura-de-novos-soldados-da-policia-militar-e-do-corpo-de-bombeiros-em-joao-pessoa\/#breadcrumb","itemListElement":[{"@type":"ListItem","position":1,"name":"In\u00edcio","item":"https:\/\/www.pm.pb.gov.br\/portal\/"},{"@type":"ListItem","position":2,"name":"Governador Jo\u00e3o Azev\u00eado prestigia solenidade de formatura de novos soldados da Pol\u00edcia Militar e do Corpo de Bombeiros em Jo\u00e3o Pessoa"}]},{"@type":"WebSite","@id":"https:\/\/www.pm.pb.gov.br\/portal\/#website","url":"https:\/\/www.pm.pb.gov.br\/portal\/","name":"Pol\u00edcia Militar da Para\u00edba","description":"","publisher":{"@id":"https:\/\/www.pm.pb.gov.br\/portal\/#organization"},"potentialAction":[{"@type":"SearchAction","target":{"@type":"EntryPoint","urlTemplate":"https:\/\/www.pm.pb.gov.br\/portal\/?s={search_term_string}"},"query-input":"required name=search_term_string"}],"inLanguage":"pt-BR"},{"@type":"Organization","@id":"https:\/\/www.pm.pb.gov.br\/portal\/#organization","name":"Pol\u00edcia Militar da Para\u00edba","url":"https:\/\/www.pm.pb.gov.br\/portal\/","logo":{"@type":"ImageObject","inLanguage":"pt-BR","@id":"https:\/\/www.pm.pb.gov.br\/portal\/#\/schema\/logo\/image\/","url":"https:\/\/www.pm.pb.gov.br\/portal\/wp-content\/uploads\/2025\/03\/cropped-logo-site-mag2-1.png","contentUrl":"https:\/\/www.pm.pb.gov.br\/portal\/wp-content\/uploads\/2025\/03\/cropped-logo-site-mag2-1.png","width":320,"height":90,"caption":"Pol\u00edcia Militar da Para\u00edba"},"image":{"@id":"https:\/\/www.pm.pb.gov.br\/portal\/#\/schema\/logo\/image\/"}},{"@type":"Person","@id":"https:\/\/www.pm.pb.gov.br\/portal\/#\/schema\/person\/f84f56dcc78ce4357054da888b8247fd","name":"Tarcisio Oliveira","image":{"@type":"ImageObject","inLanguage":"pt-BR","@id":"https:\/\/www.pm.pb.gov.br\/portal\/#\/schema\/person\/image\/","url":"https:\/\/secure.gravatar.com\/avatar\/72917b630b69d31cd0297507f34bac97?s=96&d=mm&r=g","contentUrl":"https:\/\/secure.gravatar.com\/avatar\/72917b630b69d31cd0297507f34bac97?s=96&d=mm&r=g","caption":"Tarcisio Oliveira"},"url":"https:\/\/www.pm.pb.gov.br\/portal\/author\/tarcisio\/"}]}},"_links":{"self":[{"href":"https:\/\/www.pm.pb.gov.br\/portal\/wp-json\/wp\/v2\/posts\/911536"}],"collection":[{"href":"https:\/\/www.pm.pb.gov.br\/portal\/wp-json\/wp\/v2\/posts"}],"about":[{"href":"https:\/\/www.pm.pb.gov.br\/portal\/wp-json\/wp\/v2\/types\/post"}],"author":[{"embeddable":true,"href":"https:\/\/www.pm.pb.gov.br\/portal\/wp-json\/wp\/v2\/users\/12"}],"replies":[{"embeddable":true,"href":"https:\/\/www.pm.pb.gov.br\/portal\/wp-json\/wp\/v2\/comments?post=911536"}],"version-history":[{"count":3,"href":"https:\/\/www.pm.pb.gov.br\/portal\/wp-json\/wp\/v2\/posts\/911536\/revisions"}],"predecessor-version":[{"id":911546,"href":"https:\/\/www.pm.pb.gov.br\/portal\/wp-json\/wp\/v2\/posts\/911536\/revisions\/911546"}],"wp:featuredmedia":[{"embeddable":true,"href":"https:\/\/www.pm.pb.gov.br\/portal\/wp-json\/wp\/v2\/media\/911540"}],"wp:attachment":[{"href":"https:\/\/www.pm.pb.gov.br\/portal\/wp-json\/wp\/v2\/media?parent=911536"}],"wp:term":[{"taxonomy":"category","embeddable":true,"href":"https:\/\/www.pm.pb.gov.br\/portal\/wp-json\/wp\/v2\/categories?post=911536"},{"taxonomy":"post_tag","embeddable":true,"href":"https:\/\/www.pm.pb.gov.br\/portal\/wp-json\/wp\/v2\/tags?post=911536"}],"curies":[{"name":"wp","href":"https:\/\/api.w.org\/{rel}","templated":true}]}}