{"id":911141,"date":"2021-06-09T11:04:10","date_gmt":"2021-06-09T14:04:10","guid":{"rendered":"https:\/\/www.pm.pb.gov.br\/portal\/?p=911141"},"modified":"2021-06-09T11:04:12","modified_gmt":"2021-06-09T14:04:12","slug":"integrante-de-quadrilha-responsavel-por-roubos-de-veiculos-e-preso-apos-perseguicao-na-praia-de-jacuma","status":"publish","type":"post","link":"https:\/\/www.pm.pb.gov.br\/portal\/2021\/06\/09\/integrante-de-quadrilha-responsavel-por-roubos-de-veiculos-e-preso-apos-perseguicao-na-praia-de-jacuma\/","title":{"rendered":"Integrante de quadrilha respons\u00e1vel por roubos de ve\u00edculos \u00e9 preso ap\u00f3s persegui\u00e7\u00e3o na praia de Jacum\u00e3"},"content":{"rendered":"\n<p>A Pol\u00edcia Militar prendeu um dos integrantes da quadrilha que estaria praticando roubos de carros e motos na regi\u00e3o metropolitana de Jo\u00e3o Pessoa e Litoral Sul do Estado, nos \u00faltimos dias. A pris\u00e3o do acusado, que tem 25 anos, aconteceu nessa ter\u00e7a-feira (8), ap\u00f3s uma persegui\u00e7\u00e3o que come\u00e7ou em Pitimbu e s\u00f3 terminou em Jacum\u00e3, na cidade do Conde. O preso j\u00e1 tinha passagem pela pol\u00edcia pelo mesmo crime: roubo de ve\u00edculos.<br><br>Antes de ser preso, o suspeito e mais dois comparsas roubaram uma moto na praia de Pitimbu. Enquanto os outros acusados fugiram na motocicleta, o suspeito seguiu em dire\u00e7\u00e3o a Jacum\u00e3 e no trajeto come\u00e7ou a persegui\u00e7\u00e3o policial.<br><br>Equipes da 1\u00aa Companhia de Pol\u00edcia Rodovi\u00e1ria e da 1\u00aa Companhia Independente da PM conseguiram interceptar o carro com o acusado em Jacum\u00e3, ap\u00f3s ele perder o controle e bater em um poste e em um ve\u00edculo estacionado. Com ele, foi apreendido um rev\u00f3lver. O carro usado pelo preso tinha sido tomado por assalto na noite da \u00faltima segunda-feira (7), quando uma mulher estava chegando em casa, no bairro de Mu\u00e7umagro, zona sul de Jo\u00e3o Pessoa.<br><br>Ele foi apresentado na Delegacia de Pol\u00edcia, em Alhandra. Os outros integrantes da quadrilha seguem sendo procurados.<br><br><img loading=\"lazy\" decoding=\"async\" width=\"955\" height=\"770\" class=\"wp-image-911151\" style=\"width: 800px;\" src=\"http:\/\/www.pm.pb.gov.br\/portal\/wp-content\/uploads\/2021\/06\/738995dc-4ac6-44eb-99f0-49ba8560e0a6.jpg\" alt=\"\" srcset=\"https:\/\/www.pm.pb.gov.br\/portal\/wp-content\/uploads\/2021\/06\/738995dc-4ac6-44eb-99f0-49ba8560e0a6.jpg 955w, https:\/\/www.pm.pb.gov.br\/portal\/wp-content\/uploads\/2021\/06\/738995dc-4ac6-44eb-99f0-49ba8560e0a6-552x445.jpg 552w, https:\/\/www.pm.pb.gov.br\/portal\/wp-content\/uploads\/2021\/06\/738995dc-4ac6-44eb-99f0-49ba8560e0a6-707x570.jpg 707w, https:\/\/www.pm.pb.gov.br\/portal\/wp-content\/uploads\/2021\/06\/738995dc-4ac6-44eb-99f0-49ba8560e0a6-768x619.jpg 768w\" sizes=\"(max-width: 955px) 100vw, 955px\" \/><br> <br><br><\/p>\n","protected":false},"excerpt":{"rendered":"<p>A Pol\u00edcia Militar prendeu um dos integrantes da quadrilha que estaria praticando roubos de carros e motos na regi\u00e3o metropolitana<\/p>\n","protected":false},"author":5,"featured_media":911149,"comment_status":"closed","ping_status":"closed","sticky":false,"template":"","format":"standard","meta":{"_exactmetrics_skip_tracking":false,"_exactmetrics_sitenote_active":false,"_exactmetrics_sitenote_note":"","_exactmetrics_sitenote_category":0,"footnotes":""},"categories":[4],"tags":[],"yoast_head":"<!-- This site is optimized with the Yoast SEO plugin v22.0 - https:\/\/yoast.com\/wordpress\/plugins\/seo\/ -->\n<title>Integrante de quadrilha respons\u00e1vel por roubos de ve\u00edculos \u00e9 preso ap\u00f3s persegui\u00e7\u00e3o na praia de Jacum\u00e3 - Pol\u00edcia Militar da Para\u00edba<\/title>\n<meta name=\"robots\" content=\"index, follow, max-snippet:-1, max-image-preview:large, max-video-preview:-1\" \/>\n<link rel=\"canonical\" href=\"https:\/\/www.pm.pb.gov.br\/portal\/2021\/06\/09\/integrante-de-quadrilha-responsavel-por-roubos-de-veiculos-e-preso-apos-perseguicao-na-praia-de-jacuma\/\" \/>\n<meta property=\"og:locale\" content=\"pt_BR\" \/>\n<meta property=\"og:type\" content=\"article\" \/>\n<meta property=\"og:title\" content=\"Integrante de quadrilha respons\u00e1vel por roubos de ve\u00edculos \u00e9 preso ap\u00f3s persegui\u00e7\u00e3o na praia de Jacum\u00e3 - Pol\u00edcia Militar da Para\u00edba\" \/>\n<meta property=\"og:description\" content=\"A Pol\u00edcia Militar prendeu um dos integrantes da quadrilha que estaria praticando roubos de carros e motos na regi\u00e3o metropolitana\" \/>\n<meta property=\"og:url\" content=\"https:\/\/www.pm.pb.gov.br\/portal\/2021\/06\/09\/integrante-de-quadrilha-responsavel-por-roubos-de-veiculos-e-preso-apos-perseguicao-na-praia-de-jacuma\/\" \/>\n<meta property=\"og:site_name\" content=\"Pol\u00edcia Militar da Para\u00edba\" \/>\n<meta property=\"article:published_time\" content=\"2021-06-09T14:04:10+00:00\" \/>\n<meta property=\"article:modified_time\" content=\"2021-06-09T14:04:12+00:00\" \/>\n<meta property=\"og:image\" content=\"https:\/\/www.pm.pb.gov.br\/portal\/wp-content\/uploads\/2021\/06\/3980c92d-c772-4276-b7e5-ab79faac033f.jpg\" \/>\n\t<meta property=\"og:image:width\" content=\"444\" \/>\n\t<meta property=\"og:image:height\" content=\"248\" \/>\n\t<meta property=\"og:image:type\" content=\"image\/jpeg\" \/>\n<meta name=\"author\" content=\"Assessoria de Imprensa da PMPB\" \/>\n<meta name=\"twitter:card\" content=\"summary_large_image\" \/>\n<meta name=\"twitter:label1\" content=\"Escrito por\" \/>\n\t<meta name=\"twitter:data1\" content=\"Assessoria de Imprensa da PMPB\" \/>\n\t<meta name=\"twitter:label2\" content=\"Est. tempo de leitura\" \/>\n\t<meta name=\"twitter:data2\" content=\"1 minuto\" \/>\n<script type=\"application\/ld+json\" class=\"yoast-schema-graph\">{\"@context\":\"https:\/\/schema.org\",\"@graph\":[{\"@type\":\"Article\",\"@id\":\"https:\/\/www.pm.pb.gov.br\/portal\/2021\/06\/09\/integrante-de-quadrilha-responsavel-por-roubos-de-veiculos-e-preso-apos-perseguicao-na-praia-de-jacuma\/#article\",\"isPartOf\":{\"@id\":\"https:\/\/www.pm.pb.gov.br\/portal\/2021\/06\/09\/integrante-de-quadrilha-responsavel-por-roubos-de-veiculos-e-preso-apos-perseguicao-na-praia-de-jacuma\/\"},\"author\":{\"name\":\"Assessoria de Imprensa da PMPB\",\"@id\":\"https:\/\/www.pm.pb.gov.br\/portal\/#\/schema\/person\/e8454f46651c3ecf0e1ba3c1666d9947\"},\"headline\":\"Integrante de quadrilha respons\u00e1vel por roubos de ve\u00edculos \u00e9 preso ap\u00f3s persegui\u00e7\u00e3o na praia de Jacum\u00e3\",\"datePublished\":\"2021-06-09T14:04:10+00:00\",\"dateModified\":\"2021-06-09T14:04:12+00:00\",\"mainEntityOfPage\":{\"@id\":\"https:\/\/www.pm.pb.gov.br\/portal\/2021\/06\/09\/integrante-de-quadrilha-responsavel-por-roubos-de-veiculos-e-preso-apos-perseguicao-na-praia-de-jacuma\/\"},\"wordCount\":238,\"publisher\":{\"@id\":\"https:\/\/www.pm.pb.gov.br\/portal\/#organization\"},\"articleSection\":[\"A\u00e7\u00f5es Policiais\"],\"inLanguage\":\"pt-BR\"},{\"@type\":\"WebPage\",\"@id\":\"https:\/\/www.pm.pb.gov.br\/portal\/2021\/06\/09\/integrante-de-quadrilha-responsavel-por-roubos-de-veiculos-e-preso-apos-perseguicao-na-praia-de-jacuma\/\",\"url\":\"https:\/\/www.pm.pb.gov.br\/portal\/2021\/06\/09\/integrante-de-quadrilha-responsavel-por-roubos-de-veiculos-e-preso-apos-perseguicao-na-praia-de-jacuma\/\",\"name\":\"Integrante de quadrilha respons\u00e1vel por roubos de ve\u00edculos \u00e9 preso ap\u00f3s persegui\u00e7\u00e3o na praia de Jacum\u00e3 - Pol\u00edcia Militar da Para\u00edba\",\"isPartOf\":{\"@id\":\"https:\/\/www.pm.pb.gov.br\/portal\/#website\"},\"datePublished\":\"2021-06-09T14:04:10+00:00\",\"dateModified\":\"2021-06-09T14:04:12+00:00\",\"breadcrumb\":{\"@id\":\"https:\/\/www.pm.pb.gov.br\/portal\/2021\/06\/09\/integrante-de-quadrilha-responsavel-por-roubos-de-veiculos-e-preso-apos-perseguicao-na-praia-de-jacuma\/#breadcrumb\"},\"inLanguage\":\"pt-BR\",\"potentialAction\":[{\"@type\":\"ReadAction\",\"target\":[\"https:\/\/www.pm.pb.gov.br\/portal\/2021\/06\/09\/integrante-de-quadrilha-responsavel-por-roubos-de-veiculos-e-preso-apos-perseguicao-na-praia-de-jacuma\/\"]}]},{\"@type\":\"BreadcrumbList\",\"@id\":\"https:\/\/www.pm.pb.gov.br\/portal\/2021\/06\/09\/integrante-de-quadrilha-responsavel-por-roubos-de-veiculos-e-preso-apos-perseguicao-na-praia-de-jacuma\/#breadcrumb\",\"itemListElement\":[{\"@type\":\"ListItem\",\"position\":1,\"name\":\"In\u00edcio\",\"item\":\"https:\/\/www.pm.pb.gov.br\/portal\/\"},{\"@type\":\"ListItem\",\"position\":2,\"name\":\"Integrante de quadrilha respons\u00e1vel por roubos de ve\u00edculos \u00e9 preso ap\u00f3s persegui\u00e7\u00e3o na praia de Jacum\u00e3\"}]},{\"@type\":\"WebSite\",\"@id\":\"https:\/\/www.pm.pb.gov.br\/portal\/#website\",\"url\":\"https:\/\/www.pm.pb.gov.br\/portal\/\",\"name\":\"Pol\u00edcia Militar da Para\u00edba\",\"description\":\"\",\"publisher\":{\"@id\":\"https:\/\/www.pm.pb.gov.br\/portal\/#organization\"},\"potentialAction\":[{\"@type\":\"SearchAction\",\"target\":{\"@type\":\"EntryPoint\",\"urlTemplate\":\"https:\/\/www.pm.pb.gov.br\/portal\/?s={search_term_string}\"},\"query-input\":\"required name=search_term_string\"}],\"inLanguage\":\"pt-BR\"},{\"@type\":\"Organization\",\"@id\":\"https:\/\/www.pm.pb.gov.br\/portal\/#organization\",\"name\":\"Pol\u00edcia Militar da Para\u00edba\",\"url\":\"https:\/\/www.pm.pb.gov.br\/portal\/\",\"logo\":{\"@type\":\"ImageObject\",\"inLanguage\":\"pt-BR\",\"@id\":\"https:\/\/www.pm.pb.gov.br\/portal\/#\/schema\/logo\/image\/\",\"url\":\"https:\/\/www.pm.pb.gov.br\/portal\/wp-content\/uploads\/2025\/03\/cropped-logo-site-mag2-1.png\",\"contentUrl\":\"https:\/\/www.pm.pb.gov.br\/portal\/wp-content\/uploads\/2025\/03\/cropped-logo-site-mag2-1.png\",\"width\":320,\"height\":90,\"caption\":\"Pol\u00edcia Militar da Para\u00edba\"},\"image\":{\"@id\":\"https:\/\/www.pm.pb.gov.br\/portal\/#\/schema\/logo\/image\/\"}},{\"@type\":\"Person\",\"@id\":\"https:\/\/www.pm.pb.gov.br\/portal\/#\/schema\/person\/e8454f46651c3ecf0e1ba3c1666d9947\",\"name\":\"Assessoria de Imprensa da PMPB\",\"image\":{\"@type\":\"ImageObject\",\"inLanguage\":\"pt-BR\",\"@id\":\"https:\/\/www.pm.pb.gov.br\/portal\/#\/schema\/person\/image\/\",\"url\":\"https:\/\/secure.gravatar.com\/avatar\/2efe197438265d1e90bd98c4c8e1acf8?s=96&d=mm&r=g\",\"contentUrl\":\"https:\/\/secure.gravatar.com\/avatar\/2efe197438265d1e90bd98c4c8e1acf8?s=96&d=mm&r=g\",\"caption\":\"Assessoria de Imprensa da PMPB\"},\"url\":\"https:\/\/www.pm.pb.gov.br\/portal\/author\/assessoria\/\"}]}<\/script>\n<!-- \/ Yoast SEO plugin. -->","yoast_head_json":{"title":"Integrante de quadrilha respons\u00e1vel por roubos de ve\u00edculos \u00e9 preso ap\u00f3s persegui\u00e7\u00e3o na praia de Jacum\u00e3 - Pol\u00edcia Militar da Para\u00edba","robots":{"index":"index","follow":"follow","max-snippet":"max-snippet:-1","max-image-preview":"max-image-preview:large","max-video-preview":"max-video-preview:-1"},"canonical":"https:\/\/www.pm.pb.gov.br\/portal\/2021\/06\/09\/integrante-de-quadrilha-responsavel-por-roubos-de-veiculos-e-preso-apos-perseguicao-na-praia-de-jacuma\/","og_locale":"pt_BR","og_type":"article","og_title":"Integrante de quadrilha respons\u00e1vel por roubos de ve\u00edculos \u00e9 preso ap\u00f3s persegui\u00e7\u00e3o na praia de Jacum\u00e3 - Pol\u00edcia Militar da Para\u00edba","og_description":"A Pol\u00edcia Militar prendeu um dos integrantes da quadrilha que estaria praticando roubos de carros e motos na regi\u00e3o metropolitana","og_url":"https:\/\/www.pm.pb.gov.br\/portal\/2021\/06\/09\/integrante-de-quadrilha-responsavel-por-roubos-de-veiculos-e-preso-apos-perseguicao-na-praia-de-jacuma\/","og_site_name":"Pol\u00edcia Militar da Para\u00edba","article_published_time":"2021-06-09T14:04:10+00:00","article_modified_time":"2021-06-09T14:04:12+00:00","og_image":[{"width":444,"height":248,"url":"https:\/\/www.pm.pb.gov.br\/portal\/wp-content\/uploads\/2021\/06\/3980c92d-c772-4276-b7e5-ab79faac033f.jpg","type":"image\/jpeg"}],"author":"Assessoria de Imprensa da PMPB","twitter_card":"summary_large_image","twitter_misc":{"Escrito por":"Assessoria de Imprensa da PMPB","Est. tempo de leitura":"1 minuto"},"schema":{"@context":"https:\/\/schema.org","@graph":[{"@type":"Article","@id":"https:\/\/www.pm.pb.gov.br\/portal\/2021\/06\/09\/integrante-de-quadrilha-responsavel-por-roubos-de-veiculos-e-preso-apos-perseguicao-na-praia-de-jacuma\/#article","isPartOf":{"@id":"https:\/\/www.pm.pb.gov.br\/portal\/2021\/06\/09\/integrante-de-quadrilha-responsavel-por-roubos-de-veiculos-e-preso-apos-perseguicao-na-praia-de-jacuma\/"},"author":{"name":"Assessoria de Imprensa da PMPB","@id":"https:\/\/www.pm.pb.gov.br\/portal\/#\/schema\/person\/e8454f46651c3ecf0e1ba3c1666d9947"},"headline":"Integrante de quadrilha respons\u00e1vel por roubos de ve\u00edculos \u00e9 preso ap\u00f3s persegui\u00e7\u00e3o na praia de Jacum\u00e3","datePublished":"2021-06-09T14:04:10+00:00","dateModified":"2021-06-09T14:04:12+00:00","mainEntityOfPage":{"@id":"https:\/\/www.pm.pb.gov.br\/portal\/2021\/06\/09\/integrante-de-quadrilha-responsavel-por-roubos-de-veiculos-e-preso-apos-perseguicao-na-praia-de-jacuma\/"},"wordCount":238,"publisher":{"@id":"https:\/\/www.pm.pb.gov.br\/portal\/#organization"},"articleSection":["A\u00e7\u00f5es Policiais"],"inLanguage":"pt-BR"},{"@type":"WebPage","@id":"https:\/\/www.pm.pb.gov.br\/portal\/2021\/06\/09\/integrante-de-quadrilha-responsavel-por-roubos-de-veiculos-e-preso-apos-perseguicao-na-praia-de-jacuma\/","url":"https:\/\/www.pm.pb.gov.br\/portal\/2021\/06\/09\/integrante-de-quadrilha-responsavel-por-roubos-de-veiculos-e-preso-apos-perseguicao-na-praia-de-jacuma\/","name":"Integrante de quadrilha respons\u00e1vel por roubos de ve\u00edculos \u00e9 preso ap\u00f3s persegui\u00e7\u00e3o na praia de Jacum\u00e3 - Pol\u00edcia Militar da Para\u00edba","isPartOf":{"@id":"https:\/\/www.pm.pb.gov.br\/portal\/#website"},"datePublished":"2021-06-09T14:04:10+00:00","dateModified":"2021-06-09T14:04:12+00:00","breadcrumb":{"@id":"https:\/\/www.pm.pb.gov.br\/portal\/2021\/06\/09\/integrante-de-quadrilha-responsavel-por-roubos-de-veiculos-e-preso-apos-perseguicao-na-praia-de-jacuma\/#breadcrumb"},"inLanguage":"pt-BR","potentialAction":[{"@type":"ReadAction","target":["https:\/\/www.pm.pb.gov.br\/portal\/2021\/06\/09\/integrante-de-quadrilha-responsavel-por-roubos-de-veiculos-e-preso-apos-perseguicao-na-praia-de-jacuma\/"]}]},{"@type":"BreadcrumbList","@id":"https:\/\/www.pm.pb.gov.br\/portal\/2021\/06\/09\/integrante-de-quadrilha-responsavel-por-roubos-de-veiculos-e-preso-apos-perseguicao-na-praia-de-jacuma\/#breadcrumb","itemListElement":[{"@type":"ListItem","position":1,"name":"In\u00edcio","item":"https:\/\/www.pm.pb.gov.br\/portal\/"},{"@type":"ListItem","position":2,"name":"Integrante de quadrilha respons\u00e1vel por roubos de ve\u00edculos \u00e9 preso ap\u00f3s persegui\u00e7\u00e3o na praia de Jacum\u00e3"}]},{"@type":"WebSite","@id":"https:\/\/www.pm.pb.gov.br\/portal\/#website","url":"https:\/\/www.pm.pb.gov.br\/portal\/","name":"Pol\u00edcia Militar da Para\u00edba","description":"","publisher":{"@id":"https:\/\/www.pm.pb.gov.br\/portal\/#organization"},"potentialAction":[{"@type":"SearchAction","target":{"@type":"EntryPoint","urlTemplate":"https:\/\/www.pm.pb.gov.br\/portal\/?s={search_term_string}"},"query-input":"required name=search_term_string"}],"inLanguage":"pt-BR"},{"@type":"Organization","@id":"https:\/\/www.pm.pb.gov.br\/portal\/#organization","name":"Pol\u00edcia Militar da Para\u00edba","url":"https:\/\/www.pm.pb.gov.br\/portal\/","logo":{"@type":"ImageObject","inLanguage":"pt-BR","@id":"https:\/\/www.pm.pb.gov.br\/portal\/#\/schema\/logo\/image\/","url":"https:\/\/www.pm.pb.gov.br\/portal\/wp-content\/uploads\/2025\/03\/cropped-logo-site-mag2-1.png","contentUrl":"https:\/\/www.pm.pb.gov.br\/portal\/wp-content\/uploads\/2025\/03\/cropped-logo-site-mag2-1.png","width":320,"height":90,"caption":"Pol\u00edcia Militar da Para\u00edba"},"image":{"@id":"https:\/\/www.pm.pb.gov.br\/portal\/#\/schema\/logo\/image\/"}},{"@type":"Person","@id":"https:\/\/www.pm.pb.gov.br\/portal\/#\/schema\/person\/e8454f46651c3ecf0e1ba3c1666d9947","name":"Assessoria de Imprensa da PMPB","image":{"@type":"ImageObject","inLanguage":"pt-BR","@id":"https:\/\/www.pm.pb.gov.br\/portal\/#\/schema\/person\/image\/","url":"https:\/\/secure.gravatar.com\/avatar\/2efe197438265d1e90bd98c4c8e1acf8?s=96&d=mm&r=g","contentUrl":"https:\/\/secure.gravatar.com\/avatar\/2efe197438265d1e90bd98c4c8e1acf8?s=96&d=mm&r=g","caption":"Assessoria de Imprensa da PMPB"},"url":"https:\/\/www.pm.pb.gov.br\/portal\/author\/assessoria\/"}]}},"_links":{"self":[{"href":"https:\/\/www.pm.pb.gov.br\/portal\/wp-json\/wp\/v2\/posts\/911141"}],"collection":[{"href":"https:\/\/www.pm.pb.gov.br\/portal\/wp-json\/wp\/v2\/posts"}],"about":[{"href":"https:\/\/www.pm.pb.gov.br\/portal\/wp-json\/wp\/v2\/types\/post"}],"author":[{"embeddable":true,"href":"https:\/\/www.pm.pb.gov.br\/portal\/wp-json\/wp\/v2\/users\/5"}],"replies":[{"embeddable":true,"href":"https:\/\/www.pm.pb.gov.br\/portal\/wp-json\/wp\/v2\/comments?post=911141"}],"version-history":[{"count":2,"href":"https:\/\/www.pm.pb.gov.br\/portal\/wp-json\/wp\/v2\/posts\/911141\/revisions"}],"predecessor-version":[{"id":911152,"href":"https:\/\/www.pm.pb.gov.br\/portal\/wp-json\/wp\/v2\/posts\/911141\/revisions\/911152"}],"wp:featuredmedia":[{"embeddable":true,"href":"https:\/\/www.pm.pb.gov.br\/portal\/wp-json\/wp\/v2\/media\/911149"}],"wp:attachment":[{"href":"https:\/\/www.pm.pb.gov.br\/portal\/wp-json\/wp\/v2\/media?parent=911141"}],"wp:term":[{"taxonomy":"category","embeddable":true,"href":"https:\/\/www.pm.pb.gov.br\/portal\/wp-json\/wp\/v2\/categories?post=911141"},{"taxonomy":"post_tag","embeddable":true,"href":"https:\/\/www.pm.pb.gov.br\/portal\/wp-json\/wp\/v2\/tags?post=911141"}],"curies":[{"name":"wp","href":"https:\/\/api.w.org\/{rel}","templated":true}]}}