{"id":909891,"date":"2021-03-24T17:48:28","date_gmt":"2021-03-24T20:48:28","guid":{"rendered":"http:\/\/www.pm.pb.gov.br\/portal\/?p=909891"},"modified":"2021-03-24T17:48:29","modified_gmt":"2021-03-24T20:48:29","slug":"policia-militar-detem-dupla-suspeita-de-tentativa-de-assalto-na-zona-sul-de-joao-pessoa","status":"publish","type":"post","link":"https:\/\/www.pm.pb.gov.br\/portal\/2021\/03\/24\/policia-militar-detem-dupla-suspeita-de-tentativa-de-assalto-na-zona-sul-de-joao-pessoa\/","title":{"rendered":"Pol\u00edcia Militar det\u00e9m dupla suspeita de tentativa de assalto na zona sul de Jo\u00e3o Pessoa"},"content":{"rendered":"\n<p>Em mais uma a\u00e7\u00e3o de combate aos crimes patrimoniais, a Pol\u00edcia Militar prendeu um suspeito e apreendeu um menor que estavam tentando realizar assaltos no bairro do Ernesto Geisel, zona sul de Jo\u00e3o Pessoa (foto acima ilustrativa). A a\u00e7\u00e3o da PM aconteceu na tarde desta quarta-feira (24) resultando na apreens\u00e3o de uma arma de fogo utilizada pela dupla.<\/p>\n<p>Os dois homens foram detidos pelos policiais do 5\u00ba Batalh\u00e3o, ap\u00f3s tentarem roubar um carro de uma de suas v\u00edtimas, que reagiu atingindo a dupla com o pr\u00f3prio ve\u00edculo. Na fuga, os suspeitos foram interceptados pela PM, e com eles foi localizado um rev\u00f3lver calibre 38 e muni\u00e7\u00f5es (foto abaixo).<\/p>\n<p><img loading=\"lazy\" decoding=\"async\" class=\" wp-image-909892 aligncenter\" src=\"http:\/\/www.pm.pb.gov.br\/portal\/wp-content\/uploads\/2021\/03\/arma_apreendida-1-333x445.jpeg\" alt=\"\" width=\"323\" height=\"432\" srcset=\"https:\/\/www.pm.pb.gov.br\/portal\/wp-content\/uploads\/2021\/03\/arma_apreendida-1-333x445.jpeg 333w, https:\/\/www.pm.pb.gov.br\/portal\/wp-content\/uploads\/2021\/03\/arma_apreendida-1-427x570.jpeg 427w, https:\/\/www.pm.pb.gov.br\/portal\/wp-content\/uploads\/2021\/03\/arma_apreendida-1-768x1026.jpeg 768w, https:\/\/www.pm.pb.gov.br\/portal\/wp-content\/uploads\/2021\/03\/arma_apreendida-1.jpeg 958w\" sizes=\"(max-width: 323px) 100vw, 323px\" \/><\/p>\n<p>Segundo o comando da 3\u00aa Companhia do 5\u00ba Batalh\u00e3o, que coordenou as a\u00e7\u00f5es, o suspeito adulto preso j\u00e1 tinha passagem pelo crime de roubo.\u00a0 A dupla detida e a arma apreendida foram encaminhadas para a Central de Flagrantes para os procedimentos cab\u00edveis.<\/p>\n","protected":false},"excerpt":{"rendered":"<p>Em mais uma a\u00e7\u00e3o de combate aos crimes patrimoniais, a Pol\u00edcia Militar prendeu um suspeito e apreendeu um menor que<\/p>\n","protected":false},"author":12,"featured_media":909500,"comment_status":"closed","ping_status":"closed","sticky":false,"template":"","format":"standard","meta":{"_exactmetrics_skip_tracking":false,"_exactmetrics_sitenote_active":false,"_exactmetrics_sitenote_note":"","_exactmetrics_sitenote_category":0,"footnotes":""},"categories":[4],"tags":[],"yoast_head":"<!-- This site is optimized with the Yoast SEO plugin v22.0 - https:\/\/yoast.com\/wordpress\/plugins\/seo\/ -->\n<title>Pol\u00edcia Militar det\u00e9m dupla suspeita de tentativa de assalto na zona sul de Jo\u00e3o Pessoa - Pol\u00edcia Militar da Para\u00edba<\/title>\n<meta name=\"robots\" content=\"index, follow, max-snippet:-1, max-image-preview:large, max-video-preview:-1\" \/>\n<link rel=\"canonical\" href=\"https:\/\/www.pm.pb.gov.br\/portal\/2021\/03\/24\/policia-militar-detem-dupla-suspeita-de-tentativa-de-assalto-na-zona-sul-de-joao-pessoa\/\" \/>\n<meta property=\"og:locale\" content=\"pt_BR\" \/>\n<meta property=\"og:type\" content=\"article\" \/>\n<meta property=\"og:title\" content=\"Pol\u00edcia Militar det\u00e9m dupla suspeita de tentativa de assalto na zona sul de Jo\u00e3o Pessoa - Pol\u00edcia Militar da Para\u00edba\" \/>\n<meta property=\"og:description\" content=\"Em mais uma a\u00e7\u00e3o de combate aos crimes patrimoniais, a Pol\u00edcia Militar prendeu um suspeito e apreendeu um menor que\" \/>\n<meta property=\"og:url\" content=\"https:\/\/www.pm.pb.gov.br\/portal\/2021\/03\/24\/policia-militar-detem-dupla-suspeita-de-tentativa-de-assalto-na-zona-sul-de-joao-pessoa\/\" \/>\n<meta property=\"og:site_name\" content=\"Pol\u00edcia Militar da Para\u00edba\" \/>\n<meta property=\"article:published_time\" content=\"2021-03-24T20:48:28+00:00\" \/>\n<meta property=\"article:modified_time\" content=\"2021-03-24T20:48:29+00:00\" \/>\n<meta property=\"og:image\" content=\"https:\/\/www.pm.pb.gov.br\/portal\/wp-content\/uploads\/2021\/02\/5bpm.jpeg\" \/>\n\t<meta property=\"og:image:width\" content=\"800\" \/>\n\t<meta property=\"og:image:height\" content=\"446\" \/>\n\t<meta property=\"og:image:type\" content=\"image\/jpeg\" \/>\n<meta name=\"author\" content=\"Tarcisio Oliveira\" \/>\n<meta name=\"twitter:card\" content=\"summary_large_image\" \/>\n<meta name=\"twitter:label1\" content=\"Escrito por\" \/>\n\t<meta name=\"twitter:data1\" content=\"Tarcisio Oliveira\" \/>\n\t<meta name=\"twitter:label2\" content=\"Est. tempo de leitura\" \/>\n\t<meta name=\"twitter:data2\" content=\"1 minuto\" \/>\n<script type=\"application\/ld+json\" class=\"yoast-schema-graph\">{\"@context\":\"https:\/\/schema.org\",\"@graph\":[{\"@type\":\"Article\",\"@id\":\"https:\/\/www.pm.pb.gov.br\/portal\/2021\/03\/24\/policia-militar-detem-dupla-suspeita-de-tentativa-de-assalto-na-zona-sul-de-joao-pessoa\/#article\",\"isPartOf\":{\"@id\":\"https:\/\/www.pm.pb.gov.br\/portal\/2021\/03\/24\/policia-militar-detem-dupla-suspeita-de-tentativa-de-assalto-na-zona-sul-de-joao-pessoa\/\"},\"author\":{\"name\":\"Tarcisio Oliveira\",\"@id\":\"https:\/\/www.pm.pb.gov.br\/portal\/#\/schema\/person\/f84f56dcc78ce4357054da888b8247fd\"},\"headline\":\"Pol\u00edcia Militar det\u00e9m dupla suspeita de tentativa de assalto na zona sul de Jo\u00e3o Pessoa\",\"datePublished\":\"2021-03-24T20:48:28+00:00\",\"dateModified\":\"2021-03-24T20:48:29+00:00\",\"mainEntityOfPage\":{\"@id\":\"https:\/\/www.pm.pb.gov.br\/portal\/2021\/03\/24\/policia-militar-detem-dupla-suspeita-de-tentativa-de-assalto-na-zona-sul-de-joao-pessoa\/\"},\"wordCount\":178,\"publisher\":{\"@id\":\"https:\/\/www.pm.pb.gov.br\/portal\/#organization\"},\"articleSection\":[\"A\u00e7\u00f5es Policiais\"],\"inLanguage\":\"pt-BR\"},{\"@type\":\"WebPage\",\"@id\":\"https:\/\/www.pm.pb.gov.br\/portal\/2021\/03\/24\/policia-militar-detem-dupla-suspeita-de-tentativa-de-assalto-na-zona-sul-de-joao-pessoa\/\",\"url\":\"https:\/\/www.pm.pb.gov.br\/portal\/2021\/03\/24\/policia-militar-detem-dupla-suspeita-de-tentativa-de-assalto-na-zona-sul-de-joao-pessoa\/\",\"name\":\"Pol\u00edcia Militar det\u00e9m dupla suspeita de tentativa de assalto na zona sul de Jo\u00e3o Pessoa - Pol\u00edcia Militar da Para\u00edba\",\"isPartOf\":{\"@id\":\"https:\/\/www.pm.pb.gov.br\/portal\/#website\"},\"datePublished\":\"2021-03-24T20:48:28+00:00\",\"dateModified\":\"2021-03-24T20:48:29+00:00\",\"breadcrumb\":{\"@id\":\"https:\/\/www.pm.pb.gov.br\/portal\/2021\/03\/24\/policia-militar-detem-dupla-suspeita-de-tentativa-de-assalto-na-zona-sul-de-joao-pessoa\/#breadcrumb\"},\"inLanguage\":\"pt-BR\",\"potentialAction\":[{\"@type\":\"ReadAction\",\"target\":[\"https:\/\/www.pm.pb.gov.br\/portal\/2021\/03\/24\/policia-militar-detem-dupla-suspeita-de-tentativa-de-assalto-na-zona-sul-de-joao-pessoa\/\"]}]},{\"@type\":\"BreadcrumbList\",\"@id\":\"https:\/\/www.pm.pb.gov.br\/portal\/2021\/03\/24\/policia-militar-detem-dupla-suspeita-de-tentativa-de-assalto-na-zona-sul-de-joao-pessoa\/#breadcrumb\",\"itemListElement\":[{\"@type\":\"ListItem\",\"position\":1,\"name\":\"In\u00edcio\",\"item\":\"https:\/\/www.pm.pb.gov.br\/portal\/\"},{\"@type\":\"ListItem\",\"position\":2,\"name\":\"Pol\u00edcia Militar det\u00e9m dupla suspeita de tentativa de assalto na zona sul de Jo\u00e3o Pessoa\"}]},{\"@type\":\"WebSite\",\"@id\":\"https:\/\/www.pm.pb.gov.br\/portal\/#website\",\"url\":\"https:\/\/www.pm.pb.gov.br\/portal\/\",\"name\":\"Pol\u00edcia Militar da Para\u00edba\",\"description\":\"\",\"publisher\":{\"@id\":\"https:\/\/www.pm.pb.gov.br\/portal\/#organization\"},\"potentialAction\":[{\"@type\":\"SearchAction\",\"target\":{\"@type\":\"EntryPoint\",\"urlTemplate\":\"https:\/\/www.pm.pb.gov.br\/portal\/?s={search_term_string}\"},\"query-input\":\"required name=search_term_string\"}],\"inLanguage\":\"pt-BR\"},{\"@type\":\"Organization\",\"@id\":\"https:\/\/www.pm.pb.gov.br\/portal\/#organization\",\"name\":\"Pol\u00edcia Militar da Para\u00edba\",\"url\":\"https:\/\/www.pm.pb.gov.br\/portal\/\",\"logo\":{\"@type\":\"ImageObject\",\"inLanguage\":\"pt-BR\",\"@id\":\"https:\/\/www.pm.pb.gov.br\/portal\/#\/schema\/logo\/image\/\",\"url\":\"https:\/\/www.pm.pb.gov.br\/portal\/wp-content\/uploads\/2025\/03\/cropped-logo-site-mag2-1.png\",\"contentUrl\":\"https:\/\/www.pm.pb.gov.br\/portal\/wp-content\/uploads\/2025\/03\/cropped-logo-site-mag2-1.png\",\"width\":320,\"height\":90,\"caption\":\"Pol\u00edcia Militar da Para\u00edba\"},\"image\":{\"@id\":\"https:\/\/www.pm.pb.gov.br\/portal\/#\/schema\/logo\/image\/\"}},{\"@type\":\"Person\",\"@id\":\"https:\/\/www.pm.pb.gov.br\/portal\/#\/schema\/person\/f84f56dcc78ce4357054da888b8247fd\",\"name\":\"Tarcisio Oliveira\",\"image\":{\"@type\":\"ImageObject\",\"inLanguage\":\"pt-BR\",\"@id\":\"https:\/\/www.pm.pb.gov.br\/portal\/#\/schema\/person\/image\/\",\"url\":\"https:\/\/secure.gravatar.com\/avatar\/72917b630b69d31cd0297507f34bac97?s=96&d=mm&r=g\",\"contentUrl\":\"https:\/\/secure.gravatar.com\/avatar\/72917b630b69d31cd0297507f34bac97?s=96&d=mm&r=g\",\"caption\":\"Tarcisio Oliveira\"},\"url\":\"https:\/\/www.pm.pb.gov.br\/portal\/author\/tarcisio\/\"}]}<\/script>\n<!-- \/ Yoast SEO plugin. -->","yoast_head_json":{"title":"Pol\u00edcia Militar det\u00e9m dupla suspeita de tentativa de assalto na zona sul de Jo\u00e3o Pessoa - Pol\u00edcia Militar da Para\u00edba","robots":{"index":"index","follow":"follow","max-snippet":"max-snippet:-1","max-image-preview":"max-image-preview:large","max-video-preview":"max-video-preview:-1"},"canonical":"https:\/\/www.pm.pb.gov.br\/portal\/2021\/03\/24\/policia-militar-detem-dupla-suspeita-de-tentativa-de-assalto-na-zona-sul-de-joao-pessoa\/","og_locale":"pt_BR","og_type":"article","og_title":"Pol\u00edcia Militar det\u00e9m dupla suspeita de tentativa de assalto na zona sul de Jo\u00e3o Pessoa - Pol\u00edcia Militar da Para\u00edba","og_description":"Em mais uma a\u00e7\u00e3o de combate aos crimes patrimoniais, a Pol\u00edcia Militar prendeu um suspeito e apreendeu um menor que","og_url":"https:\/\/www.pm.pb.gov.br\/portal\/2021\/03\/24\/policia-militar-detem-dupla-suspeita-de-tentativa-de-assalto-na-zona-sul-de-joao-pessoa\/","og_site_name":"Pol\u00edcia Militar da Para\u00edba","article_published_time":"2021-03-24T20:48:28+00:00","article_modified_time":"2021-03-24T20:48:29+00:00","og_image":[{"width":800,"height":446,"url":"https:\/\/www.pm.pb.gov.br\/portal\/wp-content\/uploads\/2021\/02\/5bpm.jpeg","type":"image\/jpeg"}],"author":"Tarcisio Oliveira","twitter_card":"summary_large_image","twitter_misc":{"Escrito por":"Tarcisio Oliveira","Est. tempo de leitura":"1 minuto"},"schema":{"@context":"https:\/\/schema.org","@graph":[{"@type":"Article","@id":"https:\/\/www.pm.pb.gov.br\/portal\/2021\/03\/24\/policia-militar-detem-dupla-suspeita-de-tentativa-de-assalto-na-zona-sul-de-joao-pessoa\/#article","isPartOf":{"@id":"https:\/\/www.pm.pb.gov.br\/portal\/2021\/03\/24\/policia-militar-detem-dupla-suspeita-de-tentativa-de-assalto-na-zona-sul-de-joao-pessoa\/"},"author":{"name":"Tarcisio Oliveira","@id":"https:\/\/www.pm.pb.gov.br\/portal\/#\/schema\/person\/f84f56dcc78ce4357054da888b8247fd"},"headline":"Pol\u00edcia Militar det\u00e9m dupla suspeita de tentativa de assalto na zona sul de Jo\u00e3o Pessoa","datePublished":"2021-03-24T20:48:28+00:00","dateModified":"2021-03-24T20:48:29+00:00","mainEntityOfPage":{"@id":"https:\/\/www.pm.pb.gov.br\/portal\/2021\/03\/24\/policia-militar-detem-dupla-suspeita-de-tentativa-de-assalto-na-zona-sul-de-joao-pessoa\/"},"wordCount":178,"publisher":{"@id":"https:\/\/www.pm.pb.gov.br\/portal\/#organization"},"articleSection":["A\u00e7\u00f5es Policiais"],"inLanguage":"pt-BR"},{"@type":"WebPage","@id":"https:\/\/www.pm.pb.gov.br\/portal\/2021\/03\/24\/policia-militar-detem-dupla-suspeita-de-tentativa-de-assalto-na-zona-sul-de-joao-pessoa\/","url":"https:\/\/www.pm.pb.gov.br\/portal\/2021\/03\/24\/policia-militar-detem-dupla-suspeita-de-tentativa-de-assalto-na-zona-sul-de-joao-pessoa\/","name":"Pol\u00edcia Militar det\u00e9m dupla suspeita de tentativa de assalto na zona sul de Jo\u00e3o Pessoa - Pol\u00edcia Militar da Para\u00edba","isPartOf":{"@id":"https:\/\/www.pm.pb.gov.br\/portal\/#website"},"datePublished":"2021-03-24T20:48:28+00:00","dateModified":"2021-03-24T20:48:29+00:00","breadcrumb":{"@id":"https:\/\/www.pm.pb.gov.br\/portal\/2021\/03\/24\/policia-militar-detem-dupla-suspeita-de-tentativa-de-assalto-na-zona-sul-de-joao-pessoa\/#breadcrumb"},"inLanguage":"pt-BR","potentialAction":[{"@type":"ReadAction","target":["https:\/\/www.pm.pb.gov.br\/portal\/2021\/03\/24\/policia-militar-detem-dupla-suspeita-de-tentativa-de-assalto-na-zona-sul-de-joao-pessoa\/"]}]},{"@type":"BreadcrumbList","@id":"https:\/\/www.pm.pb.gov.br\/portal\/2021\/03\/24\/policia-militar-detem-dupla-suspeita-de-tentativa-de-assalto-na-zona-sul-de-joao-pessoa\/#breadcrumb","itemListElement":[{"@type":"ListItem","position":1,"name":"In\u00edcio","item":"https:\/\/www.pm.pb.gov.br\/portal\/"},{"@type":"ListItem","position":2,"name":"Pol\u00edcia Militar det\u00e9m dupla suspeita de tentativa de assalto na zona sul de Jo\u00e3o Pessoa"}]},{"@type":"WebSite","@id":"https:\/\/www.pm.pb.gov.br\/portal\/#website","url":"https:\/\/www.pm.pb.gov.br\/portal\/","name":"Pol\u00edcia Militar da Para\u00edba","description":"","publisher":{"@id":"https:\/\/www.pm.pb.gov.br\/portal\/#organization"},"potentialAction":[{"@type":"SearchAction","target":{"@type":"EntryPoint","urlTemplate":"https:\/\/www.pm.pb.gov.br\/portal\/?s={search_term_string}"},"query-input":"required name=search_term_string"}],"inLanguage":"pt-BR"},{"@type":"Organization","@id":"https:\/\/www.pm.pb.gov.br\/portal\/#organization","name":"Pol\u00edcia Militar da Para\u00edba","url":"https:\/\/www.pm.pb.gov.br\/portal\/","logo":{"@type":"ImageObject","inLanguage":"pt-BR","@id":"https:\/\/www.pm.pb.gov.br\/portal\/#\/schema\/logo\/image\/","url":"https:\/\/www.pm.pb.gov.br\/portal\/wp-content\/uploads\/2025\/03\/cropped-logo-site-mag2-1.png","contentUrl":"https:\/\/www.pm.pb.gov.br\/portal\/wp-content\/uploads\/2025\/03\/cropped-logo-site-mag2-1.png","width":320,"height":90,"caption":"Pol\u00edcia Militar da Para\u00edba"},"image":{"@id":"https:\/\/www.pm.pb.gov.br\/portal\/#\/schema\/logo\/image\/"}},{"@type":"Person","@id":"https:\/\/www.pm.pb.gov.br\/portal\/#\/schema\/person\/f84f56dcc78ce4357054da888b8247fd","name":"Tarcisio Oliveira","image":{"@type":"ImageObject","inLanguage":"pt-BR","@id":"https:\/\/www.pm.pb.gov.br\/portal\/#\/schema\/person\/image\/","url":"https:\/\/secure.gravatar.com\/avatar\/72917b630b69d31cd0297507f34bac97?s=96&d=mm&r=g","contentUrl":"https:\/\/secure.gravatar.com\/avatar\/72917b630b69d31cd0297507f34bac97?s=96&d=mm&r=g","caption":"Tarcisio Oliveira"},"url":"https:\/\/www.pm.pb.gov.br\/portal\/author\/tarcisio\/"}]}},"_links":{"self":[{"href":"https:\/\/www.pm.pb.gov.br\/portal\/wp-json\/wp\/v2\/posts\/909891"}],"collection":[{"href":"https:\/\/www.pm.pb.gov.br\/portal\/wp-json\/wp\/v2\/posts"}],"about":[{"href":"https:\/\/www.pm.pb.gov.br\/portal\/wp-json\/wp\/v2\/types\/post"}],"author":[{"embeddable":true,"href":"https:\/\/www.pm.pb.gov.br\/portal\/wp-json\/wp\/v2\/users\/12"}],"replies":[{"embeddable":true,"href":"https:\/\/www.pm.pb.gov.br\/portal\/wp-json\/wp\/v2\/comments?post=909891"}],"version-history":[{"count":1,"href":"https:\/\/www.pm.pb.gov.br\/portal\/wp-json\/wp\/v2\/posts\/909891\/revisions"}],"predecessor-version":[{"id":909893,"href":"https:\/\/www.pm.pb.gov.br\/portal\/wp-json\/wp\/v2\/posts\/909891\/revisions\/909893"}],"wp:featuredmedia":[{"embeddable":true,"href":"https:\/\/www.pm.pb.gov.br\/portal\/wp-json\/wp\/v2\/media\/909500"}],"wp:attachment":[{"href":"https:\/\/www.pm.pb.gov.br\/portal\/wp-json\/wp\/v2\/media?parent=909891"}],"wp:term":[{"taxonomy":"category","embeddable":true,"href":"https:\/\/www.pm.pb.gov.br\/portal\/wp-json\/wp\/v2\/categories?post=909891"},{"taxonomy":"post_tag","embeddable":true,"href":"https:\/\/www.pm.pb.gov.br\/portal\/wp-json\/wp\/v2\/tags?post=909891"}],"curies":[{"name":"wp","href":"https:\/\/api.w.org\/{rel}","templated":true}]}}