{"id":909888,"date":"2021-03-23T23:45:54","date_gmt":"2021-03-24T02:45:54","guid":{"rendered":"http:\/\/www.pm.pb.gov.br\/portal\/?p=909888"},"modified":"2021-03-23T23:45:56","modified_gmt":"2021-03-24T02:45:56","slug":"policia-militar-desarticula-grupo-criminoso-do-maranhao-apreende-armas-de-fogo-e-captura-foragido-da-justica","status":"publish","type":"post","link":"https:\/\/www.pm.pb.gov.br\/portal\/2021\/03\/23\/policia-militar-desarticula-grupo-criminoso-do-maranhao-apreende-armas-de-fogo-e-captura-foragido-da-justica\/","title":{"rendered":"Pol\u00edcia Militar desarticula grupo criminoso do Maranh\u00e3o, apreende armas de fogo, e captura foragido da Justi\u00e7a"},"content":{"rendered":"\n<p>A Pol\u00edcia Militar prendeu quatro suspeitos que estavam com armas de fogo em um ve\u00edculo, no munic\u00edpio de Nova Palmeira, que fica a cerca de 252 quil\u00f4metros de dist\u00e2ncia de Jo\u00e3o Pessoa, no Serid\u00f3 oriental paraibano (foto acima ilustrativa). A a\u00e7\u00e3o da PM aconteceu na tarde desta \u00faltima ter\u00e7a-feira (23), e tr\u00eas dos homens presos eram do estado do Maranh\u00e3o, e um deles j\u00e1 era procurado pela Justi\u00e7a.<\/p>\n<p>A pris\u00e3o do grupo foi feita pelos policiais do 9\u00ba Batalh\u00e3o, que abordaram um carro Corolla da cor preta, que estava indo de Nova Palmeira para a cidade de Picu\u00ed. Os suspeitos ainda tentaram fugir com o ve\u00edculo, mas foram interceptados pela PM ainda em Nova Palmeira. Quatro homens que estavam no carro e foram detidos t\u00eam idades entre 22 e 28 anos, e segundo os policiais tr\u00eas deles eram do estado do Maranh\u00e3o. Durante a revista no carro foram encontradas duas armas de fogo sendo uma pistola calibre 380, um rev\u00f3lver calibre 38, mais 16 muni\u00e7\u00f5es, quase mil reais em dinheiro, celulares e m\u00e1scara que geralmente \u00e9 usada para dificultar a identifica\u00e7\u00e3o do criminoso durante a\u00e7\u00f5es delituosas (foto abaixo).<\/p>\n<p><img loading=\"lazy\" decoding=\"async\" class=\" wp-image-909889 aligncenter\" src=\"http:\/\/www.pm.pb.gov.br\/portal\/wp-content\/uploads\/2021\/03\/nova_palmeira-595x445.jpeg\" alt=\"\" width=\"547\" height=\"409\" srcset=\"https:\/\/www.pm.pb.gov.br\/portal\/wp-content\/uploads\/2021\/03\/nova_palmeira-595x445.jpeg 595w, https:\/\/www.pm.pb.gov.br\/portal\/wp-content\/uploads\/2021\/03\/nova_palmeira-762x570.jpeg 762w, https:\/\/www.pm.pb.gov.br\/portal\/wp-content\/uploads\/2021\/03\/nova_palmeira-768x574.jpeg 768w, https:\/\/www.pm.pb.gov.br\/portal\/wp-content\/uploads\/2021\/03\/nova_palmeira.jpeg 1280w\" sizes=\"(max-width: 547px) 100vw, 547px\" \/><\/p>\n<p>De acordo com o comando da Unidade, um dos suspeitos abordados era foragido da Justi\u00e7a maranhense pois tinha um mandado de pris\u00e3o em aberto pelo crime de porte ilegal de arma de fogo. Um segundo suspeito tamb\u00e9m detido na a\u00e7\u00e3o j\u00e1 respondia pelo mesmo crime.<\/p>\n<p>Todo o grupo preso e o material apreendido foram encaminhados para a Delegacia da Pol\u00edcia Civil na cidade de Picu\u00ed, para os devidos procedimentos legais.<\/p>\n","protected":false},"excerpt":{"rendered":"<p>A Pol\u00edcia Militar prendeu quatro suspeitos que estavam com armas de fogo em um ve\u00edculo, no munic\u00edpio de Nova Palmeira,<\/p>\n","protected":false},"author":12,"featured_media":908883,"comment_status":"closed","ping_status":"closed","sticky":false,"template":"","format":"standard","meta":{"_exactmetrics_skip_tracking":false,"_exactmetrics_sitenote_active":false,"_exactmetrics_sitenote_note":"","_exactmetrics_sitenote_category":0,"footnotes":""},"categories":[4],"tags":[],"yoast_head":"<!-- This site is optimized with the Yoast SEO plugin v22.0 - https:\/\/yoast.com\/wordpress\/plugins\/seo\/ -->\n<title>Pol\u00edcia Militar desarticula grupo criminoso do Maranh\u00e3o, apreende armas de fogo, e captura foragido da Justi\u00e7a - Pol\u00edcia Militar da Para\u00edba<\/title>\n<meta name=\"robots\" content=\"index, follow, max-snippet:-1, max-image-preview:large, max-video-preview:-1\" \/>\n<link rel=\"canonical\" href=\"https:\/\/www.pm.pb.gov.br\/portal\/2021\/03\/23\/policia-militar-desarticula-grupo-criminoso-do-maranhao-apreende-armas-de-fogo-e-captura-foragido-da-justica\/\" \/>\n<meta property=\"og:locale\" content=\"pt_BR\" \/>\n<meta property=\"og:type\" content=\"article\" \/>\n<meta property=\"og:title\" content=\"Pol\u00edcia Militar desarticula grupo criminoso do Maranh\u00e3o, apreende armas de fogo, e captura foragido da Justi\u00e7a - Pol\u00edcia Militar da Para\u00edba\" \/>\n<meta property=\"og:description\" content=\"A Pol\u00edcia Militar prendeu quatro suspeitos que estavam com armas de fogo em um ve\u00edculo, no munic\u00edpio de Nova Palmeira,\" \/>\n<meta property=\"og:url\" content=\"https:\/\/www.pm.pb.gov.br\/portal\/2021\/03\/23\/policia-militar-desarticula-grupo-criminoso-do-maranhao-apreende-armas-de-fogo-e-captura-foragido-da-justica\/\" \/>\n<meta property=\"og:site_name\" content=\"Pol\u00edcia Militar da Para\u00edba\" \/>\n<meta property=\"article:published_time\" content=\"2021-03-24T02:45:54+00:00\" \/>\n<meta property=\"article:modified_time\" content=\"2021-03-24T02:45:56+00:00\" \/>\n<meta property=\"og:image\" content=\"https:\/\/www.pm.pb.gov.br\/portal\/wp-content\/uploads\/2021\/01\/9bpm1.jpeg\" \/>\n\t<meta property=\"og:image:width\" content=\"800\" \/>\n\t<meta property=\"og:image:height\" content=\"445\" \/>\n\t<meta property=\"og:image:type\" content=\"image\/jpeg\" \/>\n<meta name=\"author\" content=\"Tarcisio Oliveira\" \/>\n<meta name=\"twitter:card\" content=\"summary_large_image\" \/>\n<meta name=\"twitter:label1\" content=\"Escrito por\" \/>\n\t<meta name=\"twitter:data1\" content=\"Tarcisio Oliveira\" \/>\n\t<meta name=\"twitter:label2\" content=\"Est. tempo de leitura\" \/>\n\t<meta name=\"twitter:data2\" content=\"1 minuto\" \/>\n<script type=\"application\/ld+json\" class=\"yoast-schema-graph\">{\"@context\":\"https:\/\/schema.org\",\"@graph\":[{\"@type\":\"Article\",\"@id\":\"https:\/\/www.pm.pb.gov.br\/portal\/2021\/03\/23\/policia-militar-desarticula-grupo-criminoso-do-maranhao-apreende-armas-de-fogo-e-captura-foragido-da-justica\/#article\",\"isPartOf\":{\"@id\":\"https:\/\/www.pm.pb.gov.br\/portal\/2021\/03\/23\/policia-militar-desarticula-grupo-criminoso-do-maranhao-apreende-armas-de-fogo-e-captura-foragido-da-justica\/\"},\"author\":{\"name\":\"Tarcisio Oliveira\",\"@id\":\"https:\/\/www.pm.pb.gov.br\/portal\/#\/schema\/person\/f84f56dcc78ce4357054da888b8247fd\"},\"headline\":\"Pol\u00edcia Militar desarticula grupo criminoso do Maranh\u00e3o, apreende armas de fogo, e captura foragido da Justi\u00e7a\",\"datePublished\":\"2021-03-24T02:45:54+00:00\",\"dateModified\":\"2021-03-24T02:45:56+00:00\",\"mainEntityOfPage\":{\"@id\":\"https:\/\/www.pm.pb.gov.br\/portal\/2021\/03\/23\/policia-militar-desarticula-grupo-criminoso-do-maranhao-apreende-armas-de-fogo-e-captura-foragido-da-justica\/\"},\"wordCount\":295,\"publisher\":{\"@id\":\"https:\/\/www.pm.pb.gov.br\/portal\/#organization\"},\"articleSection\":[\"A\u00e7\u00f5es Policiais\"],\"inLanguage\":\"pt-BR\"},{\"@type\":\"WebPage\",\"@id\":\"https:\/\/www.pm.pb.gov.br\/portal\/2021\/03\/23\/policia-militar-desarticula-grupo-criminoso-do-maranhao-apreende-armas-de-fogo-e-captura-foragido-da-justica\/\",\"url\":\"https:\/\/www.pm.pb.gov.br\/portal\/2021\/03\/23\/policia-militar-desarticula-grupo-criminoso-do-maranhao-apreende-armas-de-fogo-e-captura-foragido-da-justica\/\",\"name\":\"Pol\u00edcia Militar desarticula grupo criminoso do Maranh\u00e3o, apreende armas de fogo, e captura foragido da Justi\u00e7a - Pol\u00edcia Militar da Para\u00edba\",\"isPartOf\":{\"@id\":\"https:\/\/www.pm.pb.gov.br\/portal\/#website\"},\"datePublished\":\"2021-03-24T02:45:54+00:00\",\"dateModified\":\"2021-03-24T02:45:56+00:00\",\"breadcrumb\":{\"@id\":\"https:\/\/www.pm.pb.gov.br\/portal\/2021\/03\/23\/policia-militar-desarticula-grupo-criminoso-do-maranhao-apreende-armas-de-fogo-e-captura-foragido-da-justica\/#breadcrumb\"},\"inLanguage\":\"pt-BR\",\"potentialAction\":[{\"@type\":\"ReadAction\",\"target\":[\"https:\/\/www.pm.pb.gov.br\/portal\/2021\/03\/23\/policia-militar-desarticula-grupo-criminoso-do-maranhao-apreende-armas-de-fogo-e-captura-foragido-da-justica\/\"]}]},{\"@type\":\"BreadcrumbList\",\"@id\":\"https:\/\/www.pm.pb.gov.br\/portal\/2021\/03\/23\/policia-militar-desarticula-grupo-criminoso-do-maranhao-apreende-armas-de-fogo-e-captura-foragido-da-justica\/#breadcrumb\",\"itemListElement\":[{\"@type\":\"ListItem\",\"position\":1,\"name\":\"In\u00edcio\",\"item\":\"https:\/\/www.pm.pb.gov.br\/portal\/\"},{\"@type\":\"ListItem\",\"position\":2,\"name\":\"Pol\u00edcia Militar desarticula grupo criminoso do Maranh\u00e3o, apreende armas de fogo, e captura foragido da Justi\u00e7a\"}]},{\"@type\":\"WebSite\",\"@id\":\"https:\/\/www.pm.pb.gov.br\/portal\/#website\",\"url\":\"https:\/\/www.pm.pb.gov.br\/portal\/\",\"name\":\"Pol\u00edcia Militar da Para\u00edba\",\"description\":\"\",\"publisher\":{\"@id\":\"https:\/\/www.pm.pb.gov.br\/portal\/#organization\"},\"potentialAction\":[{\"@type\":\"SearchAction\",\"target\":{\"@type\":\"EntryPoint\",\"urlTemplate\":\"https:\/\/www.pm.pb.gov.br\/portal\/?s={search_term_string}\"},\"query-input\":\"required name=search_term_string\"}],\"inLanguage\":\"pt-BR\"},{\"@type\":\"Organization\",\"@id\":\"https:\/\/www.pm.pb.gov.br\/portal\/#organization\",\"name\":\"Pol\u00edcia Militar da Para\u00edba\",\"url\":\"https:\/\/www.pm.pb.gov.br\/portal\/\",\"logo\":{\"@type\":\"ImageObject\",\"inLanguage\":\"pt-BR\",\"@id\":\"https:\/\/www.pm.pb.gov.br\/portal\/#\/schema\/logo\/image\/\",\"url\":\"https:\/\/www.pm.pb.gov.br\/portal\/wp-content\/uploads\/2025\/03\/cropped-logo-site-mag2-1.png\",\"contentUrl\":\"https:\/\/www.pm.pb.gov.br\/portal\/wp-content\/uploads\/2025\/03\/cropped-logo-site-mag2-1.png\",\"width\":320,\"height\":90,\"caption\":\"Pol\u00edcia Militar da Para\u00edba\"},\"image\":{\"@id\":\"https:\/\/www.pm.pb.gov.br\/portal\/#\/schema\/logo\/image\/\"}},{\"@type\":\"Person\",\"@id\":\"https:\/\/www.pm.pb.gov.br\/portal\/#\/schema\/person\/f84f56dcc78ce4357054da888b8247fd\",\"name\":\"Tarcisio Oliveira\",\"image\":{\"@type\":\"ImageObject\",\"inLanguage\":\"pt-BR\",\"@id\":\"https:\/\/www.pm.pb.gov.br\/portal\/#\/schema\/person\/image\/\",\"url\":\"https:\/\/secure.gravatar.com\/avatar\/72917b630b69d31cd0297507f34bac97?s=96&d=mm&r=g\",\"contentUrl\":\"https:\/\/secure.gravatar.com\/avatar\/72917b630b69d31cd0297507f34bac97?s=96&d=mm&r=g\",\"caption\":\"Tarcisio Oliveira\"},\"url\":\"https:\/\/www.pm.pb.gov.br\/portal\/author\/tarcisio\/\"}]}<\/script>\n<!-- \/ Yoast SEO plugin. -->","yoast_head_json":{"title":"Pol\u00edcia Militar desarticula grupo criminoso do Maranh\u00e3o, apreende armas de fogo, e captura foragido da Justi\u00e7a - Pol\u00edcia Militar da Para\u00edba","robots":{"index":"index","follow":"follow","max-snippet":"max-snippet:-1","max-image-preview":"max-image-preview:large","max-video-preview":"max-video-preview:-1"},"canonical":"https:\/\/www.pm.pb.gov.br\/portal\/2021\/03\/23\/policia-militar-desarticula-grupo-criminoso-do-maranhao-apreende-armas-de-fogo-e-captura-foragido-da-justica\/","og_locale":"pt_BR","og_type":"article","og_title":"Pol\u00edcia Militar desarticula grupo criminoso do Maranh\u00e3o, apreende armas de fogo, e captura foragido da Justi\u00e7a - Pol\u00edcia Militar da Para\u00edba","og_description":"A Pol\u00edcia Militar prendeu quatro suspeitos que estavam com armas de fogo em um ve\u00edculo, no munic\u00edpio de Nova Palmeira,","og_url":"https:\/\/www.pm.pb.gov.br\/portal\/2021\/03\/23\/policia-militar-desarticula-grupo-criminoso-do-maranhao-apreende-armas-de-fogo-e-captura-foragido-da-justica\/","og_site_name":"Pol\u00edcia Militar da Para\u00edba","article_published_time":"2021-03-24T02:45:54+00:00","article_modified_time":"2021-03-24T02:45:56+00:00","og_image":[{"width":800,"height":445,"url":"https:\/\/www.pm.pb.gov.br\/portal\/wp-content\/uploads\/2021\/01\/9bpm1.jpeg","type":"image\/jpeg"}],"author":"Tarcisio Oliveira","twitter_card":"summary_large_image","twitter_misc":{"Escrito por":"Tarcisio Oliveira","Est. tempo de leitura":"1 minuto"},"schema":{"@context":"https:\/\/schema.org","@graph":[{"@type":"Article","@id":"https:\/\/www.pm.pb.gov.br\/portal\/2021\/03\/23\/policia-militar-desarticula-grupo-criminoso-do-maranhao-apreende-armas-de-fogo-e-captura-foragido-da-justica\/#article","isPartOf":{"@id":"https:\/\/www.pm.pb.gov.br\/portal\/2021\/03\/23\/policia-militar-desarticula-grupo-criminoso-do-maranhao-apreende-armas-de-fogo-e-captura-foragido-da-justica\/"},"author":{"name":"Tarcisio Oliveira","@id":"https:\/\/www.pm.pb.gov.br\/portal\/#\/schema\/person\/f84f56dcc78ce4357054da888b8247fd"},"headline":"Pol\u00edcia Militar desarticula grupo criminoso do Maranh\u00e3o, apreende armas de fogo, e captura foragido da Justi\u00e7a","datePublished":"2021-03-24T02:45:54+00:00","dateModified":"2021-03-24T02:45:56+00:00","mainEntityOfPage":{"@id":"https:\/\/www.pm.pb.gov.br\/portal\/2021\/03\/23\/policia-militar-desarticula-grupo-criminoso-do-maranhao-apreende-armas-de-fogo-e-captura-foragido-da-justica\/"},"wordCount":295,"publisher":{"@id":"https:\/\/www.pm.pb.gov.br\/portal\/#organization"},"articleSection":["A\u00e7\u00f5es Policiais"],"inLanguage":"pt-BR"},{"@type":"WebPage","@id":"https:\/\/www.pm.pb.gov.br\/portal\/2021\/03\/23\/policia-militar-desarticula-grupo-criminoso-do-maranhao-apreende-armas-de-fogo-e-captura-foragido-da-justica\/","url":"https:\/\/www.pm.pb.gov.br\/portal\/2021\/03\/23\/policia-militar-desarticula-grupo-criminoso-do-maranhao-apreende-armas-de-fogo-e-captura-foragido-da-justica\/","name":"Pol\u00edcia Militar desarticula grupo criminoso do Maranh\u00e3o, apreende armas de fogo, e captura foragido da Justi\u00e7a - Pol\u00edcia Militar da Para\u00edba","isPartOf":{"@id":"https:\/\/www.pm.pb.gov.br\/portal\/#website"},"datePublished":"2021-03-24T02:45:54+00:00","dateModified":"2021-03-24T02:45:56+00:00","breadcrumb":{"@id":"https:\/\/www.pm.pb.gov.br\/portal\/2021\/03\/23\/policia-militar-desarticula-grupo-criminoso-do-maranhao-apreende-armas-de-fogo-e-captura-foragido-da-justica\/#breadcrumb"},"inLanguage":"pt-BR","potentialAction":[{"@type":"ReadAction","target":["https:\/\/www.pm.pb.gov.br\/portal\/2021\/03\/23\/policia-militar-desarticula-grupo-criminoso-do-maranhao-apreende-armas-de-fogo-e-captura-foragido-da-justica\/"]}]},{"@type":"BreadcrumbList","@id":"https:\/\/www.pm.pb.gov.br\/portal\/2021\/03\/23\/policia-militar-desarticula-grupo-criminoso-do-maranhao-apreende-armas-de-fogo-e-captura-foragido-da-justica\/#breadcrumb","itemListElement":[{"@type":"ListItem","position":1,"name":"In\u00edcio","item":"https:\/\/www.pm.pb.gov.br\/portal\/"},{"@type":"ListItem","position":2,"name":"Pol\u00edcia Militar desarticula grupo criminoso do Maranh\u00e3o, apreende armas de fogo, e captura foragido da Justi\u00e7a"}]},{"@type":"WebSite","@id":"https:\/\/www.pm.pb.gov.br\/portal\/#website","url":"https:\/\/www.pm.pb.gov.br\/portal\/","name":"Pol\u00edcia Militar da Para\u00edba","description":"","publisher":{"@id":"https:\/\/www.pm.pb.gov.br\/portal\/#organization"},"potentialAction":[{"@type":"SearchAction","target":{"@type":"EntryPoint","urlTemplate":"https:\/\/www.pm.pb.gov.br\/portal\/?s={search_term_string}"},"query-input":"required name=search_term_string"}],"inLanguage":"pt-BR"},{"@type":"Organization","@id":"https:\/\/www.pm.pb.gov.br\/portal\/#organization","name":"Pol\u00edcia Militar da Para\u00edba","url":"https:\/\/www.pm.pb.gov.br\/portal\/","logo":{"@type":"ImageObject","inLanguage":"pt-BR","@id":"https:\/\/www.pm.pb.gov.br\/portal\/#\/schema\/logo\/image\/","url":"https:\/\/www.pm.pb.gov.br\/portal\/wp-content\/uploads\/2025\/03\/cropped-logo-site-mag2-1.png","contentUrl":"https:\/\/www.pm.pb.gov.br\/portal\/wp-content\/uploads\/2025\/03\/cropped-logo-site-mag2-1.png","width":320,"height":90,"caption":"Pol\u00edcia Militar da Para\u00edba"},"image":{"@id":"https:\/\/www.pm.pb.gov.br\/portal\/#\/schema\/logo\/image\/"}},{"@type":"Person","@id":"https:\/\/www.pm.pb.gov.br\/portal\/#\/schema\/person\/f84f56dcc78ce4357054da888b8247fd","name":"Tarcisio Oliveira","image":{"@type":"ImageObject","inLanguage":"pt-BR","@id":"https:\/\/www.pm.pb.gov.br\/portal\/#\/schema\/person\/image\/","url":"https:\/\/secure.gravatar.com\/avatar\/72917b630b69d31cd0297507f34bac97?s=96&d=mm&r=g","contentUrl":"https:\/\/secure.gravatar.com\/avatar\/72917b630b69d31cd0297507f34bac97?s=96&d=mm&r=g","caption":"Tarcisio Oliveira"},"url":"https:\/\/www.pm.pb.gov.br\/portal\/author\/tarcisio\/"}]}},"_links":{"self":[{"href":"https:\/\/www.pm.pb.gov.br\/portal\/wp-json\/wp\/v2\/posts\/909888"}],"collection":[{"href":"https:\/\/www.pm.pb.gov.br\/portal\/wp-json\/wp\/v2\/posts"}],"about":[{"href":"https:\/\/www.pm.pb.gov.br\/portal\/wp-json\/wp\/v2\/types\/post"}],"author":[{"embeddable":true,"href":"https:\/\/www.pm.pb.gov.br\/portal\/wp-json\/wp\/v2\/users\/12"}],"replies":[{"embeddable":true,"href":"https:\/\/www.pm.pb.gov.br\/portal\/wp-json\/wp\/v2\/comments?post=909888"}],"version-history":[{"count":1,"href":"https:\/\/www.pm.pb.gov.br\/portal\/wp-json\/wp\/v2\/posts\/909888\/revisions"}],"predecessor-version":[{"id":909890,"href":"https:\/\/www.pm.pb.gov.br\/portal\/wp-json\/wp\/v2\/posts\/909888\/revisions\/909890"}],"wp:featuredmedia":[{"embeddable":true,"href":"https:\/\/www.pm.pb.gov.br\/portal\/wp-json\/wp\/v2\/media\/908883"}],"wp:attachment":[{"href":"https:\/\/www.pm.pb.gov.br\/portal\/wp-json\/wp\/v2\/media?parent=909888"}],"wp:term":[{"taxonomy":"category","embeddable":true,"href":"https:\/\/www.pm.pb.gov.br\/portal\/wp-json\/wp\/v2\/categories?post=909888"},{"taxonomy":"post_tag","embeddable":true,"href":"https:\/\/www.pm.pb.gov.br\/portal\/wp-json\/wp\/v2\/tags?post=909888"}],"curies":[{"name":"wp","href":"https:\/\/api.w.org\/{rel}","templated":true}]}}