{"id":909860,"date":"2021-03-22T14:51:08","date_gmt":"2021-03-22T17:51:08","guid":{"rendered":"http:\/\/www.pm.pb.gov.br\/portal\/?p=909860"},"modified":"2021-03-22T14:51:10","modified_gmt":"2021-03-22T17:51:10","slug":"policia-militar-apreende-22-armas-de-fogo-e-detem-mais-de-100-pessoas-durante-o-fim-de-semana-na-paraiba","status":"publish","type":"post","link":"https:\/\/www.pm.pb.gov.br\/portal\/2021\/03\/22\/policia-militar-apreende-22-armas-de-fogo-e-detem-mais-de-100-pessoas-durante-o-fim-de-semana-na-paraiba\/","title":{"rendered":"Pol\u00edcia Militar apreende 22 armas de fogo e det\u00e9m mais de 100 pessoas durante o fim de semana na Para\u00edba"},"content":{"rendered":"\n<p>Cento e seis pessoas foram detidas, nesse fim de semana, nas a\u00e7\u00f5es e opera\u00e7\u00f5es realizadas pela Pol\u00edcia Militar, na Para\u00edba. Entre a sexta-feira (19) e o domingo (21), a corpora\u00e7\u00e3o apreendeu 22 armas de fogo em 14 cidades e recuperou 27 ve\u00edculos com queixas de roubo ou furto. O balan\u00e7o com o resultado foi divulgado pela Coordenadoria de Estat\u00edstica e Avalia\u00e7\u00e3o (EM\/7) da PM.<br \/><br \/>Entre os motivos das pris\u00f5es e apreens\u00f5es, estavam os crimes de porte ilegal de arma, roubo, tr\u00e1fico de drogas, amea\u00e7a, les\u00e3o corporal, furto, recepta\u00e7\u00e3o e outros quatro tipos penais.<\/p>\n<p><img loading=\"lazy\" decoding=\"async\" class=\"wp-image-909863 aligncenter\" src=\"http:\/\/www.pm.pb.gov.br\/portal\/wp-content\/uploads\/2021\/03\/unnamed-668x445.jpg\" alt=\"\" width=\"490\" height=\"326\" srcset=\"https:\/\/www.pm.pb.gov.br\/portal\/wp-content\/uploads\/2021\/03\/unnamed-668x445.jpg 668w, https:\/\/www.pm.pb.gov.br\/portal\/wp-content\/uploads\/2021\/03\/unnamed-855x570.jpg 855w, https:\/\/www.pm.pb.gov.br\/portal\/wp-content\/uploads\/2021\/03\/unnamed-768x512.jpg 768w, https:\/\/www.pm.pb.gov.br\/portal\/wp-content\/uploads\/2021\/03\/unnamed-272x182.jpg 272w, https:\/\/www.pm.pb.gov.br\/portal\/wp-content\/uploads\/2021\/03\/unnamed.jpg 1280w\" sizes=\"(max-width: 490px) 100vw, 490px\" \/><br \/>Pelo terceiro fim de semana consecutivo, a Pol\u00edcia Militar encerrou comemora\u00e7\u00e3o\u00a0com aglomera\u00e7\u00e3o, o que \u00e9 proibido pelos decretos e coloca em risco a\u00a0sa\u00fade das pessoas, por causa do crescimento dos casos do novo coronav\u00edrus na Para\u00edba. Na madrugada desse domingo (21), em uma casa, na praia de Jacum\u00e3, no Conde, Litoral Sul, a PM colocou fim ao evento que reunia aproximadamente 50 participantes e prendeu um casal que seria respons\u00e1vel pela festa. O caso foi levado para a Delegacia de Pol\u00edcia Civil, em Alhandra.<\/p>\n<p><img loading=\"lazy\" decoding=\"async\" class=\" wp-image-909864 aligncenter\" src=\"http:\/\/www.pm.pb.gov.br\/portal\/wp-content\/uploads\/2021\/03\/unnamed-1-668x445.jpg\" alt=\"\" width=\"513\" height=\"342\" srcset=\"https:\/\/www.pm.pb.gov.br\/portal\/wp-content\/uploads\/2021\/03\/unnamed-1-668x445.jpg 668w, https:\/\/www.pm.pb.gov.br\/portal\/wp-content\/uploads\/2021\/03\/unnamed-1-855x570.jpg 855w, https:\/\/www.pm.pb.gov.br\/portal\/wp-content\/uploads\/2021\/03\/unnamed-1-768x512.jpg 768w, https:\/\/www.pm.pb.gov.br\/portal\/wp-content\/uploads\/2021\/03\/unnamed-1-272x182.jpg 272w, https:\/\/www.pm.pb.gov.br\/portal\/wp-content\/uploads\/2021\/03\/unnamed-1.jpg 1280w\" sizes=\"(max-width: 513px) 100vw, 513px\" \/><br \/><strong>Opera\u00e7\u00e3o Previna-se \u2013<\/strong>\u00a0At\u00e9 agora, 89 pessoas foram conduzidas para as delegacias por descumprimento dos decretos estadual e municipais, na Para\u00edba. Os dados s\u00e3o do N\u00facleo de An\u00e1lise Criminal e Estat\u00edstica da Secretaria de Estado da Seguran\u00e7a e Defesa Social e mostram os resultados das fiscaliza\u00e7\u00f5es realizadas desde o dia 24 de fevereiro, quando as medidas restritivas entraram em vigor. No per\u00edodo, foram registradas 1.127 ocorr\u00eancias de descumprimento de medidas sanit\u00e1rias e 207 estabelecimentos comerciais foram notificados.<\/p>\n","protected":false},"excerpt":{"rendered":"<p>Cento e seis pessoas foram detidas, nesse fim de semana, nas a\u00e7\u00f5es e opera\u00e7\u00f5es realizadas pela Pol\u00edcia Militar, na Para\u00edba.<\/p>\n","protected":false},"author":12,"featured_media":909862,"comment_status":"closed","ping_status":"closed","sticky":false,"template":"","format":"standard","meta":{"_exactmetrics_skip_tracking":false,"_exactmetrics_sitenote_active":false,"_exactmetrics_sitenote_note":"","_exactmetrics_sitenote_category":0,"footnotes":""},"categories":[4],"tags":[],"yoast_head":"<!-- This site is optimized with the Yoast SEO plugin v22.0 - https:\/\/yoast.com\/wordpress\/plugins\/seo\/ -->\n<title>Pol\u00edcia Militar apreende 22 armas de fogo e det\u00e9m mais de 100 pessoas durante o fim de semana na Para\u00edba - Pol\u00edcia Militar da Para\u00edba<\/title>\n<meta name=\"robots\" content=\"index, follow, max-snippet:-1, max-image-preview:large, max-video-preview:-1\" \/>\n<link rel=\"canonical\" href=\"https:\/\/www.pm.pb.gov.br\/portal\/2021\/03\/22\/policia-militar-apreende-22-armas-de-fogo-e-detem-mais-de-100-pessoas-durante-o-fim-de-semana-na-paraiba\/\" \/>\n<meta property=\"og:locale\" content=\"pt_BR\" \/>\n<meta property=\"og:type\" content=\"article\" \/>\n<meta property=\"og:title\" content=\"Pol\u00edcia Militar apreende 22 armas de fogo e det\u00e9m mais de 100 pessoas durante o fim de semana na Para\u00edba - Pol\u00edcia Militar da Para\u00edba\" \/>\n<meta property=\"og:description\" content=\"Cento e seis pessoas foram detidas, nesse fim de semana, nas a\u00e7\u00f5es e opera\u00e7\u00f5es realizadas pela Pol\u00edcia Militar, na Para\u00edba.\" \/>\n<meta property=\"og:url\" content=\"https:\/\/www.pm.pb.gov.br\/portal\/2021\/03\/22\/policia-militar-apreende-22-armas-de-fogo-e-detem-mais-de-100-pessoas-durante-o-fim-de-semana-na-paraiba\/\" \/>\n<meta property=\"og:site_name\" content=\"Pol\u00edcia Militar da Para\u00edba\" \/>\n<meta property=\"article:published_time\" content=\"2021-03-22T17:51:08+00:00\" \/>\n<meta property=\"article:modified_time\" content=\"2021-03-22T17:51:10+00:00\" \/>\n<meta property=\"og:image\" content=\"https:\/\/www.pm.pb.gov.br\/portal\/wp-content\/uploads\/2021\/03\/previnase1.jpg\" \/>\n\t<meta property=\"og:image:width\" content=\"800\" \/>\n\t<meta property=\"og:image:height\" content=\"445\" \/>\n\t<meta property=\"og:image:type\" content=\"image\/jpeg\" \/>\n<meta name=\"author\" content=\"Tarcisio Oliveira\" \/>\n<meta name=\"twitter:card\" content=\"summary_large_image\" \/>\n<meta name=\"twitter:label1\" content=\"Escrito por\" \/>\n\t<meta name=\"twitter:data1\" content=\"Tarcisio Oliveira\" \/>\n\t<meta name=\"twitter:label2\" content=\"Est. tempo de leitura\" \/>\n\t<meta name=\"twitter:data2\" content=\"1 minuto\" \/>\n<script type=\"application\/ld+json\" class=\"yoast-schema-graph\">{\"@context\":\"https:\/\/schema.org\",\"@graph\":[{\"@type\":\"Article\",\"@id\":\"https:\/\/www.pm.pb.gov.br\/portal\/2021\/03\/22\/policia-militar-apreende-22-armas-de-fogo-e-detem-mais-de-100-pessoas-durante-o-fim-de-semana-na-paraiba\/#article\",\"isPartOf\":{\"@id\":\"https:\/\/www.pm.pb.gov.br\/portal\/2021\/03\/22\/policia-militar-apreende-22-armas-de-fogo-e-detem-mais-de-100-pessoas-durante-o-fim-de-semana-na-paraiba\/\"},\"author\":{\"name\":\"Tarcisio Oliveira\",\"@id\":\"https:\/\/www.pm.pb.gov.br\/portal\/#\/schema\/person\/f84f56dcc78ce4357054da888b8247fd\"},\"headline\":\"Pol\u00edcia Militar apreende 22 armas de fogo e det\u00e9m mais de 100 pessoas durante o fim de semana na Para\u00edba\",\"datePublished\":\"2021-03-22T17:51:08+00:00\",\"dateModified\":\"2021-03-22T17:51:10+00:00\",\"mainEntityOfPage\":{\"@id\":\"https:\/\/www.pm.pb.gov.br\/portal\/2021\/03\/22\/policia-militar-apreende-22-armas-de-fogo-e-detem-mais-de-100-pessoas-durante-o-fim-de-semana-na-paraiba\/\"},\"wordCount\":298,\"publisher\":{\"@id\":\"https:\/\/www.pm.pb.gov.br\/portal\/#organization\"},\"articleSection\":[\"A\u00e7\u00f5es Policiais\"],\"inLanguage\":\"pt-BR\"},{\"@type\":\"WebPage\",\"@id\":\"https:\/\/www.pm.pb.gov.br\/portal\/2021\/03\/22\/policia-militar-apreende-22-armas-de-fogo-e-detem-mais-de-100-pessoas-durante-o-fim-de-semana-na-paraiba\/\",\"url\":\"https:\/\/www.pm.pb.gov.br\/portal\/2021\/03\/22\/policia-militar-apreende-22-armas-de-fogo-e-detem-mais-de-100-pessoas-durante-o-fim-de-semana-na-paraiba\/\",\"name\":\"Pol\u00edcia Militar apreende 22 armas de fogo e det\u00e9m mais de 100 pessoas durante o fim de semana na Para\u00edba - Pol\u00edcia Militar da Para\u00edba\",\"isPartOf\":{\"@id\":\"https:\/\/www.pm.pb.gov.br\/portal\/#website\"},\"datePublished\":\"2021-03-22T17:51:08+00:00\",\"dateModified\":\"2021-03-22T17:51:10+00:00\",\"breadcrumb\":{\"@id\":\"https:\/\/www.pm.pb.gov.br\/portal\/2021\/03\/22\/policia-militar-apreende-22-armas-de-fogo-e-detem-mais-de-100-pessoas-durante-o-fim-de-semana-na-paraiba\/#breadcrumb\"},\"inLanguage\":\"pt-BR\",\"potentialAction\":[{\"@type\":\"ReadAction\",\"target\":[\"https:\/\/www.pm.pb.gov.br\/portal\/2021\/03\/22\/policia-militar-apreende-22-armas-de-fogo-e-detem-mais-de-100-pessoas-durante-o-fim-de-semana-na-paraiba\/\"]}]},{\"@type\":\"BreadcrumbList\",\"@id\":\"https:\/\/www.pm.pb.gov.br\/portal\/2021\/03\/22\/policia-militar-apreende-22-armas-de-fogo-e-detem-mais-de-100-pessoas-durante-o-fim-de-semana-na-paraiba\/#breadcrumb\",\"itemListElement\":[{\"@type\":\"ListItem\",\"position\":1,\"name\":\"In\u00edcio\",\"item\":\"https:\/\/www.pm.pb.gov.br\/portal\/\"},{\"@type\":\"ListItem\",\"position\":2,\"name\":\"Pol\u00edcia Militar apreende 22 armas de fogo e det\u00e9m mais de 100 pessoas durante o fim de semana na Para\u00edba\"}]},{\"@type\":\"WebSite\",\"@id\":\"https:\/\/www.pm.pb.gov.br\/portal\/#website\",\"url\":\"https:\/\/www.pm.pb.gov.br\/portal\/\",\"name\":\"Pol\u00edcia Militar da Para\u00edba\",\"description\":\"\",\"publisher\":{\"@id\":\"https:\/\/www.pm.pb.gov.br\/portal\/#organization\"},\"potentialAction\":[{\"@type\":\"SearchAction\",\"target\":{\"@type\":\"EntryPoint\",\"urlTemplate\":\"https:\/\/www.pm.pb.gov.br\/portal\/?s={search_term_string}\"},\"query-input\":\"required name=search_term_string\"}],\"inLanguage\":\"pt-BR\"},{\"@type\":\"Organization\",\"@id\":\"https:\/\/www.pm.pb.gov.br\/portal\/#organization\",\"name\":\"Pol\u00edcia Militar da Para\u00edba\",\"url\":\"https:\/\/www.pm.pb.gov.br\/portal\/\",\"logo\":{\"@type\":\"ImageObject\",\"inLanguage\":\"pt-BR\",\"@id\":\"https:\/\/www.pm.pb.gov.br\/portal\/#\/schema\/logo\/image\/\",\"url\":\"https:\/\/www.pm.pb.gov.br\/portal\/wp-content\/uploads\/2025\/03\/cropped-logo-site-mag2-1.png\",\"contentUrl\":\"https:\/\/www.pm.pb.gov.br\/portal\/wp-content\/uploads\/2025\/03\/cropped-logo-site-mag2-1.png\",\"width\":320,\"height\":90,\"caption\":\"Pol\u00edcia Militar da Para\u00edba\"},\"image\":{\"@id\":\"https:\/\/www.pm.pb.gov.br\/portal\/#\/schema\/logo\/image\/\"}},{\"@type\":\"Person\",\"@id\":\"https:\/\/www.pm.pb.gov.br\/portal\/#\/schema\/person\/f84f56dcc78ce4357054da888b8247fd\",\"name\":\"Tarcisio Oliveira\",\"image\":{\"@type\":\"ImageObject\",\"inLanguage\":\"pt-BR\",\"@id\":\"https:\/\/www.pm.pb.gov.br\/portal\/#\/schema\/person\/image\/\",\"url\":\"https:\/\/secure.gravatar.com\/avatar\/72917b630b69d31cd0297507f34bac97?s=96&d=mm&r=g\",\"contentUrl\":\"https:\/\/secure.gravatar.com\/avatar\/72917b630b69d31cd0297507f34bac97?s=96&d=mm&r=g\",\"caption\":\"Tarcisio Oliveira\"},\"url\":\"https:\/\/www.pm.pb.gov.br\/portal\/author\/tarcisio\/\"}]}<\/script>\n<!-- \/ Yoast SEO plugin. -->","yoast_head_json":{"title":"Pol\u00edcia Militar apreende 22 armas de fogo e det\u00e9m mais de 100 pessoas durante o fim de semana na Para\u00edba - Pol\u00edcia Militar da Para\u00edba","robots":{"index":"index","follow":"follow","max-snippet":"max-snippet:-1","max-image-preview":"max-image-preview:large","max-video-preview":"max-video-preview:-1"},"canonical":"https:\/\/www.pm.pb.gov.br\/portal\/2021\/03\/22\/policia-militar-apreende-22-armas-de-fogo-e-detem-mais-de-100-pessoas-durante-o-fim-de-semana-na-paraiba\/","og_locale":"pt_BR","og_type":"article","og_title":"Pol\u00edcia Militar apreende 22 armas de fogo e det\u00e9m mais de 100 pessoas durante o fim de semana na Para\u00edba - Pol\u00edcia Militar da Para\u00edba","og_description":"Cento e seis pessoas foram detidas, nesse fim de semana, nas a\u00e7\u00f5es e opera\u00e7\u00f5es realizadas pela Pol\u00edcia Militar, na Para\u00edba.","og_url":"https:\/\/www.pm.pb.gov.br\/portal\/2021\/03\/22\/policia-militar-apreende-22-armas-de-fogo-e-detem-mais-de-100-pessoas-durante-o-fim-de-semana-na-paraiba\/","og_site_name":"Pol\u00edcia Militar da Para\u00edba","article_published_time":"2021-03-22T17:51:08+00:00","article_modified_time":"2021-03-22T17:51:10+00:00","og_image":[{"width":800,"height":445,"url":"https:\/\/www.pm.pb.gov.br\/portal\/wp-content\/uploads\/2021\/03\/previnase1.jpg","type":"image\/jpeg"}],"author":"Tarcisio Oliveira","twitter_card":"summary_large_image","twitter_misc":{"Escrito por":"Tarcisio Oliveira","Est. tempo de leitura":"1 minuto"},"schema":{"@context":"https:\/\/schema.org","@graph":[{"@type":"Article","@id":"https:\/\/www.pm.pb.gov.br\/portal\/2021\/03\/22\/policia-militar-apreende-22-armas-de-fogo-e-detem-mais-de-100-pessoas-durante-o-fim-de-semana-na-paraiba\/#article","isPartOf":{"@id":"https:\/\/www.pm.pb.gov.br\/portal\/2021\/03\/22\/policia-militar-apreende-22-armas-de-fogo-e-detem-mais-de-100-pessoas-durante-o-fim-de-semana-na-paraiba\/"},"author":{"name":"Tarcisio Oliveira","@id":"https:\/\/www.pm.pb.gov.br\/portal\/#\/schema\/person\/f84f56dcc78ce4357054da888b8247fd"},"headline":"Pol\u00edcia Militar apreende 22 armas de fogo e det\u00e9m mais de 100 pessoas durante o fim de semana na Para\u00edba","datePublished":"2021-03-22T17:51:08+00:00","dateModified":"2021-03-22T17:51:10+00:00","mainEntityOfPage":{"@id":"https:\/\/www.pm.pb.gov.br\/portal\/2021\/03\/22\/policia-militar-apreende-22-armas-de-fogo-e-detem-mais-de-100-pessoas-durante-o-fim-de-semana-na-paraiba\/"},"wordCount":298,"publisher":{"@id":"https:\/\/www.pm.pb.gov.br\/portal\/#organization"},"articleSection":["A\u00e7\u00f5es Policiais"],"inLanguage":"pt-BR"},{"@type":"WebPage","@id":"https:\/\/www.pm.pb.gov.br\/portal\/2021\/03\/22\/policia-militar-apreende-22-armas-de-fogo-e-detem-mais-de-100-pessoas-durante-o-fim-de-semana-na-paraiba\/","url":"https:\/\/www.pm.pb.gov.br\/portal\/2021\/03\/22\/policia-militar-apreende-22-armas-de-fogo-e-detem-mais-de-100-pessoas-durante-o-fim-de-semana-na-paraiba\/","name":"Pol\u00edcia Militar apreende 22 armas de fogo e det\u00e9m mais de 100 pessoas durante o fim de semana na Para\u00edba - Pol\u00edcia Militar da Para\u00edba","isPartOf":{"@id":"https:\/\/www.pm.pb.gov.br\/portal\/#website"},"datePublished":"2021-03-22T17:51:08+00:00","dateModified":"2021-03-22T17:51:10+00:00","breadcrumb":{"@id":"https:\/\/www.pm.pb.gov.br\/portal\/2021\/03\/22\/policia-militar-apreende-22-armas-de-fogo-e-detem-mais-de-100-pessoas-durante-o-fim-de-semana-na-paraiba\/#breadcrumb"},"inLanguage":"pt-BR","potentialAction":[{"@type":"ReadAction","target":["https:\/\/www.pm.pb.gov.br\/portal\/2021\/03\/22\/policia-militar-apreende-22-armas-de-fogo-e-detem-mais-de-100-pessoas-durante-o-fim-de-semana-na-paraiba\/"]}]},{"@type":"BreadcrumbList","@id":"https:\/\/www.pm.pb.gov.br\/portal\/2021\/03\/22\/policia-militar-apreende-22-armas-de-fogo-e-detem-mais-de-100-pessoas-durante-o-fim-de-semana-na-paraiba\/#breadcrumb","itemListElement":[{"@type":"ListItem","position":1,"name":"In\u00edcio","item":"https:\/\/www.pm.pb.gov.br\/portal\/"},{"@type":"ListItem","position":2,"name":"Pol\u00edcia Militar apreende 22 armas de fogo e det\u00e9m mais de 100 pessoas durante o fim de semana na Para\u00edba"}]},{"@type":"WebSite","@id":"https:\/\/www.pm.pb.gov.br\/portal\/#website","url":"https:\/\/www.pm.pb.gov.br\/portal\/","name":"Pol\u00edcia Militar da Para\u00edba","description":"","publisher":{"@id":"https:\/\/www.pm.pb.gov.br\/portal\/#organization"},"potentialAction":[{"@type":"SearchAction","target":{"@type":"EntryPoint","urlTemplate":"https:\/\/www.pm.pb.gov.br\/portal\/?s={search_term_string}"},"query-input":"required name=search_term_string"}],"inLanguage":"pt-BR"},{"@type":"Organization","@id":"https:\/\/www.pm.pb.gov.br\/portal\/#organization","name":"Pol\u00edcia Militar da Para\u00edba","url":"https:\/\/www.pm.pb.gov.br\/portal\/","logo":{"@type":"ImageObject","inLanguage":"pt-BR","@id":"https:\/\/www.pm.pb.gov.br\/portal\/#\/schema\/logo\/image\/","url":"https:\/\/www.pm.pb.gov.br\/portal\/wp-content\/uploads\/2025\/03\/cropped-logo-site-mag2-1.png","contentUrl":"https:\/\/www.pm.pb.gov.br\/portal\/wp-content\/uploads\/2025\/03\/cropped-logo-site-mag2-1.png","width":320,"height":90,"caption":"Pol\u00edcia Militar da Para\u00edba"},"image":{"@id":"https:\/\/www.pm.pb.gov.br\/portal\/#\/schema\/logo\/image\/"}},{"@type":"Person","@id":"https:\/\/www.pm.pb.gov.br\/portal\/#\/schema\/person\/f84f56dcc78ce4357054da888b8247fd","name":"Tarcisio Oliveira","image":{"@type":"ImageObject","inLanguage":"pt-BR","@id":"https:\/\/www.pm.pb.gov.br\/portal\/#\/schema\/person\/image\/","url":"https:\/\/secure.gravatar.com\/avatar\/72917b630b69d31cd0297507f34bac97?s=96&d=mm&r=g","contentUrl":"https:\/\/secure.gravatar.com\/avatar\/72917b630b69d31cd0297507f34bac97?s=96&d=mm&r=g","caption":"Tarcisio Oliveira"},"url":"https:\/\/www.pm.pb.gov.br\/portal\/author\/tarcisio\/"}]}},"_links":{"self":[{"href":"https:\/\/www.pm.pb.gov.br\/portal\/wp-json\/wp\/v2\/posts\/909860"}],"collection":[{"href":"https:\/\/www.pm.pb.gov.br\/portal\/wp-json\/wp\/v2\/posts"}],"about":[{"href":"https:\/\/www.pm.pb.gov.br\/portal\/wp-json\/wp\/v2\/types\/post"}],"author":[{"embeddable":true,"href":"https:\/\/www.pm.pb.gov.br\/portal\/wp-json\/wp\/v2\/users\/12"}],"replies":[{"embeddable":true,"href":"https:\/\/www.pm.pb.gov.br\/portal\/wp-json\/wp\/v2\/comments?post=909860"}],"version-history":[{"count":2,"href":"https:\/\/www.pm.pb.gov.br\/portal\/wp-json\/wp\/v2\/posts\/909860\/revisions"}],"predecessor-version":[{"id":909865,"href":"https:\/\/www.pm.pb.gov.br\/portal\/wp-json\/wp\/v2\/posts\/909860\/revisions\/909865"}],"wp:featuredmedia":[{"embeddable":true,"href":"https:\/\/www.pm.pb.gov.br\/portal\/wp-json\/wp\/v2\/media\/909862"}],"wp:attachment":[{"href":"https:\/\/www.pm.pb.gov.br\/portal\/wp-json\/wp\/v2\/media?parent=909860"}],"wp:term":[{"taxonomy":"category","embeddable":true,"href":"https:\/\/www.pm.pb.gov.br\/portal\/wp-json\/wp\/v2\/categories?post=909860"},{"taxonomy":"post_tag","embeddable":true,"href":"https:\/\/www.pm.pb.gov.br\/portal\/wp-json\/wp\/v2\/tags?post=909860"}],"curies":[{"name":"wp","href":"https:\/\/api.w.org\/{rel}","templated":true}]}}