{"id":909844,"date":"2021-03-21T18:02:30","date_gmt":"2021-03-21T21:02:30","guid":{"rendered":"http:\/\/www.pm.pb.gov.br\/portal\/?p=909844"},"modified":"2021-03-22T13:30:42","modified_gmt":"2021-03-22T16:30:42","slug":"operacao-previna-se-policia-militar-apreende-doze-armas-de-fogo-e-detem-dez-suspeitos","status":"publish","type":"post","link":"https:\/\/www.pm.pb.gov.br\/portal\/2021\/03\/21\/operacao-previna-se-policia-militar-apreende-doze-armas-de-fogo-e-detem-dez-suspeitos\/","title":{"rendered":"OPERA\u00c7\u00c3O PREVINA-SE: Pol\u00edcia Militar apreende doze armas de fogo e det\u00e9m dez suspeitos"},"content":{"rendered":"\n<p>Doze armas de fogo foram retiradas das ruas em toda Para\u00edba, desde a noite da \u00faltima sexta-feira at\u00e9 a manh\u00e3 deste domingo (21), durante as a\u00e7\u00f5es realizadas pela Pol\u00edcia Militar em Santa Rita, e nas cidades de Mari, Lucena, Pitimbu, Itapororoca, Alagoa Grande, Patos e Pianc\u00f3 (foto acima ilustrativa). Dez pessoas foram detidas em flagrante.<\/p>\n<p>A Opera\u00e7\u00e3o Previna-se ocorre em todo o estado e foi deflagrada desde a noite da sexta-feira (19), e segue durante todo o final de semana. A mesma tem o objetivo de intensificar o policiamento, prevenir crimes e refor\u00e7ar as fiscaliza\u00e7\u00f5es quanto \u00e0s medidas publicadas pelos decretos governamentais, estabelecidos para reduzir a dissemina\u00e7\u00e3o do novo coronav\u00edrus na Para\u00edba.<\/p>\n<p><img loading=\"lazy\" decoding=\"async\" class=\" wp-image-909849 aligncenter\" src=\"http:\/\/www.pm.pb.gov.br\/portal\/wp-content\/uploads\/2021\/03\/WhatsApp-Image-2021-03-21-at-16.51.52-277x445.jpeg\" alt=\"\" width=\"237\" height=\"381\" srcset=\"https:\/\/www.pm.pb.gov.br\/portal\/wp-content\/uploads\/2021\/03\/WhatsApp-Image-2021-03-21-at-16.51.52-277x445.jpeg 277w, https:\/\/www.pm.pb.gov.br\/portal\/wp-content\/uploads\/2021\/03\/WhatsApp-Image-2021-03-21-at-16.51.52-355x570.jpeg 355w, https:\/\/www.pm.pb.gov.br\/portal\/wp-content\/uploads\/2021\/03\/WhatsApp-Image-2021-03-21-at-16.51.52.jpeg 492w\" sizes=\"(max-width: 237px) 100vw, 237px\" \/><\/p>\n<p>Os presos e apreendidos foram apresentados com as armas nas delegacias de Pol\u00edcia Civil, para ficarem \u00e0 disposi\u00e7\u00e3o da justi\u00e7a.<\/p>\n<p><em>Atualizado \u00e0s 13h35, do dia 22\/03.<\/em><\/p>\n","protected":false},"excerpt":{"rendered":"<p>Doze armas de fogo foram retiradas das ruas em toda Para\u00edba, desde a noite da \u00faltima sexta-feira at\u00e9 a manh\u00e3<\/p>\n","protected":false},"author":5,"featured_media":905417,"comment_status":"closed","ping_status":"closed","sticky":false,"template":"","format":"standard","meta":{"_exactmetrics_skip_tracking":false,"_exactmetrics_sitenote_active":false,"_exactmetrics_sitenote_note":"","_exactmetrics_sitenote_category":0,"footnotes":""},"categories":[4],"tags":[],"yoast_head":"<!-- This site is optimized with the Yoast SEO plugin v22.0 - https:\/\/yoast.com\/wordpress\/plugins\/seo\/ -->\n<title>OPERA\u00c7\u00c3O PREVINA-SE: Pol\u00edcia Militar apreende doze armas de fogo e det\u00e9m dez suspeitos - Pol\u00edcia Militar da Para\u00edba<\/title>\n<meta name=\"robots\" content=\"index, follow, max-snippet:-1, max-image-preview:large, max-video-preview:-1\" \/>\n<link rel=\"canonical\" href=\"https:\/\/www.pm.pb.gov.br\/portal\/2021\/03\/21\/operacao-previna-se-policia-militar-apreende-doze-armas-de-fogo-e-detem-dez-suspeitos\/\" \/>\n<meta property=\"og:locale\" content=\"pt_BR\" \/>\n<meta property=\"og:type\" content=\"article\" \/>\n<meta property=\"og:title\" content=\"OPERA\u00c7\u00c3O PREVINA-SE: Pol\u00edcia Militar apreende doze armas de fogo e det\u00e9m dez suspeitos - Pol\u00edcia Militar da Para\u00edba\" \/>\n<meta property=\"og:description\" content=\"Doze armas de fogo foram retiradas das ruas em toda Para\u00edba, desde a noite da \u00faltima sexta-feira at\u00e9 a manh\u00e3\" \/>\n<meta property=\"og:url\" content=\"https:\/\/www.pm.pb.gov.br\/portal\/2021\/03\/21\/operacao-previna-se-policia-militar-apreende-doze-armas-de-fogo-e-detem-dez-suspeitos\/\" \/>\n<meta property=\"og:site_name\" content=\"Pol\u00edcia Militar da Para\u00edba\" \/>\n<meta property=\"article:published_time\" content=\"2021-03-21T21:02:30+00:00\" \/>\n<meta property=\"article:modified_time\" content=\"2021-03-22T16:30:42+00:00\" \/>\n<meta property=\"og:image\" content=\"https:\/\/www.pm.pb.gov.br\/portal\/wp-content\/uploads\/2020\/05\/ilustrativa_cabedelo.jpeg\" \/>\n\t<meta property=\"og:image:width\" content=\"800\" \/>\n\t<meta property=\"og:image:height\" content=\"445\" \/>\n\t<meta property=\"og:image:type\" content=\"image\/jpeg\" \/>\n<meta name=\"author\" content=\"Assessoria de Imprensa da PMPB\" \/>\n<meta name=\"twitter:card\" content=\"summary_large_image\" \/>\n<meta name=\"twitter:label1\" content=\"Escrito por\" \/>\n\t<meta name=\"twitter:data1\" content=\"Assessoria de Imprensa da PMPB\" \/>\n\t<meta name=\"twitter:label2\" content=\"Est. tempo de leitura\" \/>\n\t<meta name=\"twitter:data2\" content=\"1 minuto\" \/>\n<script type=\"application\/ld+json\" class=\"yoast-schema-graph\">{\"@context\":\"https:\/\/schema.org\",\"@graph\":[{\"@type\":\"Article\",\"@id\":\"https:\/\/www.pm.pb.gov.br\/portal\/2021\/03\/21\/operacao-previna-se-policia-militar-apreende-doze-armas-de-fogo-e-detem-dez-suspeitos\/#article\",\"isPartOf\":{\"@id\":\"https:\/\/www.pm.pb.gov.br\/portal\/2021\/03\/21\/operacao-previna-se-policia-militar-apreende-doze-armas-de-fogo-e-detem-dez-suspeitos\/\"},\"author\":{\"name\":\"Assessoria de Imprensa da PMPB\",\"@id\":\"https:\/\/www.pm.pb.gov.br\/portal\/#\/schema\/person\/e8454f46651c3ecf0e1ba3c1666d9947\"},\"headline\":\"OPERA\u00c7\u00c3O PREVINA-SE: Pol\u00edcia Militar apreende doze armas de fogo e det\u00e9m dez suspeitos\",\"datePublished\":\"2021-03-21T21:02:30+00:00\",\"dateModified\":\"2021-03-22T16:30:42+00:00\",\"mainEntityOfPage\":{\"@id\":\"https:\/\/www.pm.pb.gov.br\/portal\/2021\/03\/21\/operacao-previna-se-policia-militar-apreende-doze-armas-de-fogo-e-detem-dez-suspeitos\/\"},\"wordCount\":162,\"publisher\":{\"@id\":\"https:\/\/www.pm.pb.gov.br\/portal\/#organization\"},\"articleSection\":[\"A\u00e7\u00f5es Policiais\"],\"inLanguage\":\"pt-BR\"},{\"@type\":\"WebPage\",\"@id\":\"https:\/\/www.pm.pb.gov.br\/portal\/2021\/03\/21\/operacao-previna-se-policia-militar-apreende-doze-armas-de-fogo-e-detem-dez-suspeitos\/\",\"url\":\"https:\/\/www.pm.pb.gov.br\/portal\/2021\/03\/21\/operacao-previna-se-policia-militar-apreende-doze-armas-de-fogo-e-detem-dez-suspeitos\/\",\"name\":\"OPERA\u00c7\u00c3O PREVINA-SE: Pol\u00edcia Militar apreende doze armas de fogo e det\u00e9m dez suspeitos - Pol\u00edcia Militar da Para\u00edba\",\"isPartOf\":{\"@id\":\"https:\/\/www.pm.pb.gov.br\/portal\/#website\"},\"datePublished\":\"2021-03-21T21:02:30+00:00\",\"dateModified\":\"2021-03-22T16:30:42+00:00\",\"breadcrumb\":{\"@id\":\"https:\/\/www.pm.pb.gov.br\/portal\/2021\/03\/21\/operacao-previna-se-policia-militar-apreende-doze-armas-de-fogo-e-detem-dez-suspeitos\/#breadcrumb\"},\"inLanguage\":\"pt-BR\",\"potentialAction\":[{\"@type\":\"ReadAction\",\"target\":[\"https:\/\/www.pm.pb.gov.br\/portal\/2021\/03\/21\/operacao-previna-se-policia-militar-apreende-doze-armas-de-fogo-e-detem-dez-suspeitos\/\"]}]},{\"@type\":\"BreadcrumbList\",\"@id\":\"https:\/\/www.pm.pb.gov.br\/portal\/2021\/03\/21\/operacao-previna-se-policia-militar-apreende-doze-armas-de-fogo-e-detem-dez-suspeitos\/#breadcrumb\",\"itemListElement\":[{\"@type\":\"ListItem\",\"position\":1,\"name\":\"In\u00edcio\",\"item\":\"https:\/\/www.pm.pb.gov.br\/portal\/\"},{\"@type\":\"ListItem\",\"position\":2,\"name\":\"OPERA\u00c7\u00c3O PREVINA-SE: Pol\u00edcia Militar apreende doze armas de fogo e det\u00e9m dez suspeitos\"}]},{\"@type\":\"WebSite\",\"@id\":\"https:\/\/www.pm.pb.gov.br\/portal\/#website\",\"url\":\"https:\/\/www.pm.pb.gov.br\/portal\/\",\"name\":\"Pol\u00edcia Militar da Para\u00edba\",\"description\":\"\",\"publisher\":{\"@id\":\"https:\/\/www.pm.pb.gov.br\/portal\/#organization\"},\"potentialAction\":[{\"@type\":\"SearchAction\",\"target\":{\"@type\":\"EntryPoint\",\"urlTemplate\":\"https:\/\/www.pm.pb.gov.br\/portal\/?s={search_term_string}\"},\"query-input\":\"required name=search_term_string\"}],\"inLanguage\":\"pt-BR\"},{\"@type\":\"Organization\",\"@id\":\"https:\/\/www.pm.pb.gov.br\/portal\/#organization\",\"name\":\"Pol\u00edcia Militar da Para\u00edba\",\"url\":\"https:\/\/www.pm.pb.gov.br\/portal\/\",\"logo\":{\"@type\":\"ImageObject\",\"inLanguage\":\"pt-BR\",\"@id\":\"https:\/\/www.pm.pb.gov.br\/portal\/#\/schema\/logo\/image\/\",\"url\":\"https:\/\/www.pm.pb.gov.br\/portal\/wp-content\/uploads\/2025\/03\/cropped-logo-site-mag2-1.png\",\"contentUrl\":\"https:\/\/www.pm.pb.gov.br\/portal\/wp-content\/uploads\/2025\/03\/cropped-logo-site-mag2-1.png\",\"width\":320,\"height\":90,\"caption\":\"Pol\u00edcia Militar da Para\u00edba\"},\"image\":{\"@id\":\"https:\/\/www.pm.pb.gov.br\/portal\/#\/schema\/logo\/image\/\"}},{\"@type\":\"Person\",\"@id\":\"https:\/\/www.pm.pb.gov.br\/portal\/#\/schema\/person\/e8454f46651c3ecf0e1ba3c1666d9947\",\"name\":\"Assessoria de Imprensa da PMPB\",\"image\":{\"@type\":\"ImageObject\",\"inLanguage\":\"pt-BR\",\"@id\":\"https:\/\/www.pm.pb.gov.br\/portal\/#\/schema\/person\/image\/\",\"url\":\"https:\/\/secure.gravatar.com\/avatar\/2efe197438265d1e90bd98c4c8e1acf8?s=96&d=mm&r=g\",\"contentUrl\":\"https:\/\/secure.gravatar.com\/avatar\/2efe197438265d1e90bd98c4c8e1acf8?s=96&d=mm&r=g\",\"caption\":\"Assessoria de Imprensa da PMPB\"},\"url\":\"https:\/\/www.pm.pb.gov.br\/portal\/author\/assessoria\/\"}]}<\/script>\n<!-- \/ Yoast SEO plugin. -->","yoast_head_json":{"title":"OPERA\u00c7\u00c3O PREVINA-SE: Pol\u00edcia Militar apreende doze armas de fogo e det\u00e9m dez suspeitos - Pol\u00edcia Militar da Para\u00edba","robots":{"index":"index","follow":"follow","max-snippet":"max-snippet:-1","max-image-preview":"max-image-preview:large","max-video-preview":"max-video-preview:-1"},"canonical":"https:\/\/www.pm.pb.gov.br\/portal\/2021\/03\/21\/operacao-previna-se-policia-militar-apreende-doze-armas-de-fogo-e-detem-dez-suspeitos\/","og_locale":"pt_BR","og_type":"article","og_title":"OPERA\u00c7\u00c3O PREVINA-SE: Pol\u00edcia Militar apreende doze armas de fogo e det\u00e9m dez suspeitos - Pol\u00edcia Militar da Para\u00edba","og_description":"Doze armas de fogo foram retiradas das ruas em toda Para\u00edba, desde a noite da \u00faltima sexta-feira at\u00e9 a manh\u00e3","og_url":"https:\/\/www.pm.pb.gov.br\/portal\/2021\/03\/21\/operacao-previna-se-policia-militar-apreende-doze-armas-de-fogo-e-detem-dez-suspeitos\/","og_site_name":"Pol\u00edcia Militar da Para\u00edba","article_published_time":"2021-03-21T21:02:30+00:00","article_modified_time":"2021-03-22T16:30:42+00:00","og_image":[{"width":800,"height":445,"url":"https:\/\/www.pm.pb.gov.br\/portal\/wp-content\/uploads\/2020\/05\/ilustrativa_cabedelo.jpeg","type":"image\/jpeg"}],"author":"Assessoria de Imprensa da PMPB","twitter_card":"summary_large_image","twitter_misc":{"Escrito por":"Assessoria de Imprensa da PMPB","Est. tempo de leitura":"1 minuto"},"schema":{"@context":"https:\/\/schema.org","@graph":[{"@type":"Article","@id":"https:\/\/www.pm.pb.gov.br\/portal\/2021\/03\/21\/operacao-previna-se-policia-militar-apreende-doze-armas-de-fogo-e-detem-dez-suspeitos\/#article","isPartOf":{"@id":"https:\/\/www.pm.pb.gov.br\/portal\/2021\/03\/21\/operacao-previna-se-policia-militar-apreende-doze-armas-de-fogo-e-detem-dez-suspeitos\/"},"author":{"name":"Assessoria de Imprensa da PMPB","@id":"https:\/\/www.pm.pb.gov.br\/portal\/#\/schema\/person\/e8454f46651c3ecf0e1ba3c1666d9947"},"headline":"OPERA\u00c7\u00c3O PREVINA-SE: Pol\u00edcia Militar apreende doze armas de fogo e det\u00e9m dez suspeitos","datePublished":"2021-03-21T21:02:30+00:00","dateModified":"2021-03-22T16:30:42+00:00","mainEntityOfPage":{"@id":"https:\/\/www.pm.pb.gov.br\/portal\/2021\/03\/21\/operacao-previna-se-policia-militar-apreende-doze-armas-de-fogo-e-detem-dez-suspeitos\/"},"wordCount":162,"publisher":{"@id":"https:\/\/www.pm.pb.gov.br\/portal\/#organization"},"articleSection":["A\u00e7\u00f5es Policiais"],"inLanguage":"pt-BR"},{"@type":"WebPage","@id":"https:\/\/www.pm.pb.gov.br\/portal\/2021\/03\/21\/operacao-previna-se-policia-militar-apreende-doze-armas-de-fogo-e-detem-dez-suspeitos\/","url":"https:\/\/www.pm.pb.gov.br\/portal\/2021\/03\/21\/operacao-previna-se-policia-militar-apreende-doze-armas-de-fogo-e-detem-dez-suspeitos\/","name":"OPERA\u00c7\u00c3O PREVINA-SE: Pol\u00edcia Militar apreende doze armas de fogo e det\u00e9m dez suspeitos - Pol\u00edcia Militar da Para\u00edba","isPartOf":{"@id":"https:\/\/www.pm.pb.gov.br\/portal\/#website"},"datePublished":"2021-03-21T21:02:30+00:00","dateModified":"2021-03-22T16:30:42+00:00","breadcrumb":{"@id":"https:\/\/www.pm.pb.gov.br\/portal\/2021\/03\/21\/operacao-previna-se-policia-militar-apreende-doze-armas-de-fogo-e-detem-dez-suspeitos\/#breadcrumb"},"inLanguage":"pt-BR","potentialAction":[{"@type":"ReadAction","target":["https:\/\/www.pm.pb.gov.br\/portal\/2021\/03\/21\/operacao-previna-se-policia-militar-apreende-doze-armas-de-fogo-e-detem-dez-suspeitos\/"]}]},{"@type":"BreadcrumbList","@id":"https:\/\/www.pm.pb.gov.br\/portal\/2021\/03\/21\/operacao-previna-se-policia-militar-apreende-doze-armas-de-fogo-e-detem-dez-suspeitos\/#breadcrumb","itemListElement":[{"@type":"ListItem","position":1,"name":"In\u00edcio","item":"https:\/\/www.pm.pb.gov.br\/portal\/"},{"@type":"ListItem","position":2,"name":"OPERA\u00c7\u00c3O PREVINA-SE: Pol\u00edcia Militar apreende doze armas de fogo e det\u00e9m dez suspeitos"}]},{"@type":"WebSite","@id":"https:\/\/www.pm.pb.gov.br\/portal\/#website","url":"https:\/\/www.pm.pb.gov.br\/portal\/","name":"Pol\u00edcia Militar da Para\u00edba","description":"","publisher":{"@id":"https:\/\/www.pm.pb.gov.br\/portal\/#organization"},"potentialAction":[{"@type":"SearchAction","target":{"@type":"EntryPoint","urlTemplate":"https:\/\/www.pm.pb.gov.br\/portal\/?s={search_term_string}"},"query-input":"required name=search_term_string"}],"inLanguage":"pt-BR"},{"@type":"Organization","@id":"https:\/\/www.pm.pb.gov.br\/portal\/#organization","name":"Pol\u00edcia Militar da Para\u00edba","url":"https:\/\/www.pm.pb.gov.br\/portal\/","logo":{"@type":"ImageObject","inLanguage":"pt-BR","@id":"https:\/\/www.pm.pb.gov.br\/portal\/#\/schema\/logo\/image\/","url":"https:\/\/www.pm.pb.gov.br\/portal\/wp-content\/uploads\/2025\/03\/cropped-logo-site-mag2-1.png","contentUrl":"https:\/\/www.pm.pb.gov.br\/portal\/wp-content\/uploads\/2025\/03\/cropped-logo-site-mag2-1.png","width":320,"height":90,"caption":"Pol\u00edcia Militar da Para\u00edba"},"image":{"@id":"https:\/\/www.pm.pb.gov.br\/portal\/#\/schema\/logo\/image\/"}},{"@type":"Person","@id":"https:\/\/www.pm.pb.gov.br\/portal\/#\/schema\/person\/e8454f46651c3ecf0e1ba3c1666d9947","name":"Assessoria de Imprensa da PMPB","image":{"@type":"ImageObject","inLanguage":"pt-BR","@id":"https:\/\/www.pm.pb.gov.br\/portal\/#\/schema\/person\/image\/","url":"https:\/\/secure.gravatar.com\/avatar\/2efe197438265d1e90bd98c4c8e1acf8?s=96&d=mm&r=g","contentUrl":"https:\/\/secure.gravatar.com\/avatar\/2efe197438265d1e90bd98c4c8e1acf8?s=96&d=mm&r=g","caption":"Assessoria de Imprensa da PMPB"},"url":"https:\/\/www.pm.pb.gov.br\/portal\/author\/assessoria\/"}]}},"_links":{"self":[{"href":"https:\/\/www.pm.pb.gov.br\/portal\/wp-json\/wp\/v2\/posts\/909844"}],"collection":[{"href":"https:\/\/www.pm.pb.gov.br\/portal\/wp-json\/wp\/v2\/posts"}],"about":[{"href":"https:\/\/www.pm.pb.gov.br\/portal\/wp-json\/wp\/v2\/types\/post"}],"author":[{"embeddable":true,"href":"https:\/\/www.pm.pb.gov.br\/portal\/wp-json\/wp\/v2\/users\/5"}],"replies":[{"embeddable":true,"href":"https:\/\/www.pm.pb.gov.br\/portal\/wp-json\/wp\/v2\/comments?post=909844"}],"version-history":[{"count":3,"href":"https:\/\/www.pm.pb.gov.br\/portal\/wp-json\/wp\/v2\/posts\/909844\/revisions"}],"predecessor-version":[{"id":909857,"href":"https:\/\/www.pm.pb.gov.br\/portal\/wp-json\/wp\/v2\/posts\/909844\/revisions\/909857"}],"wp:featuredmedia":[{"embeddable":true,"href":"https:\/\/www.pm.pb.gov.br\/portal\/wp-json\/wp\/v2\/media\/905417"}],"wp:attachment":[{"href":"https:\/\/www.pm.pb.gov.br\/portal\/wp-json\/wp\/v2\/media?parent=909844"}],"wp:term":[{"taxonomy":"category","embeddable":true,"href":"https:\/\/www.pm.pb.gov.br\/portal\/wp-json\/wp\/v2\/categories?post=909844"},{"taxonomy":"post_tag","embeddable":true,"href":"https:\/\/www.pm.pb.gov.br\/portal\/wp-json\/wp\/v2\/tags?post=909844"}],"curies":[{"name":"wp","href":"https:\/\/api.w.org\/{rel}","templated":true}]}}