{"id":909762,"date":"2021-03-15T16:17:55","date_gmt":"2021-03-15T19:17:55","guid":{"rendered":"http:\/\/www.pm.pb.gov.br\/portal\/?p=909762"},"modified":"2021-03-26T15:41:39","modified_gmt":"2021-03-26T18:41:39","slug":"policiais-militares-sao-homenageados-apos-ocorrencia-na-zonal-sul-de-joao-pessoa","status":"publish","type":"post","link":"https:\/\/www.pm.pb.gov.br\/portal\/2021\/03\/15\/policiais-militares-sao-homenageados-apos-ocorrencia-na-zonal-sul-de-joao-pessoa\/","title":{"rendered":"Policiais militares s\u00e3o homenageados ap\u00f3s ocorr\u00eancia na zonal sul de Jo\u00e3o Pessoa"},"content":{"rendered":"\n<p>Profissionalismo, zelo e iniciativa. Esses s\u00e3o apenas alguns dos adjetivos que caracterizam os oito policiais militares que foram homenageados nesta segunda-feira (15), no Quartel do Comando Geral em Jo\u00e3o Pessoa (foto acima). O motivo da homenagem foi uma ocorr\u00eancia policial que aconteceu na madrugada do \u00faltimo s\u00e1bado (13), na zona sul da capital.<\/p>\n<p>Os policiais, que s\u00e3o do 5\u00ba Batalh\u00e3o, estavam em duas viaturas e fizeram o acompanhamento e intercepta\u00e7\u00e3o de um ve\u00edculo que estava \u2013 a priori &#8211; com tr\u00eas pessoas em atitude suspeita, no bairro de Paratibe. Uma das guarni\u00e7\u00f5es, utilizando sincronia e agilidade, realizou uma manobra no estilo \u2018cavalo-de-pau\u2019, fechando o ve\u00edculo que seria abordado.<\/p>\n<p>Na ocorr\u00eancia n\u00e3o foram encontrados il\u00edcitos e as pessoas ap\u00f3s abordadas foram orientadas a seguiram o \u2018toque de recolher\u2019 do decreto estadual, e foram para sua resid\u00eancia. A imagem da viatura fazendo a manobra durante a abordagem repercutiu nas redes-sociais, mostrando o profissionalismo e iniciativa dos policiais no atendimento da ocorr\u00eancia. \u00a0<\/p>\n<p><img loading=\"lazy\" decoding=\"async\" class=\" wp-image-909764 aligncenter\" src=\"http:\/\/www.pm.pb.gov.br\/portal\/wp-content\/uploads\/2021\/03\/WhatsApp-Image-2021-03-15-at-15.58.15-668x445.jpeg\" alt=\"\" width=\"505\" height=\"336\" srcset=\"https:\/\/www.pm.pb.gov.br\/portal\/wp-content\/uploads\/2021\/03\/WhatsApp-Image-2021-03-15-at-15.58.15-668x445.jpeg 668w, https:\/\/www.pm.pb.gov.br\/portal\/wp-content\/uploads\/2021\/03\/WhatsApp-Image-2021-03-15-at-15.58.15-855x570.jpeg 855w, https:\/\/www.pm.pb.gov.br\/portal\/wp-content\/uploads\/2021\/03\/WhatsApp-Image-2021-03-15-at-15.58.15-768x512.jpeg 768w, https:\/\/www.pm.pb.gov.br\/portal\/wp-content\/uploads\/2021\/03\/WhatsApp-Image-2021-03-15-at-15.58.15-272x182.jpeg 272w, https:\/\/www.pm.pb.gov.br\/portal\/wp-content\/uploads\/2021\/03\/WhatsApp-Image-2021-03-15-at-15.58.15.jpeg 1280w\" sizes=\"(max-width: 505px) 100vw, 505px\" \/><\/p>\n<p>Os policiais foram homenageados (foto acima) com a L\u00e1urea do M\u00e9rito Operacional e receberam as comendas do pr\u00f3prio comandante-geral da PM, coronel Euller Chaves, acompanhado do subcomando da institui\u00e7\u00e3o, do comando regional metropolitano, do comando do Centro de Educa\u00e7\u00e3o (CE), e do comando do 5\u00ba Batalh\u00e3o.<\/p>\n<p>Policiais militares que s\u00e3o instrutores de dire\u00e7\u00e3o defensiva do CE e que tamb\u00e9m foram instrutores dos policiais envolvidos na ocorr\u00eancia, tamb\u00e9m foram homenageados na ocasi\u00e3o. Eles receberam a L\u00e1urea do Magist\u00e9rio Militar pelo trabalho prestado nos cursos de forma\u00e7\u00e3o, capacita\u00e7\u00e3o e treinamentos realizados pela institui\u00e7\u00e3o com seus policiais, resultando em abordagens seguras com a que foi vista no s\u00e1bado.<\/p>\n<p>\u201cO momento \u00e9 de reconhecer o profissionalismo e a iniciativa desses policiais que, utilizando uma manobra assertiva, conseguiram realizar uma abordagem segura, prevenindo um mal maior no cumprimento do dever. N\u00e3o podemos esquecer que isso tamb\u00e9m \u00e9 resultado do processo de ensino-aprendizagem em nossa institui\u00e7\u00e3o, que propiciou essa pr\u00e1tica da abordagem segura, por isso que tamb\u00e9m homenageamos os instrutores\u201d, explicou o coronel Euller. \u00a0<\/p>\n<p><img loading=\"lazy\" decoding=\"async\" class=\" wp-image-909765 aligncenter\" src=\"http:\/\/www.pm.pb.gov.br\/portal\/wp-content\/uploads\/2021\/03\/WhatsApp-Image-2021-03-15-at-15.58.45-668x445.jpeg\" alt=\"\" width=\"535\" height=\"356\" srcset=\"https:\/\/www.pm.pb.gov.br\/portal\/wp-content\/uploads\/2021\/03\/WhatsApp-Image-2021-03-15-at-15.58.45-668x445.jpeg 668w, https:\/\/www.pm.pb.gov.br\/portal\/wp-content\/uploads\/2021\/03\/WhatsApp-Image-2021-03-15-at-15.58.45-855x570.jpeg 855w, https:\/\/www.pm.pb.gov.br\/portal\/wp-content\/uploads\/2021\/03\/WhatsApp-Image-2021-03-15-at-15.58.45-768x512.jpeg 768w, https:\/\/www.pm.pb.gov.br\/portal\/wp-content\/uploads\/2021\/03\/WhatsApp-Image-2021-03-15-at-15.58.45-272x182.jpeg 272w, https:\/\/www.pm.pb.gov.br\/portal\/wp-content\/uploads\/2021\/03\/WhatsApp-Image-2021-03-15-at-15.58.45.jpeg 1280w\" sizes=\"(max-width: 535px) 100vw, 535px\" \/><\/p>\n<p><strong>Dados &#8211;<\/strong> Entre a \u00faltima sexta-feira, s\u00e1bado e domingo, a PM atendeu 2.104 ocorr\u00eancias em toda a Para\u00edba. As a\u00e7\u00f5es da institui\u00e7\u00e3o resultaram na apreens\u00e3o de 15 armas de fogo, e condu\u00e7\u00e3o de 106 pessoas para as delegacias, entre elas adultos, menores e procurados pela Justi\u00e7a que estavam com mandados de pris\u00e3o em aberto. Os n\u00fameros s\u00e3o da Coordenadoria de Estat\u00edstica e Avalia\u00e7\u00e3o da PM.<\/p>\n","protected":false},"excerpt":{"rendered":"<p>Profissionalismo, zelo e iniciativa. Esses s\u00e3o apenas alguns dos adjetivos que caracterizam os oito policiais militares que foram homenageados nesta<\/p>\n","protected":false},"author":12,"featured_media":909763,"comment_status":"closed","ping_status":"closed","sticky":false,"template":"","format":"standard","meta":{"_exactmetrics_skip_tracking":false,"_exactmetrics_sitenote_active":false,"_exactmetrics_sitenote_note":"","_exactmetrics_sitenote_category":0,"footnotes":""},"categories":[5],"tags":[],"yoast_head":"<!-- This site is optimized with the Yoast SEO plugin v22.0 - https:\/\/yoast.com\/wordpress\/plugins\/seo\/ -->\n<title>Policiais militares s\u00e3o homenageados ap\u00f3s ocorr\u00eancia na zonal sul de Jo\u00e3o Pessoa - Pol\u00edcia Militar da Para\u00edba<\/title>\n<meta name=\"robots\" content=\"index, follow, max-snippet:-1, max-image-preview:large, max-video-preview:-1\" \/>\n<link rel=\"canonical\" href=\"https:\/\/www.pm.pb.gov.br\/portal\/2021\/03\/15\/policiais-militares-sao-homenageados-apos-ocorrencia-na-zonal-sul-de-joao-pessoa\/\" \/>\n<meta property=\"og:locale\" content=\"pt_BR\" \/>\n<meta property=\"og:type\" content=\"article\" \/>\n<meta property=\"og:title\" content=\"Policiais militares s\u00e3o homenageados ap\u00f3s ocorr\u00eancia na zonal sul de Jo\u00e3o Pessoa - Pol\u00edcia Militar da Para\u00edba\" \/>\n<meta property=\"og:description\" content=\"Profissionalismo, zelo e iniciativa. Esses s\u00e3o apenas alguns dos adjetivos que caracterizam os oito policiais militares que foram homenageados nesta\" \/>\n<meta property=\"og:url\" content=\"https:\/\/www.pm.pb.gov.br\/portal\/2021\/03\/15\/policiais-militares-sao-homenageados-apos-ocorrencia-na-zonal-sul-de-joao-pessoa\/\" \/>\n<meta property=\"og:site_name\" content=\"Pol\u00edcia Militar da Para\u00edba\" \/>\n<meta property=\"article:published_time\" content=\"2021-03-15T19:17:55+00:00\" \/>\n<meta property=\"article:modified_time\" content=\"2021-03-26T18:41:39+00:00\" \/>\n<meta property=\"og:image\" content=\"https:\/\/www.pm.pb.gov.br\/portal\/wp-content\/uploads\/2021\/03\/homenagem.jpeg\" \/>\n\t<meta property=\"og:image:width\" content=\"800\" \/>\n\t<meta property=\"og:image:height\" content=\"445\" \/>\n\t<meta property=\"og:image:type\" content=\"image\/jpeg\" \/>\n<meta name=\"author\" content=\"Tarcisio Oliveira\" \/>\n<meta name=\"twitter:card\" content=\"summary_large_image\" \/>\n<meta name=\"twitter:label1\" content=\"Escrito por\" \/>\n\t<meta name=\"twitter:data1\" content=\"Tarcisio Oliveira\" \/>\n\t<meta name=\"twitter:label2\" content=\"Est. tempo de leitura\" \/>\n\t<meta name=\"twitter:data2\" content=\"2 minutos\" \/>\n<script type=\"application\/ld+json\" class=\"yoast-schema-graph\">{\"@context\":\"https:\/\/schema.org\",\"@graph\":[{\"@type\":\"Article\",\"@id\":\"https:\/\/www.pm.pb.gov.br\/portal\/2021\/03\/15\/policiais-militares-sao-homenageados-apos-ocorrencia-na-zonal-sul-de-joao-pessoa\/#article\",\"isPartOf\":{\"@id\":\"https:\/\/www.pm.pb.gov.br\/portal\/2021\/03\/15\/policiais-militares-sao-homenageados-apos-ocorrencia-na-zonal-sul-de-joao-pessoa\/\"},\"author\":{\"name\":\"Tarcisio Oliveira\",\"@id\":\"https:\/\/www.pm.pb.gov.br\/portal\/#\/schema\/person\/f84f56dcc78ce4357054da888b8247fd\"},\"headline\":\"Policiais militares s\u00e3o homenageados ap\u00f3s ocorr\u00eancia na zonal sul de Jo\u00e3o Pessoa\",\"datePublished\":\"2021-03-15T19:17:55+00:00\",\"dateModified\":\"2021-03-26T18:41:39+00:00\",\"mainEntityOfPage\":{\"@id\":\"https:\/\/www.pm.pb.gov.br\/portal\/2021\/03\/15\/policiais-militares-sao-homenageados-apos-ocorrencia-na-zonal-sul-de-joao-pessoa\/\"},\"wordCount\":451,\"publisher\":{\"@id\":\"https:\/\/www.pm.pb.gov.br\/portal\/#organization\"},\"articleSection\":[\"Homenagens\"],\"inLanguage\":\"pt-BR\"},{\"@type\":\"WebPage\",\"@id\":\"https:\/\/www.pm.pb.gov.br\/portal\/2021\/03\/15\/policiais-militares-sao-homenageados-apos-ocorrencia-na-zonal-sul-de-joao-pessoa\/\",\"url\":\"https:\/\/www.pm.pb.gov.br\/portal\/2021\/03\/15\/policiais-militares-sao-homenageados-apos-ocorrencia-na-zonal-sul-de-joao-pessoa\/\",\"name\":\"Policiais militares s\u00e3o homenageados ap\u00f3s ocorr\u00eancia na zonal sul de Jo\u00e3o Pessoa - Pol\u00edcia Militar da Para\u00edba\",\"isPartOf\":{\"@id\":\"https:\/\/www.pm.pb.gov.br\/portal\/#website\"},\"datePublished\":\"2021-03-15T19:17:55+00:00\",\"dateModified\":\"2021-03-26T18:41:39+00:00\",\"breadcrumb\":{\"@id\":\"https:\/\/www.pm.pb.gov.br\/portal\/2021\/03\/15\/policiais-militares-sao-homenageados-apos-ocorrencia-na-zonal-sul-de-joao-pessoa\/#breadcrumb\"},\"inLanguage\":\"pt-BR\",\"potentialAction\":[{\"@type\":\"ReadAction\",\"target\":[\"https:\/\/www.pm.pb.gov.br\/portal\/2021\/03\/15\/policiais-militares-sao-homenageados-apos-ocorrencia-na-zonal-sul-de-joao-pessoa\/\"]}]},{\"@type\":\"BreadcrumbList\",\"@id\":\"https:\/\/www.pm.pb.gov.br\/portal\/2021\/03\/15\/policiais-militares-sao-homenageados-apos-ocorrencia-na-zonal-sul-de-joao-pessoa\/#breadcrumb\",\"itemListElement\":[{\"@type\":\"ListItem\",\"position\":1,\"name\":\"In\u00edcio\",\"item\":\"https:\/\/www.pm.pb.gov.br\/portal\/\"},{\"@type\":\"ListItem\",\"position\":2,\"name\":\"Policiais militares s\u00e3o homenageados ap\u00f3s ocorr\u00eancia na zonal sul de Jo\u00e3o Pessoa\"}]},{\"@type\":\"WebSite\",\"@id\":\"https:\/\/www.pm.pb.gov.br\/portal\/#website\",\"url\":\"https:\/\/www.pm.pb.gov.br\/portal\/\",\"name\":\"Pol\u00edcia Militar da Para\u00edba\",\"description\":\"\",\"publisher\":{\"@id\":\"https:\/\/www.pm.pb.gov.br\/portal\/#organization\"},\"potentialAction\":[{\"@type\":\"SearchAction\",\"target\":{\"@type\":\"EntryPoint\",\"urlTemplate\":\"https:\/\/www.pm.pb.gov.br\/portal\/?s={search_term_string}\"},\"query-input\":\"required name=search_term_string\"}],\"inLanguage\":\"pt-BR\"},{\"@type\":\"Organization\",\"@id\":\"https:\/\/www.pm.pb.gov.br\/portal\/#organization\",\"name\":\"Pol\u00edcia Militar da Para\u00edba\",\"url\":\"https:\/\/www.pm.pb.gov.br\/portal\/\",\"logo\":{\"@type\":\"ImageObject\",\"inLanguage\":\"pt-BR\",\"@id\":\"https:\/\/www.pm.pb.gov.br\/portal\/#\/schema\/logo\/image\/\",\"url\":\"https:\/\/www.pm.pb.gov.br\/portal\/wp-content\/uploads\/2025\/03\/cropped-logo-site-mag2-1.png\",\"contentUrl\":\"https:\/\/www.pm.pb.gov.br\/portal\/wp-content\/uploads\/2025\/03\/cropped-logo-site-mag2-1.png\",\"width\":320,\"height\":90,\"caption\":\"Pol\u00edcia Militar da Para\u00edba\"},\"image\":{\"@id\":\"https:\/\/www.pm.pb.gov.br\/portal\/#\/schema\/logo\/image\/\"}},{\"@type\":\"Person\",\"@id\":\"https:\/\/www.pm.pb.gov.br\/portal\/#\/schema\/person\/f84f56dcc78ce4357054da888b8247fd\",\"name\":\"Tarcisio Oliveira\",\"image\":{\"@type\":\"ImageObject\",\"inLanguage\":\"pt-BR\",\"@id\":\"https:\/\/www.pm.pb.gov.br\/portal\/#\/schema\/person\/image\/\",\"url\":\"https:\/\/secure.gravatar.com\/avatar\/72917b630b69d31cd0297507f34bac97?s=96&d=mm&r=g\",\"contentUrl\":\"https:\/\/secure.gravatar.com\/avatar\/72917b630b69d31cd0297507f34bac97?s=96&d=mm&r=g\",\"caption\":\"Tarcisio Oliveira\"},\"url\":\"https:\/\/www.pm.pb.gov.br\/portal\/author\/tarcisio\/\"}]}<\/script>\n<!-- \/ Yoast SEO plugin. -->","yoast_head_json":{"title":"Policiais militares s\u00e3o homenageados ap\u00f3s ocorr\u00eancia na zonal sul de Jo\u00e3o Pessoa - Pol\u00edcia Militar da Para\u00edba","robots":{"index":"index","follow":"follow","max-snippet":"max-snippet:-1","max-image-preview":"max-image-preview:large","max-video-preview":"max-video-preview:-1"},"canonical":"https:\/\/www.pm.pb.gov.br\/portal\/2021\/03\/15\/policiais-militares-sao-homenageados-apos-ocorrencia-na-zonal-sul-de-joao-pessoa\/","og_locale":"pt_BR","og_type":"article","og_title":"Policiais militares s\u00e3o homenageados ap\u00f3s ocorr\u00eancia na zonal sul de Jo\u00e3o Pessoa - Pol\u00edcia Militar da Para\u00edba","og_description":"Profissionalismo, zelo e iniciativa. Esses s\u00e3o apenas alguns dos adjetivos que caracterizam os oito policiais militares que foram homenageados nesta","og_url":"https:\/\/www.pm.pb.gov.br\/portal\/2021\/03\/15\/policiais-militares-sao-homenageados-apos-ocorrencia-na-zonal-sul-de-joao-pessoa\/","og_site_name":"Pol\u00edcia Militar da Para\u00edba","article_published_time":"2021-03-15T19:17:55+00:00","article_modified_time":"2021-03-26T18:41:39+00:00","og_image":[{"width":800,"height":445,"url":"https:\/\/www.pm.pb.gov.br\/portal\/wp-content\/uploads\/2021\/03\/homenagem.jpeg","type":"image\/jpeg"}],"author":"Tarcisio Oliveira","twitter_card":"summary_large_image","twitter_misc":{"Escrito por":"Tarcisio Oliveira","Est. tempo de leitura":"2 minutos"},"schema":{"@context":"https:\/\/schema.org","@graph":[{"@type":"Article","@id":"https:\/\/www.pm.pb.gov.br\/portal\/2021\/03\/15\/policiais-militares-sao-homenageados-apos-ocorrencia-na-zonal-sul-de-joao-pessoa\/#article","isPartOf":{"@id":"https:\/\/www.pm.pb.gov.br\/portal\/2021\/03\/15\/policiais-militares-sao-homenageados-apos-ocorrencia-na-zonal-sul-de-joao-pessoa\/"},"author":{"name":"Tarcisio Oliveira","@id":"https:\/\/www.pm.pb.gov.br\/portal\/#\/schema\/person\/f84f56dcc78ce4357054da888b8247fd"},"headline":"Policiais militares s\u00e3o homenageados ap\u00f3s ocorr\u00eancia na zonal sul de Jo\u00e3o Pessoa","datePublished":"2021-03-15T19:17:55+00:00","dateModified":"2021-03-26T18:41:39+00:00","mainEntityOfPage":{"@id":"https:\/\/www.pm.pb.gov.br\/portal\/2021\/03\/15\/policiais-militares-sao-homenageados-apos-ocorrencia-na-zonal-sul-de-joao-pessoa\/"},"wordCount":451,"publisher":{"@id":"https:\/\/www.pm.pb.gov.br\/portal\/#organization"},"articleSection":["Homenagens"],"inLanguage":"pt-BR"},{"@type":"WebPage","@id":"https:\/\/www.pm.pb.gov.br\/portal\/2021\/03\/15\/policiais-militares-sao-homenageados-apos-ocorrencia-na-zonal-sul-de-joao-pessoa\/","url":"https:\/\/www.pm.pb.gov.br\/portal\/2021\/03\/15\/policiais-militares-sao-homenageados-apos-ocorrencia-na-zonal-sul-de-joao-pessoa\/","name":"Policiais militares s\u00e3o homenageados ap\u00f3s ocorr\u00eancia na zonal sul de Jo\u00e3o Pessoa - Pol\u00edcia Militar da Para\u00edba","isPartOf":{"@id":"https:\/\/www.pm.pb.gov.br\/portal\/#website"},"datePublished":"2021-03-15T19:17:55+00:00","dateModified":"2021-03-26T18:41:39+00:00","breadcrumb":{"@id":"https:\/\/www.pm.pb.gov.br\/portal\/2021\/03\/15\/policiais-militares-sao-homenageados-apos-ocorrencia-na-zonal-sul-de-joao-pessoa\/#breadcrumb"},"inLanguage":"pt-BR","potentialAction":[{"@type":"ReadAction","target":["https:\/\/www.pm.pb.gov.br\/portal\/2021\/03\/15\/policiais-militares-sao-homenageados-apos-ocorrencia-na-zonal-sul-de-joao-pessoa\/"]}]},{"@type":"BreadcrumbList","@id":"https:\/\/www.pm.pb.gov.br\/portal\/2021\/03\/15\/policiais-militares-sao-homenageados-apos-ocorrencia-na-zonal-sul-de-joao-pessoa\/#breadcrumb","itemListElement":[{"@type":"ListItem","position":1,"name":"In\u00edcio","item":"https:\/\/www.pm.pb.gov.br\/portal\/"},{"@type":"ListItem","position":2,"name":"Policiais militares s\u00e3o homenageados ap\u00f3s ocorr\u00eancia na zonal sul de Jo\u00e3o Pessoa"}]},{"@type":"WebSite","@id":"https:\/\/www.pm.pb.gov.br\/portal\/#website","url":"https:\/\/www.pm.pb.gov.br\/portal\/","name":"Pol\u00edcia Militar da Para\u00edba","description":"","publisher":{"@id":"https:\/\/www.pm.pb.gov.br\/portal\/#organization"},"potentialAction":[{"@type":"SearchAction","target":{"@type":"EntryPoint","urlTemplate":"https:\/\/www.pm.pb.gov.br\/portal\/?s={search_term_string}"},"query-input":"required name=search_term_string"}],"inLanguage":"pt-BR"},{"@type":"Organization","@id":"https:\/\/www.pm.pb.gov.br\/portal\/#organization","name":"Pol\u00edcia Militar da Para\u00edba","url":"https:\/\/www.pm.pb.gov.br\/portal\/","logo":{"@type":"ImageObject","inLanguage":"pt-BR","@id":"https:\/\/www.pm.pb.gov.br\/portal\/#\/schema\/logo\/image\/","url":"https:\/\/www.pm.pb.gov.br\/portal\/wp-content\/uploads\/2025\/03\/cropped-logo-site-mag2-1.png","contentUrl":"https:\/\/www.pm.pb.gov.br\/portal\/wp-content\/uploads\/2025\/03\/cropped-logo-site-mag2-1.png","width":320,"height":90,"caption":"Pol\u00edcia Militar da Para\u00edba"},"image":{"@id":"https:\/\/www.pm.pb.gov.br\/portal\/#\/schema\/logo\/image\/"}},{"@type":"Person","@id":"https:\/\/www.pm.pb.gov.br\/portal\/#\/schema\/person\/f84f56dcc78ce4357054da888b8247fd","name":"Tarcisio Oliveira","image":{"@type":"ImageObject","inLanguage":"pt-BR","@id":"https:\/\/www.pm.pb.gov.br\/portal\/#\/schema\/person\/image\/","url":"https:\/\/secure.gravatar.com\/avatar\/72917b630b69d31cd0297507f34bac97?s=96&d=mm&r=g","contentUrl":"https:\/\/secure.gravatar.com\/avatar\/72917b630b69d31cd0297507f34bac97?s=96&d=mm&r=g","caption":"Tarcisio Oliveira"},"url":"https:\/\/www.pm.pb.gov.br\/portal\/author\/tarcisio\/"}]}},"_links":{"self":[{"href":"https:\/\/www.pm.pb.gov.br\/portal\/wp-json\/wp\/v2\/posts\/909762"}],"collection":[{"href":"https:\/\/www.pm.pb.gov.br\/portal\/wp-json\/wp\/v2\/posts"}],"about":[{"href":"https:\/\/www.pm.pb.gov.br\/portal\/wp-json\/wp\/v2\/types\/post"}],"author":[{"embeddable":true,"href":"https:\/\/www.pm.pb.gov.br\/portal\/wp-json\/wp\/v2\/users\/12"}],"replies":[{"embeddable":true,"href":"https:\/\/www.pm.pb.gov.br\/portal\/wp-json\/wp\/v2\/comments?post=909762"}],"version-history":[{"count":1,"href":"https:\/\/www.pm.pb.gov.br\/portal\/wp-json\/wp\/v2\/posts\/909762\/revisions"}],"predecessor-version":[{"id":909766,"href":"https:\/\/www.pm.pb.gov.br\/portal\/wp-json\/wp\/v2\/posts\/909762\/revisions\/909766"}],"wp:featuredmedia":[{"embeddable":true,"href":"https:\/\/www.pm.pb.gov.br\/portal\/wp-json\/wp\/v2\/media\/909763"}],"wp:attachment":[{"href":"https:\/\/www.pm.pb.gov.br\/portal\/wp-json\/wp\/v2\/media?parent=909762"}],"wp:term":[{"taxonomy":"category","embeddable":true,"href":"https:\/\/www.pm.pb.gov.br\/portal\/wp-json\/wp\/v2\/categories?post=909762"},{"taxonomy":"post_tag","embeddable":true,"href":"https:\/\/www.pm.pb.gov.br\/portal\/wp-json\/wp\/v2\/tags?post=909762"}],"curies":[{"name":"wp","href":"https:\/\/api.w.org\/{rel}","templated":true}]}}