{"id":909571,"date":"2021-03-01T14:35:15","date_gmt":"2021-03-01T17:35:15","guid":{"rendered":"http:\/\/www.pm.pb.gov.br\/portal\/?p=909571"},"modified":"2021-03-01T14:35:17","modified_gmt":"2021-03-01T17:35:17","slug":"policiais-militares-que-socorreram-dona-de-casa-que-estava-em-trabalho-de-parto-sao-condecorados-com-medalhas","status":"publish","type":"post","link":"https:\/\/www.pm.pb.gov.br\/portal\/2021\/03\/01\/policiais-militares-que-socorreram-dona-de-casa-que-estava-em-trabalho-de-parto-sao-condecorados-com-medalhas\/","title":{"rendered":"Policiais militares que socorreram dona de casa que estava em trabalho de parto s\u00e3o condecorados com medalhas"},"content":{"rendered":"\n<p style=\"font-weight: 400;\">Os policiais militares que socorreram uma mulher que estava em trabalho de parto e auxiliaram o nascimento da crian\u00e7a foram condecorados, nesta segunda-feira (1\u00ba), com medalhas entregues pelo pr\u00f3prio comandante-geral da corpora\u00e7\u00e3o, coronel Euller Chaves, no Quartel do Comando Geral, em Jo\u00e3o Pessoa.<\/p>\n<p style=\"font-weight: 400;\">O fato aconteceu no \u00faltimo s\u00e1bado (27), na cidade de Santa Rita, quando os policiais da For\u00e7a T\u00e1tica da 4\u00aa Companhia independente da PM (4\u00aa CIPM) estavam dentro da 6\u00aa Delegacia Distrital apresentando um preso e ouviram os gritos de socorro da fam\u00edlia da dona de casa. Eles auxiliaram no parto e depois providenciaram o socorro de m\u00e3e e filho para o Hospital Fl\u00e1vio Ribeiro Coutinho, na mesma cidade.<\/p>\n<p><img loading=\"lazy\" decoding=\"async\" class=\" wp-image-909573 aligncenter\" src=\"http:\/\/www.pm.pb.gov.br\/portal\/wp-content\/uploads\/2021\/03\/medalha3.jpeg\" alt=\"\" width=\"553\" height=\"308\" srcset=\"https:\/\/www.pm.pb.gov.br\/portal\/wp-content\/uploads\/2021\/03\/medalha3.jpeg 800w, https:\/\/www.pm.pb.gov.br\/portal\/wp-content\/uploads\/2021\/03\/medalha3-245x136.jpeg 245w, https:\/\/www.pm.pb.gov.br\/portal\/wp-content\/uploads\/2021\/03\/medalha3-768x427.jpeg 768w\" sizes=\"(max-width: 553px) 100vw, 553px\" \/><\/p>\n<p style=\"font-weight: 400;\">\u201cA miss\u00e3o de proteger, servir e guardar vidas tem um sentido amplo para n\u00f3s, policiais militares, e atitudes como essas devem ser reconhecidas porque demonstram o compromisso que nossos policiais t\u00eam para com a sociedade, sempre prontos para servi-la na hora que mais precisa. Essa ocorr\u00eancia do \u00faltimo s\u00e1bado emocionou n\u00e3o s\u00f3 esses a nobres companheiros que participaram diretamente do atendimento, mas sim a todos n\u00f3s\u201d, confidenciou o comandante-geral da PM.<\/p>\n<p><img loading=\"lazy\" decoding=\"async\" class=\" wp-image-909574 aligncenter\" src=\"http:\/\/www.pm.pb.gov.br\/portal\/wp-content\/uploads\/2021\/03\/medalha2-668x445.jpg\" alt=\"\" width=\"509\" height=\"339\" srcset=\"https:\/\/www.pm.pb.gov.br\/portal\/wp-content\/uploads\/2021\/03\/medalha2-668x445.jpg 668w, https:\/\/www.pm.pb.gov.br\/portal\/wp-content\/uploads\/2021\/03\/medalha2-855x570.jpg 855w, https:\/\/www.pm.pb.gov.br\/portal\/wp-content\/uploads\/2021\/03\/medalha2-768x512.jpg 768w, https:\/\/www.pm.pb.gov.br\/portal\/wp-content\/uploads\/2021\/03\/medalha2-272x182.jpg 272w, https:\/\/www.pm.pb.gov.br\/portal\/wp-content\/uploads\/2021\/03\/medalha2.jpg 1280w\" sizes=\"(max-width: 509px) 100vw, 509px\" \/><\/p>\n<p style=\"font-weight: 400;\">S\u00f3 nesse fim de semana, foram mais de 1.600 atendimentos de diversos tipos realizados pela Pol\u00edcia Militar em todo o estado, que resultou na apreens\u00e3o de 36 armas de fogo, pris\u00e3o de 137 pessoas, recupera\u00e7\u00e3o de 16 ve\u00edculos com queixas de roubo e no nascimento do beb\u00ea, em Santa Rita &#8211; que rendeu a homenagem aos policiais que fizeram o atendimento.<\/p>\n","protected":false},"excerpt":{"rendered":"<p>Os policiais militares que socorreram uma mulher que estava em trabalho de parto e auxiliaram o nascimento da crian\u00e7a foram<\/p>\n","protected":false},"author":12,"featured_media":909572,"comment_status":"closed","ping_status":"closed","sticky":false,"template":"","format":"standard","meta":{"_exactmetrics_skip_tracking":false,"_exactmetrics_sitenote_active":false,"_exactmetrics_sitenote_note":"","_exactmetrics_sitenote_category":0,"footnotes":""},"categories":[5],"tags":[],"yoast_head":"<!-- This site is optimized with the Yoast SEO plugin v22.0 - https:\/\/yoast.com\/wordpress\/plugins\/seo\/ -->\n<title>Policiais militares que socorreram dona de casa que estava em trabalho de parto s\u00e3o condecorados com medalhas - Pol\u00edcia Militar da Para\u00edba<\/title>\n<meta name=\"robots\" content=\"index, follow, max-snippet:-1, max-image-preview:large, max-video-preview:-1\" \/>\n<link rel=\"canonical\" href=\"https:\/\/www.pm.pb.gov.br\/portal\/2021\/03\/01\/policiais-militares-que-socorreram-dona-de-casa-que-estava-em-trabalho-de-parto-sao-condecorados-com-medalhas\/\" \/>\n<meta property=\"og:locale\" content=\"pt_BR\" \/>\n<meta property=\"og:type\" content=\"article\" \/>\n<meta property=\"og:title\" content=\"Policiais militares que socorreram dona de casa que estava em trabalho de parto s\u00e3o condecorados com medalhas - Pol\u00edcia Militar da Para\u00edba\" \/>\n<meta property=\"og:description\" content=\"Os policiais militares que socorreram uma mulher que estava em trabalho de parto e auxiliaram o nascimento da crian\u00e7a foram\" \/>\n<meta property=\"og:url\" content=\"https:\/\/www.pm.pb.gov.br\/portal\/2021\/03\/01\/policiais-militares-que-socorreram-dona-de-casa-que-estava-em-trabalho-de-parto-sao-condecorados-com-medalhas\/\" \/>\n<meta property=\"og:site_name\" content=\"Pol\u00edcia Militar da Para\u00edba\" \/>\n<meta property=\"article:published_time\" content=\"2021-03-01T17:35:15+00:00\" \/>\n<meta property=\"article:modified_time\" content=\"2021-03-01T17:35:17+00:00\" \/>\n<meta property=\"og:image\" content=\"https:\/\/www.pm.pb.gov.br\/portal\/wp-content\/uploads\/2021\/03\/medalhax.jpg\" \/>\n\t<meta property=\"og:image:width\" content=\"800\" \/>\n\t<meta property=\"og:image:height\" content=\"445\" \/>\n\t<meta property=\"og:image:type\" content=\"image\/jpeg\" \/>\n<meta name=\"author\" content=\"Tarcisio Oliveira\" \/>\n<meta name=\"twitter:card\" content=\"summary_large_image\" \/>\n<meta name=\"twitter:label1\" content=\"Escrito por\" \/>\n\t<meta name=\"twitter:data1\" content=\"Tarcisio Oliveira\" \/>\n\t<meta name=\"twitter:label2\" content=\"Est. tempo de leitura\" \/>\n\t<meta name=\"twitter:data2\" content=\"1 minuto\" \/>\n<script type=\"application\/ld+json\" class=\"yoast-schema-graph\">{\"@context\":\"https:\/\/schema.org\",\"@graph\":[{\"@type\":\"Article\",\"@id\":\"https:\/\/www.pm.pb.gov.br\/portal\/2021\/03\/01\/policiais-militares-que-socorreram-dona-de-casa-que-estava-em-trabalho-de-parto-sao-condecorados-com-medalhas\/#article\",\"isPartOf\":{\"@id\":\"https:\/\/www.pm.pb.gov.br\/portal\/2021\/03\/01\/policiais-militares-que-socorreram-dona-de-casa-que-estava-em-trabalho-de-parto-sao-condecorados-com-medalhas\/\"},\"author\":{\"name\":\"Tarcisio Oliveira\",\"@id\":\"https:\/\/www.pm.pb.gov.br\/portal\/#\/schema\/person\/f84f56dcc78ce4357054da888b8247fd\"},\"headline\":\"Policiais militares que socorreram dona de casa que estava em trabalho de parto s\u00e3o condecorados com medalhas\",\"datePublished\":\"2021-03-01T17:35:15+00:00\",\"dateModified\":\"2021-03-01T17:35:17+00:00\",\"mainEntityOfPage\":{\"@id\":\"https:\/\/www.pm.pb.gov.br\/portal\/2021\/03\/01\/policiais-militares-que-socorreram-dona-de-casa-que-estava-em-trabalho-de-parto-sao-condecorados-com-medalhas\/\"},\"wordCount\":275,\"publisher\":{\"@id\":\"https:\/\/www.pm.pb.gov.br\/portal\/#organization\"},\"articleSection\":[\"Homenagens\"],\"inLanguage\":\"pt-BR\"},{\"@type\":\"WebPage\",\"@id\":\"https:\/\/www.pm.pb.gov.br\/portal\/2021\/03\/01\/policiais-militares-que-socorreram-dona-de-casa-que-estava-em-trabalho-de-parto-sao-condecorados-com-medalhas\/\",\"url\":\"https:\/\/www.pm.pb.gov.br\/portal\/2021\/03\/01\/policiais-militares-que-socorreram-dona-de-casa-que-estava-em-trabalho-de-parto-sao-condecorados-com-medalhas\/\",\"name\":\"Policiais militares que socorreram dona de casa que estava em trabalho de parto s\u00e3o condecorados com medalhas - Pol\u00edcia Militar da Para\u00edba\",\"isPartOf\":{\"@id\":\"https:\/\/www.pm.pb.gov.br\/portal\/#website\"},\"datePublished\":\"2021-03-01T17:35:15+00:00\",\"dateModified\":\"2021-03-01T17:35:17+00:00\",\"breadcrumb\":{\"@id\":\"https:\/\/www.pm.pb.gov.br\/portal\/2021\/03\/01\/policiais-militares-que-socorreram-dona-de-casa-que-estava-em-trabalho-de-parto-sao-condecorados-com-medalhas\/#breadcrumb\"},\"inLanguage\":\"pt-BR\",\"potentialAction\":[{\"@type\":\"ReadAction\",\"target\":[\"https:\/\/www.pm.pb.gov.br\/portal\/2021\/03\/01\/policiais-militares-que-socorreram-dona-de-casa-que-estava-em-trabalho-de-parto-sao-condecorados-com-medalhas\/\"]}]},{\"@type\":\"BreadcrumbList\",\"@id\":\"https:\/\/www.pm.pb.gov.br\/portal\/2021\/03\/01\/policiais-militares-que-socorreram-dona-de-casa-que-estava-em-trabalho-de-parto-sao-condecorados-com-medalhas\/#breadcrumb\",\"itemListElement\":[{\"@type\":\"ListItem\",\"position\":1,\"name\":\"In\u00edcio\",\"item\":\"https:\/\/www.pm.pb.gov.br\/portal\/\"},{\"@type\":\"ListItem\",\"position\":2,\"name\":\"Policiais militares que socorreram dona de casa que estava em trabalho de parto s\u00e3o condecorados com medalhas\"}]},{\"@type\":\"WebSite\",\"@id\":\"https:\/\/www.pm.pb.gov.br\/portal\/#website\",\"url\":\"https:\/\/www.pm.pb.gov.br\/portal\/\",\"name\":\"Pol\u00edcia Militar da Para\u00edba\",\"description\":\"\",\"publisher\":{\"@id\":\"https:\/\/www.pm.pb.gov.br\/portal\/#organization\"},\"potentialAction\":[{\"@type\":\"SearchAction\",\"target\":{\"@type\":\"EntryPoint\",\"urlTemplate\":\"https:\/\/www.pm.pb.gov.br\/portal\/?s={search_term_string}\"},\"query-input\":\"required name=search_term_string\"}],\"inLanguage\":\"pt-BR\"},{\"@type\":\"Organization\",\"@id\":\"https:\/\/www.pm.pb.gov.br\/portal\/#organization\",\"name\":\"Pol\u00edcia Militar da Para\u00edba\",\"url\":\"https:\/\/www.pm.pb.gov.br\/portal\/\",\"logo\":{\"@type\":\"ImageObject\",\"inLanguage\":\"pt-BR\",\"@id\":\"https:\/\/www.pm.pb.gov.br\/portal\/#\/schema\/logo\/image\/\",\"url\":\"https:\/\/www.pm.pb.gov.br\/portal\/wp-content\/uploads\/2025\/03\/cropped-logo-site-mag2-1.png\",\"contentUrl\":\"https:\/\/www.pm.pb.gov.br\/portal\/wp-content\/uploads\/2025\/03\/cropped-logo-site-mag2-1.png\",\"width\":320,\"height\":90,\"caption\":\"Pol\u00edcia Militar da Para\u00edba\"},\"image\":{\"@id\":\"https:\/\/www.pm.pb.gov.br\/portal\/#\/schema\/logo\/image\/\"}},{\"@type\":\"Person\",\"@id\":\"https:\/\/www.pm.pb.gov.br\/portal\/#\/schema\/person\/f84f56dcc78ce4357054da888b8247fd\",\"name\":\"Tarcisio Oliveira\",\"image\":{\"@type\":\"ImageObject\",\"inLanguage\":\"pt-BR\",\"@id\":\"https:\/\/www.pm.pb.gov.br\/portal\/#\/schema\/person\/image\/\",\"url\":\"https:\/\/secure.gravatar.com\/avatar\/72917b630b69d31cd0297507f34bac97?s=96&d=mm&r=g\",\"contentUrl\":\"https:\/\/secure.gravatar.com\/avatar\/72917b630b69d31cd0297507f34bac97?s=96&d=mm&r=g\",\"caption\":\"Tarcisio Oliveira\"},\"url\":\"https:\/\/www.pm.pb.gov.br\/portal\/author\/tarcisio\/\"}]}<\/script>\n<!-- \/ Yoast SEO plugin. -->","yoast_head_json":{"title":"Policiais militares que socorreram dona de casa que estava em trabalho de parto s\u00e3o condecorados com medalhas - Pol\u00edcia Militar da Para\u00edba","robots":{"index":"index","follow":"follow","max-snippet":"max-snippet:-1","max-image-preview":"max-image-preview:large","max-video-preview":"max-video-preview:-1"},"canonical":"https:\/\/www.pm.pb.gov.br\/portal\/2021\/03\/01\/policiais-militares-que-socorreram-dona-de-casa-que-estava-em-trabalho-de-parto-sao-condecorados-com-medalhas\/","og_locale":"pt_BR","og_type":"article","og_title":"Policiais militares que socorreram dona de casa que estava em trabalho de parto s\u00e3o condecorados com medalhas - Pol\u00edcia Militar da Para\u00edba","og_description":"Os policiais militares que socorreram uma mulher que estava em trabalho de parto e auxiliaram o nascimento da crian\u00e7a foram","og_url":"https:\/\/www.pm.pb.gov.br\/portal\/2021\/03\/01\/policiais-militares-que-socorreram-dona-de-casa-que-estava-em-trabalho-de-parto-sao-condecorados-com-medalhas\/","og_site_name":"Pol\u00edcia Militar da Para\u00edba","article_published_time":"2021-03-01T17:35:15+00:00","article_modified_time":"2021-03-01T17:35:17+00:00","og_image":[{"width":800,"height":445,"url":"https:\/\/www.pm.pb.gov.br\/portal\/wp-content\/uploads\/2021\/03\/medalhax.jpg","type":"image\/jpeg"}],"author":"Tarcisio Oliveira","twitter_card":"summary_large_image","twitter_misc":{"Escrito por":"Tarcisio Oliveira","Est. tempo de leitura":"1 minuto"},"schema":{"@context":"https:\/\/schema.org","@graph":[{"@type":"Article","@id":"https:\/\/www.pm.pb.gov.br\/portal\/2021\/03\/01\/policiais-militares-que-socorreram-dona-de-casa-que-estava-em-trabalho-de-parto-sao-condecorados-com-medalhas\/#article","isPartOf":{"@id":"https:\/\/www.pm.pb.gov.br\/portal\/2021\/03\/01\/policiais-militares-que-socorreram-dona-de-casa-que-estava-em-trabalho-de-parto-sao-condecorados-com-medalhas\/"},"author":{"name":"Tarcisio Oliveira","@id":"https:\/\/www.pm.pb.gov.br\/portal\/#\/schema\/person\/f84f56dcc78ce4357054da888b8247fd"},"headline":"Policiais militares que socorreram dona de casa que estava em trabalho de parto s\u00e3o condecorados com medalhas","datePublished":"2021-03-01T17:35:15+00:00","dateModified":"2021-03-01T17:35:17+00:00","mainEntityOfPage":{"@id":"https:\/\/www.pm.pb.gov.br\/portal\/2021\/03\/01\/policiais-militares-que-socorreram-dona-de-casa-que-estava-em-trabalho-de-parto-sao-condecorados-com-medalhas\/"},"wordCount":275,"publisher":{"@id":"https:\/\/www.pm.pb.gov.br\/portal\/#organization"},"articleSection":["Homenagens"],"inLanguage":"pt-BR"},{"@type":"WebPage","@id":"https:\/\/www.pm.pb.gov.br\/portal\/2021\/03\/01\/policiais-militares-que-socorreram-dona-de-casa-que-estava-em-trabalho-de-parto-sao-condecorados-com-medalhas\/","url":"https:\/\/www.pm.pb.gov.br\/portal\/2021\/03\/01\/policiais-militares-que-socorreram-dona-de-casa-que-estava-em-trabalho-de-parto-sao-condecorados-com-medalhas\/","name":"Policiais militares que socorreram dona de casa que estava em trabalho de parto s\u00e3o condecorados com medalhas - Pol\u00edcia Militar da Para\u00edba","isPartOf":{"@id":"https:\/\/www.pm.pb.gov.br\/portal\/#website"},"datePublished":"2021-03-01T17:35:15+00:00","dateModified":"2021-03-01T17:35:17+00:00","breadcrumb":{"@id":"https:\/\/www.pm.pb.gov.br\/portal\/2021\/03\/01\/policiais-militares-que-socorreram-dona-de-casa-que-estava-em-trabalho-de-parto-sao-condecorados-com-medalhas\/#breadcrumb"},"inLanguage":"pt-BR","potentialAction":[{"@type":"ReadAction","target":["https:\/\/www.pm.pb.gov.br\/portal\/2021\/03\/01\/policiais-militares-que-socorreram-dona-de-casa-que-estava-em-trabalho-de-parto-sao-condecorados-com-medalhas\/"]}]},{"@type":"BreadcrumbList","@id":"https:\/\/www.pm.pb.gov.br\/portal\/2021\/03\/01\/policiais-militares-que-socorreram-dona-de-casa-que-estava-em-trabalho-de-parto-sao-condecorados-com-medalhas\/#breadcrumb","itemListElement":[{"@type":"ListItem","position":1,"name":"In\u00edcio","item":"https:\/\/www.pm.pb.gov.br\/portal\/"},{"@type":"ListItem","position":2,"name":"Policiais militares que socorreram dona de casa que estava em trabalho de parto s\u00e3o condecorados com medalhas"}]},{"@type":"WebSite","@id":"https:\/\/www.pm.pb.gov.br\/portal\/#website","url":"https:\/\/www.pm.pb.gov.br\/portal\/","name":"Pol\u00edcia Militar da Para\u00edba","description":"","publisher":{"@id":"https:\/\/www.pm.pb.gov.br\/portal\/#organization"},"potentialAction":[{"@type":"SearchAction","target":{"@type":"EntryPoint","urlTemplate":"https:\/\/www.pm.pb.gov.br\/portal\/?s={search_term_string}"},"query-input":"required name=search_term_string"}],"inLanguage":"pt-BR"},{"@type":"Organization","@id":"https:\/\/www.pm.pb.gov.br\/portal\/#organization","name":"Pol\u00edcia Militar da Para\u00edba","url":"https:\/\/www.pm.pb.gov.br\/portal\/","logo":{"@type":"ImageObject","inLanguage":"pt-BR","@id":"https:\/\/www.pm.pb.gov.br\/portal\/#\/schema\/logo\/image\/","url":"https:\/\/www.pm.pb.gov.br\/portal\/wp-content\/uploads\/2025\/03\/cropped-logo-site-mag2-1.png","contentUrl":"https:\/\/www.pm.pb.gov.br\/portal\/wp-content\/uploads\/2025\/03\/cropped-logo-site-mag2-1.png","width":320,"height":90,"caption":"Pol\u00edcia Militar da Para\u00edba"},"image":{"@id":"https:\/\/www.pm.pb.gov.br\/portal\/#\/schema\/logo\/image\/"}},{"@type":"Person","@id":"https:\/\/www.pm.pb.gov.br\/portal\/#\/schema\/person\/f84f56dcc78ce4357054da888b8247fd","name":"Tarcisio Oliveira","image":{"@type":"ImageObject","inLanguage":"pt-BR","@id":"https:\/\/www.pm.pb.gov.br\/portal\/#\/schema\/person\/image\/","url":"https:\/\/secure.gravatar.com\/avatar\/72917b630b69d31cd0297507f34bac97?s=96&d=mm&r=g","contentUrl":"https:\/\/secure.gravatar.com\/avatar\/72917b630b69d31cd0297507f34bac97?s=96&d=mm&r=g","caption":"Tarcisio Oliveira"},"url":"https:\/\/www.pm.pb.gov.br\/portal\/author\/tarcisio\/"}]}},"_links":{"self":[{"href":"https:\/\/www.pm.pb.gov.br\/portal\/wp-json\/wp\/v2\/posts\/909571"}],"collection":[{"href":"https:\/\/www.pm.pb.gov.br\/portal\/wp-json\/wp\/v2\/posts"}],"about":[{"href":"https:\/\/www.pm.pb.gov.br\/portal\/wp-json\/wp\/v2\/types\/post"}],"author":[{"embeddable":true,"href":"https:\/\/www.pm.pb.gov.br\/portal\/wp-json\/wp\/v2\/users\/12"}],"replies":[{"embeddable":true,"href":"https:\/\/www.pm.pb.gov.br\/portal\/wp-json\/wp\/v2\/comments?post=909571"}],"version-history":[{"count":1,"href":"https:\/\/www.pm.pb.gov.br\/portal\/wp-json\/wp\/v2\/posts\/909571\/revisions"}],"predecessor-version":[{"id":909575,"href":"https:\/\/www.pm.pb.gov.br\/portal\/wp-json\/wp\/v2\/posts\/909571\/revisions\/909575"}],"wp:featuredmedia":[{"embeddable":true,"href":"https:\/\/www.pm.pb.gov.br\/portal\/wp-json\/wp\/v2\/media\/909572"}],"wp:attachment":[{"href":"https:\/\/www.pm.pb.gov.br\/portal\/wp-json\/wp\/v2\/media?parent=909571"}],"wp:term":[{"taxonomy":"category","embeddable":true,"href":"https:\/\/www.pm.pb.gov.br\/portal\/wp-json\/wp\/v2\/categories?post=909571"},{"taxonomy":"post_tag","embeddable":true,"href":"https:\/\/www.pm.pb.gov.br\/portal\/wp-json\/wp\/v2\/tags?post=909571"}],"curies":[{"name":"wp","href":"https:\/\/api.w.org\/{rel}","templated":true}]}}