{"id":909548,"date":"2021-02-25T18:37:10","date_gmt":"2021-02-25T21:37:10","guid":{"rendered":"http:\/\/www.pm.pb.gov.br\/portal\/?p=909548"},"modified":"2021-02-25T18:37:11","modified_gmt":"2021-02-25T21:37:11","slug":"policia-militar-apreende-mais-de-dois-quilos-de-drogas-em-campina-grande","status":"publish","type":"post","link":"https:\/\/www.pm.pb.gov.br\/portal\/2021\/02\/25\/policia-militar-apreende-mais-de-dois-quilos-de-drogas-em-campina-grande\/","title":{"rendered":"Pol\u00edcia Militar apreende mais de dois quilos de drogas em Campina Grande"},"content":{"rendered":"\n<p>Mais um local que estava sendo usado para o tr\u00e1fico e distribui\u00e7\u00e3o de drogas foi desarticulado pela Pol\u00edcia Militar, nesta quinta-feira (25), em Campina Grande (foto acima ilustrativa). Mais de dois quilos de subst\u00e2ncia semelhante \u00e0 maconha e crack foram apreendidos.<\/p>\n<p>Os entorpecentes foram encontrados em uma casa abandonada no bairro de Jos\u00e9 Pinheiro, no fim da manh\u00e3. Policiais da For\u00e7a T\u00e1tica do 10\u00ba Batalh\u00e3o chegaram at\u00e9 o local ap\u00f3s tentarem abordar um suspeito que estava em um beco, e que fugiu com a chegada da PM na regi\u00e3o. Nas dilig\u00eancias, os policiais chegaram at\u00e9 uma casa que estava aberta, e encontraram quase dois quilos de subst\u00e2ncia an\u00e1loga a coca\u00edna, cerca de 400 gramas de maconha, balan\u00e7as, e materiais usados para fracionar e distribuir os entorpecentes, como pl\u00e1stico e fita adesiva (foto abaixo).<\/p>\n<p><img loading=\"lazy\" decoding=\"async\" class=\" wp-image-909549 aligncenter\" src=\"http:\/\/www.pm.pb.gov.br\/portal\/wp-content\/uploads\/2021\/02\/drogas_apreendidas-798x445.jpeg\" alt=\"\" width=\"515\" height=\"287\" srcset=\"https:\/\/www.pm.pb.gov.br\/portal\/wp-content\/uploads\/2021\/02\/drogas_apreendidas-798x445.jpeg 798w, https:\/\/www.pm.pb.gov.br\/portal\/wp-content\/uploads\/2021\/02\/drogas_apreendidas-1022x570.jpeg 1022w, https:\/\/www.pm.pb.gov.br\/portal\/wp-content\/uploads\/2021\/02\/drogas_apreendidas-245x136.jpeg 245w, https:\/\/www.pm.pb.gov.br\/portal\/wp-content\/uploads\/2021\/02\/drogas_apreendidas-768x428.jpeg 768w, https:\/\/www.pm.pb.gov.br\/portal\/wp-content\/uploads\/2021\/02\/drogas_apreendidas-800x445.jpeg 800w, https:\/\/www.pm.pb.gov.br\/portal\/wp-content\/uploads\/2021\/02\/drogas_apreendidas.jpeg 1183w\" sizes=\"(max-width: 515px) 100vw, 515px\" \/><\/p>\n<p>Todo o material foi apreendido e conduzido para Central de Pol\u00edcia, que dever\u00e1 apurar o caso e as circunst\u00e2ncias da localidade onde as drogas estavam.<\/p>\n","protected":false},"excerpt":{"rendered":"<p>Mais um local que estava sendo usado para o tr\u00e1fico e distribui\u00e7\u00e3o de drogas foi desarticulado pela Pol\u00edcia Militar, nesta<\/p>\n","protected":false},"author":12,"featured_media":909498,"comment_status":"closed","ping_status":"closed","sticky":false,"template":"","format":"standard","meta":{"_exactmetrics_skip_tracking":false,"_exactmetrics_sitenote_active":false,"_exactmetrics_sitenote_note":"","_exactmetrics_sitenote_category":0,"footnotes":""},"categories":[4],"tags":[],"yoast_head":"<!-- This site is optimized with the Yoast SEO plugin v22.0 - https:\/\/yoast.com\/wordpress\/plugins\/seo\/ -->\n<title>Pol\u00edcia Militar apreende mais de dois quilos de drogas em Campina Grande - Pol\u00edcia Militar da Para\u00edba<\/title>\n<meta name=\"robots\" content=\"index, follow, max-snippet:-1, max-image-preview:large, max-video-preview:-1\" \/>\n<link rel=\"canonical\" href=\"https:\/\/www.pm.pb.gov.br\/portal\/2021\/02\/25\/policia-militar-apreende-mais-de-dois-quilos-de-drogas-em-campina-grande\/\" \/>\n<meta property=\"og:locale\" content=\"pt_BR\" \/>\n<meta property=\"og:type\" content=\"article\" \/>\n<meta property=\"og:title\" content=\"Pol\u00edcia Militar apreende mais de dois quilos de drogas em Campina Grande - Pol\u00edcia Militar da Para\u00edba\" \/>\n<meta property=\"og:description\" content=\"Mais um local que estava sendo usado para o tr\u00e1fico e distribui\u00e7\u00e3o de drogas foi desarticulado pela Pol\u00edcia Militar, nesta\" \/>\n<meta property=\"og:url\" content=\"https:\/\/www.pm.pb.gov.br\/portal\/2021\/02\/25\/policia-militar-apreende-mais-de-dois-quilos-de-drogas-em-campina-grande\/\" \/>\n<meta property=\"og:site_name\" content=\"Pol\u00edcia Militar da Para\u00edba\" \/>\n<meta property=\"article:published_time\" content=\"2021-02-25T21:37:10+00:00\" \/>\n<meta property=\"article:modified_time\" content=\"2021-02-25T21:37:11+00:00\" \/>\n<meta property=\"og:image\" content=\"https:\/\/www.pm.pb.gov.br\/portal\/wp-content\/uploads\/2021\/02\/tatica.jpeg\" \/>\n\t<meta property=\"og:image:width\" content=\"800\" \/>\n\t<meta property=\"og:image:height\" content=\"445\" \/>\n\t<meta property=\"og:image:type\" content=\"image\/jpeg\" \/>\n<meta name=\"author\" content=\"Tarcisio Oliveira\" \/>\n<meta name=\"twitter:card\" content=\"summary_large_image\" \/>\n<meta name=\"twitter:label1\" content=\"Escrito por\" \/>\n\t<meta name=\"twitter:data1\" content=\"Tarcisio Oliveira\" \/>\n\t<meta name=\"twitter:label2\" content=\"Est. tempo de leitura\" \/>\n\t<meta name=\"twitter:data2\" content=\"1 minuto\" \/>\n<script type=\"application\/ld+json\" class=\"yoast-schema-graph\">{\"@context\":\"https:\/\/schema.org\",\"@graph\":[{\"@type\":\"Article\",\"@id\":\"https:\/\/www.pm.pb.gov.br\/portal\/2021\/02\/25\/policia-militar-apreende-mais-de-dois-quilos-de-drogas-em-campina-grande\/#article\",\"isPartOf\":{\"@id\":\"https:\/\/www.pm.pb.gov.br\/portal\/2021\/02\/25\/policia-militar-apreende-mais-de-dois-quilos-de-drogas-em-campina-grande\/\"},\"author\":{\"name\":\"Tarcisio Oliveira\",\"@id\":\"https:\/\/www.pm.pb.gov.br\/portal\/#\/schema\/person\/f84f56dcc78ce4357054da888b8247fd\"},\"headline\":\"Pol\u00edcia Militar apreende mais de dois quilos de drogas em Campina Grande\",\"datePublished\":\"2021-02-25T21:37:10+00:00\",\"dateModified\":\"2021-02-25T21:37:11+00:00\",\"mainEntityOfPage\":{\"@id\":\"https:\/\/www.pm.pb.gov.br\/portal\/2021\/02\/25\/policia-militar-apreende-mais-de-dois-quilos-de-drogas-em-campina-grande\/\"},\"wordCount\":184,\"publisher\":{\"@id\":\"https:\/\/www.pm.pb.gov.br\/portal\/#organization\"},\"articleSection\":[\"A\u00e7\u00f5es Policiais\"],\"inLanguage\":\"pt-BR\"},{\"@type\":\"WebPage\",\"@id\":\"https:\/\/www.pm.pb.gov.br\/portal\/2021\/02\/25\/policia-militar-apreende-mais-de-dois-quilos-de-drogas-em-campina-grande\/\",\"url\":\"https:\/\/www.pm.pb.gov.br\/portal\/2021\/02\/25\/policia-militar-apreende-mais-de-dois-quilos-de-drogas-em-campina-grande\/\",\"name\":\"Pol\u00edcia Militar apreende mais de dois quilos de drogas em Campina Grande - Pol\u00edcia Militar da Para\u00edba\",\"isPartOf\":{\"@id\":\"https:\/\/www.pm.pb.gov.br\/portal\/#website\"},\"datePublished\":\"2021-02-25T21:37:10+00:00\",\"dateModified\":\"2021-02-25T21:37:11+00:00\",\"breadcrumb\":{\"@id\":\"https:\/\/www.pm.pb.gov.br\/portal\/2021\/02\/25\/policia-militar-apreende-mais-de-dois-quilos-de-drogas-em-campina-grande\/#breadcrumb\"},\"inLanguage\":\"pt-BR\",\"potentialAction\":[{\"@type\":\"ReadAction\",\"target\":[\"https:\/\/www.pm.pb.gov.br\/portal\/2021\/02\/25\/policia-militar-apreende-mais-de-dois-quilos-de-drogas-em-campina-grande\/\"]}]},{\"@type\":\"BreadcrumbList\",\"@id\":\"https:\/\/www.pm.pb.gov.br\/portal\/2021\/02\/25\/policia-militar-apreende-mais-de-dois-quilos-de-drogas-em-campina-grande\/#breadcrumb\",\"itemListElement\":[{\"@type\":\"ListItem\",\"position\":1,\"name\":\"In\u00edcio\",\"item\":\"https:\/\/www.pm.pb.gov.br\/portal\/\"},{\"@type\":\"ListItem\",\"position\":2,\"name\":\"Pol\u00edcia Militar apreende mais de dois quilos de drogas em Campina Grande\"}]},{\"@type\":\"WebSite\",\"@id\":\"https:\/\/www.pm.pb.gov.br\/portal\/#website\",\"url\":\"https:\/\/www.pm.pb.gov.br\/portal\/\",\"name\":\"Pol\u00edcia Militar da Para\u00edba\",\"description\":\"\",\"publisher\":{\"@id\":\"https:\/\/www.pm.pb.gov.br\/portal\/#organization\"},\"potentialAction\":[{\"@type\":\"SearchAction\",\"target\":{\"@type\":\"EntryPoint\",\"urlTemplate\":\"https:\/\/www.pm.pb.gov.br\/portal\/?s={search_term_string}\"},\"query-input\":\"required name=search_term_string\"}],\"inLanguage\":\"pt-BR\"},{\"@type\":\"Organization\",\"@id\":\"https:\/\/www.pm.pb.gov.br\/portal\/#organization\",\"name\":\"Pol\u00edcia Militar da Para\u00edba\",\"url\":\"https:\/\/www.pm.pb.gov.br\/portal\/\",\"logo\":{\"@type\":\"ImageObject\",\"inLanguage\":\"pt-BR\",\"@id\":\"https:\/\/www.pm.pb.gov.br\/portal\/#\/schema\/logo\/image\/\",\"url\":\"https:\/\/www.pm.pb.gov.br\/portal\/wp-content\/uploads\/2025\/03\/cropped-logo-site-mag2-1.png\",\"contentUrl\":\"https:\/\/www.pm.pb.gov.br\/portal\/wp-content\/uploads\/2025\/03\/cropped-logo-site-mag2-1.png\",\"width\":320,\"height\":90,\"caption\":\"Pol\u00edcia Militar da Para\u00edba\"},\"image\":{\"@id\":\"https:\/\/www.pm.pb.gov.br\/portal\/#\/schema\/logo\/image\/\"}},{\"@type\":\"Person\",\"@id\":\"https:\/\/www.pm.pb.gov.br\/portal\/#\/schema\/person\/f84f56dcc78ce4357054da888b8247fd\",\"name\":\"Tarcisio Oliveira\",\"image\":{\"@type\":\"ImageObject\",\"inLanguage\":\"pt-BR\",\"@id\":\"https:\/\/www.pm.pb.gov.br\/portal\/#\/schema\/person\/image\/\",\"url\":\"https:\/\/secure.gravatar.com\/avatar\/72917b630b69d31cd0297507f34bac97?s=96&d=mm&r=g\",\"contentUrl\":\"https:\/\/secure.gravatar.com\/avatar\/72917b630b69d31cd0297507f34bac97?s=96&d=mm&r=g\",\"caption\":\"Tarcisio Oliveira\"},\"url\":\"https:\/\/www.pm.pb.gov.br\/portal\/author\/tarcisio\/\"}]}<\/script>\n<!-- \/ Yoast SEO plugin. -->","yoast_head_json":{"title":"Pol\u00edcia Militar apreende mais de dois quilos de drogas em Campina Grande - Pol\u00edcia Militar da Para\u00edba","robots":{"index":"index","follow":"follow","max-snippet":"max-snippet:-1","max-image-preview":"max-image-preview:large","max-video-preview":"max-video-preview:-1"},"canonical":"https:\/\/www.pm.pb.gov.br\/portal\/2021\/02\/25\/policia-militar-apreende-mais-de-dois-quilos-de-drogas-em-campina-grande\/","og_locale":"pt_BR","og_type":"article","og_title":"Pol\u00edcia Militar apreende mais de dois quilos de drogas em Campina Grande - Pol\u00edcia Militar da Para\u00edba","og_description":"Mais um local que estava sendo usado para o tr\u00e1fico e distribui\u00e7\u00e3o de drogas foi desarticulado pela Pol\u00edcia Militar, nesta","og_url":"https:\/\/www.pm.pb.gov.br\/portal\/2021\/02\/25\/policia-militar-apreende-mais-de-dois-quilos-de-drogas-em-campina-grande\/","og_site_name":"Pol\u00edcia Militar da Para\u00edba","article_published_time":"2021-02-25T21:37:10+00:00","article_modified_time":"2021-02-25T21:37:11+00:00","og_image":[{"width":800,"height":445,"url":"https:\/\/www.pm.pb.gov.br\/portal\/wp-content\/uploads\/2021\/02\/tatica.jpeg","type":"image\/jpeg"}],"author":"Tarcisio Oliveira","twitter_card":"summary_large_image","twitter_misc":{"Escrito por":"Tarcisio Oliveira","Est. tempo de leitura":"1 minuto"},"schema":{"@context":"https:\/\/schema.org","@graph":[{"@type":"Article","@id":"https:\/\/www.pm.pb.gov.br\/portal\/2021\/02\/25\/policia-militar-apreende-mais-de-dois-quilos-de-drogas-em-campina-grande\/#article","isPartOf":{"@id":"https:\/\/www.pm.pb.gov.br\/portal\/2021\/02\/25\/policia-militar-apreende-mais-de-dois-quilos-de-drogas-em-campina-grande\/"},"author":{"name":"Tarcisio Oliveira","@id":"https:\/\/www.pm.pb.gov.br\/portal\/#\/schema\/person\/f84f56dcc78ce4357054da888b8247fd"},"headline":"Pol\u00edcia Militar apreende mais de dois quilos de drogas em Campina Grande","datePublished":"2021-02-25T21:37:10+00:00","dateModified":"2021-02-25T21:37:11+00:00","mainEntityOfPage":{"@id":"https:\/\/www.pm.pb.gov.br\/portal\/2021\/02\/25\/policia-militar-apreende-mais-de-dois-quilos-de-drogas-em-campina-grande\/"},"wordCount":184,"publisher":{"@id":"https:\/\/www.pm.pb.gov.br\/portal\/#organization"},"articleSection":["A\u00e7\u00f5es Policiais"],"inLanguage":"pt-BR"},{"@type":"WebPage","@id":"https:\/\/www.pm.pb.gov.br\/portal\/2021\/02\/25\/policia-militar-apreende-mais-de-dois-quilos-de-drogas-em-campina-grande\/","url":"https:\/\/www.pm.pb.gov.br\/portal\/2021\/02\/25\/policia-militar-apreende-mais-de-dois-quilos-de-drogas-em-campina-grande\/","name":"Pol\u00edcia Militar apreende mais de dois quilos de drogas em Campina Grande - Pol\u00edcia Militar da Para\u00edba","isPartOf":{"@id":"https:\/\/www.pm.pb.gov.br\/portal\/#website"},"datePublished":"2021-02-25T21:37:10+00:00","dateModified":"2021-02-25T21:37:11+00:00","breadcrumb":{"@id":"https:\/\/www.pm.pb.gov.br\/portal\/2021\/02\/25\/policia-militar-apreende-mais-de-dois-quilos-de-drogas-em-campina-grande\/#breadcrumb"},"inLanguage":"pt-BR","potentialAction":[{"@type":"ReadAction","target":["https:\/\/www.pm.pb.gov.br\/portal\/2021\/02\/25\/policia-militar-apreende-mais-de-dois-quilos-de-drogas-em-campina-grande\/"]}]},{"@type":"BreadcrumbList","@id":"https:\/\/www.pm.pb.gov.br\/portal\/2021\/02\/25\/policia-militar-apreende-mais-de-dois-quilos-de-drogas-em-campina-grande\/#breadcrumb","itemListElement":[{"@type":"ListItem","position":1,"name":"In\u00edcio","item":"https:\/\/www.pm.pb.gov.br\/portal\/"},{"@type":"ListItem","position":2,"name":"Pol\u00edcia Militar apreende mais de dois quilos de drogas em Campina Grande"}]},{"@type":"WebSite","@id":"https:\/\/www.pm.pb.gov.br\/portal\/#website","url":"https:\/\/www.pm.pb.gov.br\/portal\/","name":"Pol\u00edcia Militar da Para\u00edba","description":"","publisher":{"@id":"https:\/\/www.pm.pb.gov.br\/portal\/#organization"},"potentialAction":[{"@type":"SearchAction","target":{"@type":"EntryPoint","urlTemplate":"https:\/\/www.pm.pb.gov.br\/portal\/?s={search_term_string}"},"query-input":"required name=search_term_string"}],"inLanguage":"pt-BR"},{"@type":"Organization","@id":"https:\/\/www.pm.pb.gov.br\/portal\/#organization","name":"Pol\u00edcia Militar da Para\u00edba","url":"https:\/\/www.pm.pb.gov.br\/portal\/","logo":{"@type":"ImageObject","inLanguage":"pt-BR","@id":"https:\/\/www.pm.pb.gov.br\/portal\/#\/schema\/logo\/image\/","url":"https:\/\/www.pm.pb.gov.br\/portal\/wp-content\/uploads\/2025\/03\/cropped-logo-site-mag2-1.png","contentUrl":"https:\/\/www.pm.pb.gov.br\/portal\/wp-content\/uploads\/2025\/03\/cropped-logo-site-mag2-1.png","width":320,"height":90,"caption":"Pol\u00edcia Militar da Para\u00edba"},"image":{"@id":"https:\/\/www.pm.pb.gov.br\/portal\/#\/schema\/logo\/image\/"}},{"@type":"Person","@id":"https:\/\/www.pm.pb.gov.br\/portal\/#\/schema\/person\/f84f56dcc78ce4357054da888b8247fd","name":"Tarcisio Oliveira","image":{"@type":"ImageObject","inLanguage":"pt-BR","@id":"https:\/\/www.pm.pb.gov.br\/portal\/#\/schema\/person\/image\/","url":"https:\/\/secure.gravatar.com\/avatar\/72917b630b69d31cd0297507f34bac97?s=96&d=mm&r=g","contentUrl":"https:\/\/secure.gravatar.com\/avatar\/72917b630b69d31cd0297507f34bac97?s=96&d=mm&r=g","caption":"Tarcisio Oliveira"},"url":"https:\/\/www.pm.pb.gov.br\/portal\/author\/tarcisio\/"}]}},"_links":{"self":[{"href":"https:\/\/www.pm.pb.gov.br\/portal\/wp-json\/wp\/v2\/posts\/909548"}],"collection":[{"href":"https:\/\/www.pm.pb.gov.br\/portal\/wp-json\/wp\/v2\/posts"}],"about":[{"href":"https:\/\/www.pm.pb.gov.br\/portal\/wp-json\/wp\/v2\/types\/post"}],"author":[{"embeddable":true,"href":"https:\/\/www.pm.pb.gov.br\/portal\/wp-json\/wp\/v2\/users\/12"}],"replies":[{"embeddable":true,"href":"https:\/\/www.pm.pb.gov.br\/portal\/wp-json\/wp\/v2\/comments?post=909548"}],"version-history":[{"count":1,"href":"https:\/\/www.pm.pb.gov.br\/portal\/wp-json\/wp\/v2\/posts\/909548\/revisions"}],"predecessor-version":[{"id":909550,"href":"https:\/\/www.pm.pb.gov.br\/portal\/wp-json\/wp\/v2\/posts\/909548\/revisions\/909550"}],"wp:featuredmedia":[{"embeddable":true,"href":"https:\/\/www.pm.pb.gov.br\/portal\/wp-json\/wp\/v2\/media\/909498"}],"wp:attachment":[{"href":"https:\/\/www.pm.pb.gov.br\/portal\/wp-json\/wp\/v2\/media?parent=909548"}],"wp:term":[{"taxonomy":"category","embeddable":true,"href":"https:\/\/www.pm.pb.gov.br\/portal\/wp-json\/wp\/v2\/categories?post=909548"},{"taxonomy":"post_tag","embeddable":true,"href":"https:\/\/www.pm.pb.gov.br\/portal\/wp-json\/wp\/v2\/tags?post=909548"}],"curies":[{"name":"wp","href":"https:\/\/api.w.org\/{rel}","templated":true}]}}