{"id":909542,"date":"2021-02-25T13:54:29","date_gmt":"2021-02-25T16:54:29","guid":{"rendered":"http:\/\/www.pm.pb.gov.br\/portal\/?p=909542"},"modified":"2021-02-25T13:55:55","modified_gmt":"2021-02-25T16:55:55","slug":"tecnologia-hospital-da-pm-general-edson-ramalho-ja-conta-com-boletim-interno-proprio-e-republica-regimento-interno-da-unidade","status":"publish","type":"post","link":"https:\/\/www.pm.pb.gov.br\/portal\/2021\/02\/25\/tecnologia-hospital-da-pm-general-edson-ramalho-ja-conta-com-boletim-interno-proprio-e-republica-regimento-interno-da-unidade\/","title":{"rendered":"Tecnologia: Hospital da PM General Edson Ramalho j\u00e1 conta com boletim interno pr\u00f3prio e republica Regimento Interno da Unidade"},"content":{"rendered":"\n<p>A partir do trabalho desenvolvido pela Coordenadoria de Tecnologia da Informa\u00e7\u00e3o da PM (EM\/8), o Hospital da Pol\u00edcia Militar General Edson Ramalho (HPMGER) disp\u00f5e, desde a \u00faltima sexta-feira (19), de um boletim interno pr\u00f3prio da Unidade (foto acima ilustrativa). Com isso, os policiais que precisam acompanhar as atividades administrativas do \u00f3rg\u00e3o como transfer\u00eancias, contratos, a\u00e7\u00f5es, regulamentos, entre outros, podem verificar todas as informa\u00e7\u00f5es em um boletim pr\u00f3prio, agilizando as consultas e facilitando o trabalho.<\/p>\n<p>O boletim interno do HPMGER est\u00e1 hospedado no mesmo endere\u00e7o eletr\u00f4nico dos demais boletins institucionais, no link: <strong><a href=\"http:\/\/www.pm.pb.gov.br\/portal\/wp-content\/uploads\/2021\/02\/COPIA-BOL-1-2021-HPM-COMPACTADO.pdf\">http:\/\/www.pm.pb.gov.br\/portal\/wp-content\/uploads\/2021\/02\/COPIA-BOL-1-2021-HPM-COMPACTADO.pdf<\/a><\/strong>. Com esse trabalho, a Coordenadoria de Tecnologia da Informa\u00e7\u00e3o cumpriu o artigo 4\u00ba da Resolu\u00e7\u00e3o n\u00ba 018, do Gabinete do Comandante Geral, que aprovou o Regimento Interno do Hospital, e que previa um boletim pr\u00f3prio para a Unidade, agilizando e facilitando o cumprimento de demandas administrativas internas\u201d, explicou o major Pantale\u00e3o, coordenador do EM\/8.<\/p>\n<p>\u201cPara essa primeira publica\u00e7\u00e3o do boletim, que representa um avan\u00e7o hist\u00f3rico para o HPMGER, foi essencial o apoio do comandante-geral da PM, coronel Euller Chaves, e do trabalho da Coordenadoria de Tecnologia de Informa\u00e7\u00e3o da institui\u00e7\u00e3o. Com isso, republicamos nosso Regimento Interno no boletim, normatizando nossas a\u00e7\u00f5es no \u00e2mbito da Sa\u00fade e da Seguran\u00e7a P\u00fablica, visando sempre o aux\u00edlio do povo paraibano e dos nossos policiais\u201d, comemorou o coronel Almeida Martins, diretor geral da Unidade.<\/p>\n<p>O HPMGER est\u00e1 localizado na rua Eug\u00eanio Lucena Neiva, no bairro de Tambi\u00e1, em Jo\u00e3o Pessoa, e atende o p\u00fablico civil e militar.<\/p>\n","protected":false},"excerpt":{"rendered":"<p>A partir do trabalho desenvolvido pela Coordenadoria de Tecnologia da Informa\u00e7\u00e3o da PM (EM\/8), o Hospital da Pol\u00edcia Militar General<\/p>\n","protected":false},"author":12,"featured_media":899769,"comment_status":"closed","ping_status":"closed","sticky":false,"template":"","format":"standard","meta":{"_exactmetrics_skip_tracking":false,"_exactmetrics_sitenote_active":false,"_exactmetrics_sitenote_note":"","_exactmetrics_sitenote_category":0,"footnotes":""},"categories":[24,7],"tags":[],"yoast_head":"<!-- This site is optimized with the Yoast SEO plugin v22.0 - https:\/\/yoast.com\/wordpress\/plugins\/seo\/ -->\n<title>Tecnologia: Hospital da PM General Edson Ramalho j\u00e1 conta com boletim interno pr\u00f3prio e republica Regimento Interno da Unidade - Pol\u00edcia Militar da Para\u00edba<\/title>\n<meta name=\"robots\" content=\"index, follow, max-snippet:-1, max-image-preview:large, max-video-preview:-1\" \/>\n<link rel=\"canonical\" href=\"https:\/\/www.pm.pb.gov.br\/portal\/2021\/02\/25\/tecnologia-hospital-da-pm-general-edson-ramalho-ja-conta-com-boletim-interno-proprio-e-republica-regimento-interno-da-unidade\/\" \/>\n<meta property=\"og:locale\" content=\"pt_BR\" \/>\n<meta property=\"og:type\" content=\"article\" \/>\n<meta property=\"og:title\" content=\"Tecnologia: Hospital da PM General Edson Ramalho j\u00e1 conta com boletim interno pr\u00f3prio e republica Regimento Interno da Unidade - Pol\u00edcia Militar da Para\u00edba\" \/>\n<meta property=\"og:description\" content=\"A partir do trabalho desenvolvido pela Coordenadoria de Tecnologia da Informa\u00e7\u00e3o da PM (EM\/8), o Hospital da Pol\u00edcia Militar General\" \/>\n<meta property=\"og:url\" content=\"https:\/\/www.pm.pb.gov.br\/portal\/2021\/02\/25\/tecnologia-hospital-da-pm-general-edson-ramalho-ja-conta-com-boletim-interno-proprio-e-republica-regimento-interno-da-unidade\/\" \/>\n<meta property=\"og:site_name\" content=\"Pol\u00edcia Militar da Para\u00edba\" \/>\n<meta property=\"article:published_time\" content=\"2021-02-25T16:54:29+00:00\" \/>\n<meta property=\"article:modified_time\" content=\"2021-02-25T16:55:55+00:00\" \/>\n<meta property=\"og:image\" content=\"https:\/\/www.pm.pb.gov.br\/portal\/wp-content\/uploads\/2019\/01\/edsonramalho2.jpg\" \/>\n\t<meta property=\"og:image:width\" content=\"800\" \/>\n\t<meta property=\"og:image:height\" content=\"445\" \/>\n\t<meta property=\"og:image:type\" content=\"image\/jpeg\" \/>\n<meta name=\"author\" content=\"Tarcisio Oliveira\" \/>\n<meta name=\"twitter:card\" content=\"summary_large_image\" \/>\n<meta name=\"twitter:label1\" content=\"Escrito por\" \/>\n\t<meta name=\"twitter:data1\" content=\"Tarcisio Oliveira\" \/>\n\t<meta name=\"twitter:label2\" content=\"Est. tempo de leitura\" \/>\n\t<meta name=\"twitter:data2\" content=\"1 minuto\" \/>\n<script type=\"application\/ld+json\" class=\"yoast-schema-graph\">{\"@context\":\"https:\/\/schema.org\",\"@graph\":[{\"@type\":\"Article\",\"@id\":\"https:\/\/www.pm.pb.gov.br\/portal\/2021\/02\/25\/tecnologia-hospital-da-pm-general-edson-ramalho-ja-conta-com-boletim-interno-proprio-e-republica-regimento-interno-da-unidade\/#article\",\"isPartOf\":{\"@id\":\"https:\/\/www.pm.pb.gov.br\/portal\/2021\/02\/25\/tecnologia-hospital-da-pm-general-edson-ramalho-ja-conta-com-boletim-interno-proprio-e-republica-regimento-interno-da-unidade\/\"},\"author\":{\"name\":\"Tarcisio Oliveira\",\"@id\":\"https:\/\/www.pm.pb.gov.br\/portal\/#\/schema\/person\/f84f56dcc78ce4357054da888b8247fd\"},\"headline\":\"Tecnologia: Hospital da PM General Edson Ramalho j\u00e1 conta com boletim interno pr\u00f3prio e republica Regimento Interno da Unidade\",\"datePublished\":\"2021-02-25T16:54:29+00:00\",\"dateModified\":\"2021-02-25T16:55:55+00:00\",\"mainEntityOfPage\":{\"@id\":\"https:\/\/www.pm.pb.gov.br\/portal\/2021\/02\/25\/tecnologia-hospital-da-pm-general-edson-ramalho-ja-conta-com-boletim-interno-proprio-e-republica-regimento-interno-da-unidade\/\"},\"wordCount\":301,\"publisher\":{\"@id\":\"https:\/\/www.pm.pb.gov.br\/portal\/#organization\"},\"articleSection\":[\"A\u00e7\u00f5es de Sa\u00fade\",\"Desenvolvimento e Tecnologia\"],\"inLanguage\":\"pt-BR\"},{\"@type\":\"WebPage\",\"@id\":\"https:\/\/www.pm.pb.gov.br\/portal\/2021\/02\/25\/tecnologia-hospital-da-pm-general-edson-ramalho-ja-conta-com-boletim-interno-proprio-e-republica-regimento-interno-da-unidade\/\",\"url\":\"https:\/\/www.pm.pb.gov.br\/portal\/2021\/02\/25\/tecnologia-hospital-da-pm-general-edson-ramalho-ja-conta-com-boletim-interno-proprio-e-republica-regimento-interno-da-unidade\/\",\"name\":\"Tecnologia: Hospital da PM General Edson Ramalho j\u00e1 conta com boletim interno pr\u00f3prio e republica Regimento Interno da Unidade - Pol\u00edcia Militar da Para\u00edba\",\"isPartOf\":{\"@id\":\"https:\/\/www.pm.pb.gov.br\/portal\/#website\"},\"datePublished\":\"2021-02-25T16:54:29+00:00\",\"dateModified\":\"2021-02-25T16:55:55+00:00\",\"breadcrumb\":{\"@id\":\"https:\/\/www.pm.pb.gov.br\/portal\/2021\/02\/25\/tecnologia-hospital-da-pm-general-edson-ramalho-ja-conta-com-boletim-interno-proprio-e-republica-regimento-interno-da-unidade\/#breadcrumb\"},\"inLanguage\":\"pt-BR\",\"potentialAction\":[{\"@type\":\"ReadAction\",\"target\":[\"https:\/\/www.pm.pb.gov.br\/portal\/2021\/02\/25\/tecnologia-hospital-da-pm-general-edson-ramalho-ja-conta-com-boletim-interno-proprio-e-republica-regimento-interno-da-unidade\/\"]}]},{\"@type\":\"BreadcrumbList\",\"@id\":\"https:\/\/www.pm.pb.gov.br\/portal\/2021\/02\/25\/tecnologia-hospital-da-pm-general-edson-ramalho-ja-conta-com-boletim-interno-proprio-e-republica-regimento-interno-da-unidade\/#breadcrumb\",\"itemListElement\":[{\"@type\":\"ListItem\",\"position\":1,\"name\":\"In\u00edcio\",\"item\":\"https:\/\/www.pm.pb.gov.br\/portal\/\"},{\"@type\":\"ListItem\",\"position\":2,\"name\":\"Tecnologia: Hospital da PM General Edson Ramalho j\u00e1 conta com boletim interno pr\u00f3prio e republica Regimento Interno da Unidade\"}]},{\"@type\":\"WebSite\",\"@id\":\"https:\/\/www.pm.pb.gov.br\/portal\/#website\",\"url\":\"https:\/\/www.pm.pb.gov.br\/portal\/\",\"name\":\"Pol\u00edcia Militar da Para\u00edba\",\"description\":\"\",\"publisher\":{\"@id\":\"https:\/\/www.pm.pb.gov.br\/portal\/#organization\"},\"potentialAction\":[{\"@type\":\"SearchAction\",\"target\":{\"@type\":\"EntryPoint\",\"urlTemplate\":\"https:\/\/www.pm.pb.gov.br\/portal\/?s={search_term_string}\"},\"query-input\":\"required name=search_term_string\"}],\"inLanguage\":\"pt-BR\"},{\"@type\":\"Organization\",\"@id\":\"https:\/\/www.pm.pb.gov.br\/portal\/#organization\",\"name\":\"Pol\u00edcia Militar da Para\u00edba\",\"url\":\"https:\/\/www.pm.pb.gov.br\/portal\/\",\"logo\":{\"@type\":\"ImageObject\",\"inLanguage\":\"pt-BR\",\"@id\":\"https:\/\/www.pm.pb.gov.br\/portal\/#\/schema\/logo\/image\/\",\"url\":\"https:\/\/www.pm.pb.gov.br\/portal\/wp-content\/uploads\/2025\/03\/cropped-logo-site-mag2-1.png\",\"contentUrl\":\"https:\/\/www.pm.pb.gov.br\/portal\/wp-content\/uploads\/2025\/03\/cropped-logo-site-mag2-1.png\",\"width\":320,\"height\":90,\"caption\":\"Pol\u00edcia Militar da Para\u00edba\"},\"image\":{\"@id\":\"https:\/\/www.pm.pb.gov.br\/portal\/#\/schema\/logo\/image\/\"}},{\"@type\":\"Person\",\"@id\":\"https:\/\/www.pm.pb.gov.br\/portal\/#\/schema\/person\/f84f56dcc78ce4357054da888b8247fd\",\"name\":\"Tarcisio Oliveira\",\"image\":{\"@type\":\"ImageObject\",\"inLanguage\":\"pt-BR\",\"@id\":\"https:\/\/www.pm.pb.gov.br\/portal\/#\/schema\/person\/image\/\",\"url\":\"https:\/\/secure.gravatar.com\/avatar\/72917b630b69d31cd0297507f34bac97?s=96&d=mm&r=g\",\"contentUrl\":\"https:\/\/secure.gravatar.com\/avatar\/72917b630b69d31cd0297507f34bac97?s=96&d=mm&r=g\",\"caption\":\"Tarcisio Oliveira\"},\"url\":\"https:\/\/www.pm.pb.gov.br\/portal\/author\/tarcisio\/\"}]}<\/script>\n<!-- \/ Yoast SEO plugin. -->","yoast_head_json":{"title":"Tecnologia: Hospital da PM General Edson Ramalho j\u00e1 conta com boletim interno pr\u00f3prio e republica Regimento Interno da Unidade - Pol\u00edcia Militar da Para\u00edba","robots":{"index":"index","follow":"follow","max-snippet":"max-snippet:-1","max-image-preview":"max-image-preview:large","max-video-preview":"max-video-preview:-1"},"canonical":"https:\/\/www.pm.pb.gov.br\/portal\/2021\/02\/25\/tecnologia-hospital-da-pm-general-edson-ramalho-ja-conta-com-boletim-interno-proprio-e-republica-regimento-interno-da-unidade\/","og_locale":"pt_BR","og_type":"article","og_title":"Tecnologia: Hospital da PM General Edson Ramalho j\u00e1 conta com boletim interno pr\u00f3prio e republica Regimento Interno da Unidade - Pol\u00edcia Militar da Para\u00edba","og_description":"A partir do trabalho desenvolvido pela Coordenadoria de Tecnologia da Informa\u00e7\u00e3o da PM (EM\/8), o Hospital da Pol\u00edcia Militar General","og_url":"https:\/\/www.pm.pb.gov.br\/portal\/2021\/02\/25\/tecnologia-hospital-da-pm-general-edson-ramalho-ja-conta-com-boletim-interno-proprio-e-republica-regimento-interno-da-unidade\/","og_site_name":"Pol\u00edcia Militar da Para\u00edba","article_published_time":"2021-02-25T16:54:29+00:00","article_modified_time":"2021-02-25T16:55:55+00:00","og_image":[{"width":800,"height":445,"url":"https:\/\/www.pm.pb.gov.br\/portal\/wp-content\/uploads\/2019\/01\/edsonramalho2.jpg","type":"image\/jpeg"}],"author":"Tarcisio Oliveira","twitter_card":"summary_large_image","twitter_misc":{"Escrito por":"Tarcisio Oliveira","Est. tempo de leitura":"1 minuto"},"schema":{"@context":"https:\/\/schema.org","@graph":[{"@type":"Article","@id":"https:\/\/www.pm.pb.gov.br\/portal\/2021\/02\/25\/tecnologia-hospital-da-pm-general-edson-ramalho-ja-conta-com-boletim-interno-proprio-e-republica-regimento-interno-da-unidade\/#article","isPartOf":{"@id":"https:\/\/www.pm.pb.gov.br\/portal\/2021\/02\/25\/tecnologia-hospital-da-pm-general-edson-ramalho-ja-conta-com-boletim-interno-proprio-e-republica-regimento-interno-da-unidade\/"},"author":{"name":"Tarcisio Oliveira","@id":"https:\/\/www.pm.pb.gov.br\/portal\/#\/schema\/person\/f84f56dcc78ce4357054da888b8247fd"},"headline":"Tecnologia: Hospital da PM General Edson Ramalho j\u00e1 conta com boletim interno pr\u00f3prio e republica Regimento Interno da Unidade","datePublished":"2021-02-25T16:54:29+00:00","dateModified":"2021-02-25T16:55:55+00:00","mainEntityOfPage":{"@id":"https:\/\/www.pm.pb.gov.br\/portal\/2021\/02\/25\/tecnologia-hospital-da-pm-general-edson-ramalho-ja-conta-com-boletim-interno-proprio-e-republica-regimento-interno-da-unidade\/"},"wordCount":301,"publisher":{"@id":"https:\/\/www.pm.pb.gov.br\/portal\/#organization"},"articleSection":["A\u00e7\u00f5es de Sa\u00fade","Desenvolvimento e Tecnologia"],"inLanguage":"pt-BR"},{"@type":"WebPage","@id":"https:\/\/www.pm.pb.gov.br\/portal\/2021\/02\/25\/tecnologia-hospital-da-pm-general-edson-ramalho-ja-conta-com-boletim-interno-proprio-e-republica-regimento-interno-da-unidade\/","url":"https:\/\/www.pm.pb.gov.br\/portal\/2021\/02\/25\/tecnologia-hospital-da-pm-general-edson-ramalho-ja-conta-com-boletim-interno-proprio-e-republica-regimento-interno-da-unidade\/","name":"Tecnologia: Hospital da PM General Edson Ramalho j\u00e1 conta com boletim interno pr\u00f3prio e republica Regimento Interno da Unidade - Pol\u00edcia Militar da Para\u00edba","isPartOf":{"@id":"https:\/\/www.pm.pb.gov.br\/portal\/#website"},"datePublished":"2021-02-25T16:54:29+00:00","dateModified":"2021-02-25T16:55:55+00:00","breadcrumb":{"@id":"https:\/\/www.pm.pb.gov.br\/portal\/2021\/02\/25\/tecnologia-hospital-da-pm-general-edson-ramalho-ja-conta-com-boletim-interno-proprio-e-republica-regimento-interno-da-unidade\/#breadcrumb"},"inLanguage":"pt-BR","potentialAction":[{"@type":"ReadAction","target":["https:\/\/www.pm.pb.gov.br\/portal\/2021\/02\/25\/tecnologia-hospital-da-pm-general-edson-ramalho-ja-conta-com-boletim-interno-proprio-e-republica-regimento-interno-da-unidade\/"]}]},{"@type":"BreadcrumbList","@id":"https:\/\/www.pm.pb.gov.br\/portal\/2021\/02\/25\/tecnologia-hospital-da-pm-general-edson-ramalho-ja-conta-com-boletim-interno-proprio-e-republica-regimento-interno-da-unidade\/#breadcrumb","itemListElement":[{"@type":"ListItem","position":1,"name":"In\u00edcio","item":"https:\/\/www.pm.pb.gov.br\/portal\/"},{"@type":"ListItem","position":2,"name":"Tecnologia: Hospital da PM General Edson Ramalho j\u00e1 conta com boletim interno pr\u00f3prio e republica Regimento Interno da Unidade"}]},{"@type":"WebSite","@id":"https:\/\/www.pm.pb.gov.br\/portal\/#website","url":"https:\/\/www.pm.pb.gov.br\/portal\/","name":"Pol\u00edcia Militar da Para\u00edba","description":"","publisher":{"@id":"https:\/\/www.pm.pb.gov.br\/portal\/#organization"},"potentialAction":[{"@type":"SearchAction","target":{"@type":"EntryPoint","urlTemplate":"https:\/\/www.pm.pb.gov.br\/portal\/?s={search_term_string}"},"query-input":"required name=search_term_string"}],"inLanguage":"pt-BR"},{"@type":"Organization","@id":"https:\/\/www.pm.pb.gov.br\/portal\/#organization","name":"Pol\u00edcia Militar da Para\u00edba","url":"https:\/\/www.pm.pb.gov.br\/portal\/","logo":{"@type":"ImageObject","inLanguage":"pt-BR","@id":"https:\/\/www.pm.pb.gov.br\/portal\/#\/schema\/logo\/image\/","url":"https:\/\/www.pm.pb.gov.br\/portal\/wp-content\/uploads\/2025\/03\/cropped-logo-site-mag2-1.png","contentUrl":"https:\/\/www.pm.pb.gov.br\/portal\/wp-content\/uploads\/2025\/03\/cropped-logo-site-mag2-1.png","width":320,"height":90,"caption":"Pol\u00edcia Militar da Para\u00edba"},"image":{"@id":"https:\/\/www.pm.pb.gov.br\/portal\/#\/schema\/logo\/image\/"}},{"@type":"Person","@id":"https:\/\/www.pm.pb.gov.br\/portal\/#\/schema\/person\/f84f56dcc78ce4357054da888b8247fd","name":"Tarcisio Oliveira","image":{"@type":"ImageObject","inLanguage":"pt-BR","@id":"https:\/\/www.pm.pb.gov.br\/portal\/#\/schema\/person\/image\/","url":"https:\/\/secure.gravatar.com\/avatar\/72917b630b69d31cd0297507f34bac97?s=96&d=mm&r=g","contentUrl":"https:\/\/secure.gravatar.com\/avatar\/72917b630b69d31cd0297507f34bac97?s=96&d=mm&r=g","caption":"Tarcisio Oliveira"},"url":"https:\/\/www.pm.pb.gov.br\/portal\/author\/tarcisio\/"}]}},"_links":{"self":[{"href":"https:\/\/www.pm.pb.gov.br\/portal\/wp-json\/wp\/v2\/posts\/909542"}],"collection":[{"href":"https:\/\/www.pm.pb.gov.br\/portal\/wp-json\/wp\/v2\/posts"}],"about":[{"href":"https:\/\/www.pm.pb.gov.br\/portal\/wp-json\/wp\/v2\/types\/post"}],"author":[{"embeddable":true,"href":"https:\/\/www.pm.pb.gov.br\/portal\/wp-json\/wp\/v2\/users\/12"}],"replies":[{"embeddable":true,"href":"https:\/\/www.pm.pb.gov.br\/portal\/wp-json\/wp\/v2\/comments?post=909542"}],"version-history":[{"count":3,"href":"https:\/\/www.pm.pb.gov.br\/portal\/wp-json\/wp\/v2\/posts\/909542\/revisions"}],"predecessor-version":[{"id":909545,"href":"https:\/\/www.pm.pb.gov.br\/portal\/wp-json\/wp\/v2\/posts\/909542\/revisions\/909545"}],"wp:featuredmedia":[{"embeddable":true,"href":"https:\/\/www.pm.pb.gov.br\/portal\/wp-json\/wp\/v2\/media\/899769"}],"wp:attachment":[{"href":"https:\/\/www.pm.pb.gov.br\/portal\/wp-json\/wp\/v2\/media?parent=909542"}],"wp:term":[{"taxonomy":"category","embeddable":true,"href":"https:\/\/www.pm.pb.gov.br\/portal\/wp-json\/wp\/v2\/categories?post=909542"},{"taxonomy":"post_tag","embeddable":true,"href":"https:\/\/www.pm.pb.gov.br\/portal\/wp-json\/wp\/v2\/tags?post=909542"}],"curies":[{"name":"wp","href":"https:\/\/api.w.org\/{rel}","templated":true}]}}