{"id":909530,"date":"2021-03-01T14:24:22","date_gmt":"2021-03-01T17:24:22","guid":{"rendered":"http:\/\/www.pm.pb.gov.br\/portal\/?p=909530"},"modified":"2021-03-01T14:24:24","modified_gmt":"2021-03-01T17:24:24","slug":"policia-militar-frustra-assalto-a-farmacia-e-prende-acusado-do-crime-em-flagrante-na-capital","status":"publish","type":"post","link":"https:\/\/www.pm.pb.gov.br\/portal\/2021\/03\/01\/policia-militar-frustra-assalto-a-farmacia-e-prende-acusado-do-crime-em-flagrante-na-capital\/","title":{"rendered":"Pol\u00edcia Militar frustra assalto a farm\u00e1cia e prende acusado do crime em flagrante na Capital"},"content":{"rendered":"\n<p>Um jovem de 24 anos foi preso em flagrante, na noite desse domingo (28), ap\u00f3s tentar assaltar uma farm\u00e1cia, na Avenida Epit\u00e1cio Pessoa, no bairro dos Estados (foto acima ilustrativa). O suspeito cometeu o crime ap\u00f3s \u00e0s 22h e teve os planos frustrados pelas equipes da Pol\u00edcia Militar que estavam fiscalizando o \u2018toque de recolher\u2019, dentro da Opera\u00e7\u00e3o Previna-se.\u00a0\u00a0<\/p>\n\n\n\n<p>Ao ser surpreendido pela presen\u00e7a dos policiais do 1\u00ba Batalh\u00e3o, o suspeito, que j\u00e1 tinha recolhido dinheiro do caixa e pego produtos da farm\u00e1cia, tentou se esconder em uma sala do estabelecimento, mas ap\u00f3s negocia\u00e7\u00e3o ele se entregou. Com o preso, foram apreendidos um simulacro de pistola, uma faca (foto abaixo) e recuperados o dinheiro e objetos que ele pretendia levar no roubo.<\/p>\n\n\n\n<p><img loading=\"lazy\" decoding=\"async\" class=\"size-full wp-image-909568 aligncenter\" src=\"http:\/\/www.pm.pb.gov.br\/portal\/wp-content\/uploads\/2021\/03\/site.jpg\" alt=\"\" width=\"800\" height=\"445\" srcset=\"https:\/\/www.pm.pb.gov.br\/portal\/wp-content\/uploads\/2021\/03\/site.jpg 800w, https:\/\/www.pm.pb.gov.br\/portal\/wp-content\/uploads\/2021\/03\/site-245x136.jpg 245w, https:\/\/www.pm.pb.gov.br\/portal\/wp-content\/uploads\/2021\/03\/site-768x427.jpg 768w\" sizes=\"(max-width: 800px) 100vw, 800px\" \/><\/p>\n\n\n\n<p>O suspeito, que \u00e9 do bairro de Mandacaru, foi apresentado na Central de Flagrantes, no Geisel.&nbsp;<\/p>\n\n\n\n<p><br><br><br><br><\/p>\n","protected":false},"excerpt":{"rendered":"<p>Um jovem de 24 anos foi preso em flagrante, na noite desse domingo (28), ap\u00f3s tentar assaltar uma farm\u00e1cia, na<\/p>\n","protected":false},"author":10,"featured_media":900619,"comment_status":"closed","ping_status":"closed","sticky":false,"template":"","format":"standard","meta":{"_exactmetrics_skip_tracking":false,"_exactmetrics_sitenote_active":false,"_exactmetrics_sitenote_note":"","_exactmetrics_sitenote_category":0,"footnotes":""},"categories":[4],"tags":[],"yoast_head":"<!-- This site is optimized with the Yoast SEO plugin v22.0 - https:\/\/yoast.com\/wordpress\/plugins\/seo\/ -->\n<title>Pol\u00edcia Militar frustra assalto a farm\u00e1cia e prende acusado do crime em flagrante na Capital - Pol\u00edcia Militar da Para\u00edba<\/title>\n<meta name=\"robots\" content=\"index, follow, max-snippet:-1, max-image-preview:large, max-video-preview:-1\" \/>\n<link rel=\"canonical\" href=\"https:\/\/www.pm.pb.gov.br\/portal\/2021\/03\/01\/policia-militar-frustra-assalto-a-farmacia-e-prende-acusado-do-crime-em-flagrante-na-capital\/\" \/>\n<meta property=\"og:locale\" content=\"pt_BR\" \/>\n<meta property=\"og:type\" content=\"article\" \/>\n<meta property=\"og:title\" content=\"Pol\u00edcia Militar frustra assalto a farm\u00e1cia e prende acusado do crime em flagrante na Capital - Pol\u00edcia Militar da Para\u00edba\" \/>\n<meta property=\"og:description\" content=\"Um jovem de 24 anos foi preso em flagrante, na noite desse domingo (28), ap\u00f3s tentar assaltar uma farm\u00e1cia, na\" \/>\n<meta property=\"og:url\" content=\"https:\/\/www.pm.pb.gov.br\/portal\/2021\/03\/01\/policia-militar-frustra-assalto-a-farmacia-e-prende-acusado-do-crime-em-flagrante-na-capital\/\" \/>\n<meta property=\"og:site_name\" content=\"Pol\u00edcia Militar da Para\u00edba\" \/>\n<meta property=\"article:published_time\" content=\"2021-03-01T17:24:22+00:00\" \/>\n<meta property=\"article:modified_time\" content=\"2021-03-01T17:24:24+00:00\" \/>\n<meta property=\"og:image\" content=\"https:\/\/www.pm.pb.gov.br\/portal\/wp-content\/uploads\/2019\/05\/1bpm.jpg\" \/>\n\t<meta property=\"og:image:width\" content=\"800\" \/>\n\t<meta property=\"og:image:height\" content=\"445\" \/>\n\t<meta property=\"og:image:type\" content=\"image\/jpeg\" \/>\n<meta name=\"author\" content=\"WAGNER HENRIQUE VARELA DA SILVA\" \/>\n<meta name=\"twitter:card\" content=\"summary_large_image\" \/>\n<meta name=\"twitter:label1\" content=\"Escrito por\" \/>\n\t<meta name=\"twitter:data1\" content=\"WAGNER HENRIQUE VARELA DA SILVA\" \/>\n\t<meta name=\"twitter:label2\" content=\"Est. tempo de leitura\" \/>\n\t<meta name=\"twitter:data2\" content=\"1 minuto\" \/>\n<script type=\"application\/ld+json\" class=\"yoast-schema-graph\">{\"@context\":\"https:\/\/schema.org\",\"@graph\":[{\"@type\":\"Article\",\"@id\":\"https:\/\/www.pm.pb.gov.br\/portal\/2021\/03\/01\/policia-militar-frustra-assalto-a-farmacia-e-prende-acusado-do-crime-em-flagrante-na-capital\/#article\",\"isPartOf\":{\"@id\":\"https:\/\/www.pm.pb.gov.br\/portal\/2021\/03\/01\/policia-militar-frustra-assalto-a-farmacia-e-prende-acusado-do-crime-em-flagrante-na-capital\/\"},\"author\":{\"name\":\"WAGNER HENRIQUE VARELA DA SILVA\",\"@id\":\"https:\/\/www.pm.pb.gov.br\/portal\/#\/schema\/person\/b169b297b8494dea236e315ed1a201d1\"},\"headline\":\"Pol\u00edcia Militar frustra assalto a farm\u00e1cia e prende acusado do crime em flagrante na Capital\",\"datePublished\":\"2021-03-01T17:24:22+00:00\",\"dateModified\":\"2021-03-01T17:24:24+00:00\",\"mainEntityOfPage\":{\"@id\":\"https:\/\/www.pm.pb.gov.br\/portal\/2021\/03\/01\/policia-militar-frustra-assalto-a-farmacia-e-prende-acusado-do-crime-em-flagrante-na-capital\/\"},\"wordCount\":163,\"publisher\":{\"@id\":\"https:\/\/www.pm.pb.gov.br\/portal\/#organization\"},\"articleSection\":[\"A\u00e7\u00f5es Policiais\"],\"inLanguage\":\"pt-BR\"},{\"@type\":\"WebPage\",\"@id\":\"https:\/\/www.pm.pb.gov.br\/portal\/2021\/03\/01\/policia-militar-frustra-assalto-a-farmacia-e-prende-acusado-do-crime-em-flagrante-na-capital\/\",\"url\":\"https:\/\/www.pm.pb.gov.br\/portal\/2021\/03\/01\/policia-militar-frustra-assalto-a-farmacia-e-prende-acusado-do-crime-em-flagrante-na-capital\/\",\"name\":\"Pol\u00edcia Militar frustra assalto a farm\u00e1cia e prende acusado do crime em flagrante na Capital - Pol\u00edcia Militar da Para\u00edba\",\"isPartOf\":{\"@id\":\"https:\/\/www.pm.pb.gov.br\/portal\/#website\"},\"datePublished\":\"2021-03-01T17:24:22+00:00\",\"dateModified\":\"2021-03-01T17:24:24+00:00\",\"breadcrumb\":{\"@id\":\"https:\/\/www.pm.pb.gov.br\/portal\/2021\/03\/01\/policia-militar-frustra-assalto-a-farmacia-e-prende-acusado-do-crime-em-flagrante-na-capital\/#breadcrumb\"},\"inLanguage\":\"pt-BR\",\"potentialAction\":[{\"@type\":\"ReadAction\",\"target\":[\"https:\/\/www.pm.pb.gov.br\/portal\/2021\/03\/01\/policia-militar-frustra-assalto-a-farmacia-e-prende-acusado-do-crime-em-flagrante-na-capital\/\"]}]},{\"@type\":\"BreadcrumbList\",\"@id\":\"https:\/\/www.pm.pb.gov.br\/portal\/2021\/03\/01\/policia-militar-frustra-assalto-a-farmacia-e-prende-acusado-do-crime-em-flagrante-na-capital\/#breadcrumb\",\"itemListElement\":[{\"@type\":\"ListItem\",\"position\":1,\"name\":\"In\u00edcio\",\"item\":\"https:\/\/www.pm.pb.gov.br\/portal\/\"},{\"@type\":\"ListItem\",\"position\":2,\"name\":\"Pol\u00edcia Militar frustra assalto a farm\u00e1cia e prende acusado do crime em flagrante na Capital\"}]},{\"@type\":\"WebSite\",\"@id\":\"https:\/\/www.pm.pb.gov.br\/portal\/#website\",\"url\":\"https:\/\/www.pm.pb.gov.br\/portal\/\",\"name\":\"Pol\u00edcia Militar da Para\u00edba\",\"description\":\"\",\"publisher\":{\"@id\":\"https:\/\/www.pm.pb.gov.br\/portal\/#organization\"},\"potentialAction\":[{\"@type\":\"SearchAction\",\"target\":{\"@type\":\"EntryPoint\",\"urlTemplate\":\"https:\/\/www.pm.pb.gov.br\/portal\/?s={search_term_string}\"},\"query-input\":\"required name=search_term_string\"}],\"inLanguage\":\"pt-BR\"},{\"@type\":\"Organization\",\"@id\":\"https:\/\/www.pm.pb.gov.br\/portal\/#organization\",\"name\":\"Pol\u00edcia Militar da Para\u00edba\",\"url\":\"https:\/\/www.pm.pb.gov.br\/portal\/\",\"logo\":{\"@type\":\"ImageObject\",\"inLanguage\":\"pt-BR\",\"@id\":\"https:\/\/www.pm.pb.gov.br\/portal\/#\/schema\/logo\/image\/\",\"url\":\"https:\/\/www.pm.pb.gov.br\/portal\/wp-content\/uploads\/2025\/03\/cropped-logo-site-mag2-1.png\",\"contentUrl\":\"https:\/\/www.pm.pb.gov.br\/portal\/wp-content\/uploads\/2025\/03\/cropped-logo-site-mag2-1.png\",\"width\":320,\"height\":90,\"caption\":\"Pol\u00edcia Militar da Para\u00edba\"},\"image\":{\"@id\":\"https:\/\/www.pm.pb.gov.br\/portal\/#\/schema\/logo\/image\/\"}},{\"@type\":\"Person\",\"@id\":\"https:\/\/www.pm.pb.gov.br\/portal\/#\/schema\/person\/b169b297b8494dea236e315ed1a201d1\",\"name\":\"WAGNER HENRIQUE VARELA DA SILVA\",\"image\":{\"@type\":\"ImageObject\",\"inLanguage\":\"pt-BR\",\"@id\":\"https:\/\/www.pm.pb.gov.br\/portal\/#\/schema\/person\/image\/\",\"url\":\"https:\/\/secure.gravatar.com\/avatar\/e08af53176a66730df5c0706c6c31fd6?s=96&d=mm&r=g\",\"contentUrl\":\"https:\/\/secure.gravatar.com\/avatar\/e08af53176a66730df5c0706c6c31fd6?s=96&d=mm&r=g\",\"caption\":\"WAGNER HENRIQUE VARELA DA SILVA\"},\"url\":\"https:\/\/www.pm.pb.gov.br\/portal\/author\/varela\/\"}]}<\/script>\n<!-- \/ Yoast SEO plugin. -->","yoast_head_json":{"title":"Pol\u00edcia Militar frustra assalto a farm\u00e1cia e prende acusado do crime em flagrante na Capital - Pol\u00edcia Militar da Para\u00edba","robots":{"index":"index","follow":"follow","max-snippet":"max-snippet:-1","max-image-preview":"max-image-preview:large","max-video-preview":"max-video-preview:-1"},"canonical":"https:\/\/www.pm.pb.gov.br\/portal\/2021\/03\/01\/policia-militar-frustra-assalto-a-farmacia-e-prende-acusado-do-crime-em-flagrante-na-capital\/","og_locale":"pt_BR","og_type":"article","og_title":"Pol\u00edcia Militar frustra assalto a farm\u00e1cia e prende acusado do crime em flagrante na Capital - Pol\u00edcia Militar da Para\u00edba","og_description":"Um jovem de 24 anos foi preso em flagrante, na noite desse domingo (28), ap\u00f3s tentar assaltar uma farm\u00e1cia, na","og_url":"https:\/\/www.pm.pb.gov.br\/portal\/2021\/03\/01\/policia-militar-frustra-assalto-a-farmacia-e-prende-acusado-do-crime-em-flagrante-na-capital\/","og_site_name":"Pol\u00edcia Militar da Para\u00edba","article_published_time":"2021-03-01T17:24:22+00:00","article_modified_time":"2021-03-01T17:24:24+00:00","og_image":[{"width":800,"height":445,"url":"https:\/\/www.pm.pb.gov.br\/portal\/wp-content\/uploads\/2019\/05\/1bpm.jpg","type":"image\/jpeg"}],"author":"WAGNER HENRIQUE VARELA DA SILVA","twitter_card":"summary_large_image","twitter_misc":{"Escrito por":"WAGNER HENRIQUE VARELA DA SILVA","Est. tempo de leitura":"1 minuto"},"schema":{"@context":"https:\/\/schema.org","@graph":[{"@type":"Article","@id":"https:\/\/www.pm.pb.gov.br\/portal\/2021\/03\/01\/policia-militar-frustra-assalto-a-farmacia-e-prende-acusado-do-crime-em-flagrante-na-capital\/#article","isPartOf":{"@id":"https:\/\/www.pm.pb.gov.br\/portal\/2021\/03\/01\/policia-militar-frustra-assalto-a-farmacia-e-prende-acusado-do-crime-em-flagrante-na-capital\/"},"author":{"name":"WAGNER HENRIQUE VARELA DA SILVA","@id":"https:\/\/www.pm.pb.gov.br\/portal\/#\/schema\/person\/b169b297b8494dea236e315ed1a201d1"},"headline":"Pol\u00edcia Militar frustra assalto a farm\u00e1cia e prende acusado do crime em flagrante na Capital","datePublished":"2021-03-01T17:24:22+00:00","dateModified":"2021-03-01T17:24:24+00:00","mainEntityOfPage":{"@id":"https:\/\/www.pm.pb.gov.br\/portal\/2021\/03\/01\/policia-militar-frustra-assalto-a-farmacia-e-prende-acusado-do-crime-em-flagrante-na-capital\/"},"wordCount":163,"publisher":{"@id":"https:\/\/www.pm.pb.gov.br\/portal\/#organization"},"articleSection":["A\u00e7\u00f5es Policiais"],"inLanguage":"pt-BR"},{"@type":"WebPage","@id":"https:\/\/www.pm.pb.gov.br\/portal\/2021\/03\/01\/policia-militar-frustra-assalto-a-farmacia-e-prende-acusado-do-crime-em-flagrante-na-capital\/","url":"https:\/\/www.pm.pb.gov.br\/portal\/2021\/03\/01\/policia-militar-frustra-assalto-a-farmacia-e-prende-acusado-do-crime-em-flagrante-na-capital\/","name":"Pol\u00edcia Militar frustra assalto a farm\u00e1cia e prende acusado do crime em flagrante na Capital - Pol\u00edcia Militar da Para\u00edba","isPartOf":{"@id":"https:\/\/www.pm.pb.gov.br\/portal\/#website"},"datePublished":"2021-03-01T17:24:22+00:00","dateModified":"2021-03-01T17:24:24+00:00","breadcrumb":{"@id":"https:\/\/www.pm.pb.gov.br\/portal\/2021\/03\/01\/policia-militar-frustra-assalto-a-farmacia-e-prende-acusado-do-crime-em-flagrante-na-capital\/#breadcrumb"},"inLanguage":"pt-BR","potentialAction":[{"@type":"ReadAction","target":["https:\/\/www.pm.pb.gov.br\/portal\/2021\/03\/01\/policia-militar-frustra-assalto-a-farmacia-e-prende-acusado-do-crime-em-flagrante-na-capital\/"]}]},{"@type":"BreadcrumbList","@id":"https:\/\/www.pm.pb.gov.br\/portal\/2021\/03\/01\/policia-militar-frustra-assalto-a-farmacia-e-prende-acusado-do-crime-em-flagrante-na-capital\/#breadcrumb","itemListElement":[{"@type":"ListItem","position":1,"name":"In\u00edcio","item":"https:\/\/www.pm.pb.gov.br\/portal\/"},{"@type":"ListItem","position":2,"name":"Pol\u00edcia Militar frustra assalto a farm\u00e1cia e prende acusado do crime em flagrante na Capital"}]},{"@type":"WebSite","@id":"https:\/\/www.pm.pb.gov.br\/portal\/#website","url":"https:\/\/www.pm.pb.gov.br\/portal\/","name":"Pol\u00edcia Militar da Para\u00edba","description":"","publisher":{"@id":"https:\/\/www.pm.pb.gov.br\/portal\/#organization"},"potentialAction":[{"@type":"SearchAction","target":{"@type":"EntryPoint","urlTemplate":"https:\/\/www.pm.pb.gov.br\/portal\/?s={search_term_string}"},"query-input":"required name=search_term_string"}],"inLanguage":"pt-BR"},{"@type":"Organization","@id":"https:\/\/www.pm.pb.gov.br\/portal\/#organization","name":"Pol\u00edcia Militar da Para\u00edba","url":"https:\/\/www.pm.pb.gov.br\/portal\/","logo":{"@type":"ImageObject","inLanguage":"pt-BR","@id":"https:\/\/www.pm.pb.gov.br\/portal\/#\/schema\/logo\/image\/","url":"https:\/\/www.pm.pb.gov.br\/portal\/wp-content\/uploads\/2025\/03\/cropped-logo-site-mag2-1.png","contentUrl":"https:\/\/www.pm.pb.gov.br\/portal\/wp-content\/uploads\/2025\/03\/cropped-logo-site-mag2-1.png","width":320,"height":90,"caption":"Pol\u00edcia Militar da Para\u00edba"},"image":{"@id":"https:\/\/www.pm.pb.gov.br\/portal\/#\/schema\/logo\/image\/"}},{"@type":"Person","@id":"https:\/\/www.pm.pb.gov.br\/portal\/#\/schema\/person\/b169b297b8494dea236e315ed1a201d1","name":"WAGNER HENRIQUE VARELA DA SILVA","image":{"@type":"ImageObject","inLanguage":"pt-BR","@id":"https:\/\/www.pm.pb.gov.br\/portal\/#\/schema\/person\/image\/","url":"https:\/\/secure.gravatar.com\/avatar\/e08af53176a66730df5c0706c6c31fd6?s=96&d=mm&r=g","contentUrl":"https:\/\/secure.gravatar.com\/avatar\/e08af53176a66730df5c0706c6c31fd6?s=96&d=mm&r=g","caption":"WAGNER HENRIQUE VARELA DA SILVA"},"url":"https:\/\/www.pm.pb.gov.br\/portal\/author\/varela\/"}]}},"_links":{"self":[{"href":"https:\/\/www.pm.pb.gov.br\/portal\/wp-json\/wp\/v2\/posts\/909530"}],"collection":[{"href":"https:\/\/www.pm.pb.gov.br\/portal\/wp-json\/wp\/v2\/posts"}],"about":[{"href":"https:\/\/www.pm.pb.gov.br\/portal\/wp-json\/wp\/v2\/types\/post"}],"author":[{"embeddable":true,"href":"https:\/\/www.pm.pb.gov.br\/portal\/wp-json\/wp\/v2\/users\/10"}],"replies":[{"embeddable":true,"href":"https:\/\/www.pm.pb.gov.br\/portal\/wp-json\/wp\/v2\/comments?post=909530"}],"version-history":[{"count":2,"href":"https:\/\/www.pm.pb.gov.br\/portal\/wp-json\/wp\/v2\/posts\/909530\/revisions"}],"predecessor-version":[{"id":909570,"href":"https:\/\/www.pm.pb.gov.br\/portal\/wp-json\/wp\/v2\/posts\/909530\/revisions\/909570"}],"wp:featuredmedia":[{"embeddable":true,"href":"https:\/\/www.pm.pb.gov.br\/portal\/wp-json\/wp\/v2\/media\/900619"}],"wp:attachment":[{"href":"https:\/\/www.pm.pb.gov.br\/portal\/wp-json\/wp\/v2\/media?parent=909530"}],"wp:term":[{"taxonomy":"category","embeddable":true,"href":"https:\/\/www.pm.pb.gov.br\/portal\/wp-json\/wp\/v2\/categories?post=909530"},{"taxonomy":"post_tag","embeddable":true,"href":"https:\/\/www.pm.pb.gov.br\/portal\/wp-json\/wp\/v2\/tags?post=909530"}],"curies":[{"name":"wp","href":"https:\/\/api.w.org\/{rel}","templated":true}]}}