{"id":909038,"date":"2021-01-16T10:14:00","date_gmt":"2021-01-16T13:14:00","guid":{"rendered":"http:\/\/www.pm.pb.gov.br\/portal\/?p=909038"},"modified":"2021-01-16T13:17:30","modified_gmt":"2021-01-16T16:17:30","slug":"policia-militar-prende-suspeito-com-arma-de-fogo-e-captura-foragido-da-justica-na-zona-norte-da-capital","status":"publish","type":"post","link":"https:\/\/www.pm.pb.gov.br\/portal\/2021\/01\/16\/policia-militar-prende-suspeito-com-arma-de-fogo-e-captura-foragido-da-justica-na-zona-norte-da-capital\/","title":{"rendered":"Pol\u00edcia Militar prende suspeito com arma de fogo e captura foragido da Justi\u00e7a, na zona norte da capital"},"content":{"rendered":"\n<p>A Pol\u00edcia Militar capturou mais um foragido da Justi\u00e7a e prendeu um suspeito com arma de fogo que circulava nas ruas, na noite de sexta-feira e in\u00edcio de s\u00e1bado (16), na zona norte de Jo\u00e3o Pessoa (foto acima ilustrativa). As a\u00e7\u00f5es aconteceram durante refor\u00e7o do policiamento para as primeiras horas do final de semana nos bairros Alto do C\u00e9u e Mandacaru.<\/p>\n<p>Pouco ap\u00f3s a meia-noite, policiais do 1\u00ba Batalh\u00e3o abordaram um homem de 18 anos de idade em um beco, na regi\u00e3o do Alto do C\u00e9u, e apreenderam com ele um rev\u00f3lver calibre 357 e 14 muni\u00e7\u00f5es (foto abaixo).<\/p>\n<p><img loading=\"lazy\" decoding=\"async\" class=\"size-medium wp-image-909039 aligncenter\" src=\"http:\/\/www.pm.pb.gov.br\/portal\/wp-content\/uploads\/2021\/01\/armaapreendida-330x445.jpeg\" alt=\"\" width=\"330\" height=\"445\" srcset=\"https:\/\/www.pm.pb.gov.br\/portal\/wp-content\/uploads\/2021\/01\/armaapreendida-330x445.jpeg 330w, https:\/\/www.pm.pb.gov.br\/portal\/wp-content\/uploads\/2021\/01\/armaapreendida-422x570.jpeg 422w, https:\/\/www.pm.pb.gov.br\/portal\/wp-content\/uploads\/2021\/01\/armaapreendida.jpeg 650w\" sizes=\"(max-width: 330px) 100vw, 330px\" \/><\/p>\n<p>Mais cedo, ainda na noite de sexta, policiais da For\u00e7a Regional capturaram um homem foragido da Justi\u00e7a no bairro de Mandacaru. Ele j\u00e1 cumpria pena pelo crime de roubo, estava no regime semiaberto mas havia deixado de comparecer ao pres\u00eddio.<\/p>\n<p>Nas duas ocorr\u00eancias, os suspeitos presos e a arma apreendida foram encaminhados para a Central de Flagrantes para os procedimentos cab\u00edveis ao fato.<\/p>\n","protected":false},"excerpt":{"rendered":"<p>A Pol\u00edcia Militar capturou mais um foragido da Justi\u00e7a e prendeu um suspeito com arma de fogo que circulava nas<\/p>\n","protected":false},"author":12,"featured_media":898772,"comment_status":"closed","ping_status":"closed","sticky":false,"template":"","format":"standard","meta":{"_exactmetrics_skip_tracking":false,"_exactmetrics_sitenote_active":false,"_exactmetrics_sitenote_note":"","_exactmetrics_sitenote_category":0,"footnotes":""},"categories":[4],"tags":[],"yoast_head":"<!-- This site is optimized with the Yoast SEO plugin v22.0 - https:\/\/yoast.com\/wordpress\/plugins\/seo\/ -->\n<title>Pol\u00edcia Militar prende suspeito com arma de fogo e captura foragido da Justi\u00e7a, na zona norte da capital - Pol\u00edcia Militar da Para\u00edba<\/title>\n<meta name=\"robots\" content=\"index, follow, max-snippet:-1, max-image-preview:large, max-video-preview:-1\" \/>\n<link rel=\"canonical\" href=\"https:\/\/www.pm.pb.gov.br\/portal\/2021\/01\/16\/policia-militar-prende-suspeito-com-arma-de-fogo-e-captura-foragido-da-justica-na-zona-norte-da-capital\/\" \/>\n<meta property=\"og:locale\" content=\"pt_BR\" \/>\n<meta property=\"og:type\" content=\"article\" \/>\n<meta property=\"og:title\" content=\"Pol\u00edcia Militar prende suspeito com arma de fogo e captura foragido da Justi\u00e7a, na zona norte da capital - Pol\u00edcia Militar da Para\u00edba\" \/>\n<meta property=\"og:description\" content=\"A Pol\u00edcia Militar capturou mais um foragido da Justi\u00e7a e prendeu um suspeito com arma de fogo que circulava nas\" \/>\n<meta property=\"og:url\" content=\"https:\/\/www.pm.pb.gov.br\/portal\/2021\/01\/16\/policia-militar-prende-suspeito-com-arma-de-fogo-e-captura-foragido-da-justica-na-zona-norte-da-capital\/\" \/>\n<meta property=\"og:site_name\" content=\"Pol\u00edcia Militar da Para\u00edba\" \/>\n<meta property=\"article:published_time\" content=\"2021-01-16T13:14:00+00:00\" \/>\n<meta property=\"article:modified_time\" content=\"2021-01-16T16:17:30+00:00\" \/>\n<meta property=\"og:image\" content=\"https:\/\/www.pm.pb.gov.br\/portal\/wp-content\/uploads\/2018\/08\/DSC_3588.jpg\" \/>\n\t<meta property=\"og:image:width\" content=\"800\" \/>\n\t<meta property=\"og:image:height\" content=\"445\" \/>\n\t<meta property=\"og:image:type\" content=\"image\/jpeg\" \/>\n<meta name=\"author\" content=\"Tarcisio Oliveira\" \/>\n<meta name=\"twitter:card\" content=\"summary_large_image\" \/>\n<meta name=\"twitter:label1\" content=\"Escrito por\" \/>\n\t<meta name=\"twitter:data1\" content=\"Tarcisio Oliveira\" \/>\n\t<meta name=\"twitter:label2\" content=\"Est. tempo de leitura\" \/>\n\t<meta name=\"twitter:data2\" content=\"1 minuto\" \/>\n<script type=\"application\/ld+json\" class=\"yoast-schema-graph\">{\"@context\":\"https:\/\/schema.org\",\"@graph\":[{\"@type\":\"Article\",\"@id\":\"https:\/\/www.pm.pb.gov.br\/portal\/2021\/01\/16\/policia-militar-prende-suspeito-com-arma-de-fogo-e-captura-foragido-da-justica-na-zona-norte-da-capital\/#article\",\"isPartOf\":{\"@id\":\"https:\/\/www.pm.pb.gov.br\/portal\/2021\/01\/16\/policia-militar-prende-suspeito-com-arma-de-fogo-e-captura-foragido-da-justica-na-zona-norte-da-capital\/\"},\"author\":{\"name\":\"Tarcisio Oliveira\",\"@id\":\"https:\/\/www.pm.pb.gov.br\/portal\/#\/schema\/person\/f84f56dcc78ce4357054da888b8247fd\"},\"headline\":\"Pol\u00edcia Militar prende suspeito com arma de fogo e captura foragido da Justi\u00e7a, na zona norte da capital\",\"datePublished\":\"2021-01-16T13:14:00+00:00\",\"dateModified\":\"2021-01-16T16:17:30+00:00\",\"mainEntityOfPage\":{\"@id\":\"https:\/\/www.pm.pb.gov.br\/portal\/2021\/01\/16\/policia-militar-prende-suspeito-com-arma-de-fogo-e-captura-foragido-da-justica-na-zona-norte-da-capital\/\"},\"wordCount\":196,\"publisher\":{\"@id\":\"https:\/\/www.pm.pb.gov.br\/portal\/#organization\"},\"articleSection\":[\"A\u00e7\u00f5es Policiais\"],\"inLanguage\":\"pt-BR\"},{\"@type\":\"WebPage\",\"@id\":\"https:\/\/www.pm.pb.gov.br\/portal\/2021\/01\/16\/policia-militar-prende-suspeito-com-arma-de-fogo-e-captura-foragido-da-justica-na-zona-norte-da-capital\/\",\"url\":\"https:\/\/www.pm.pb.gov.br\/portal\/2021\/01\/16\/policia-militar-prende-suspeito-com-arma-de-fogo-e-captura-foragido-da-justica-na-zona-norte-da-capital\/\",\"name\":\"Pol\u00edcia Militar prende suspeito com arma de fogo e captura foragido da Justi\u00e7a, na zona norte da capital - Pol\u00edcia Militar da Para\u00edba\",\"isPartOf\":{\"@id\":\"https:\/\/www.pm.pb.gov.br\/portal\/#website\"},\"datePublished\":\"2021-01-16T13:14:00+00:00\",\"dateModified\":\"2021-01-16T16:17:30+00:00\",\"breadcrumb\":{\"@id\":\"https:\/\/www.pm.pb.gov.br\/portal\/2021\/01\/16\/policia-militar-prende-suspeito-com-arma-de-fogo-e-captura-foragido-da-justica-na-zona-norte-da-capital\/#breadcrumb\"},\"inLanguage\":\"pt-BR\",\"potentialAction\":[{\"@type\":\"ReadAction\",\"target\":[\"https:\/\/www.pm.pb.gov.br\/portal\/2021\/01\/16\/policia-militar-prende-suspeito-com-arma-de-fogo-e-captura-foragido-da-justica-na-zona-norte-da-capital\/\"]}]},{\"@type\":\"BreadcrumbList\",\"@id\":\"https:\/\/www.pm.pb.gov.br\/portal\/2021\/01\/16\/policia-militar-prende-suspeito-com-arma-de-fogo-e-captura-foragido-da-justica-na-zona-norte-da-capital\/#breadcrumb\",\"itemListElement\":[{\"@type\":\"ListItem\",\"position\":1,\"name\":\"In\u00edcio\",\"item\":\"https:\/\/www.pm.pb.gov.br\/portal\/\"},{\"@type\":\"ListItem\",\"position\":2,\"name\":\"Pol\u00edcia Militar prende suspeito com arma de fogo e captura foragido da Justi\u00e7a, na zona norte da capital\"}]},{\"@type\":\"WebSite\",\"@id\":\"https:\/\/www.pm.pb.gov.br\/portal\/#website\",\"url\":\"https:\/\/www.pm.pb.gov.br\/portal\/\",\"name\":\"Pol\u00edcia Militar da Para\u00edba\",\"description\":\"\",\"publisher\":{\"@id\":\"https:\/\/www.pm.pb.gov.br\/portal\/#organization\"},\"potentialAction\":[{\"@type\":\"SearchAction\",\"target\":{\"@type\":\"EntryPoint\",\"urlTemplate\":\"https:\/\/www.pm.pb.gov.br\/portal\/?s={search_term_string}\"},\"query-input\":\"required name=search_term_string\"}],\"inLanguage\":\"pt-BR\"},{\"@type\":\"Organization\",\"@id\":\"https:\/\/www.pm.pb.gov.br\/portal\/#organization\",\"name\":\"Pol\u00edcia Militar da Para\u00edba\",\"url\":\"https:\/\/www.pm.pb.gov.br\/portal\/\",\"logo\":{\"@type\":\"ImageObject\",\"inLanguage\":\"pt-BR\",\"@id\":\"https:\/\/www.pm.pb.gov.br\/portal\/#\/schema\/logo\/image\/\",\"url\":\"https:\/\/www.pm.pb.gov.br\/portal\/wp-content\/uploads\/2025\/03\/cropped-logo-site-mag2-1.png\",\"contentUrl\":\"https:\/\/www.pm.pb.gov.br\/portal\/wp-content\/uploads\/2025\/03\/cropped-logo-site-mag2-1.png\",\"width\":320,\"height\":90,\"caption\":\"Pol\u00edcia Militar da Para\u00edba\"},\"image\":{\"@id\":\"https:\/\/www.pm.pb.gov.br\/portal\/#\/schema\/logo\/image\/\"}},{\"@type\":\"Person\",\"@id\":\"https:\/\/www.pm.pb.gov.br\/portal\/#\/schema\/person\/f84f56dcc78ce4357054da888b8247fd\",\"name\":\"Tarcisio Oliveira\",\"image\":{\"@type\":\"ImageObject\",\"inLanguage\":\"pt-BR\",\"@id\":\"https:\/\/www.pm.pb.gov.br\/portal\/#\/schema\/person\/image\/\",\"url\":\"https:\/\/secure.gravatar.com\/avatar\/72917b630b69d31cd0297507f34bac97?s=96&d=mm&r=g\",\"contentUrl\":\"https:\/\/secure.gravatar.com\/avatar\/72917b630b69d31cd0297507f34bac97?s=96&d=mm&r=g\",\"caption\":\"Tarcisio Oliveira\"},\"url\":\"https:\/\/www.pm.pb.gov.br\/portal\/author\/tarcisio\/\"}]}<\/script>\n<!-- \/ Yoast SEO plugin. -->","yoast_head_json":{"title":"Pol\u00edcia Militar prende suspeito com arma de fogo e captura foragido da Justi\u00e7a, na zona norte da capital - Pol\u00edcia Militar da Para\u00edba","robots":{"index":"index","follow":"follow","max-snippet":"max-snippet:-1","max-image-preview":"max-image-preview:large","max-video-preview":"max-video-preview:-1"},"canonical":"https:\/\/www.pm.pb.gov.br\/portal\/2021\/01\/16\/policia-militar-prende-suspeito-com-arma-de-fogo-e-captura-foragido-da-justica-na-zona-norte-da-capital\/","og_locale":"pt_BR","og_type":"article","og_title":"Pol\u00edcia Militar prende suspeito com arma de fogo e captura foragido da Justi\u00e7a, na zona norte da capital - Pol\u00edcia Militar da Para\u00edba","og_description":"A Pol\u00edcia Militar capturou mais um foragido da Justi\u00e7a e prendeu um suspeito com arma de fogo que circulava nas","og_url":"https:\/\/www.pm.pb.gov.br\/portal\/2021\/01\/16\/policia-militar-prende-suspeito-com-arma-de-fogo-e-captura-foragido-da-justica-na-zona-norte-da-capital\/","og_site_name":"Pol\u00edcia Militar da Para\u00edba","article_published_time":"2021-01-16T13:14:00+00:00","article_modified_time":"2021-01-16T16:17:30+00:00","og_image":[{"width":800,"height":445,"url":"https:\/\/www.pm.pb.gov.br\/portal\/wp-content\/uploads\/2018\/08\/DSC_3588.jpg","type":"image\/jpeg"}],"author":"Tarcisio Oliveira","twitter_card":"summary_large_image","twitter_misc":{"Escrito por":"Tarcisio Oliveira","Est. tempo de leitura":"1 minuto"},"schema":{"@context":"https:\/\/schema.org","@graph":[{"@type":"Article","@id":"https:\/\/www.pm.pb.gov.br\/portal\/2021\/01\/16\/policia-militar-prende-suspeito-com-arma-de-fogo-e-captura-foragido-da-justica-na-zona-norte-da-capital\/#article","isPartOf":{"@id":"https:\/\/www.pm.pb.gov.br\/portal\/2021\/01\/16\/policia-militar-prende-suspeito-com-arma-de-fogo-e-captura-foragido-da-justica-na-zona-norte-da-capital\/"},"author":{"name":"Tarcisio Oliveira","@id":"https:\/\/www.pm.pb.gov.br\/portal\/#\/schema\/person\/f84f56dcc78ce4357054da888b8247fd"},"headline":"Pol\u00edcia Militar prende suspeito com arma de fogo e captura foragido da Justi\u00e7a, na zona norte da capital","datePublished":"2021-01-16T13:14:00+00:00","dateModified":"2021-01-16T16:17:30+00:00","mainEntityOfPage":{"@id":"https:\/\/www.pm.pb.gov.br\/portal\/2021\/01\/16\/policia-militar-prende-suspeito-com-arma-de-fogo-e-captura-foragido-da-justica-na-zona-norte-da-capital\/"},"wordCount":196,"publisher":{"@id":"https:\/\/www.pm.pb.gov.br\/portal\/#organization"},"articleSection":["A\u00e7\u00f5es Policiais"],"inLanguage":"pt-BR"},{"@type":"WebPage","@id":"https:\/\/www.pm.pb.gov.br\/portal\/2021\/01\/16\/policia-militar-prende-suspeito-com-arma-de-fogo-e-captura-foragido-da-justica-na-zona-norte-da-capital\/","url":"https:\/\/www.pm.pb.gov.br\/portal\/2021\/01\/16\/policia-militar-prende-suspeito-com-arma-de-fogo-e-captura-foragido-da-justica-na-zona-norte-da-capital\/","name":"Pol\u00edcia Militar prende suspeito com arma de fogo e captura foragido da Justi\u00e7a, na zona norte da capital - Pol\u00edcia Militar da Para\u00edba","isPartOf":{"@id":"https:\/\/www.pm.pb.gov.br\/portal\/#website"},"datePublished":"2021-01-16T13:14:00+00:00","dateModified":"2021-01-16T16:17:30+00:00","breadcrumb":{"@id":"https:\/\/www.pm.pb.gov.br\/portal\/2021\/01\/16\/policia-militar-prende-suspeito-com-arma-de-fogo-e-captura-foragido-da-justica-na-zona-norte-da-capital\/#breadcrumb"},"inLanguage":"pt-BR","potentialAction":[{"@type":"ReadAction","target":["https:\/\/www.pm.pb.gov.br\/portal\/2021\/01\/16\/policia-militar-prende-suspeito-com-arma-de-fogo-e-captura-foragido-da-justica-na-zona-norte-da-capital\/"]}]},{"@type":"BreadcrumbList","@id":"https:\/\/www.pm.pb.gov.br\/portal\/2021\/01\/16\/policia-militar-prende-suspeito-com-arma-de-fogo-e-captura-foragido-da-justica-na-zona-norte-da-capital\/#breadcrumb","itemListElement":[{"@type":"ListItem","position":1,"name":"In\u00edcio","item":"https:\/\/www.pm.pb.gov.br\/portal\/"},{"@type":"ListItem","position":2,"name":"Pol\u00edcia Militar prende suspeito com arma de fogo e captura foragido da Justi\u00e7a, na zona norte da capital"}]},{"@type":"WebSite","@id":"https:\/\/www.pm.pb.gov.br\/portal\/#website","url":"https:\/\/www.pm.pb.gov.br\/portal\/","name":"Pol\u00edcia Militar da Para\u00edba","description":"","publisher":{"@id":"https:\/\/www.pm.pb.gov.br\/portal\/#organization"},"potentialAction":[{"@type":"SearchAction","target":{"@type":"EntryPoint","urlTemplate":"https:\/\/www.pm.pb.gov.br\/portal\/?s={search_term_string}"},"query-input":"required name=search_term_string"}],"inLanguage":"pt-BR"},{"@type":"Organization","@id":"https:\/\/www.pm.pb.gov.br\/portal\/#organization","name":"Pol\u00edcia Militar da Para\u00edba","url":"https:\/\/www.pm.pb.gov.br\/portal\/","logo":{"@type":"ImageObject","inLanguage":"pt-BR","@id":"https:\/\/www.pm.pb.gov.br\/portal\/#\/schema\/logo\/image\/","url":"https:\/\/www.pm.pb.gov.br\/portal\/wp-content\/uploads\/2025\/03\/cropped-logo-site-mag2-1.png","contentUrl":"https:\/\/www.pm.pb.gov.br\/portal\/wp-content\/uploads\/2025\/03\/cropped-logo-site-mag2-1.png","width":320,"height":90,"caption":"Pol\u00edcia Militar da Para\u00edba"},"image":{"@id":"https:\/\/www.pm.pb.gov.br\/portal\/#\/schema\/logo\/image\/"}},{"@type":"Person","@id":"https:\/\/www.pm.pb.gov.br\/portal\/#\/schema\/person\/f84f56dcc78ce4357054da888b8247fd","name":"Tarcisio Oliveira","image":{"@type":"ImageObject","inLanguage":"pt-BR","@id":"https:\/\/www.pm.pb.gov.br\/portal\/#\/schema\/person\/image\/","url":"https:\/\/secure.gravatar.com\/avatar\/72917b630b69d31cd0297507f34bac97?s=96&d=mm&r=g","contentUrl":"https:\/\/secure.gravatar.com\/avatar\/72917b630b69d31cd0297507f34bac97?s=96&d=mm&r=g","caption":"Tarcisio Oliveira"},"url":"https:\/\/www.pm.pb.gov.br\/portal\/author\/tarcisio\/"}]}},"_links":{"self":[{"href":"https:\/\/www.pm.pb.gov.br\/portal\/wp-json\/wp\/v2\/posts\/909038"}],"collection":[{"href":"https:\/\/www.pm.pb.gov.br\/portal\/wp-json\/wp\/v2\/posts"}],"about":[{"href":"https:\/\/www.pm.pb.gov.br\/portal\/wp-json\/wp\/v2\/types\/post"}],"author":[{"embeddable":true,"href":"https:\/\/www.pm.pb.gov.br\/portal\/wp-json\/wp\/v2\/users\/12"}],"replies":[{"embeddable":true,"href":"https:\/\/www.pm.pb.gov.br\/portal\/wp-json\/wp\/v2\/comments?post=909038"}],"version-history":[{"count":1,"href":"https:\/\/www.pm.pb.gov.br\/portal\/wp-json\/wp\/v2\/posts\/909038\/revisions"}],"predecessor-version":[{"id":909040,"href":"https:\/\/www.pm.pb.gov.br\/portal\/wp-json\/wp\/v2\/posts\/909038\/revisions\/909040"}],"wp:featuredmedia":[{"embeddable":true,"href":"https:\/\/www.pm.pb.gov.br\/portal\/wp-json\/wp\/v2\/media\/898772"}],"wp:attachment":[{"href":"https:\/\/www.pm.pb.gov.br\/portal\/wp-json\/wp\/v2\/media?parent=909038"}],"wp:term":[{"taxonomy":"category","embeddable":true,"href":"https:\/\/www.pm.pb.gov.br\/portal\/wp-json\/wp\/v2\/categories?post=909038"},{"taxonomy":"post_tag","embeddable":true,"href":"https:\/\/www.pm.pb.gov.br\/portal\/wp-json\/wp\/v2\/tags?post=909038"}],"curies":[{"name":"wp","href":"https:\/\/api.w.org\/{rel}","templated":true}]}}