{"id":909024,"date":"2021-01-16T09:55:27","date_gmt":"2021-01-16T12:55:27","guid":{"rendered":"http:\/\/www.pm.pb.gov.br\/portal\/?p=909024"},"modified":"2021-01-16T09:55:28","modified_gmt":"2021-01-16T12:55:28","slug":"policia-militar-prende-tres-suspeitos-com-drogas-na-regiao-metropolitana-de-joao-pessoa","status":"publish","type":"post","link":"https:\/\/www.pm.pb.gov.br\/portal\/2021\/01\/16\/policia-militar-prende-tres-suspeitos-com-drogas-na-regiao-metropolitana-de-joao-pessoa\/","title":{"rendered":"Pol\u00edcia Militar prende tr\u00eas suspeitos com drogas, na regi\u00e3o metropolitana de Jo\u00e3o Pessoa"},"content":{"rendered":"\n<p>O final de semana come\u00e7ou com diversas apreens\u00f5es de drogas na regi\u00e3o metropolitana de Jo\u00e3o Pessoa (foto acima ilustrativa). Entorpecentes e suspeitos foram flagrados pela Pol\u00edcia Militar em v\u00e1rias localidades de Jo\u00e3o Pessoa e regi\u00e3o, entre a noite de sexta-feira e madrugada deste s\u00e1bado (16).<\/p>\n<p>No Bairro dos Estados, em Jo\u00e3o Pessoa, a policiais do Batalh\u00e3o de Opera\u00e7\u00f5es Especiais (Bope), chegaram at\u00e9 um suspeito de 57 anos de idade, que estava com mais de 60 por\u00e7\u00f5es e meio tablete de subst\u00e2ncia semelhante \u00e0 maconha, al\u00e9m de balan\u00e7as de precis\u00e3o e dinheiro (foto abaixo). O homem foi encontrado pela PM no interior de um mercado p\u00fablico, no fim da noite de sexta.<\/p>\n<p><img loading=\"lazy\" decoding=\"async\" class=\" wp-image-909025 aligncenter\" src=\"http:\/\/www.pm.pb.gov.br\/portal\/wp-content\/uploads\/2021\/01\/drogas_apreendidas-334x445.jpeg\" alt=\"\" width=\"295\" height=\"393\" srcset=\"https:\/\/www.pm.pb.gov.br\/portal\/wp-content\/uploads\/2021\/01\/drogas_apreendidas-334x445.jpeg 334w, https:\/\/www.pm.pb.gov.br\/portal\/wp-content\/uploads\/2021\/01\/drogas_apreendidas-428x570.jpeg 428w, https:\/\/www.pm.pb.gov.br\/portal\/wp-content\/uploads\/2021\/01\/drogas_apreendidas-768x1024.jpeg 768w, https:\/\/www.pm.pb.gov.br\/portal\/wp-content\/uploads\/2021\/01\/drogas_apreendidas.jpeg 780w\" sizes=\"(max-width: 295px) 100vw, 295px\" \/><\/p>\n<p>No bairro de Tamba\u00fa, nas primeiras horas do s\u00e1bado, tamb\u00e9m na capital, policiais da Companhia Especializada de Apoio ao Turista (CEATur), prenderam um homem de 20 anos de idade que estava com quase 80 por\u00e7\u00f5es de subst\u00e2ncia an\u00e1loga a crack e coca\u00edna.\u00a0 Nas duas ocorr\u00eancias da capital, as drogas apreendidas e os suspeitos presos foram levados para a Central de Pol\u00edcia.<\/p>\n<p>J\u00e1 em Santa Rita, policiais do 7\u00aa Batalh\u00e3o apreenderam seis por\u00e7\u00f5es de haxixe, coca\u00edna e maconha, que estavam com um suspeito de 29 anos de idade, no bairro Loteamento Tibiri. Suspeito e drogas foram apresentados na 6\u00aa Delegacia Distrital para os procedimentos cab\u00edveis. Outras a\u00e7\u00f5es de combate ao tr\u00e1fico devem ser realizadas durante todo o final de semana.<\/p>\n","protected":false},"excerpt":{"rendered":"<p>O final de semana come\u00e7ou com diversas apreens\u00f5es de drogas na regi\u00e3o metropolitana de Jo\u00e3o Pessoa (foto acima ilustrativa). Entorpecentes<\/p>\n","protected":false},"author":12,"featured_media":899786,"comment_status":"closed","ping_status":"closed","sticky":false,"template":"","format":"standard","meta":{"_exactmetrics_skip_tracking":false,"_exactmetrics_sitenote_active":false,"_exactmetrics_sitenote_note":"","_exactmetrics_sitenote_category":0,"footnotes":""},"categories":[4],"tags":[],"yoast_head":"<!-- This site is optimized with the Yoast SEO plugin v22.0 - https:\/\/yoast.com\/wordpress\/plugins\/seo\/ -->\n<title>Pol\u00edcia Militar prende tr\u00eas suspeitos com drogas, na regi\u00e3o metropolitana de Jo\u00e3o Pessoa - Pol\u00edcia Militar da Para\u00edba<\/title>\n<meta name=\"robots\" content=\"index, follow, max-snippet:-1, max-image-preview:large, max-video-preview:-1\" \/>\n<link rel=\"canonical\" href=\"https:\/\/www.pm.pb.gov.br\/portal\/2021\/01\/16\/policia-militar-prende-tres-suspeitos-com-drogas-na-regiao-metropolitana-de-joao-pessoa\/\" \/>\n<meta property=\"og:locale\" content=\"pt_BR\" \/>\n<meta property=\"og:type\" content=\"article\" \/>\n<meta property=\"og:title\" content=\"Pol\u00edcia Militar prende tr\u00eas suspeitos com drogas, na regi\u00e3o metropolitana de Jo\u00e3o Pessoa - Pol\u00edcia Militar da Para\u00edba\" \/>\n<meta property=\"og:description\" content=\"O final de semana come\u00e7ou com diversas apreens\u00f5es de drogas na regi\u00e3o metropolitana de Jo\u00e3o Pessoa (foto acima ilustrativa). Entorpecentes\" \/>\n<meta property=\"og:url\" content=\"https:\/\/www.pm.pb.gov.br\/portal\/2021\/01\/16\/policia-militar-prende-tres-suspeitos-com-drogas-na-regiao-metropolitana-de-joao-pessoa\/\" \/>\n<meta property=\"og:site_name\" content=\"Pol\u00edcia Militar da Para\u00edba\" \/>\n<meta property=\"article:published_time\" content=\"2021-01-16T12:55:27+00:00\" \/>\n<meta property=\"article:modified_time\" content=\"2021-01-16T12:55:28+00:00\" \/>\n<meta property=\"og:image\" content=\"https:\/\/www.pm.pb.gov.br\/portal\/wp-content\/uploads\/2019\/01\/choqueilustrativa.jpg\" \/>\n\t<meta property=\"og:image:width\" content=\"800\" \/>\n\t<meta property=\"og:image:height\" content=\"445\" \/>\n\t<meta property=\"og:image:type\" content=\"image\/jpeg\" \/>\n<meta name=\"author\" content=\"Tarcisio Oliveira\" \/>\n<meta name=\"twitter:card\" content=\"summary_large_image\" \/>\n<meta name=\"twitter:label1\" content=\"Escrito por\" \/>\n\t<meta name=\"twitter:data1\" content=\"Tarcisio Oliveira\" \/>\n\t<meta name=\"twitter:label2\" content=\"Est. tempo de leitura\" \/>\n\t<meta name=\"twitter:data2\" content=\"1 minuto\" \/>\n<script type=\"application\/ld+json\" class=\"yoast-schema-graph\">{\"@context\":\"https:\/\/schema.org\",\"@graph\":[{\"@type\":\"Article\",\"@id\":\"https:\/\/www.pm.pb.gov.br\/portal\/2021\/01\/16\/policia-militar-prende-tres-suspeitos-com-drogas-na-regiao-metropolitana-de-joao-pessoa\/#article\",\"isPartOf\":{\"@id\":\"https:\/\/www.pm.pb.gov.br\/portal\/2021\/01\/16\/policia-militar-prende-tres-suspeitos-com-drogas-na-regiao-metropolitana-de-joao-pessoa\/\"},\"author\":{\"name\":\"Tarcisio Oliveira\",\"@id\":\"https:\/\/www.pm.pb.gov.br\/portal\/#\/schema\/person\/f84f56dcc78ce4357054da888b8247fd\"},\"headline\":\"Pol\u00edcia Militar prende tr\u00eas suspeitos com drogas, na regi\u00e3o metropolitana de Jo\u00e3o Pessoa\",\"datePublished\":\"2021-01-16T12:55:27+00:00\",\"dateModified\":\"2021-01-16T12:55:28+00:00\",\"mainEntityOfPage\":{\"@id\":\"https:\/\/www.pm.pb.gov.br\/portal\/2021\/01\/16\/policia-militar-prende-tres-suspeitos-com-drogas-na-regiao-metropolitana-de-joao-pessoa\/\"},\"wordCount\":270,\"publisher\":{\"@id\":\"https:\/\/www.pm.pb.gov.br\/portal\/#organization\"},\"articleSection\":[\"A\u00e7\u00f5es Policiais\"],\"inLanguage\":\"pt-BR\"},{\"@type\":\"WebPage\",\"@id\":\"https:\/\/www.pm.pb.gov.br\/portal\/2021\/01\/16\/policia-militar-prende-tres-suspeitos-com-drogas-na-regiao-metropolitana-de-joao-pessoa\/\",\"url\":\"https:\/\/www.pm.pb.gov.br\/portal\/2021\/01\/16\/policia-militar-prende-tres-suspeitos-com-drogas-na-regiao-metropolitana-de-joao-pessoa\/\",\"name\":\"Pol\u00edcia Militar prende tr\u00eas suspeitos com drogas, na regi\u00e3o metropolitana de Jo\u00e3o Pessoa - Pol\u00edcia Militar da Para\u00edba\",\"isPartOf\":{\"@id\":\"https:\/\/www.pm.pb.gov.br\/portal\/#website\"},\"datePublished\":\"2021-01-16T12:55:27+00:00\",\"dateModified\":\"2021-01-16T12:55:28+00:00\",\"breadcrumb\":{\"@id\":\"https:\/\/www.pm.pb.gov.br\/portal\/2021\/01\/16\/policia-militar-prende-tres-suspeitos-com-drogas-na-regiao-metropolitana-de-joao-pessoa\/#breadcrumb\"},\"inLanguage\":\"pt-BR\",\"potentialAction\":[{\"@type\":\"ReadAction\",\"target\":[\"https:\/\/www.pm.pb.gov.br\/portal\/2021\/01\/16\/policia-militar-prende-tres-suspeitos-com-drogas-na-regiao-metropolitana-de-joao-pessoa\/\"]}]},{\"@type\":\"BreadcrumbList\",\"@id\":\"https:\/\/www.pm.pb.gov.br\/portal\/2021\/01\/16\/policia-militar-prende-tres-suspeitos-com-drogas-na-regiao-metropolitana-de-joao-pessoa\/#breadcrumb\",\"itemListElement\":[{\"@type\":\"ListItem\",\"position\":1,\"name\":\"In\u00edcio\",\"item\":\"https:\/\/www.pm.pb.gov.br\/portal\/\"},{\"@type\":\"ListItem\",\"position\":2,\"name\":\"Pol\u00edcia Militar prende tr\u00eas suspeitos com drogas, na regi\u00e3o metropolitana de Jo\u00e3o Pessoa\"}]},{\"@type\":\"WebSite\",\"@id\":\"https:\/\/www.pm.pb.gov.br\/portal\/#website\",\"url\":\"https:\/\/www.pm.pb.gov.br\/portal\/\",\"name\":\"Pol\u00edcia Militar da Para\u00edba\",\"description\":\"\",\"publisher\":{\"@id\":\"https:\/\/www.pm.pb.gov.br\/portal\/#organization\"},\"potentialAction\":[{\"@type\":\"SearchAction\",\"target\":{\"@type\":\"EntryPoint\",\"urlTemplate\":\"https:\/\/www.pm.pb.gov.br\/portal\/?s={search_term_string}\"},\"query-input\":\"required name=search_term_string\"}],\"inLanguage\":\"pt-BR\"},{\"@type\":\"Organization\",\"@id\":\"https:\/\/www.pm.pb.gov.br\/portal\/#organization\",\"name\":\"Pol\u00edcia Militar da Para\u00edba\",\"url\":\"https:\/\/www.pm.pb.gov.br\/portal\/\",\"logo\":{\"@type\":\"ImageObject\",\"inLanguage\":\"pt-BR\",\"@id\":\"https:\/\/www.pm.pb.gov.br\/portal\/#\/schema\/logo\/image\/\",\"url\":\"https:\/\/www.pm.pb.gov.br\/portal\/wp-content\/uploads\/2025\/03\/cropped-logo-site-mag2-1.png\",\"contentUrl\":\"https:\/\/www.pm.pb.gov.br\/portal\/wp-content\/uploads\/2025\/03\/cropped-logo-site-mag2-1.png\",\"width\":320,\"height\":90,\"caption\":\"Pol\u00edcia Militar da Para\u00edba\"},\"image\":{\"@id\":\"https:\/\/www.pm.pb.gov.br\/portal\/#\/schema\/logo\/image\/\"}},{\"@type\":\"Person\",\"@id\":\"https:\/\/www.pm.pb.gov.br\/portal\/#\/schema\/person\/f84f56dcc78ce4357054da888b8247fd\",\"name\":\"Tarcisio Oliveira\",\"image\":{\"@type\":\"ImageObject\",\"inLanguage\":\"pt-BR\",\"@id\":\"https:\/\/www.pm.pb.gov.br\/portal\/#\/schema\/person\/image\/\",\"url\":\"https:\/\/secure.gravatar.com\/avatar\/72917b630b69d31cd0297507f34bac97?s=96&d=mm&r=g\",\"contentUrl\":\"https:\/\/secure.gravatar.com\/avatar\/72917b630b69d31cd0297507f34bac97?s=96&d=mm&r=g\",\"caption\":\"Tarcisio Oliveira\"},\"url\":\"https:\/\/www.pm.pb.gov.br\/portal\/author\/tarcisio\/\"}]}<\/script>\n<!-- \/ Yoast SEO plugin. -->","yoast_head_json":{"title":"Pol\u00edcia Militar prende tr\u00eas suspeitos com drogas, na regi\u00e3o metropolitana de Jo\u00e3o Pessoa - Pol\u00edcia Militar da Para\u00edba","robots":{"index":"index","follow":"follow","max-snippet":"max-snippet:-1","max-image-preview":"max-image-preview:large","max-video-preview":"max-video-preview:-1"},"canonical":"https:\/\/www.pm.pb.gov.br\/portal\/2021\/01\/16\/policia-militar-prende-tres-suspeitos-com-drogas-na-regiao-metropolitana-de-joao-pessoa\/","og_locale":"pt_BR","og_type":"article","og_title":"Pol\u00edcia Militar prende tr\u00eas suspeitos com drogas, na regi\u00e3o metropolitana de Jo\u00e3o Pessoa - Pol\u00edcia Militar da Para\u00edba","og_description":"O final de semana come\u00e7ou com diversas apreens\u00f5es de drogas na regi\u00e3o metropolitana de Jo\u00e3o Pessoa (foto acima ilustrativa). Entorpecentes","og_url":"https:\/\/www.pm.pb.gov.br\/portal\/2021\/01\/16\/policia-militar-prende-tres-suspeitos-com-drogas-na-regiao-metropolitana-de-joao-pessoa\/","og_site_name":"Pol\u00edcia Militar da Para\u00edba","article_published_time":"2021-01-16T12:55:27+00:00","article_modified_time":"2021-01-16T12:55:28+00:00","og_image":[{"width":800,"height":445,"url":"https:\/\/www.pm.pb.gov.br\/portal\/wp-content\/uploads\/2019\/01\/choqueilustrativa.jpg","type":"image\/jpeg"}],"author":"Tarcisio Oliveira","twitter_card":"summary_large_image","twitter_misc":{"Escrito por":"Tarcisio Oliveira","Est. tempo de leitura":"1 minuto"},"schema":{"@context":"https:\/\/schema.org","@graph":[{"@type":"Article","@id":"https:\/\/www.pm.pb.gov.br\/portal\/2021\/01\/16\/policia-militar-prende-tres-suspeitos-com-drogas-na-regiao-metropolitana-de-joao-pessoa\/#article","isPartOf":{"@id":"https:\/\/www.pm.pb.gov.br\/portal\/2021\/01\/16\/policia-militar-prende-tres-suspeitos-com-drogas-na-regiao-metropolitana-de-joao-pessoa\/"},"author":{"name":"Tarcisio Oliveira","@id":"https:\/\/www.pm.pb.gov.br\/portal\/#\/schema\/person\/f84f56dcc78ce4357054da888b8247fd"},"headline":"Pol\u00edcia Militar prende tr\u00eas suspeitos com drogas, na regi\u00e3o metropolitana de Jo\u00e3o Pessoa","datePublished":"2021-01-16T12:55:27+00:00","dateModified":"2021-01-16T12:55:28+00:00","mainEntityOfPage":{"@id":"https:\/\/www.pm.pb.gov.br\/portal\/2021\/01\/16\/policia-militar-prende-tres-suspeitos-com-drogas-na-regiao-metropolitana-de-joao-pessoa\/"},"wordCount":270,"publisher":{"@id":"https:\/\/www.pm.pb.gov.br\/portal\/#organization"},"articleSection":["A\u00e7\u00f5es Policiais"],"inLanguage":"pt-BR"},{"@type":"WebPage","@id":"https:\/\/www.pm.pb.gov.br\/portal\/2021\/01\/16\/policia-militar-prende-tres-suspeitos-com-drogas-na-regiao-metropolitana-de-joao-pessoa\/","url":"https:\/\/www.pm.pb.gov.br\/portal\/2021\/01\/16\/policia-militar-prende-tres-suspeitos-com-drogas-na-regiao-metropolitana-de-joao-pessoa\/","name":"Pol\u00edcia Militar prende tr\u00eas suspeitos com drogas, na regi\u00e3o metropolitana de Jo\u00e3o Pessoa - Pol\u00edcia Militar da Para\u00edba","isPartOf":{"@id":"https:\/\/www.pm.pb.gov.br\/portal\/#website"},"datePublished":"2021-01-16T12:55:27+00:00","dateModified":"2021-01-16T12:55:28+00:00","breadcrumb":{"@id":"https:\/\/www.pm.pb.gov.br\/portal\/2021\/01\/16\/policia-militar-prende-tres-suspeitos-com-drogas-na-regiao-metropolitana-de-joao-pessoa\/#breadcrumb"},"inLanguage":"pt-BR","potentialAction":[{"@type":"ReadAction","target":["https:\/\/www.pm.pb.gov.br\/portal\/2021\/01\/16\/policia-militar-prende-tres-suspeitos-com-drogas-na-regiao-metropolitana-de-joao-pessoa\/"]}]},{"@type":"BreadcrumbList","@id":"https:\/\/www.pm.pb.gov.br\/portal\/2021\/01\/16\/policia-militar-prende-tres-suspeitos-com-drogas-na-regiao-metropolitana-de-joao-pessoa\/#breadcrumb","itemListElement":[{"@type":"ListItem","position":1,"name":"In\u00edcio","item":"https:\/\/www.pm.pb.gov.br\/portal\/"},{"@type":"ListItem","position":2,"name":"Pol\u00edcia Militar prende tr\u00eas suspeitos com drogas, na regi\u00e3o metropolitana de Jo\u00e3o Pessoa"}]},{"@type":"WebSite","@id":"https:\/\/www.pm.pb.gov.br\/portal\/#website","url":"https:\/\/www.pm.pb.gov.br\/portal\/","name":"Pol\u00edcia Militar da Para\u00edba","description":"","publisher":{"@id":"https:\/\/www.pm.pb.gov.br\/portal\/#organization"},"potentialAction":[{"@type":"SearchAction","target":{"@type":"EntryPoint","urlTemplate":"https:\/\/www.pm.pb.gov.br\/portal\/?s={search_term_string}"},"query-input":"required name=search_term_string"}],"inLanguage":"pt-BR"},{"@type":"Organization","@id":"https:\/\/www.pm.pb.gov.br\/portal\/#organization","name":"Pol\u00edcia Militar da Para\u00edba","url":"https:\/\/www.pm.pb.gov.br\/portal\/","logo":{"@type":"ImageObject","inLanguage":"pt-BR","@id":"https:\/\/www.pm.pb.gov.br\/portal\/#\/schema\/logo\/image\/","url":"https:\/\/www.pm.pb.gov.br\/portal\/wp-content\/uploads\/2025\/03\/cropped-logo-site-mag2-1.png","contentUrl":"https:\/\/www.pm.pb.gov.br\/portal\/wp-content\/uploads\/2025\/03\/cropped-logo-site-mag2-1.png","width":320,"height":90,"caption":"Pol\u00edcia Militar da Para\u00edba"},"image":{"@id":"https:\/\/www.pm.pb.gov.br\/portal\/#\/schema\/logo\/image\/"}},{"@type":"Person","@id":"https:\/\/www.pm.pb.gov.br\/portal\/#\/schema\/person\/f84f56dcc78ce4357054da888b8247fd","name":"Tarcisio Oliveira","image":{"@type":"ImageObject","inLanguage":"pt-BR","@id":"https:\/\/www.pm.pb.gov.br\/portal\/#\/schema\/person\/image\/","url":"https:\/\/secure.gravatar.com\/avatar\/72917b630b69d31cd0297507f34bac97?s=96&d=mm&r=g","contentUrl":"https:\/\/secure.gravatar.com\/avatar\/72917b630b69d31cd0297507f34bac97?s=96&d=mm&r=g","caption":"Tarcisio Oliveira"},"url":"https:\/\/www.pm.pb.gov.br\/portal\/author\/tarcisio\/"}]}},"_links":{"self":[{"href":"https:\/\/www.pm.pb.gov.br\/portal\/wp-json\/wp\/v2\/posts\/909024"}],"collection":[{"href":"https:\/\/www.pm.pb.gov.br\/portal\/wp-json\/wp\/v2\/posts"}],"about":[{"href":"https:\/\/www.pm.pb.gov.br\/portal\/wp-json\/wp\/v2\/types\/post"}],"author":[{"embeddable":true,"href":"https:\/\/www.pm.pb.gov.br\/portal\/wp-json\/wp\/v2\/users\/12"}],"replies":[{"embeddable":true,"href":"https:\/\/www.pm.pb.gov.br\/portal\/wp-json\/wp\/v2\/comments?post=909024"}],"version-history":[{"count":1,"href":"https:\/\/www.pm.pb.gov.br\/portal\/wp-json\/wp\/v2\/posts\/909024\/revisions"}],"predecessor-version":[{"id":909026,"href":"https:\/\/www.pm.pb.gov.br\/portal\/wp-json\/wp\/v2\/posts\/909024\/revisions\/909026"}],"wp:featuredmedia":[{"embeddable":true,"href":"https:\/\/www.pm.pb.gov.br\/portal\/wp-json\/wp\/v2\/media\/899786"}],"wp:attachment":[{"href":"https:\/\/www.pm.pb.gov.br\/portal\/wp-json\/wp\/v2\/media?parent=909024"}],"wp:term":[{"taxonomy":"category","embeddable":true,"href":"https:\/\/www.pm.pb.gov.br\/portal\/wp-json\/wp\/v2\/categories?post=909024"},{"taxonomy":"post_tag","embeddable":true,"href":"https:\/\/www.pm.pb.gov.br\/portal\/wp-json\/wp\/v2\/tags?post=909024"}],"curies":[{"name":"wp","href":"https:\/\/api.w.org\/{rel}","templated":true}]}}