{"id":909021,"date":"2021-01-15T22:30:25","date_gmt":"2021-01-16T01:30:25","guid":{"rendered":"http:\/\/www.pm.pb.gov.br\/portal\/?p=909021"},"modified":"2021-01-15T22:30:26","modified_gmt":"2021-01-16T01:30:26","slug":"policia-militar-prende-suspeitos-de-assalto-captura-foragido-e-apreende-arma-de-fogo-em-riachao-do-poco-e-sape","status":"publish","type":"post","link":"https:\/\/www.pm.pb.gov.br\/portal\/2021\/01\/15\/policia-militar-prende-suspeitos-de-assalto-captura-foragido-e-apreende-arma-de-fogo-em-riachao-do-poco-e-sape\/","title":{"rendered":"Pol\u00edcia Militar prende suspeitos de assalto, captura foragido e apreende arma de fogo em Riach\u00e3o do Po\u00e7o e Sap\u00e9"},"content":{"rendered":"\n<p>A Pol\u00edcia Militar prendeu tr\u00eas suspeitos de assalto, cumpriu um mandado de pris\u00e3o e apreendeu uma arma de fogo nas cidades de Riach\u00e3o do Po\u00e7o e Sap\u00e9 (foto acima ilustrativa). As a\u00e7\u00f5es aconteceram nesta sexta-feira (15).<\/p>\n<p>Em Riach\u00e3o do Po\u00e7o, duas pessoas que estavam sendo procuradas por diversos delitos na regi\u00e3o, entre eles um assalto acontecido no dia anterior, foram presas pela For\u00e7a T\u00e1tica da 3\u00aa Companhia do 7\u00aa Batalh\u00e3o. Durante abordagem aos suspeitos, os policiais ainda constataram que um deles possu\u00eda um mandado de pris\u00e3o em aberto. A dupla, e os materiais encontrados com eles como capacete, coturno e celular (foto abaixo), foram encaminhados para a Delegacia da Pol\u00edcia Civil em Santa Rita.<\/p>\n<p><img loading=\"lazy\" decoding=\"async\" class=\" wp-image-909022 aligncenter\" src=\"http:\/\/www.pm.pb.gov.br\/portal\/wp-content\/uploads\/2021\/01\/prisoes_sexta-593x445.jpeg\" alt=\"\" width=\"511\" height=\"383\" srcset=\"https:\/\/www.pm.pb.gov.br\/portal\/wp-content\/uploads\/2021\/01\/prisoes_sexta-593x445.jpeg 593w, https:\/\/www.pm.pb.gov.br\/portal\/wp-content\/uploads\/2021\/01\/prisoes_sexta-760x570.jpeg 760w, https:\/\/www.pm.pb.gov.br\/portal\/wp-content\/uploads\/2021\/01\/prisoes_sexta-768x576.jpeg 768w, https:\/\/www.pm.pb.gov.br\/portal\/wp-content\/uploads\/2021\/01\/prisoes_sexta.jpeg 1280w\" sizes=\"(max-width: 511px) 100vw, 511px\" \/><\/p>\n<p>Tamb\u00e9m nesta sexta, policiais da 3\u00aa Companhia chegaram a localiza\u00e7\u00e3o de um homem suspeito de assalto que vinha cometendo crimes na cidade de Sap\u00e9. O suspeito foi preso e apresentado na Delegacia em Santa Rita, onde suas pr\u00e1ticas criminosas ser\u00e3o apuradas.<\/p>\n<p><strong>Motopatrulhamento \u2013 <\/strong>Na tarde desta sexta, policiais do Batalh\u00e3o Especializado em Policiamento com Motocicletas (BEPMotos) apreenderam uma espingarda de calibre indefinido, nas proximidades da rodovia estadual PB 073, tamb\u00e9m em Sap\u00e9. O armamento estava com um suspeito que fugiu ao perceber a chegada da PM na regi\u00e3o, e se desfez da espingarda. Os policiais levaram a arma apreendida para a Delegacia da cidade.<\/p>\n<p>As a\u00e7\u00f5es preventivas devem continuar durante todo o fim de semana na regi\u00e3o, com objetivo de prevenir crimes patrimoniais e contra a vida.<\/p>\n","protected":false},"excerpt":{"rendered":"<p>A Pol\u00edcia Militar prendeu tr\u00eas suspeitos de assalto, cumpriu um mandado de pris\u00e3o e apreendeu uma arma de fogo nas<\/p>\n","protected":false},"author":12,"featured_media":906902,"comment_status":"closed","ping_status":"closed","sticky":false,"template":"","format":"standard","meta":{"_exactmetrics_skip_tracking":false,"_exactmetrics_sitenote_active":false,"_exactmetrics_sitenote_note":"","_exactmetrics_sitenote_category":0,"footnotes":""},"categories":[4],"tags":[],"yoast_head":"<!-- This site is optimized with the Yoast SEO plugin v22.0 - https:\/\/yoast.com\/wordpress\/plugins\/seo\/ -->\n<title>Pol\u00edcia Militar prende suspeitos de assalto, captura foragido e apreende arma de fogo em Riach\u00e3o do Po\u00e7o e Sap\u00e9 - Pol\u00edcia Militar da Para\u00edba<\/title>\n<meta name=\"robots\" content=\"index, follow, max-snippet:-1, max-image-preview:large, max-video-preview:-1\" \/>\n<link rel=\"canonical\" href=\"https:\/\/www.pm.pb.gov.br\/portal\/2021\/01\/15\/policia-militar-prende-suspeitos-de-assalto-captura-foragido-e-apreende-arma-de-fogo-em-riachao-do-poco-e-sape\/\" \/>\n<meta property=\"og:locale\" content=\"pt_BR\" \/>\n<meta property=\"og:type\" content=\"article\" \/>\n<meta property=\"og:title\" content=\"Pol\u00edcia Militar prende suspeitos de assalto, captura foragido e apreende arma de fogo em Riach\u00e3o do Po\u00e7o e Sap\u00e9 - Pol\u00edcia Militar da Para\u00edba\" \/>\n<meta property=\"og:description\" content=\"A Pol\u00edcia Militar prendeu tr\u00eas suspeitos de assalto, cumpriu um mandado de pris\u00e3o e apreendeu uma arma de fogo nas\" \/>\n<meta property=\"og:url\" content=\"https:\/\/www.pm.pb.gov.br\/portal\/2021\/01\/15\/policia-militar-prende-suspeitos-de-assalto-captura-foragido-e-apreende-arma-de-fogo-em-riachao-do-poco-e-sape\/\" \/>\n<meta property=\"og:site_name\" content=\"Pol\u00edcia Militar da Para\u00edba\" \/>\n<meta property=\"article:published_time\" content=\"2021-01-16T01:30:25+00:00\" \/>\n<meta property=\"article:modified_time\" content=\"2021-01-16T01:30:26+00:00\" \/>\n<meta property=\"og:image\" content=\"https:\/\/www.pm.pb.gov.br\/portal\/wp-content\/uploads\/2020\/08\/3cia7bpm.jpeg\" \/>\n\t<meta property=\"og:image:width\" content=\"800\" \/>\n\t<meta property=\"og:image:height\" content=\"445\" \/>\n\t<meta property=\"og:image:type\" content=\"image\/jpeg\" \/>\n<meta name=\"author\" content=\"Tarcisio Oliveira\" \/>\n<meta name=\"twitter:card\" content=\"summary_large_image\" \/>\n<meta name=\"twitter:label1\" content=\"Escrito por\" \/>\n\t<meta name=\"twitter:data1\" content=\"Tarcisio Oliveira\" \/>\n\t<meta name=\"twitter:label2\" content=\"Est. tempo de leitura\" \/>\n\t<meta name=\"twitter:data2\" content=\"1 minuto\" \/>\n<script type=\"application\/ld+json\" class=\"yoast-schema-graph\">{\"@context\":\"https:\/\/schema.org\",\"@graph\":[{\"@type\":\"Article\",\"@id\":\"https:\/\/www.pm.pb.gov.br\/portal\/2021\/01\/15\/policia-militar-prende-suspeitos-de-assalto-captura-foragido-e-apreende-arma-de-fogo-em-riachao-do-poco-e-sape\/#article\",\"isPartOf\":{\"@id\":\"https:\/\/www.pm.pb.gov.br\/portal\/2021\/01\/15\/policia-militar-prende-suspeitos-de-assalto-captura-foragido-e-apreende-arma-de-fogo-em-riachao-do-poco-e-sape\/\"},\"author\":{\"name\":\"Tarcisio Oliveira\",\"@id\":\"https:\/\/www.pm.pb.gov.br\/portal\/#\/schema\/person\/f84f56dcc78ce4357054da888b8247fd\"},\"headline\":\"Pol\u00edcia Militar prende suspeitos de assalto, captura foragido e apreende arma de fogo em Riach\u00e3o do Po\u00e7o e Sap\u00e9\",\"datePublished\":\"2021-01-16T01:30:25+00:00\",\"dateModified\":\"2021-01-16T01:30:26+00:00\",\"mainEntityOfPage\":{\"@id\":\"https:\/\/www.pm.pb.gov.br\/portal\/2021\/01\/15\/policia-militar-prende-suspeitos-de-assalto-captura-foragido-e-apreende-arma-de-fogo-em-riachao-do-poco-e-sape\/\"},\"wordCount\":281,\"publisher\":{\"@id\":\"https:\/\/www.pm.pb.gov.br\/portal\/#organization\"},\"articleSection\":[\"A\u00e7\u00f5es Policiais\"],\"inLanguage\":\"pt-BR\"},{\"@type\":\"WebPage\",\"@id\":\"https:\/\/www.pm.pb.gov.br\/portal\/2021\/01\/15\/policia-militar-prende-suspeitos-de-assalto-captura-foragido-e-apreende-arma-de-fogo-em-riachao-do-poco-e-sape\/\",\"url\":\"https:\/\/www.pm.pb.gov.br\/portal\/2021\/01\/15\/policia-militar-prende-suspeitos-de-assalto-captura-foragido-e-apreende-arma-de-fogo-em-riachao-do-poco-e-sape\/\",\"name\":\"Pol\u00edcia Militar prende suspeitos de assalto, captura foragido e apreende arma de fogo em Riach\u00e3o do Po\u00e7o e Sap\u00e9 - Pol\u00edcia Militar da Para\u00edba\",\"isPartOf\":{\"@id\":\"https:\/\/www.pm.pb.gov.br\/portal\/#website\"},\"datePublished\":\"2021-01-16T01:30:25+00:00\",\"dateModified\":\"2021-01-16T01:30:26+00:00\",\"breadcrumb\":{\"@id\":\"https:\/\/www.pm.pb.gov.br\/portal\/2021\/01\/15\/policia-militar-prende-suspeitos-de-assalto-captura-foragido-e-apreende-arma-de-fogo-em-riachao-do-poco-e-sape\/#breadcrumb\"},\"inLanguage\":\"pt-BR\",\"potentialAction\":[{\"@type\":\"ReadAction\",\"target\":[\"https:\/\/www.pm.pb.gov.br\/portal\/2021\/01\/15\/policia-militar-prende-suspeitos-de-assalto-captura-foragido-e-apreende-arma-de-fogo-em-riachao-do-poco-e-sape\/\"]}]},{\"@type\":\"BreadcrumbList\",\"@id\":\"https:\/\/www.pm.pb.gov.br\/portal\/2021\/01\/15\/policia-militar-prende-suspeitos-de-assalto-captura-foragido-e-apreende-arma-de-fogo-em-riachao-do-poco-e-sape\/#breadcrumb\",\"itemListElement\":[{\"@type\":\"ListItem\",\"position\":1,\"name\":\"In\u00edcio\",\"item\":\"https:\/\/www.pm.pb.gov.br\/portal\/\"},{\"@type\":\"ListItem\",\"position\":2,\"name\":\"Pol\u00edcia Militar prende suspeitos de assalto, captura foragido e apreende arma de fogo em Riach\u00e3o do Po\u00e7o e Sap\u00e9\"}]},{\"@type\":\"WebSite\",\"@id\":\"https:\/\/www.pm.pb.gov.br\/portal\/#website\",\"url\":\"https:\/\/www.pm.pb.gov.br\/portal\/\",\"name\":\"Pol\u00edcia Militar da Para\u00edba\",\"description\":\"\",\"publisher\":{\"@id\":\"https:\/\/www.pm.pb.gov.br\/portal\/#organization\"},\"potentialAction\":[{\"@type\":\"SearchAction\",\"target\":{\"@type\":\"EntryPoint\",\"urlTemplate\":\"https:\/\/www.pm.pb.gov.br\/portal\/?s={search_term_string}\"},\"query-input\":\"required name=search_term_string\"}],\"inLanguage\":\"pt-BR\"},{\"@type\":\"Organization\",\"@id\":\"https:\/\/www.pm.pb.gov.br\/portal\/#organization\",\"name\":\"Pol\u00edcia Militar da Para\u00edba\",\"url\":\"https:\/\/www.pm.pb.gov.br\/portal\/\",\"logo\":{\"@type\":\"ImageObject\",\"inLanguage\":\"pt-BR\",\"@id\":\"https:\/\/www.pm.pb.gov.br\/portal\/#\/schema\/logo\/image\/\",\"url\":\"https:\/\/www.pm.pb.gov.br\/portal\/wp-content\/uploads\/2025\/03\/cropped-logo-site-mag2-1.png\",\"contentUrl\":\"https:\/\/www.pm.pb.gov.br\/portal\/wp-content\/uploads\/2025\/03\/cropped-logo-site-mag2-1.png\",\"width\":320,\"height\":90,\"caption\":\"Pol\u00edcia Militar da Para\u00edba\"},\"image\":{\"@id\":\"https:\/\/www.pm.pb.gov.br\/portal\/#\/schema\/logo\/image\/\"}},{\"@type\":\"Person\",\"@id\":\"https:\/\/www.pm.pb.gov.br\/portal\/#\/schema\/person\/f84f56dcc78ce4357054da888b8247fd\",\"name\":\"Tarcisio Oliveira\",\"image\":{\"@type\":\"ImageObject\",\"inLanguage\":\"pt-BR\",\"@id\":\"https:\/\/www.pm.pb.gov.br\/portal\/#\/schema\/person\/image\/\",\"url\":\"https:\/\/secure.gravatar.com\/avatar\/72917b630b69d31cd0297507f34bac97?s=96&d=mm&r=g\",\"contentUrl\":\"https:\/\/secure.gravatar.com\/avatar\/72917b630b69d31cd0297507f34bac97?s=96&d=mm&r=g\",\"caption\":\"Tarcisio Oliveira\"},\"url\":\"https:\/\/www.pm.pb.gov.br\/portal\/author\/tarcisio\/\"}]}<\/script>\n<!-- \/ Yoast SEO plugin. -->","yoast_head_json":{"title":"Pol\u00edcia Militar prende suspeitos de assalto, captura foragido e apreende arma de fogo em Riach\u00e3o do Po\u00e7o e Sap\u00e9 - Pol\u00edcia Militar da Para\u00edba","robots":{"index":"index","follow":"follow","max-snippet":"max-snippet:-1","max-image-preview":"max-image-preview:large","max-video-preview":"max-video-preview:-1"},"canonical":"https:\/\/www.pm.pb.gov.br\/portal\/2021\/01\/15\/policia-militar-prende-suspeitos-de-assalto-captura-foragido-e-apreende-arma-de-fogo-em-riachao-do-poco-e-sape\/","og_locale":"pt_BR","og_type":"article","og_title":"Pol\u00edcia Militar prende suspeitos de assalto, captura foragido e apreende arma de fogo em Riach\u00e3o do Po\u00e7o e Sap\u00e9 - Pol\u00edcia Militar da Para\u00edba","og_description":"A Pol\u00edcia Militar prendeu tr\u00eas suspeitos de assalto, cumpriu um mandado de pris\u00e3o e apreendeu uma arma de fogo nas","og_url":"https:\/\/www.pm.pb.gov.br\/portal\/2021\/01\/15\/policia-militar-prende-suspeitos-de-assalto-captura-foragido-e-apreende-arma-de-fogo-em-riachao-do-poco-e-sape\/","og_site_name":"Pol\u00edcia Militar da Para\u00edba","article_published_time":"2021-01-16T01:30:25+00:00","article_modified_time":"2021-01-16T01:30:26+00:00","og_image":[{"width":800,"height":445,"url":"https:\/\/www.pm.pb.gov.br\/portal\/wp-content\/uploads\/2020\/08\/3cia7bpm.jpeg","type":"image\/jpeg"}],"author":"Tarcisio Oliveira","twitter_card":"summary_large_image","twitter_misc":{"Escrito por":"Tarcisio Oliveira","Est. tempo de leitura":"1 minuto"},"schema":{"@context":"https:\/\/schema.org","@graph":[{"@type":"Article","@id":"https:\/\/www.pm.pb.gov.br\/portal\/2021\/01\/15\/policia-militar-prende-suspeitos-de-assalto-captura-foragido-e-apreende-arma-de-fogo-em-riachao-do-poco-e-sape\/#article","isPartOf":{"@id":"https:\/\/www.pm.pb.gov.br\/portal\/2021\/01\/15\/policia-militar-prende-suspeitos-de-assalto-captura-foragido-e-apreende-arma-de-fogo-em-riachao-do-poco-e-sape\/"},"author":{"name":"Tarcisio Oliveira","@id":"https:\/\/www.pm.pb.gov.br\/portal\/#\/schema\/person\/f84f56dcc78ce4357054da888b8247fd"},"headline":"Pol\u00edcia Militar prende suspeitos de assalto, captura foragido e apreende arma de fogo em Riach\u00e3o do Po\u00e7o e Sap\u00e9","datePublished":"2021-01-16T01:30:25+00:00","dateModified":"2021-01-16T01:30:26+00:00","mainEntityOfPage":{"@id":"https:\/\/www.pm.pb.gov.br\/portal\/2021\/01\/15\/policia-militar-prende-suspeitos-de-assalto-captura-foragido-e-apreende-arma-de-fogo-em-riachao-do-poco-e-sape\/"},"wordCount":281,"publisher":{"@id":"https:\/\/www.pm.pb.gov.br\/portal\/#organization"},"articleSection":["A\u00e7\u00f5es Policiais"],"inLanguage":"pt-BR"},{"@type":"WebPage","@id":"https:\/\/www.pm.pb.gov.br\/portal\/2021\/01\/15\/policia-militar-prende-suspeitos-de-assalto-captura-foragido-e-apreende-arma-de-fogo-em-riachao-do-poco-e-sape\/","url":"https:\/\/www.pm.pb.gov.br\/portal\/2021\/01\/15\/policia-militar-prende-suspeitos-de-assalto-captura-foragido-e-apreende-arma-de-fogo-em-riachao-do-poco-e-sape\/","name":"Pol\u00edcia Militar prende suspeitos de assalto, captura foragido e apreende arma de fogo em Riach\u00e3o do Po\u00e7o e Sap\u00e9 - Pol\u00edcia Militar da Para\u00edba","isPartOf":{"@id":"https:\/\/www.pm.pb.gov.br\/portal\/#website"},"datePublished":"2021-01-16T01:30:25+00:00","dateModified":"2021-01-16T01:30:26+00:00","breadcrumb":{"@id":"https:\/\/www.pm.pb.gov.br\/portal\/2021\/01\/15\/policia-militar-prende-suspeitos-de-assalto-captura-foragido-e-apreende-arma-de-fogo-em-riachao-do-poco-e-sape\/#breadcrumb"},"inLanguage":"pt-BR","potentialAction":[{"@type":"ReadAction","target":["https:\/\/www.pm.pb.gov.br\/portal\/2021\/01\/15\/policia-militar-prende-suspeitos-de-assalto-captura-foragido-e-apreende-arma-de-fogo-em-riachao-do-poco-e-sape\/"]}]},{"@type":"BreadcrumbList","@id":"https:\/\/www.pm.pb.gov.br\/portal\/2021\/01\/15\/policia-militar-prende-suspeitos-de-assalto-captura-foragido-e-apreende-arma-de-fogo-em-riachao-do-poco-e-sape\/#breadcrumb","itemListElement":[{"@type":"ListItem","position":1,"name":"In\u00edcio","item":"https:\/\/www.pm.pb.gov.br\/portal\/"},{"@type":"ListItem","position":2,"name":"Pol\u00edcia Militar prende suspeitos de assalto, captura foragido e apreende arma de fogo em Riach\u00e3o do Po\u00e7o e Sap\u00e9"}]},{"@type":"WebSite","@id":"https:\/\/www.pm.pb.gov.br\/portal\/#website","url":"https:\/\/www.pm.pb.gov.br\/portal\/","name":"Pol\u00edcia Militar da Para\u00edba","description":"","publisher":{"@id":"https:\/\/www.pm.pb.gov.br\/portal\/#organization"},"potentialAction":[{"@type":"SearchAction","target":{"@type":"EntryPoint","urlTemplate":"https:\/\/www.pm.pb.gov.br\/portal\/?s={search_term_string}"},"query-input":"required name=search_term_string"}],"inLanguage":"pt-BR"},{"@type":"Organization","@id":"https:\/\/www.pm.pb.gov.br\/portal\/#organization","name":"Pol\u00edcia Militar da Para\u00edba","url":"https:\/\/www.pm.pb.gov.br\/portal\/","logo":{"@type":"ImageObject","inLanguage":"pt-BR","@id":"https:\/\/www.pm.pb.gov.br\/portal\/#\/schema\/logo\/image\/","url":"https:\/\/www.pm.pb.gov.br\/portal\/wp-content\/uploads\/2025\/03\/cropped-logo-site-mag2-1.png","contentUrl":"https:\/\/www.pm.pb.gov.br\/portal\/wp-content\/uploads\/2025\/03\/cropped-logo-site-mag2-1.png","width":320,"height":90,"caption":"Pol\u00edcia Militar da Para\u00edba"},"image":{"@id":"https:\/\/www.pm.pb.gov.br\/portal\/#\/schema\/logo\/image\/"}},{"@type":"Person","@id":"https:\/\/www.pm.pb.gov.br\/portal\/#\/schema\/person\/f84f56dcc78ce4357054da888b8247fd","name":"Tarcisio Oliveira","image":{"@type":"ImageObject","inLanguage":"pt-BR","@id":"https:\/\/www.pm.pb.gov.br\/portal\/#\/schema\/person\/image\/","url":"https:\/\/secure.gravatar.com\/avatar\/72917b630b69d31cd0297507f34bac97?s=96&d=mm&r=g","contentUrl":"https:\/\/secure.gravatar.com\/avatar\/72917b630b69d31cd0297507f34bac97?s=96&d=mm&r=g","caption":"Tarcisio Oliveira"},"url":"https:\/\/www.pm.pb.gov.br\/portal\/author\/tarcisio\/"}]}},"_links":{"self":[{"href":"https:\/\/www.pm.pb.gov.br\/portal\/wp-json\/wp\/v2\/posts\/909021"}],"collection":[{"href":"https:\/\/www.pm.pb.gov.br\/portal\/wp-json\/wp\/v2\/posts"}],"about":[{"href":"https:\/\/www.pm.pb.gov.br\/portal\/wp-json\/wp\/v2\/types\/post"}],"author":[{"embeddable":true,"href":"https:\/\/www.pm.pb.gov.br\/portal\/wp-json\/wp\/v2\/users\/12"}],"replies":[{"embeddable":true,"href":"https:\/\/www.pm.pb.gov.br\/portal\/wp-json\/wp\/v2\/comments?post=909021"}],"version-history":[{"count":1,"href":"https:\/\/www.pm.pb.gov.br\/portal\/wp-json\/wp\/v2\/posts\/909021\/revisions"}],"predecessor-version":[{"id":909023,"href":"https:\/\/www.pm.pb.gov.br\/portal\/wp-json\/wp\/v2\/posts\/909021\/revisions\/909023"}],"wp:featuredmedia":[{"embeddable":true,"href":"https:\/\/www.pm.pb.gov.br\/portal\/wp-json\/wp\/v2\/media\/906902"}],"wp:attachment":[{"href":"https:\/\/www.pm.pb.gov.br\/portal\/wp-json\/wp\/v2\/media?parent=909021"}],"wp:term":[{"taxonomy":"category","embeddable":true,"href":"https:\/\/www.pm.pb.gov.br\/portal\/wp-json\/wp\/v2\/categories?post=909021"},{"taxonomy":"post_tag","embeddable":true,"href":"https:\/\/www.pm.pb.gov.br\/portal\/wp-json\/wp\/v2\/tags?post=909021"}],"curies":[{"name":"wp","href":"https:\/\/api.w.org\/{rel}","templated":true}]}}