{"id":908785,"date":"2020-12-28T16:43:30","date_gmt":"2020-12-28T19:43:30","guid":{"rendered":"http:\/\/www.pm.pb.gov.br\/portal\/?p=908785"},"modified":"2020-12-28T16:43:31","modified_gmt":"2020-12-28T19:43:31","slug":"policia-militar-captura-dois-foragidos-da-justica-e-prende-suspeito-que-ameacou-familiares-no-sertao","status":"publish","type":"post","link":"https:\/\/www.pm.pb.gov.br\/portal\/2020\/12\/28\/policia-militar-captura-dois-foragidos-da-justica-e-prende-suspeito-que-ameacou-familiares-no-sertao\/","title":{"rendered":"Pol\u00edcia Militar captura dois foragidos da Justi\u00e7a e prende suspeito que amea\u00e7ou familiares no Sert\u00e3o"},"content":{"rendered":"\n<p>A Pol\u00edcia Militar capturou dois foragidos da Justi\u00e7a e prendeu um homem que estava com uma faca, suspeito de amea\u00e7ar familiares, no sert\u00e3o da Para\u00edba (foto acima ilustrativa). As a\u00e7\u00f5es aconteceram na manh\u00e3 desta segunda-feira (28) nos munic\u00edpios de Patos e Sousa.<\/p>\n<p>Em Patos, um homem que estava sendo procurado pelo crime de homic\u00eddio foi preso durante o cumprimento de mandado pris\u00e3o. A captura do foragido aconteceu no bairro do Jatob\u00e1, e foi realizada pelos policiais da For\u00e7a Regional, que receberam apontamentos da Coordenadoria de Intelig\u00eancia (COInt). O acusado tinha 29 anos de idade.<\/p>\n<p>Na mesma cidade, policiais do 3\u00ba Batalh\u00e3o prenderam um homem de 35 anos, com sintomas de embriaguez, e que teria amea\u00e7ado os familiares. Ap\u00f3s as amea\u00e7as o suspeito tentou fugir, mas foi detido e preso. Os dois homens presos nas ocorr\u00eancias foram levados para a Delegacia da Pol\u00edcia Civil local.<\/p>\n<p>J\u00e1 em Sousa, um homem que estava sendo procurado pela Justi\u00e7a pelo crime de roubo, foi localizado no bairro do Multir\u00e3o. Ele foi preso pelos policiais do 14\u00ba Batalh\u00e3o, que cumpriram o mandado de pris\u00e3o contra o acusado, que tem 23 anos de idade. O homem foi conduzido a Delegacia da Pol\u00edcia Civil local.<\/p>\n<p><strong>Dados \u2013<\/strong> At\u00e9 o \u00faltimo domingo (27), a PM capturou 86 foragidos da Justi\u00e7a durante o m\u00eas de dezembro. Os acusados possu\u00edam mandados de pris\u00e3o em aberto, que foram cumpridos durante a\u00e7\u00f5es da corpora\u00e7\u00e3o.<\/p>\n","protected":false},"excerpt":{"rendered":"<p>A Pol\u00edcia Militar capturou dois foragidos da Justi\u00e7a e prendeu um homem que estava com uma faca, suspeito de amea\u00e7ar<\/p>\n","protected":false},"author":12,"featured_media":904304,"comment_status":"closed","ping_status":"closed","sticky":false,"template":"","format":"standard","meta":{"_exactmetrics_skip_tracking":false,"_exactmetrics_sitenote_active":false,"_exactmetrics_sitenote_note":"","_exactmetrics_sitenote_category":0,"footnotes":""},"categories":[4],"tags":[],"yoast_head":"<!-- This site is optimized with the Yoast SEO plugin v22.0 - https:\/\/yoast.com\/wordpress\/plugins\/seo\/ -->\n<title>Pol\u00edcia Militar captura dois foragidos da Justi\u00e7a e prende suspeito que amea\u00e7ou familiares no Sert\u00e3o - Pol\u00edcia Militar da Para\u00edba<\/title>\n<meta name=\"robots\" content=\"index, follow, max-snippet:-1, max-image-preview:large, max-video-preview:-1\" \/>\n<link rel=\"canonical\" href=\"https:\/\/www.pm.pb.gov.br\/portal\/2020\/12\/28\/policia-militar-captura-dois-foragidos-da-justica-e-prende-suspeito-que-ameacou-familiares-no-sertao\/\" \/>\n<meta property=\"og:locale\" content=\"pt_BR\" \/>\n<meta property=\"og:type\" content=\"article\" \/>\n<meta property=\"og:title\" content=\"Pol\u00edcia Militar captura dois foragidos da Justi\u00e7a e prende suspeito que amea\u00e7ou familiares no Sert\u00e3o - Pol\u00edcia Militar da Para\u00edba\" \/>\n<meta property=\"og:description\" content=\"A Pol\u00edcia Militar capturou dois foragidos da Justi\u00e7a e prendeu um homem que estava com uma faca, suspeito de amea\u00e7ar\" \/>\n<meta property=\"og:url\" content=\"https:\/\/www.pm.pb.gov.br\/portal\/2020\/12\/28\/policia-militar-captura-dois-foragidos-da-justica-e-prende-suspeito-que-ameacou-familiares-no-sertao\/\" \/>\n<meta property=\"og:site_name\" content=\"Pol\u00edcia Militar da Para\u00edba\" \/>\n<meta property=\"article:published_time\" content=\"2020-12-28T19:43:30+00:00\" \/>\n<meta property=\"article:modified_time\" content=\"2020-12-28T19:43:31+00:00\" \/>\n<meta property=\"og:image\" content=\"https:\/\/www.pm.pb.gov.br\/portal\/wp-content\/uploads\/2020\/04\/sertao.jpg\" \/>\n\t<meta property=\"og:image:width\" content=\"800\" \/>\n\t<meta property=\"og:image:height\" content=\"445\" \/>\n\t<meta property=\"og:image:type\" content=\"image\/jpeg\" \/>\n<meta name=\"author\" content=\"Tarcisio Oliveira\" \/>\n<meta name=\"twitter:card\" content=\"summary_large_image\" \/>\n<meta name=\"twitter:label1\" content=\"Escrito por\" \/>\n\t<meta name=\"twitter:data1\" content=\"Tarcisio Oliveira\" \/>\n\t<meta name=\"twitter:label2\" content=\"Est. tempo de leitura\" \/>\n\t<meta name=\"twitter:data2\" content=\"1 minuto\" \/>\n<script type=\"application\/ld+json\" class=\"yoast-schema-graph\">{\"@context\":\"https:\/\/schema.org\",\"@graph\":[{\"@type\":\"Article\",\"@id\":\"https:\/\/www.pm.pb.gov.br\/portal\/2020\/12\/28\/policia-militar-captura-dois-foragidos-da-justica-e-prende-suspeito-que-ameacou-familiares-no-sertao\/#article\",\"isPartOf\":{\"@id\":\"https:\/\/www.pm.pb.gov.br\/portal\/2020\/12\/28\/policia-militar-captura-dois-foragidos-da-justica-e-prende-suspeito-que-ameacou-familiares-no-sertao\/\"},\"author\":{\"name\":\"Tarcisio Oliveira\",\"@id\":\"https:\/\/www.pm.pb.gov.br\/portal\/#\/schema\/person\/f84f56dcc78ce4357054da888b8247fd\"},\"headline\":\"Pol\u00edcia Militar captura dois foragidos da Justi\u00e7a e prende suspeito que amea\u00e7ou familiares no Sert\u00e3o\",\"datePublished\":\"2020-12-28T19:43:30+00:00\",\"dateModified\":\"2020-12-28T19:43:31+00:00\",\"mainEntityOfPage\":{\"@id\":\"https:\/\/www.pm.pb.gov.br\/portal\/2020\/12\/28\/policia-militar-captura-dois-foragidos-da-justica-e-prende-suspeito-que-ameacou-familiares-no-sertao\/\"},\"wordCount\":270,\"publisher\":{\"@id\":\"https:\/\/www.pm.pb.gov.br\/portal\/#organization\"},\"articleSection\":[\"A\u00e7\u00f5es Policiais\"],\"inLanguage\":\"pt-BR\"},{\"@type\":\"WebPage\",\"@id\":\"https:\/\/www.pm.pb.gov.br\/portal\/2020\/12\/28\/policia-militar-captura-dois-foragidos-da-justica-e-prende-suspeito-que-ameacou-familiares-no-sertao\/\",\"url\":\"https:\/\/www.pm.pb.gov.br\/portal\/2020\/12\/28\/policia-militar-captura-dois-foragidos-da-justica-e-prende-suspeito-que-ameacou-familiares-no-sertao\/\",\"name\":\"Pol\u00edcia Militar captura dois foragidos da Justi\u00e7a e prende suspeito que amea\u00e7ou familiares no Sert\u00e3o - Pol\u00edcia Militar da Para\u00edba\",\"isPartOf\":{\"@id\":\"https:\/\/www.pm.pb.gov.br\/portal\/#website\"},\"datePublished\":\"2020-12-28T19:43:30+00:00\",\"dateModified\":\"2020-12-28T19:43:31+00:00\",\"breadcrumb\":{\"@id\":\"https:\/\/www.pm.pb.gov.br\/portal\/2020\/12\/28\/policia-militar-captura-dois-foragidos-da-justica-e-prende-suspeito-que-ameacou-familiares-no-sertao\/#breadcrumb\"},\"inLanguage\":\"pt-BR\",\"potentialAction\":[{\"@type\":\"ReadAction\",\"target\":[\"https:\/\/www.pm.pb.gov.br\/portal\/2020\/12\/28\/policia-militar-captura-dois-foragidos-da-justica-e-prende-suspeito-que-ameacou-familiares-no-sertao\/\"]}]},{\"@type\":\"BreadcrumbList\",\"@id\":\"https:\/\/www.pm.pb.gov.br\/portal\/2020\/12\/28\/policia-militar-captura-dois-foragidos-da-justica-e-prende-suspeito-que-ameacou-familiares-no-sertao\/#breadcrumb\",\"itemListElement\":[{\"@type\":\"ListItem\",\"position\":1,\"name\":\"In\u00edcio\",\"item\":\"https:\/\/www.pm.pb.gov.br\/portal\/\"},{\"@type\":\"ListItem\",\"position\":2,\"name\":\"Pol\u00edcia Militar captura dois foragidos da Justi\u00e7a e prende suspeito que amea\u00e7ou familiares no Sert\u00e3o\"}]},{\"@type\":\"WebSite\",\"@id\":\"https:\/\/www.pm.pb.gov.br\/portal\/#website\",\"url\":\"https:\/\/www.pm.pb.gov.br\/portal\/\",\"name\":\"Pol\u00edcia Militar da Para\u00edba\",\"description\":\"\",\"publisher\":{\"@id\":\"https:\/\/www.pm.pb.gov.br\/portal\/#organization\"},\"potentialAction\":[{\"@type\":\"SearchAction\",\"target\":{\"@type\":\"EntryPoint\",\"urlTemplate\":\"https:\/\/www.pm.pb.gov.br\/portal\/?s={search_term_string}\"},\"query-input\":\"required name=search_term_string\"}],\"inLanguage\":\"pt-BR\"},{\"@type\":\"Organization\",\"@id\":\"https:\/\/www.pm.pb.gov.br\/portal\/#organization\",\"name\":\"Pol\u00edcia Militar da Para\u00edba\",\"url\":\"https:\/\/www.pm.pb.gov.br\/portal\/\",\"logo\":{\"@type\":\"ImageObject\",\"inLanguage\":\"pt-BR\",\"@id\":\"https:\/\/www.pm.pb.gov.br\/portal\/#\/schema\/logo\/image\/\",\"url\":\"https:\/\/www.pm.pb.gov.br\/portal\/wp-content\/uploads\/2025\/03\/cropped-logo-site-mag2-1.png\",\"contentUrl\":\"https:\/\/www.pm.pb.gov.br\/portal\/wp-content\/uploads\/2025\/03\/cropped-logo-site-mag2-1.png\",\"width\":320,\"height\":90,\"caption\":\"Pol\u00edcia Militar da Para\u00edba\"},\"image\":{\"@id\":\"https:\/\/www.pm.pb.gov.br\/portal\/#\/schema\/logo\/image\/\"}},{\"@type\":\"Person\",\"@id\":\"https:\/\/www.pm.pb.gov.br\/portal\/#\/schema\/person\/f84f56dcc78ce4357054da888b8247fd\",\"name\":\"Tarcisio Oliveira\",\"image\":{\"@type\":\"ImageObject\",\"inLanguage\":\"pt-BR\",\"@id\":\"https:\/\/www.pm.pb.gov.br\/portal\/#\/schema\/person\/image\/\",\"url\":\"https:\/\/secure.gravatar.com\/avatar\/72917b630b69d31cd0297507f34bac97?s=96&d=mm&r=g\",\"contentUrl\":\"https:\/\/secure.gravatar.com\/avatar\/72917b630b69d31cd0297507f34bac97?s=96&d=mm&r=g\",\"caption\":\"Tarcisio Oliveira\"},\"url\":\"https:\/\/www.pm.pb.gov.br\/portal\/author\/tarcisio\/\"}]}<\/script>\n<!-- \/ Yoast SEO plugin. -->","yoast_head_json":{"title":"Pol\u00edcia Militar captura dois foragidos da Justi\u00e7a e prende suspeito que amea\u00e7ou familiares no Sert\u00e3o - Pol\u00edcia Militar da Para\u00edba","robots":{"index":"index","follow":"follow","max-snippet":"max-snippet:-1","max-image-preview":"max-image-preview:large","max-video-preview":"max-video-preview:-1"},"canonical":"https:\/\/www.pm.pb.gov.br\/portal\/2020\/12\/28\/policia-militar-captura-dois-foragidos-da-justica-e-prende-suspeito-que-ameacou-familiares-no-sertao\/","og_locale":"pt_BR","og_type":"article","og_title":"Pol\u00edcia Militar captura dois foragidos da Justi\u00e7a e prende suspeito que amea\u00e7ou familiares no Sert\u00e3o - Pol\u00edcia Militar da Para\u00edba","og_description":"A Pol\u00edcia Militar capturou dois foragidos da Justi\u00e7a e prendeu um homem que estava com uma faca, suspeito de amea\u00e7ar","og_url":"https:\/\/www.pm.pb.gov.br\/portal\/2020\/12\/28\/policia-militar-captura-dois-foragidos-da-justica-e-prende-suspeito-que-ameacou-familiares-no-sertao\/","og_site_name":"Pol\u00edcia Militar da Para\u00edba","article_published_time":"2020-12-28T19:43:30+00:00","article_modified_time":"2020-12-28T19:43:31+00:00","og_image":[{"width":800,"height":445,"url":"https:\/\/www.pm.pb.gov.br\/portal\/wp-content\/uploads\/2020\/04\/sertao.jpg","type":"image\/jpeg"}],"author":"Tarcisio Oliveira","twitter_card":"summary_large_image","twitter_misc":{"Escrito por":"Tarcisio Oliveira","Est. tempo de leitura":"1 minuto"},"schema":{"@context":"https:\/\/schema.org","@graph":[{"@type":"Article","@id":"https:\/\/www.pm.pb.gov.br\/portal\/2020\/12\/28\/policia-militar-captura-dois-foragidos-da-justica-e-prende-suspeito-que-ameacou-familiares-no-sertao\/#article","isPartOf":{"@id":"https:\/\/www.pm.pb.gov.br\/portal\/2020\/12\/28\/policia-militar-captura-dois-foragidos-da-justica-e-prende-suspeito-que-ameacou-familiares-no-sertao\/"},"author":{"name":"Tarcisio Oliveira","@id":"https:\/\/www.pm.pb.gov.br\/portal\/#\/schema\/person\/f84f56dcc78ce4357054da888b8247fd"},"headline":"Pol\u00edcia Militar captura dois foragidos da Justi\u00e7a e prende suspeito que amea\u00e7ou familiares no Sert\u00e3o","datePublished":"2020-12-28T19:43:30+00:00","dateModified":"2020-12-28T19:43:31+00:00","mainEntityOfPage":{"@id":"https:\/\/www.pm.pb.gov.br\/portal\/2020\/12\/28\/policia-militar-captura-dois-foragidos-da-justica-e-prende-suspeito-que-ameacou-familiares-no-sertao\/"},"wordCount":270,"publisher":{"@id":"https:\/\/www.pm.pb.gov.br\/portal\/#organization"},"articleSection":["A\u00e7\u00f5es Policiais"],"inLanguage":"pt-BR"},{"@type":"WebPage","@id":"https:\/\/www.pm.pb.gov.br\/portal\/2020\/12\/28\/policia-militar-captura-dois-foragidos-da-justica-e-prende-suspeito-que-ameacou-familiares-no-sertao\/","url":"https:\/\/www.pm.pb.gov.br\/portal\/2020\/12\/28\/policia-militar-captura-dois-foragidos-da-justica-e-prende-suspeito-que-ameacou-familiares-no-sertao\/","name":"Pol\u00edcia Militar captura dois foragidos da Justi\u00e7a e prende suspeito que amea\u00e7ou familiares no Sert\u00e3o - Pol\u00edcia Militar da Para\u00edba","isPartOf":{"@id":"https:\/\/www.pm.pb.gov.br\/portal\/#website"},"datePublished":"2020-12-28T19:43:30+00:00","dateModified":"2020-12-28T19:43:31+00:00","breadcrumb":{"@id":"https:\/\/www.pm.pb.gov.br\/portal\/2020\/12\/28\/policia-militar-captura-dois-foragidos-da-justica-e-prende-suspeito-que-ameacou-familiares-no-sertao\/#breadcrumb"},"inLanguage":"pt-BR","potentialAction":[{"@type":"ReadAction","target":["https:\/\/www.pm.pb.gov.br\/portal\/2020\/12\/28\/policia-militar-captura-dois-foragidos-da-justica-e-prende-suspeito-que-ameacou-familiares-no-sertao\/"]}]},{"@type":"BreadcrumbList","@id":"https:\/\/www.pm.pb.gov.br\/portal\/2020\/12\/28\/policia-militar-captura-dois-foragidos-da-justica-e-prende-suspeito-que-ameacou-familiares-no-sertao\/#breadcrumb","itemListElement":[{"@type":"ListItem","position":1,"name":"In\u00edcio","item":"https:\/\/www.pm.pb.gov.br\/portal\/"},{"@type":"ListItem","position":2,"name":"Pol\u00edcia Militar captura dois foragidos da Justi\u00e7a e prende suspeito que amea\u00e7ou familiares no Sert\u00e3o"}]},{"@type":"WebSite","@id":"https:\/\/www.pm.pb.gov.br\/portal\/#website","url":"https:\/\/www.pm.pb.gov.br\/portal\/","name":"Pol\u00edcia Militar da Para\u00edba","description":"","publisher":{"@id":"https:\/\/www.pm.pb.gov.br\/portal\/#organization"},"potentialAction":[{"@type":"SearchAction","target":{"@type":"EntryPoint","urlTemplate":"https:\/\/www.pm.pb.gov.br\/portal\/?s={search_term_string}"},"query-input":"required name=search_term_string"}],"inLanguage":"pt-BR"},{"@type":"Organization","@id":"https:\/\/www.pm.pb.gov.br\/portal\/#organization","name":"Pol\u00edcia Militar da Para\u00edba","url":"https:\/\/www.pm.pb.gov.br\/portal\/","logo":{"@type":"ImageObject","inLanguage":"pt-BR","@id":"https:\/\/www.pm.pb.gov.br\/portal\/#\/schema\/logo\/image\/","url":"https:\/\/www.pm.pb.gov.br\/portal\/wp-content\/uploads\/2025\/03\/cropped-logo-site-mag2-1.png","contentUrl":"https:\/\/www.pm.pb.gov.br\/portal\/wp-content\/uploads\/2025\/03\/cropped-logo-site-mag2-1.png","width":320,"height":90,"caption":"Pol\u00edcia Militar da Para\u00edba"},"image":{"@id":"https:\/\/www.pm.pb.gov.br\/portal\/#\/schema\/logo\/image\/"}},{"@type":"Person","@id":"https:\/\/www.pm.pb.gov.br\/portal\/#\/schema\/person\/f84f56dcc78ce4357054da888b8247fd","name":"Tarcisio Oliveira","image":{"@type":"ImageObject","inLanguage":"pt-BR","@id":"https:\/\/www.pm.pb.gov.br\/portal\/#\/schema\/person\/image\/","url":"https:\/\/secure.gravatar.com\/avatar\/72917b630b69d31cd0297507f34bac97?s=96&d=mm&r=g","contentUrl":"https:\/\/secure.gravatar.com\/avatar\/72917b630b69d31cd0297507f34bac97?s=96&d=mm&r=g","caption":"Tarcisio Oliveira"},"url":"https:\/\/www.pm.pb.gov.br\/portal\/author\/tarcisio\/"}]}},"_links":{"self":[{"href":"https:\/\/www.pm.pb.gov.br\/portal\/wp-json\/wp\/v2\/posts\/908785"}],"collection":[{"href":"https:\/\/www.pm.pb.gov.br\/portal\/wp-json\/wp\/v2\/posts"}],"about":[{"href":"https:\/\/www.pm.pb.gov.br\/portal\/wp-json\/wp\/v2\/types\/post"}],"author":[{"embeddable":true,"href":"https:\/\/www.pm.pb.gov.br\/portal\/wp-json\/wp\/v2\/users\/12"}],"replies":[{"embeddable":true,"href":"https:\/\/www.pm.pb.gov.br\/portal\/wp-json\/wp\/v2\/comments?post=908785"}],"version-history":[{"count":1,"href":"https:\/\/www.pm.pb.gov.br\/portal\/wp-json\/wp\/v2\/posts\/908785\/revisions"}],"predecessor-version":[{"id":908786,"href":"https:\/\/www.pm.pb.gov.br\/portal\/wp-json\/wp\/v2\/posts\/908785\/revisions\/908786"}],"wp:featuredmedia":[{"embeddable":true,"href":"https:\/\/www.pm.pb.gov.br\/portal\/wp-json\/wp\/v2\/media\/904304"}],"wp:attachment":[{"href":"https:\/\/www.pm.pb.gov.br\/portal\/wp-json\/wp\/v2\/media?parent=908785"}],"wp:term":[{"taxonomy":"category","embeddable":true,"href":"https:\/\/www.pm.pb.gov.br\/portal\/wp-json\/wp\/v2\/categories?post=908785"},{"taxonomy":"post_tag","embeddable":true,"href":"https:\/\/www.pm.pb.gov.br\/portal\/wp-json\/wp\/v2\/tags?post=908785"}],"curies":[{"name":"wp","href":"https:\/\/api.w.org\/{rel}","templated":true}]}}