{"id":908782,"date":"2020-12-28T16:11:29","date_gmt":"2020-12-28T19:11:29","guid":{"rendered":"http:\/\/www.pm.pb.gov.br\/portal\/?p=908782"},"modified":"2020-12-28T16:12:53","modified_gmt":"2020-12-28T19:12:53","slug":"reveillon-policia-militar-vai-reforcar-seguranca-com-mais-de-1-500-policiais","status":"publish","type":"post","link":"https:\/\/www.pm.pb.gov.br\/portal\/2020\/12\/28\/reveillon-policia-militar-vai-reforcar-seguranca-com-mais-de-1-500-policiais\/","title":{"rendered":"R\u00e9veillon: Pol\u00edcia Militar vai refor\u00e7ar seguran\u00e7a com mais de 1.500 policiais"},"content":{"rendered":"\n<p>O plano de seguran\u00e7a para o r\u00e9veillon vai contar com o refor\u00e7o de mais de 1.500 policiais militares, drones para monitoramento, vans com c\u00e2meras e a participa\u00e7\u00e3o de v\u00e1rias modalidades de policiamento na Para\u00edba (foto acima ilustrativa). A atua\u00e7\u00e3o da PM na virada do ano foi definida durante reuni\u00e3o, nesta segunda-feira (28), entre o comandante-geral da corpora\u00e7\u00e3o e os comandantes de todas as regi\u00f5es paraibanas.<br \/><br \/>Conforme informou o comandante-geral da PM, coronel Euller Chaves, vai ser mantida a estrutura semelhante a que foi montada no ano passado, mesmo n\u00e3o tendo agora as tradicionais festas p\u00fablicas da virada do ano. \u201cS\u00e3o mais de 1.500 policiais de refor\u00e7o, al\u00e9m do policiamento ordin\u00e1rio. A decis\u00e3o de manter a mesma estrutura log\u00edstica e humana \u00e9 para garantirmos a mobilidade do policiamento, caso haja necessidade de atua\u00e7\u00e3o, j\u00e1 que temos este ano a miss\u00e3o dupla de n\u00e3o s\u00f3 garantir a seguran\u00e7a das pessoas, mas tamb\u00e9m de buscar a preserva\u00e7\u00e3o da sa\u00fade delas, a partir do combate \u00e0s aglomera\u00e7\u00f5es que as coloquem em risco\u201d, destacou.<br \/><br \/>Grande parte do refor\u00e7o estar\u00e1 atuando na regi\u00e3o metropolitana de Jo\u00e3o Pessoa, com mais de 300 policiais em comboios e a p\u00e9 realizando a\u00e7\u00f5es preventivas no tr\u00e2nsito e em locais apontados pela Coordenadoria de Intelig\u00eancia (COInt) da PM como poss\u00edveis pontos de aglomera\u00e7\u00e3o. A orienta\u00e7\u00e3o e fiscaliza\u00e7\u00e3o do decreto N\u00ba 40.930\/2020, que disciplina o funcionamento de estabelecimentos comerciais, tamb\u00e9m far\u00e1 parte do plano.<br \/><br \/><strong>Combate \u00e0s aglomera\u00e7\u00f5es<\/strong>\u00a0\u2013 Para combater as festas clandestinas e eventos com aglomera\u00e7\u00f5es de pessoas, a PM vem realizando levantamentos e pede para que a popula\u00e7\u00e3o tamb\u00e9m denuncie essas pr\u00e1ticas, atrav\u00e9s do 190. Drones ser\u00e3o usados para verificar a exist\u00eancia de poss\u00edveis locais onde esses eventos estejam sendo planejados, para que as tropas especializadas, a exemplo do Batalh\u00e3o de Opera\u00e7\u00f5es Especiais (Bope), possam intervir.<br \/><br \/><strong>Blitzen em locais estrat\u00e9gicos<\/strong>\u00a0\u2013 A atua\u00e7\u00e3o no tr\u00e2nsito ser\u00e1 intensificada, com blitzen em locais estrat\u00e9gicos e itinerantes para fiscalizar e coibir infra\u00e7\u00f5es e crimes de tr\u00e2nsito, bem como para desarticular grupos que promovam perturba\u00e7\u00e3o do sossego e dire\u00e7\u00e3o perigosas a bordo de motos<\/p>\n","protected":false},"excerpt":{"rendered":"<p>O plano de seguran\u00e7a para o r\u00e9veillon vai contar com o refor\u00e7o de mais de 1.500 policiais militares, drones para<\/p>\n","protected":false},"author":12,"featured_media":904583,"comment_status":"closed","ping_status":"closed","sticky":false,"template":"","format":"standard","meta":{"_exactmetrics_skip_tracking":false,"_exactmetrics_sitenote_active":false,"_exactmetrics_sitenote_note":"","_exactmetrics_sitenote_category":0,"footnotes":""},"categories":[4],"tags":[],"yoast_head":"<!-- This site is optimized with the Yoast SEO plugin v22.0 - https:\/\/yoast.com\/wordpress\/plugins\/seo\/ -->\n<title>R\u00e9veillon: Pol\u00edcia Militar vai refor\u00e7ar seguran\u00e7a com mais de 1.500 policiais - Pol\u00edcia Militar da Para\u00edba<\/title>\n<meta name=\"robots\" content=\"index, follow, max-snippet:-1, max-image-preview:large, max-video-preview:-1\" \/>\n<link rel=\"canonical\" href=\"https:\/\/www.pm.pb.gov.br\/portal\/2020\/12\/28\/reveillon-policia-militar-vai-reforcar-seguranca-com-mais-de-1-500-policiais\/\" \/>\n<meta property=\"og:locale\" content=\"pt_BR\" \/>\n<meta property=\"og:type\" content=\"article\" \/>\n<meta property=\"og:title\" content=\"R\u00e9veillon: Pol\u00edcia Militar vai refor\u00e7ar seguran\u00e7a com mais de 1.500 policiais - Pol\u00edcia Militar da Para\u00edba\" \/>\n<meta property=\"og:description\" content=\"O plano de seguran\u00e7a para o r\u00e9veillon vai contar com o refor\u00e7o de mais de 1.500 policiais militares, drones para\" \/>\n<meta property=\"og:url\" content=\"https:\/\/www.pm.pb.gov.br\/portal\/2020\/12\/28\/reveillon-policia-militar-vai-reforcar-seguranca-com-mais-de-1-500-policiais\/\" \/>\n<meta property=\"og:site_name\" content=\"Pol\u00edcia Militar da Para\u00edba\" \/>\n<meta property=\"article:published_time\" content=\"2020-12-28T19:11:29+00:00\" \/>\n<meta property=\"article:modified_time\" content=\"2020-12-28T19:12:53+00:00\" \/>\n<meta property=\"og:image\" content=\"https:\/\/www.pm.pb.gov.br\/portal\/wp-content\/uploads\/2020\/04\/opera\u00e7\u00e3o-tirandentes.jpeg\" \/>\n\t<meta property=\"og:image:width\" content=\"1280\" \/>\n\t<meta property=\"og:image:height\" content=\"853\" \/>\n\t<meta property=\"og:image:type\" content=\"image\/jpeg\" \/>\n<meta name=\"author\" content=\"Tarcisio Oliveira\" \/>\n<meta name=\"twitter:card\" content=\"summary_large_image\" \/>\n<meta name=\"twitter:label1\" content=\"Escrito por\" \/>\n\t<meta name=\"twitter:data1\" content=\"Tarcisio Oliveira\" \/>\n\t<meta name=\"twitter:label2\" content=\"Est. tempo de leitura\" \/>\n\t<meta name=\"twitter:data2\" content=\"2 minutos\" \/>\n<script type=\"application\/ld+json\" class=\"yoast-schema-graph\">{\"@context\":\"https:\/\/schema.org\",\"@graph\":[{\"@type\":\"Article\",\"@id\":\"https:\/\/www.pm.pb.gov.br\/portal\/2020\/12\/28\/reveillon-policia-militar-vai-reforcar-seguranca-com-mais-de-1-500-policiais\/#article\",\"isPartOf\":{\"@id\":\"https:\/\/www.pm.pb.gov.br\/portal\/2020\/12\/28\/reveillon-policia-militar-vai-reforcar-seguranca-com-mais-de-1-500-policiais\/\"},\"author\":{\"name\":\"Tarcisio Oliveira\",\"@id\":\"https:\/\/www.pm.pb.gov.br\/portal\/#\/schema\/person\/f84f56dcc78ce4357054da888b8247fd\"},\"headline\":\"R\u00e9veillon: Pol\u00edcia Militar vai refor\u00e7ar seguran\u00e7a com mais de 1.500 policiais\",\"datePublished\":\"2020-12-28T19:11:29+00:00\",\"dateModified\":\"2020-12-28T19:12:53+00:00\",\"mainEntityOfPage\":{\"@id\":\"https:\/\/www.pm.pb.gov.br\/portal\/2020\/12\/28\/reveillon-policia-militar-vai-reforcar-seguranca-com-mais-de-1-500-policiais\/\"},\"wordCount\":402,\"publisher\":{\"@id\":\"https:\/\/www.pm.pb.gov.br\/portal\/#organization\"},\"articleSection\":[\"A\u00e7\u00f5es Policiais\"],\"inLanguage\":\"pt-BR\"},{\"@type\":\"WebPage\",\"@id\":\"https:\/\/www.pm.pb.gov.br\/portal\/2020\/12\/28\/reveillon-policia-militar-vai-reforcar-seguranca-com-mais-de-1-500-policiais\/\",\"url\":\"https:\/\/www.pm.pb.gov.br\/portal\/2020\/12\/28\/reveillon-policia-militar-vai-reforcar-seguranca-com-mais-de-1-500-policiais\/\",\"name\":\"R\u00e9veillon: Pol\u00edcia Militar vai refor\u00e7ar seguran\u00e7a com mais de 1.500 policiais - Pol\u00edcia Militar da Para\u00edba\",\"isPartOf\":{\"@id\":\"https:\/\/www.pm.pb.gov.br\/portal\/#website\"},\"datePublished\":\"2020-12-28T19:11:29+00:00\",\"dateModified\":\"2020-12-28T19:12:53+00:00\",\"breadcrumb\":{\"@id\":\"https:\/\/www.pm.pb.gov.br\/portal\/2020\/12\/28\/reveillon-policia-militar-vai-reforcar-seguranca-com-mais-de-1-500-policiais\/#breadcrumb\"},\"inLanguage\":\"pt-BR\",\"potentialAction\":[{\"@type\":\"ReadAction\",\"target\":[\"https:\/\/www.pm.pb.gov.br\/portal\/2020\/12\/28\/reveillon-policia-militar-vai-reforcar-seguranca-com-mais-de-1-500-policiais\/\"]}]},{\"@type\":\"BreadcrumbList\",\"@id\":\"https:\/\/www.pm.pb.gov.br\/portal\/2020\/12\/28\/reveillon-policia-militar-vai-reforcar-seguranca-com-mais-de-1-500-policiais\/#breadcrumb\",\"itemListElement\":[{\"@type\":\"ListItem\",\"position\":1,\"name\":\"In\u00edcio\",\"item\":\"https:\/\/www.pm.pb.gov.br\/portal\/\"},{\"@type\":\"ListItem\",\"position\":2,\"name\":\"R\u00e9veillon: Pol\u00edcia Militar vai refor\u00e7ar seguran\u00e7a com mais de 1.500 policiais\"}]},{\"@type\":\"WebSite\",\"@id\":\"https:\/\/www.pm.pb.gov.br\/portal\/#website\",\"url\":\"https:\/\/www.pm.pb.gov.br\/portal\/\",\"name\":\"Pol\u00edcia Militar da Para\u00edba\",\"description\":\"\",\"publisher\":{\"@id\":\"https:\/\/www.pm.pb.gov.br\/portal\/#organization\"},\"potentialAction\":[{\"@type\":\"SearchAction\",\"target\":{\"@type\":\"EntryPoint\",\"urlTemplate\":\"https:\/\/www.pm.pb.gov.br\/portal\/?s={search_term_string}\"},\"query-input\":\"required name=search_term_string\"}],\"inLanguage\":\"pt-BR\"},{\"@type\":\"Organization\",\"@id\":\"https:\/\/www.pm.pb.gov.br\/portal\/#organization\",\"name\":\"Pol\u00edcia Militar da Para\u00edba\",\"url\":\"https:\/\/www.pm.pb.gov.br\/portal\/\",\"logo\":{\"@type\":\"ImageObject\",\"inLanguage\":\"pt-BR\",\"@id\":\"https:\/\/www.pm.pb.gov.br\/portal\/#\/schema\/logo\/image\/\",\"url\":\"https:\/\/www.pm.pb.gov.br\/portal\/wp-content\/uploads\/2025\/03\/cropped-logo-site-mag2-1.png\",\"contentUrl\":\"https:\/\/www.pm.pb.gov.br\/portal\/wp-content\/uploads\/2025\/03\/cropped-logo-site-mag2-1.png\",\"width\":320,\"height\":90,\"caption\":\"Pol\u00edcia Militar da Para\u00edba\"},\"image\":{\"@id\":\"https:\/\/www.pm.pb.gov.br\/portal\/#\/schema\/logo\/image\/\"}},{\"@type\":\"Person\",\"@id\":\"https:\/\/www.pm.pb.gov.br\/portal\/#\/schema\/person\/f84f56dcc78ce4357054da888b8247fd\",\"name\":\"Tarcisio Oliveira\",\"image\":{\"@type\":\"ImageObject\",\"inLanguage\":\"pt-BR\",\"@id\":\"https:\/\/www.pm.pb.gov.br\/portal\/#\/schema\/person\/image\/\",\"url\":\"https:\/\/secure.gravatar.com\/avatar\/72917b630b69d31cd0297507f34bac97?s=96&d=mm&r=g\",\"contentUrl\":\"https:\/\/secure.gravatar.com\/avatar\/72917b630b69d31cd0297507f34bac97?s=96&d=mm&r=g\",\"caption\":\"Tarcisio Oliveira\"},\"url\":\"https:\/\/www.pm.pb.gov.br\/portal\/author\/tarcisio\/\"}]}<\/script>\n<!-- \/ Yoast SEO plugin. -->","yoast_head_json":{"title":"R\u00e9veillon: Pol\u00edcia Militar vai refor\u00e7ar seguran\u00e7a com mais de 1.500 policiais - Pol\u00edcia Militar da Para\u00edba","robots":{"index":"index","follow":"follow","max-snippet":"max-snippet:-1","max-image-preview":"max-image-preview:large","max-video-preview":"max-video-preview:-1"},"canonical":"https:\/\/www.pm.pb.gov.br\/portal\/2020\/12\/28\/reveillon-policia-militar-vai-reforcar-seguranca-com-mais-de-1-500-policiais\/","og_locale":"pt_BR","og_type":"article","og_title":"R\u00e9veillon: Pol\u00edcia Militar vai refor\u00e7ar seguran\u00e7a com mais de 1.500 policiais - Pol\u00edcia Militar da Para\u00edba","og_description":"O plano de seguran\u00e7a para o r\u00e9veillon vai contar com o refor\u00e7o de mais de 1.500 policiais militares, drones para","og_url":"https:\/\/www.pm.pb.gov.br\/portal\/2020\/12\/28\/reveillon-policia-militar-vai-reforcar-seguranca-com-mais-de-1-500-policiais\/","og_site_name":"Pol\u00edcia Militar da Para\u00edba","article_published_time":"2020-12-28T19:11:29+00:00","article_modified_time":"2020-12-28T19:12:53+00:00","og_image":[{"width":1280,"height":853,"url":"https:\/\/www.pm.pb.gov.br\/portal\/wp-content\/uploads\/2020\/04\/opera\u00e7\u00e3o-tirandentes.jpeg","type":"image\/jpeg"}],"author":"Tarcisio Oliveira","twitter_card":"summary_large_image","twitter_misc":{"Escrito por":"Tarcisio Oliveira","Est. tempo de leitura":"2 minutos"},"schema":{"@context":"https:\/\/schema.org","@graph":[{"@type":"Article","@id":"https:\/\/www.pm.pb.gov.br\/portal\/2020\/12\/28\/reveillon-policia-militar-vai-reforcar-seguranca-com-mais-de-1-500-policiais\/#article","isPartOf":{"@id":"https:\/\/www.pm.pb.gov.br\/portal\/2020\/12\/28\/reveillon-policia-militar-vai-reforcar-seguranca-com-mais-de-1-500-policiais\/"},"author":{"name":"Tarcisio Oliveira","@id":"https:\/\/www.pm.pb.gov.br\/portal\/#\/schema\/person\/f84f56dcc78ce4357054da888b8247fd"},"headline":"R\u00e9veillon: Pol\u00edcia Militar vai refor\u00e7ar seguran\u00e7a com mais de 1.500 policiais","datePublished":"2020-12-28T19:11:29+00:00","dateModified":"2020-12-28T19:12:53+00:00","mainEntityOfPage":{"@id":"https:\/\/www.pm.pb.gov.br\/portal\/2020\/12\/28\/reveillon-policia-militar-vai-reforcar-seguranca-com-mais-de-1-500-policiais\/"},"wordCount":402,"publisher":{"@id":"https:\/\/www.pm.pb.gov.br\/portal\/#organization"},"articleSection":["A\u00e7\u00f5es Policiais"],"inLanguage":"pt-BR"},{"@type":"WebPage","@id":"https:\/\/www.pm.pb.gov.br\/portal\/2020\/12\/28\/reveillon-policia-militar-vai-reforcar-seguranca-com-mais-de-1-500-policiais\/","url":"https:\/\/www.pm.pb.gov.br\/portal\/2020\/12\/28\/reveillon-policia-militar-vai-reforcar-seguranca-com-mais-de-1-500-policiais\/","name":"R\u00e9veillon: Pol\u00edcia Militar vai refor\u00e7ar seguran\u00e7a com mais de 1.500 policiais - Pol\u00edcia Militar da Para\u00edba","isPartOf":{"@id":"https:\/\/www.pm.pb.gov.br\/portal\/#website"},"datePublished":"2020-12-28T19:11:29+00:00","dateModified":"2020-12-28T19:12:53+00:00","breadcrumb":{"@id":"https:\/\/www.pm.pb.gov.br\/portal\/2020\/12\/28\/reveillon-policia-militar-vai-reforcar-seguranca-com-mais-de-1-500-policiais\/#breadcrumb"},"inLanguage":"pt-BR","potentialAction":[{"@type":"ReadAction","target":["https:\/\/www.pm.pb.gov.br\/portal\/2020\/12\/28\/reveillon-policia-militar-vai-reforcar-seguranca-com-mais-de-1-500-policiais\/"]}]},{"@type":"BreadcrumbList","@id":"https:\/\/www.pm.pb.gov.br\/portal\/2020\/12\/28\/reveillon-policia-militar-vai-reforcar-seguranca-com-mais-de-1-500-policiais\/#breadcrumb","itemListElement":[{"@type":"ListItem","position":1,"name":"In\u00edcio","item":"https:\/\/www.pm.pb.gov.br\/portal\/"},{"@type":"ListItem","position":2,"name":"R\u00e9veillon: Pol\u00edcia Militar vai refor\u00e7ar seguran\u00e7a com mais de 1.500 policiais"}]},{"@type":"WebSite","@id":"https:\/\/www.pm.pb.gov.br\/portal\/#website","url":"https:\/\/www.pm.pb.gov.br\/portal\/","name":"Pol\u00edcia Militar da Para\u00edba","description":"","publisher":{"@id":"https:\/\/www.pm.pb.gov.br\/portal\/#organization"},"potentialAction":[{"@type":"SearchAction","target":{"@type":"EntryPoint","urlTemplate":"https:\/\/www.pm.pb.gov.br\/portal\/?s={search_term_string}"},"query-input":"required name=search_term_string"}],"inLanguage":"pt-BR"},{"@type":"Organization","@id":"https:\/\/www.pm.pb.gov.br\/portal\/#organization","name":"Pol\u00edcia Militar da Para\u00edba","url":"https:\/\/www.pm.pb.gov.br\/portal\/","logo":{"@type":"ImageObject","inLanguage":"pt-BR","@id":"https:\/\/www.pm.pb.gov.br\/portal\/#\/schema\/logo\/image\/","url":"https:\/\/www.pm.pb.gov.br\/portal\/wp-content\/uploads\/2025\/03\/cropped-logo-site-mag2-1.png","contentUrl":"https:\/\/www.pm.pb.gov.br\/portal\/wp-content\/uploads\/2025\/03\/cropped-logo-site-mag2-1.png","width":320,"height":90,"caption":"Pol\u00edcia Militar da Para\u00edba"},"image":{"@id":"https:\/\/www.pm.pb.gov.br\/portal\/#\/schema\/logo\/image\/"}},{"@type":"Person","@id":"https:\/\/www.pm.pb.gov.br\/portal\/#\/schema\/person\/f84f56dcc78ce4357054da888b8247fd","name":"Tarcisio Oliveira","image":{"@type":"ImageObject","inLanguage":"pt-BR","@id":"https:\/\/www.pm.pb.gov.br\/portal\/#\/schema\/person\/image\/","url":"https:\/\/secure.gravatar.com\/avatar\/72917b630b69d31cd0297507f34bac97?s=96&d=mm&r=g","contentUrl":"https:\/\/secure.gravatar.com\/avatar\/72917b630b69d31cd0297507f34bac97?s=96&d=mm&r=g","caption":"Tarcisio Oliveira"},"url":"https:\/\/www.pm.pb.gov.br\/portal\/author\/tarcisio\/"}]}},"_links":{"self":[{"href":"https:\/\/www.pm.pb.gov.br\/portal\/wp-json\/wp\/v2\/posts\/908782"}],"collection":[{"href":"https:\/\/www.pm.pb.gov.br\/portal\/wp-json\/wp\/v2\/posts"}],"about":[{"href":"https:\/\/www.pm.pb.gov.br\/portal\/wp-json\/wp\/v2\/types\/post"}],"author":[{"embeddable":true,"href":"https:\/\/www.pm.pb.gov.br\/portal\/wp-json\/wp\/v2\/users\/12"}],"replies":[{"embeddable":true,"href":"https:\/\/www.pm.pb.gov.br\/portal\/wp-json\/wp\/v2\/comments?post=908782"}],"version-history":[{"count":2,"href":"https:\/\/www.pm.pb.gov.br\/portal\/wp-json\/wp\/v2\/posts\/908782\/revisions"}],"predecessor-version":[{"id":908784,"href":"https:\/\/www.pm.pb.gov.br\/portal\/wp-json\/wp\/v2\/posts\/908782\/revisions\/908784"}],"wp:featuredmedia":[{"embeddable":true,"href":"https:\/\/www.pm.pb.gov.br\/portal\/wp-json\/wp\/v2\/media\/904583"}],"wp:attachment":[{"href":"https:\/\/www.pm.pb.gov.br\/portal\/wp-json\/wp\/v2\/media?parent=908782"}],"wp:term":[{"taxonomy":"category","embeddable":true,"href":"https:\/\/www.pm.pb.gov.br\/portal\/wp-json\/wp\/v2\/categories?post=908782"},{"taxonomy":"post_tag","embeddable":true,"href":"https:\/\/www.pm.pb.gov.br\/portal\/wp-json\/wp\/v2\/tags?post=908782"}],"curies":[{"name":"wp","href":"https:\/\/api.w.org\/{rel}","templated":true}]}}