{"id":908777,"date":"2020-12-28T11:11:50","date_gmt":"2020-12-28T14:11:50","guid":{"rendered":"http:\/\/www.pm.pb.gov.br\/portal\/?p=908777"},"modified":"2020-12-28T11:11:51","modified_gmt":"2020-12-28T14:11:51","slug":"mais-de-100-motos-foram-notificadas-por-participarem-de-rolezinhos-no-feriadao-do-natal","status":"publish","type":"post","link":"https:\/\/www.pm.pb.gov.br\/portal\/2020\/12\/28\/mais-de-100-motos-foram-notificadas-por-participarem-de-rolezinhos-no-feriadao-do-natal\/","title":{"rendered":"Mais de 100 motos foram notificadas por participarem de rolezinhos no feriad\u00e3o do Natal"},"content":{"rendered":"\n<figure class=\"wp-block-image size-large\"><img decoding=\"async\" src=\"blob:http:\/\/www.pm.pb.gov.br\/540abfb4-7ab0-40f0-8a16-20717ec2c4e9\" alt=\"\"\/><\/figure>\n\n\n\n<p>A Pol\u00edcia Militar notificou 102 motos e apreendeu 53 delas, nesse feriad\u00e3o de natal, nas a\u00e7\u00f5es que combateram as badernas e infra\u00e7\u00f5es no tr\u00e2nsito causadas pelos rolezinhos, promovidos por grupos de jovens. A maior parte das multas e apreens\u00f5es aconteceram na Capital, mas houve tamb\u00e9m interven\u00e7\u00e3o na cidade de Juru, que fica no Sert\u00e3o.<\/p>\n<p>Equipes da Pol\u00edcia Militar que atuam no policiamento das \u00e1reas e tamb\u00e9m no tr\u00e2nsito, montaram barreiras para coibir esse tipo de pr\u00e1tica e flagraram condutores com canos de escapes irregulares, sem habilita\u00e7\u00e3o e com aus\u00eancia de equipamentos de seguran\u00e7a exigidos.<\/p>\n<p>O alvo das a\u00e7\u00f5es foram os grupos que andam com o escapamento irregular para provocar barulho que causa perturba\u00e7\u00e3o do sossego das pessoas. Os flagrados com esse tipo de pr\u00e1tica foram multados em R$195,23, numa infra\u00e7\u00e3o considerada de natureza grande e que prev\u00ea cinco pontos na carteira do condutor. Os ve\u00edculos foram retidos e s\u00f3 ser\u00e3o liberados ap\u00f3s os donos regularizarem a situa\u00e7\u00e3o do cano de escape.<\/p>\n<p><strong>Rolezinho da Orla &#8211;<\/strong> V\u00e1rios integrantes do rolezinho que passou pela orla de Jo\u00e3o Pessoa na madrugada da sexta-feira (25), cujas imagens foram gravadas, j\u00e1 tiveram a moto notificada nas \u00faltimas a\u00e7\u00f5es da PM. Os demais foram identificados e a corpora\u00e7\u00e3o deve enviar um relat\u00f3rio para o Minist\u00e9rio P\u00fablico.<\/p>\n<p>As a\u00e7\u00f5es para combater este tipo de pr\u00e1tica ir\u00e3o continuar nos pr\u00f3ximos dias, sendo intensificadas no r\u00e9veillon, principalmente.<\/p>\n","protected":false},"excerpt":{"rendered":"<p>A Pol\u00edcia Militar notificou 102 motos e apreendeu 53 delas, nesse feriad\u00e3o de natal, nas a\u00e7\u00f5es que combateram as badernas<\/p>\n","protected":false},"author":5,"featured_media":908779,"comment_status":"closed","ping_status":"closed","sticky":false,"template":"","format":"standard","meta":{"_exactmetrics_skip_tracking":false,"_exactmetrics_sitenote_active":false,"_exactmetrics_sitenote_note":"","_exactmetrics_sitenote_category":0,"footnotes":""},"categories":[4],"tags":[],"yoast_head":"<!-- This site is optimized with the Yoast SEO plugin v22.0 - https:\/\/yoast.com\/wordpress\/plugins\/seo\/ -->\n<title>Mais de 100 motos foram notificadas por participarem de rolezinhos no feriad\u00e3o do Natal - Pol\u00edcia Militar da Para\u00edba<\/title>\n<meta name=\"robots\" content=\"index, follow, max-snippet:-1, max-image-preview:large, max-video-preview:-1\" \/>\n<link rel=\"canonical\" href=\"https:\/\/www.pm.pb.gov.br\/portal\/2020\/12\/28\/mais-de-100-motos-foram-notificadas-por-participarem-de-rolezinhos-no-feriadao-do-natal\/\" \/>\n<meta property=\"og:locale\" content=\"pt_BR\" \/>\n<meta property=\"og:type\" content=\"article\" \/>\n<meta property=\"og:title\" content=\"Mais de 100 motos foram notificadas por participarem de rolezinhos no feriad\u00e3o do Natal - Pol\u00edcia Militar da Para\u00edba\" \/>\n<meta property=\"og:description\" content=\"A Pol\u00edcia Militar notificou 102 motos e apreendeu 53 delas, nesse feriad\u00e3o de natal, nas a\u00e7\u00f5es que combateram as badernas\" \/>\n<meta property=\"og:url\" content=\"https:\/\/www.pm.pb.gov.br\/portal\/2020\/12\/28\/mais-de-100-motos-foram-notificadas-por-participarem-de-rolezinhos-no-feriadao-do-natal\/\" \/>\n<meta property=\"og:site_name\" content=\"Pol\u00edcia Militar da Para\u00edba\" \/>\n<meta property=\"article:published_time\" content=\"2020-12-28T14:11:50+00:00\" \/>\n<meta property=\"article:modified_time\" content=\"2020-12-28T14:11:51+00:00\" \/>\n<meta property=\"og:image\" content=\"https:\/\/www.pm.pb.gov.br\/portal\/wp-content\/uploads\/2020\/12\/800x445-100-motos.jpg\" \/>\n\t<meta property=\"og:image:width\" content=\"800\" \/>\n\t<meta property=\"og:image:height\" content=\"445\" \/>\n\t<meta property=\"og:image:type\" content=\"image\/jpeg\" \/>\n<meta name=\"author\" content=\"Assessoria de Imprensa da PMPB\" \/>\n<meta name=\"twitter:card\" content=\"summary_large_image\" \/>\n<meta name=\"twitter:label1\" content=\"Escrito por\" \/>\n\t<meta name=\"twitter:data1\" content=\"Assessoria de Imprensa da PMPB\" \/>\n\t<meta name=\"twitter:label2\" content=\"Est. tempo de leitura\" \/>\n\t<meta name=\"twitter:data2\" content=\"1 minuto\" \/>\n<script type=\"application\/ld+json\" class=\"yoast-schema-graph\">{\"@context\":\"https:\/\/schema.org\",\"@graph\":[{\"@type\":\"Article\",\"@id\":\"https:\/\/www.pm.pb.gov.br\/portal\/2020\/12\/28\/mais-de-100-motos-foram-notificadas-por-participarem-de-rolezinhos-no-feriadao-do-natal\/#article\",\"isPartOf\":{\"@id\":\"https:\/\/www.pm.pb.gov.br\/portal\/2020\/12\/28\/mais-de-100-motos-foram-notificadas-por-participarem-de-rolezinhos-no-feriadao-do-natal\/\"},\"author\":{\"name\":\"Assessoria de Imprensa da PMPB\",\"@id\":\"https:\/\/www.pm.pb.gov.br\/portal\/#\/schema\/person\/e8454f46651c3ecf0e1ba3c1666d9947\"},\"headline\":\"Mais de 100 motos foram notificadas por participarem de rolezinhos no feriad\u00e3o do Natal\",\"datePublished\":\"2020-12-28T14:11:50+00:00\",\"dateModified\":\"2020-12-28T14:11:51+00:00\",\"mainEntityOfPage\":{\"@id\":\"https:\/\/www.pm.pb.gov.br\/portal\/2020\/12\/28\/mais-de-100-motos-foram-notificadas-por-participarem-de-rolezinhos-no-feriadao-do-natal\/\"},\"wordCount\":275,\"publisher\":{\"@id\":\"https:\/\/www.pm.pb.gov.br\/portal\/#organization\"},\"articleSection\":[\"A\u00e7\u00f5es Policiais\"],\"inLanguage\":\"pt-BR\"},{\"@type\":\"WebPage\",\"@id\":\"https:\/\/www.pm.pb.gov.br\/portal\/2020\/12\/28\/mais-de-100-motos-foram-notificadas-por-participarem-de-rolezinhos-no-feriadao-do-natal\/\",\"url\":\"https:\/\/www.pm.pb.gov.br\/portal\/2020\/12\/28\/mais-de-100-motos-foram-notificadas-por-participarem-de-rolezinhos-no-feriadao-do-natal\/\",\"name\":\"Mais de 100 motos foram notificadas por participarem de rolezinhos no feriad\u00e3o do Natal - Pol\u00edcia Militar da Para\u00edba\",\"isPartOf\":{\"@id\":\"https:\/\/www.pm.pb.gov.br\/portal\/#website\"},\"datePublished\":\"2020-12-28T14:11:50+00:00\",\"dateModified\":\"2020-12-28T14:11:51+00:00\",\"breadcrumb\":{\"@id\":\"https:\/\/www.pm.pb.gov.br\/portal\/2020\/12\/28\/mais-de-100-motos-foram-notificadas-por-participarem-de-rolezinhos-no-feriadao-do-natal\/#breadcrumb\"},\"inLanguage\":\"pt-BR\",\"potentialAction\":[{\"@type\":\"ReadAction\",\"target\":[\"https:\/\/www.pm.pb.gov.br\/portal\/2020\/12\/28\/mais-de-100-motos-foram-notificadas-por-participarem-de-rolezinhos-no-feriadao-do-natal\/\"]}]},{\"@type\":\"BreadcrumbList\",\"@id\":\"https:\/\/www.pm.pb.gov.br\/portal\/2020\/12\/28\/mais-de-100-motos-foram-notificadas-por-participarem-de-rolezinhos-no-feriadao-do-natal\/#breadcrumb\",\"itemListElement\":[{\"@type\":\"ListItem\",\"position\":1,\"name\":\"In\u00edcio\",\"item\":\"https:\/\/www.pm.pb.gov.br\/portal\/\"},{\"@type\":\"ListItem\",\"position\":2,\"name\":\"Mais de 100 motos foram notificadas por participarem de rolezinhos no feriad\u00e3o do Natal\"}]},{\"@type\":\"WebSite\",\"@id\":\"https:\/\/www.pm.pb.gov.br\/portal\/#website\",\"url\":\"https:\/\/www.pm.pb.gov.br\/portal\/\",\"name\":\"Pol\u00edcia Militar da Para\u00edba\",\"description\":\"\",\"publisher\":{\"@id\":\"https:\/\/www.pm.pb.gov.br\/portal\/#organization\"},\"potentialAction\":[{\"@type\":\"SearchAction\",\"target\":{\"@type\":\"EntryPoint\",\"urlTemplate\":\"https:\/\/www.pm.pb.gov.br\/portal\/?s={search_term_string}\"},\"query-input\":\"required name=search_term_string\"}],\"inLanguage\":\"pt-BR\"},{\"@type\":\"Organization\",\"@id\":\"https:\/\/www.pm.pb.gov.br\/portal\/#organization\",\"name\":\"Pol\u00edcia Militar da Para\u00edba\",\"url\":\"https:\/\/www.pm.pb.gov.br\/portal\/\",\"logo\":{\"@type\":\"ImageObject\",\"inLanguage\":\"pt-BR\",\"@id\":\"https:\/\/www.pm.pb.gov.br\/portal\/#\/schema\/logo\/image\/\",\"url\":\"https:\/\/www.pm.pb.gov.br\/portal\/wp-content\/uploads\/2025\/03\/cropped-logo-site-mag2-1.png\",\"contentUrl\":\"https:\/\/www.pm.pb.gov.br\/portal\/wp-content\/uploads\/2025\/03\/cropped-logo-site-mag2-1.png\",\"width\":320,\"height\":90,\"caption\":\"Pol\u00edcia Militar da Para\u00edba\"},\"image\":{\"@id\":\"https:\/\/www.pm.pb.gov.br\/portal\/#\/schema\/logo\/image\/\"}},{\"@type\":\"Person\",\"@id\":\"https:\/\/www.pm.pb.gov.br\/portal\/#\/schema\/person\/e8454f46651c3ecf0e1ba3c1666d9947\",\"name\":\"Assessoria de Imprensa da PMPB\",\"image\":{\"@type\":\"ImageObject\",\"inLanguage\":\"pt-BR\",\"@id\":\"https:\/\/www.pm.pb.gov.br\/portal\/#\/schema\/person\/image\/\",\"url\":\"https:\/\/secure.gravatar.com\/avatar\/2efe197438265d1e90bd98c4c8e1acf8?s=96&d=mm&r=g\",\"contentUrl\":\"https:\/\/secure.gravatar.com\/avatar\/2efe197438265d1e90bd98c4c8e1acf8?s=96&d=mm&r=g\",\"caption\":\"Assessoria de Imprensa da PMPB\"},\"url\":\"https:\/\/www.pm.pb.gov.br\/portal\/author\/assessoria\/\"}]}<\/script>\n<!-- \/ Yoast SEO plugin. -->","yoast_head_json":{"title":"Mais de 100 motos foram notificadas por participarem de rolezinhos no feriad\u00e3o do Natal - Pol\u00edcia Militar da Para\u00edba","robots":{"index":"index","follow":"follow","max-snippet":"max-snippet:-1","max-image-preview":"max-image-preview:large","max-video-preview":"max-video-preview:-1"},"canonical":"https:\/\/www.pm.pb.gov.br\/portal\/2020\/12\/28\/mais-de-100-motos-foram-notificadas-por-participarem-de-rolezinhos-no-feriadao-do-natal\/","og_locale":"pt_BR","og_type":"article","og_title":"Mais de 100 motos foram notificadas por participarem de rolezinhos no feriad\u00e3o do Natal - Pol\u00edcia Militar da Para\u00edba","og_description":"A Pol\u00edcia Militar notificou 102 motos e apreendeu 53 delas, nesse feriad\u00e3o de natal, nas a\u00e7\u00f5es que combateram as badernas","og_url":"https:\/\/www.pm.pb.gov.br\/portal\/2020\/12\/28\/mais-de-100-motos-foram-notificadas-por-participarem-de-rolezinhos-no-feriadao-do-natal\/","og_site_name":"Pol\u00edcia Militar da Para\u00edba","article_published_time":"2020-12-28T14:11:50+00:00","article_modified_time":"2020-12-28T14:11:51+00:00","og_image":[{"width":800,"height":445,"url":"https:\/\/www.pm.pb.gov.br\/portal\/wp-content\/uploads\/2020\/12\/800x445-100-motos.jpg","type":"image\/jpeg"}],"author":"Assessoria de Imprensa da PMPB","twitter_card":"summary_large_image","twitter_misc":{"Escrito por":"Assessoria de Imprensa da PMPB","Est. tempo de leitura":"1 minuto"},"schema":{"@context":"https:\/\/schema.org","@graph":[{"@type":"Article","@id":"https:\/\/www.pm.pb.gov.br\/portal\/2020\/12\/28\/mais-de-100-motos-foram-notificadas-por-participarem-de-rolezinhos-no-feriadao-do-natal\/#article","isPartOf":{"@id":"https:\/\/www.pm.pb.gov.br\/portal\/2020\/12\/28\/mais-de-100-motos-foram-notificadas-por-participarem-de-rolezinhos-no-feriadao-do-natal\/"},"author":{"name":"Assessoria de Imprensa da PMPB","@id":"https:\/\/www.pm.pb.gov.br\/portal\/#\/schema\/person\/e8454f46651c3ecf0e1ba3c1666d9947"},"headline":"Mais de 100 motos foram notificadas por participarem de rolezinhos no feriad\u00e3o do Natal","datePublished":"2020-12-28T14:11:50+00:00","dateModified":"2020-12-28T14:11:51+00:00","mainEntityOfPage":{"@id":"https:\/\/www.pm.pb.gov.br\/portal\/2020\/12\/28\/mais-de-100-motos-foram-notificadas-por-participarem-de-rolezinhos-no-feriadao-do-natal\/"},"wordCount":275,"publisher":{"@id":"https:\/\/www.pm.pb.gov.br\/portal\/#organization"},"articleSection":["A\u00e7\u00f5es Policiais"],"inLanguage":"pt-BR"},{"@type":"WebPage","@id":"https:\/\/www.pm.pb.gov.br\/portal\/2020\/12\/28\/mais-de-100-motos-foram-notificadas-por-participarem-de-rolezinhos-no-feriadao-do-natal\/","url":"https:\/\/www.pm.pb.gov.br\/portal\/2020\/12\/28\/mais-de-100-motos-foram-notificadas-por-participarem-de-rolezinhos-no-feriadao-do-natal\/","name":"Mais de 100 motos foram notificadas por participarem de rolezinhos no feriad\u00e3o do Natal - Pol\u00edcia Militar da Para\u00edba","isPartOf":{"@id":"https:\/\/www.pm.pb.gov.br\/portal\/#website"},"datePublished":"2020-12-28T14:11:50+00:00","dateModified":"2020-12-28T14:11:51+00:00","breadcrumb":{"@id":"https:\/\/www.pm.pb.gov.br\/portal\/2020\/12\/28\/mais-de-100-motos-foram-notificadas-por-participarem-de-rolezinhos-no-feriadao-do-natal\/#breadcrumb"},"inLanguage":"pt-BR","potentialAction":[{"@type":"ReadAction","target":["https:\/\/www.pm.pb.gov.br\/portal\/2020\/12\/28\/mais-de-100-motos-foram-notificadas-por-participarem-de-rolezinhos-no-feriadao-do-natal\/"]}]},{"@type":"BreadcrumbList","@id":"https:\/\/www.pm.pb.gov.br\/portal\/2020\/12\/28\/mais-de-100-motos-foram-notificadas-por-participarem-de-rolezinhos-no-feriadao-do-natal\/#breadcrumb","itemListElement":[{"@type":"ListItem","position":1,"name":"In\u00edcio","item":"https:\/\/www.pm.pb.gov.br\/portal\/"},{"@type":"ListItem","position":2,"name":"Mais de 100 motos foram notificadas por participarem de rolezinhos no feriad\u00e3o do Natal"}]},{"@type":"WebSite","@id":"https:\/\/www.pm.pb.gov.br\/portal\/#website","url":"https:\/\/www.pm.pb.gov.br\/portal\/","name":"Pol\u00edcia Militar da Para\u00edba","description":"","publisher":{"@id":"https:\/\/www.pm.pb.gov.br\/portal\/#organization"},"potentialAction":[{"@type":"SearchAction","target":{"@type":"EntryPoint","urlTemplate":"https:\/\/www.pm.pb.gov.br\/portal\/?s={search_term_string}"},"query-input":"required name=search_term_string"}],"inLanguage":"pt-BR"},{"@type":"Organization","@id":"https:\/\/www.pm.pb.gov.br\/portal\/#organization","name":"Pol\u00edcia Militar da Para\u00edba","url":"https:\/\/www.pm.pb.gov.br\/portal\/","logo":{"@type":"ImageObject","inLanguage":"pt-BR","@id":"https:\/\/www.pm.pb.gov.br\/portal\/#\/schema\/logo\/image\/","url":"https:\/\/www.pm.pb.gov.br\/portal\/wp-content\/uploads\/2025\/03\/cropped-logo-site-mag2-1.png","contentUrl":"https:\/\/www.pm.pb.gov.br\/portal\/wp-content\/uploads\/2025\/03\/cropped-logo-site-mag2-1.png","width":320,"height":90,"caption":"Pol\u00edcia Militar da Para\u00edba"},"image":{"@id":"https:\/\/www.pm.pb.gov.br\/portal\/#\/schema\/logo\/image\/"}},{"@type":"Person","@id":"https:\/\/www.pm.pb.gov.br\/portal\/#\/schema\/person\/e8454f46651c3ecf0e1ba3c1666d9947","name":"Assessoria de Imprensa da PMPB","image":{"@type":"ImageObject","inLanguage":"pt-BR","@id":"https:\/\/www.pm.pb.gov.br\/portal\/#\/schema\/person\/image\/","url":"https:\/\/secure.gravatar.com\/avatar\/2efe197438265d1e90bd98c4c8e1acf8?s=96&d=mm&r=g","contentUrl":"https:\/\/secure.gravatar.com\/avatar\/2efe197438265d1e90bd98c4c8e1acf8?s=96&d=mm&r=g","caption":"Assessoria de Imprensa da PMPB"},"url":"https:\/\/www.pm.pb.gov.br\/portal\/author\/assessoria\/"}]}},"_links":{"self":[{"href":"https:\/\/www.pm.pb.gov.br\/portal\/wp-json\/wp\/v2\/posts\/908777"}],"collection":[{"href":"https:\/\/www.pm.pb.gov.br\/portal\/wp-json\/wp\/v2\/posts"}],"about":[{"href":"https:\/\/www.pm.pb.gov.br\/portal\/wp-json\/wp\/v2\/types\/post"}],"author":[{"embeddable":true,"href":"https:\/\/www.pm.pb.gov.br\/portal\/wp-json\/wp\/v2\/users\/5"}],"replies":[{"embeddable":true,"href":"https:\/\/www.pm.pb.gov.br\/portal\/wp-json\/wp\/v2\/comments?post=908777"}],"version-history":[{"count":1,"href":"https:\/\/www.pm.pb.gov.br\/portal\/wp-json\/wp\/v2\/posts\/908777\/revisions"}],"predecessor-version":[{"id":908780,"href":"https:\/\/www.pm.pb.gov.br\/portal\/wp-json\/wp\/v2\/posts\/908777\/revisions\/908780"}],"wp:featuredmedia":[{"embeddable":true,"href":"https:\/\/www.pm.pb.gov.br\/portal\/wp-json\/wp\/v2\/media\/908779"}],"wp:attachment":[{"href":"https:\/\/www.pm.pb.gov.br\/portal\/wp-json\/wp\/v2\/media?parent=908777"}],"wp:term":[{"taxonomy":"category","embeddable":true,"href":"https:\/\/www.pm.pb.gov.br\/portal\/wp-json\/wp\/v2\/categories?post=908777"},{"taxonomy":"post_tag","embeddable":true,"href":"https:\/\/www.pm.pb.gov.br\/portal\/wp-json\/wp\/v2\/tags?post=908777"}],"curies":[{"name":"wp","href":"https:\/\/api.w.org\/{rel}","templated":true}]}}