{"id":908768,"date":"2020-12-27T18:49:09","date_gmt":"2020-12-27T21:49:09","guid":{"rendered":"http:\/\/www.pm.pb.gov.br\/portal\/?p=908768"},"modified":"2020-12-27T18:49:10","modified_gmt":"2020-12-27T21:49:10","slug":"policia-militar-apreende-02-armas-de-fogo-01-motocicleta-e-prende-05-suspeitos-na-area-do-7-bpm","status":"publish","type":"post","link":"https:\/\/www.pm.pb.gov.br\/portal\/2020\/12\/27\/policia-militar-apreende-02-armas-de-fogo-01-motocicleta-e-prende-05-suspeitos-na-area-do-7-bpm\/","title":{"rendered":"Pol\u00edcia Militar apreende 02 armas de fogo, 01 motocicleta, e prende 05 suspeitos na \u00e1rea do 7\u00b0 BPM"},"content":{"rendered":"\n<p>A primeira pris\u00e3o ocorreu na noite deste s\u00e1bado (26), no bairro de V\u00e1rzea Nova, em Santa Rita. Os policiais militares ao realizarem incurs\u00e3o, no Condom\u00ednio Thomas More, prenderam um suspeito de 21 anos com um rev\u00f3lver calibre 38.<\/p>\n<p>Tamb\u00e9m na noite deste s\u00e1bado (26), os policiais militares durante rondas no bairro de Tibiri II realizaram uma abordagem a um suspeito em uma motocicleta Honda Start, de cor preta, a qual se encontrava com adultera\u00e7\u00e3o no chassi. O condutor da moto informou que havia comprado o ve\u00edculo naquele dia. O motociclista e outo homem, que se apresentou como vendedor da mesma, foram conduzidos a delegacia.<\/p>\n<p><img loading=\"lazy\" decoding=\"async\" class=\"alignnone size-medium wp-image-908770\" src=\"http:\/\/www.pm.pb.gov.br\/portal\/wp-content\/uploads\/2020\/12\/WhatsApp-Image-2020-12-27-at-08.01.44-334x445.jpeg\" alt=\"\" width=\"334\" height=\"445\" srcset=\"https:\/\/www.pm.pb.gov.br\/portal\/wp-content\/uploads\/2020\/12\/WhatsApp-Image-2020-12-27-at-08.01.44-334x445.jpeg 334w, https:\/\/www.pm.pb.gov.br\/portal\/wp-content\/uploads\/2020\/12\/WhatsApp-Image-2020-12-27-at-08.01.44-428x570.jpeg 428w, https:\/\/www.pm.pb.gov.br\/portal\/wp-content\/uploads\/2020\/12\/WhatsApp-Image-2020-12-27-at-08.01.44-768x1024.jpeg 768w, https:\/\/www.pm.pb.gov.br\/portal\/wp-content\/uploads\/2020\/12\/WhatsApp-Image-2020-12-27-at-08.01.44.jpeg 960w\" sizes=\"(max-width: 334px) 100vw, 334px\" \/><\/p>\n<p>Na manh\u00e3 deste domingo (27), na cidade de Sap\u00e9, policiais militares prenderam dois suspeitos acusados de assaltar um comerciante local, e de uma poss\u00edvel tentativa de homic\u00eddio ocorrida no centro. Os fatos ocorreram na noite de s\u00e1bado, e atrav\u00e9s de uma a\u00e7\u00e3o integrada e r\u00e1pida da PM conseguiram identificar e deter os suspeitos, al\u00e9m de apreender um rev\u00f3lver calibre 32.<\/p>\n<p>Os materiais apreendidos e os suspeitos detidos foram apresentados na 6\u00aa Delegacia Distrital, em Santa Rita.<\/p>\n","protected":false},"excerpt":{"rendered":"<p>A primeira pris\u00e3o ocorreu na noite deste s\u00e1bado (26), no bairro de V\u00e1rzea Nova, em Santa Rita. Os policiais militares<\/p>\n","protected":false},"author":5,"featured_media":908769,"comment_status":"closed","ping_status":"closed","sticky":false,"template":"","format":"standard","meta":{"_exactmetrics_skip_tracking":false,"_exactmetrics_sitenote_active":false,"_exactmetrics_sitenote_note":"","_exactmetrics_sitenote_category":0,"footnotes":""},"categories":[4],"tags":[],"yoast_head":"<!-- This site is optimized with the Yoast SEO plugin v22.0 - https:\/\/yoast.com\/wordpress\/plugins\/seo\/ -->\n<title>Pol\u00edcia Militar apreende 02 armas de fogo, 01 motocicleta, e prende 05 suspeitos na \u00e1rea do 7\u00b0 BPM - Pol\u00edcia Militar da Para\u00edba<\/title>\n<meta name=\"robots\" content=\"index, follow, max-snippet:-1, max-image-preview:large, max-video-preview:-1\" \/>\n<link rel=\"canonical\" href=\"https:\/\/www.pm.pb.gov.br\/portal\/2020\/12\/27\/policia-militar-apreende-02-armas-de-fogo-01-motocicleta-e-prende-05-suspeitos-na-area-do-7-bpm\/\" \/>\n<meta property=\"og:locale\" content=\"pt_BR\" \/>\n<meta property=\"og:type\" content=\"article\" \/>\n<meta property=\"og:title\" content=\"Pol\u00edcia Militar apreende 02 armas de fogo, 01 motocicleta, e prende 05 suspeitos na \u00e1rea do 7\u00b0 BPM - Pol\u00edcia Militar da Para\u00edba\" \/>\n<meta property=\"og:description\" content=\"A primeira pris\u00e3o ocorreu na noite deste s\u00e1bado (26), no bairro de V\u00e1rzea Nova, em Santa Rita. Os policiais militares\" \/>\n<meta property=\"og:url\" content=\"https:\/\/www.pm.pb.gov.br\/portal\/2020\/12\/27\/policia-militar-apreende-02-armas-de-fogo-01-motocicleta-e-prende-05-suspeitos-na-area-do-7-bpm\/\" \/>\n<meta property=\"og:site_name\" content=\"Pol\u00edcia Militar da Para\u00edba\" \/>\n<meta property=\"article:published_time\" content=\"2020-12-27T21:49:09+00:00\" \/>\n<meta property=\"article:modified_time\" content=\"2020-12-27T21:49:10+00:00\" \/>\n<meta property=\"og:image\" content=\"https:\/\/www.pm.pb.gov.br\/portal\/wp-content\/uploads\/2020\/12\/WhatsApp-Image-2020-12-27-at-08.01.24.jpeg\" \/>\n\t<meta property=\"og:image:width\" content=\"960\" \/>\n\t<meta property=\"og:image:height\" content=\"1280\" \/>\n\t<meta property=\"og:image:type\" content=\"image\/jpeg\" \/>\n<meta name=\"author\" content=\"Assessoria de Imprensa da PMPB\" \/>\n<meta name=\"twitter:card\" content=\"summary_large_image\" \/>\n<meta name=\"twitter:label1\" content=\"Escrito por\" \/>\n\t<meta name=\"twitter:data1\" content=\"Assessoria de Imprensa da PMPB\" \/>\n\t<meta name=\"twitter:label2\" content=\"Est. tempo de leitura\" \/>\n\t<meta name=\"twitter:data2\" content=\"1 minuto\" \/>\n<script type=\"application\/ld+json\" class=\"yoast-schema-graph\">{\"@context\":\"https:\/\/schema.org\",\"@graph\":[{\"@type\":\"Article\",\"@id\":\"https:\/\/www.pm.pb.gov.br\/portal\/2020\/12\/27\/policia-militar-apreende-02-armas-de-fogo-01-motocicleta-e-prende-05-suspeitos-na-area-do-7-bpm\/#article\",\"isPartOf\":{\"@id\":\"https:\/\/www.pm.pb.gov.br\/portal\/2020\/12\/27\/policia-militar-apreende-02-armas-de-fogo-01-motocicleta-e-prende-05-suspeitos-na-area-do-7-bpm\/\"},\"author\":{\"name\":\"Assessoria de Imprensa da PMPB\",\"@id\":\"https:\/\/www.pm.pb.gov.br\/portal\/#\/schema\/person\/e8454f46651c3ecf0e1ba3c1666d9947\"},\"headline\":\"Pol\u00edcia Militar apreende 02 armas de fogo, 01 motocicleta, e prende 05 suspeitos na \u00e1rea do 7\u00b0 BPM\",\"datePublished\":\"2020-12-27T21:49:09+00:00\",\"dateModified\":\"2020-12-27T21:49:10+00:00\",\"mainEntityOfPage\":{\"@id\":\"https:\/\/www.pm.pb.gov.br\/portal\/2020\/12\/27\/policia-militar-apreende-02-armas-de-fogo-01-motocicleta-e-prende-05-suspeitos-na-area-do-7-bpm\/\"},\"wordCount\":206,\"publisher\":{\"@id\":\"https:\/\/www.pm.pb.gov.br\/portal\/#organization\"},\"articleSection\":[\"A\u00e7\u00f5es Policiais\"],\"inLanguage\":\"pt-BR\"},{\"@type\":\"WebPage\",\"@id\":\"https:\/\/www.pm.pb.gov.br\/portal\/2020\/12\/27\/policia-militar-apreende-02-armas-de-fogo-01-motocicleta-e-prende-05-suspeitos-na-area-do-7-bpm\/\",\"url\":\"https:\/\/www.pm.pb.gov.br\/portal\/2020\/12\/27\/policia-militar-apreende-02-armas-de-fogo-01-motocicleta-e-prende-05-suspeitos-na-area-do-7-bpm\/\",\"name\":\"Pol\u00edcia Militar apreende 02 armas de fogo, 01 motocicleta, e prende 05 suspeitos na \u00e1rea do 7\u00b0 BPM - Pol\u00edcia Militar da Para\u00edba\",\"isPartOf\":{\"@id\":\"https:\/\/www.pm.pb.gov.br\/portal\/#website\"},\"datePublished\":\"2020-12-27T21:49:09+00:00\",\"dateModified\":\"2020-12-27T21:49:10+00:00\",\"breadcrumb\":{\"@id\":\"https:\/\/www.pm.pb.gov.br\/portal\/2020\/12\/27\/policia-militar-apreende-02-armas-de-fogo-01-motocicleta-e-prende-05-suspeitos-na-area-do-7-bpm\/#breadcrumb\"},\"inLanguage\":\"pt-BR\",\"potentialAction\":[{\"@type\":\"ReadAction\",\"target\":[\"https:\/\/www.pm.pb.gov.br\/portal\/2020\/12\/27\/policia-militar-apreende-02-armas-de-fogo-01-motocicleta-e-prende-05-suspeitos-na-area-do-7-bpm\/\"]}]},{\"@type\":\"BreadcrumbList\",\"@id\":\"https:\/\/www.pm.pb.gov.br\/portal\/2020\/12\/27\/policia-militar-apreende-02-armas-de-fogo-01-motocicleta-e-prende-05-suspeitos-na-area-do-7-bpm\/#breadcrumb\",\"itemListElement\":[{\"@type\":\"ListItem\",\"position\":1,\"name\":\"In\u00edcio\",\"item\":\"https:\/\/www.pm.pb.gov.br\/portal\/\"},{\"@type\":\"ListItem\",\"position\":2,\"name\":\"Pol\u00edcia Militar apreende 02 armas de fogo, 01 motocicleta, e prende 05 suspeitos na \u00e1rea do 7\u00b0 BPM\"}]},{\"@type\":\"WebSite\",\"@id\":\"https:\/\/www.pm.pb.gov.br\/portal\/#website\",\"url\":\"https:\/\/www.pm.pb.gov.br\/portal\/\",\"name\":\"Pol\u00edcia Militar da Para\u00edba\",\"description\":\"\",\"publisher\":{\"@id\":\"https:\/\/www.pm.pb.gov.br\/portal\/#organization\"},\"potentialAction\":[{\"@type\":\"SearchAction\",\"target\":{\"@type\":\"EntryPoint\",\"urlTemplate\":\"https:\/\/www.pm.pb.gov.br\/portal\/?s={search_term_string}\"},\"query-input\":\"required name=search_term_string\"}],\"inLanguage\":\"pt-BR\"},{\"@type\":\"Organization\",\"@id\":\"https:\/\/www.pm.pb.gov.br\/portal\/#organization\",\"name\":\"Pol\u00edcia Militar da Para\u00edba\",\"url\":\"https:\/\/www.pm.pb.gov.br\/portal\/\",\"logo\":{\"@type\":\"ImageObject\",\"inLanguage\":\"pt-BR\",\"@id\":\"https:\/\/www.pm.pb.gov.br\/portal\/#\/schema\/logo\/image\/\",\"url\":\"https:\/\/www.pm.pb.gov.br\/portal\/wp-content\/uploads\/2025\/03\/cropped-logo-site-mag2-1.png\",\"contentUrl\":\"https:\/\/www.pm.pb.gov.br\/portal\/wp-content\/uploads\/2025\/03\/cropped-logo-site-mag2-1.png\",\"width\":320,\"height\":90,\"caption\":\"Pol\u00edcia Militar da Para\u00edba\"},\"image\":{\"@id\":\"https:\/\/www.pm.pb.gov.br\/portal\/#\/schema\/logo\/image\/\"}},{\"@type\":\"Person\",\"@id\":\"https:\/\/www.pm.pb.gov.br\/portal\/#\/schema\/person\/e8454f46651c3ecf0e1ba3c1666d9947\",\"name\":\"Assessoria de Imprensa da PMPB\",\"image\":{\"@type\":\"ImageObject\",\"inLanguage\":\"pt-BR\",\"@id\":\"https:\/\/www.pm.pb.gov.br\/portal\/#\/schema\/person\/image\/\",\"url\":\"https:\/\/secure.gravatar.com\/avatar\/2efe197438265d1e90bd98c4c8e1acf8?s=96&d=mm&r=g\",\"contentUrl\":\"https:\/\/secure.gravatar.com\/avatar\/2efe197438265d1e90bd98c4c8e1acf8?s=96&d=mm&r=g\",\"caption\":\"Assessoria de Imprensa da PMPB\"},\"url\":\"https:\/\/www.pm.pb.gov.br\/portal\/author\/assessoria\/\"}]}<\/script>\n<!-- \/ Yoast SEO plugin. -->","yoast_head_json":{"title":"Pol\u00edcia Militar apreende 02 armas de fogo, 01 motocicleta, e prende 05 suspeitos na \u00e1rea do 7\u00b0 BPM - Pol\u00edcia Militar da Para\u00edba","robots":{"index":"index","follow":"follow","max-snippet":"max-snippet:-1","max-image-preview":"max-image-preview:large","max-video-preview":"max-video-preview:-1"},"canonical":"https:\/\/www.pm.pb.gov.br\/portal\/2020\/12\/27\/policia-militar-apreende-02-armas-de-fogo-01-motocicleta-e-prende-05-suspeitos-na-area-do-7-bpm\/","og_locale":"pt_BR","og_type":"article","og_title":"Pol\u00edcia Militar apreende 02 armas de fogo, 01 motocicleta, e prende 05 suspeitos na \u00e1rea do 7\u00b0 BPM - Pol\u00edcia Militar da Para\u00edba","og_description":"A primeira pris\u00e3o ocorreu na noite deste s\u00e1bado (26), no bairro de V\u00e1rzea Nova, em Santa Rita. Os policiais militares","og_url":"https:\/\/www.pm.pb.gov.br\/portal\/2020\/12\/27\/policia-militar-apreende-02-armas-de-fogo-01-motocicleta-e-prende-05-suspeitos-na-area-do-7-bpm\/","og_site_name":"Pol\u00edcia Militar da Para\u00edba","article_published_time":"2020-12-27T21:49:09+00:00","article_modified_time":"2020-12-27T21:49:10+00:00","og_image":[{"width":960,"height":1280,"url":"https:\/\/www.pm.pb.gov.br\/portal\/wp-content\/uploads\/2020\/12\/WhatsApp-Image-2020-12-27-at-08.01.24.jpeg","type":"image\/jpeg"}],"author":"Assessoria de Imprensa da PMPB","twitter_card":"summary_large_image","twitter_misc":{"Escrito por":"Assessoria de Imprensa da PMPB","Est. tempo de leitura":"1 minuto"},"schema":{"@context":"https:\/\/schema.org","@graph":[{"@type":"Article","@id":"https:\/\/www.pm.pb.gov.br\/portal\/2020\/12\/27\/policia-militar-apreende-02-armas-de-fogo-01-motocicleta-e-prende-05-suspeitos-na-area-do-7-bpm\/#article","isPartOf":{"@id":"https:\/\/www.pm.pb.gov.br\/portal\/2020\/12\/27\/policia-militar-apreende-02-armas-de-fogo-01-motocicleta-e-prende-05-suspeitos-na-area-do-7-bpm\/"},"author":{"name":"Assessoria de Imprensa da PMPB","@id":"https:\/\/www.pm.pb.gov.br\/portal\/#\/schema\/person\/e8454f46651c3ecf0e1ba3c1666d9947"},"headline":"Pol\u00edcia Militar apreende 02 armas de fogo, 01 motocicleta, e prende 05 suspeitos na \u00e1rea do 7\u00b0 BPM","datePublished":"2020-12-27T21:49:09+00:00","dateModified":"2020-12-27T21:49:10+00:00","mainEntityOfPage":{"@id":"https:\/\/www.pm.pb.gov.br\/portal\/2020\/12\/27\/policia-militar-apreende-02-armas-de-fogo-01-motocicleta-e-prende-05-suspeitos-na-area-do-7-bpm\/"},"wordCount":206,"publisher":{"@id":"https:\/\/www.pm.pb.gov.br\/portal\/#organization"},"articleSection":["A\u00e7\u00f5es Policiais"],"inLanguage":"pt-BR"},{"@type":"WebPage","@id":"https:\/\/www.pm.pb.gov.br\/portal\/2020\/12\/27\/policia-militar-apreende-02-armas-de-fogo-01-motocicleta-e-prende-05-suspeitos-na-area-do-7-bpm\/","url":"https:\/\/www.pm.pb.gov.br\/portal\/2020\/12\/27\/policia-militar-apreende-02-armas-de-fogo-01-motocicleta-e-prende-05-suspeitos-na-area-do-7-bpm\/","name":"Pol\u00edcia Militar apreende 02 armas de fogo, 01 motocicleta, e prende 05 suspeitos na \u00e1rea do 7\u00b0 BPM - Pol\u00edcia Militar da Para\u00edba","isPartOf":{"@id":"https:\/\/www.pm.pb.gov.br\/portal\/#website"},"datePublished":"2020-12-27T21:49:09+00:00","dateModified":"2020-12-27T21:49:10+00:00","breadcrumb":{"@id":"https:\/\/www.pm.pb.gov.br\/portal\/2020\/12\/27\/policia-militar-apreende-02-armas-de-fogo-01-motocicleta-e-prende-05-suspeitos-na-area-do-7-bpm\/#breadcrumb"},"inLanguage":"pt-BR","potentialAction":[{"@type":"ReadAction","target":["https:\/\/www.pm.pb.gov.br\/portal\/2020\/12\/27\/policia-militar-apreende-02-armas-de-fogo-01-motocicleta-e-prende-05-suspeitos-na-area-do-7-bpm\/"]}]},{"@type":"BreadcrumbList","@id":"https:\/\/www.pm.pb.gov.br\/portal\/2020\/12\/27\/policia-militar-apreende-02-armas-de-fogo-01-motocicleta-e-prende-05-suspeitos-na-area-do-7-bpm\/#breadcrumb","itemListElement":[{"@type":"ListItem","position":1,"name":"In\u00edcio","item":"https:\/\/www.pm.pb.gov.br\/portal\/"},{"@type":"ListItem","position":2,"name":"Pol\u00edcia Militar apreende 02 armas de fogo, 01 motocicleta, e prende 05 suspeitos na \u00e1rea do 7\u00b0 BPM"}]},{"@type":"WebSite","@id":"https:\/\/www.pm.pb.gov.br\/portal\/#website","url":"https:\/\/www.pm.pb.gov.br\/portal\/","name":"Pol\u00edcia Militar da Para\u00edba","description":"","publisher":{"@id":"https:\/\/www.pm.pb.gov.br\/portal\/#organization"},"potentialAction":[{"@type":"SearchAction","target":{"@type":"EntryPoint","urlTemplate":"https:\/\/www.pm.pb.gov.br\/portal\/?s={search_term_string}"},"query-input":"required name=search_term_string"}],"inLanguage":"pt-BR"},{"@type":"Organization","@id":"https:\/\/www.pm.pb.gov.br\/portal\/#organization","name":"Pol\u00edcia Militar da Para\u00edba","url":"https:\/\/www.pm.pb.gov.br\/portal\/","logo":{"@type":"ImageObject","inLanguage":"pt-BR","@id":"https:\/\/www.pm.pb.gov.br\/portal\/#\/schema\/logo\/image\/","url":"https:\/\/www.pm.pb.gov.br\/portal\/wp-content\/uploads\/2025\/03\/cropped-logo-site-mag2-1.png","contentUrl":"https:\/\/www.pm.pb.gov.br\/portal\/wp-content\/uploads\/2025\/03\/cropped-logo-site-mag2-1.png","width":320,"height":90,"caption":"Pol\u00edcia Militar da Para\u00edba"},"image":{"@id":"https:\/\/www.pm.pb.gov.br\/portal\/#\/schema\/logo\/image\/"}},{"@type":"Person","@id":"https:\/\/www.pm.pb.gov.br\/portal\/#\/schema\/person\/e8454f46651c3ecf0e1ba3c1666d9947","name":"Assessoria de Imprensa da PMPB","image":{"@type":"ImageObject","inLanguage":"pt-BR","@id":"https:\/\/www.pm.pb.gov.br\/portal\/#\/schema\/person\/image\/","url":"https:\/\/secure.gravatar.com\/avatar\/2efe197438265d1e90bd98c4c8e1acf8?s=96&d=mm&r=g","contentUrl":"https:\/\/secure.gravatar.com\/avatar\/2efe197438265d1e90bd98c4c8e1acf8?s=96&d=mm&r=g","caption":"Assessoria de Imprensa da PMPB"},"url":"https:\/\/www.pm.pb.gov.br\/portal\/author\/assessoria\/"}]}},"_links":{"self":[{"href":"https:\/\/www.pm.pb.gov.br\/portal\/wp-json\/wp\/v2\/posts\/908768"}],"collection":[{"href":"https:\/\/www.pm.pb.gov.br\/portal\/wp-json\/wp\/v2\/posts"}],"about":[{"href":"https:\/\/www.pm.pb.gov.br\/portal\/wp-json\/wp\/v2\/types\/post"}],"author":[{"embeddable":true,"href":"https:\/\/www.pm.pb.gov.br\/portal\/wp-json\/wp\/v2\/users\/5"}],"replies":[{"embeddable":true,"href":"https:\/\/www.pm.pb.gov.br\/portal\/wp-json\/wp\/v2\/comments?post=908768"}],"version-history":[{"count":1,"href":"https:\/\/www.pm.pb.gov.br\/portal\/wp-json\/wp\/v2\/posts\/908768\/revisions"}],"predecessor-version":[{"id":908771,"href":"https:\/\/www.pm.pb.gov.br\/portal\/wp-json\/wp\/v2\/posts\/908768\/revisions\/908771"}],"wp:featuredmedia":[{"embeddable":true,"href":"https:\/\/www.pm.pb.gov.br\/portal\/wp-json\/wp\/v2\/media\/908769"}],"wp:attachment":[{"href":"https:\/\/www.pm.pb.gov.br\/portal\/wp-json\/wp\/v2\/media?parent=908768"}],"wp:term":[{"taxonomy":"category","embeddable":true,"href":"https:\/\/www.pm.pb.gov.br\/portal\/wp-json\/wp\/v2\/categories?post=908768"},{"taxonomy":"post_tag","embeddable":true,"href":"https:\/\/www.pm.pb.gov.br\/portal\/wp-json\/wp\/v2\/tags?post=908768"}],"curies":[{"name":"wp","href":"https:\/\/api.w.org\/{rel}","templated":true}]}}