{"id":908745,"date":"2020-12-26T18:12:58","date_gmt":"2020-12-26T21:12:58","guid":{"rendered":"http:\/\/www.pm.pb.gov.br\/portal\/?p=908745"},"modified":"2020-12-26T18:12:59","modified_gmt":"2020-12-26T21:12:59","slug":"operacao-previna-se-policia-militar-apreende-07-armas-de-fogo-durante-fiscalizacoes","status":"publish","type":"post","link":"https:\/\/www.pm.pb.gov.br\/portal\/2020\/12\/26\/operacao-previna-se-policia-militar-apreende-07-armas-de-fogo-durante-fiscalizacoes\/","title":{"rendered":"Opera\u00e7\u00e3o Previna-se: Pol\u00edcia Militar apreende 07 armas de fogo durante fiscaliza\u00e7\u00f5es"},"content":{"rendered":"\n<p>A Opera\u00e7\u00e3o Previna-se apreendeu sete armas de fogo nas cidades de Santa Rita, Mogeiro, Campina Grande, Cuit\u00e9, Catol\u00e9 do Rocha e Cajazeiras. As atividades de refor\u00e7o do policiamento ocorreram desde a tarde do dia 24 at\u00e9 a madrugada de hoje, dia 26, que t\u00eam o objetivo de combater v\u00e1rios tipos de crimes, al\u00e9m de fiscalizar as orienta\u00e7\u00f5es publicadas no Decreto Governamental n\u00ba 40.930, de 21 de dezembro de 2020, publicado em D.O.E. n\u00ba 17.266 de 22 de dezembro de 2020.<\/p>\n<p>A primeira arma de fogo foi apreendida na madrugada do dia 24, durante uma incurs\u00e3o no bairro do Onze, em Santa Rita. Um rev\u00f3lver calibre 38 foi apreendido com um homem de 19 anos. A arma e o suspeito foram conduzidos a 6\u00aa Delegacia Distrital.<\/p>\n<p>Na tarde desta sexta-feira, dia 25, mais duas armas de fogo foram apreendidas, uma na zona rural da cidade de Mogeiro, \u00e1rea do 8\u00ba BPM, e outra em Cuit\u00e9, \u00e1rea do 9\u00ba BPM. Nas duas ocorr\u00eancias os suspeitos de 40 e 60 anos, respectivamente, foram conduzidos a Delegacia.\u00a0<\/p>\n<p>Em Cajazeiras, na noite do dia 25, foram apreendidos 02 rev\u00f3lveres e 03 homens foram conduzidos a Delegacia da cidade, ap\u00f3s os militares receberem uma den\u00fancia, e realizarem uma abordagem a uma resid\u00eancia em que estaria sendo comercializada a venda de drogas. Um dos suspeitos j\u00e1 usava uma tornozeleira eletr\u00f4nica e respondia pelo crime de Tr\u00e1fico de Drogas.<\/p>\n<p><img loading=\"lazy\" decoding=\"async\" class=\"alignnone size-medium wp-image-908747\" src=\"http:\/\/www.pm.pb.gov.br\/portal\/wp-content\/uploads\/2020\/12\/WhatsApp-Image-2020-12-26-at-15.53.07-1-773x445.jpeg\" alt=\"(armas apreendidas em Cajazeiras)\" width=\"773\" height=\"445\" srcset=\"https:\/\/www.pm.pb.gov.br\/portal\/wp-content\/uploads\/2020\/12\/WhatsApp-Image-2020-12-26-at-15.53.07-1-773x445.jpeg 773w, https:\/\/www.pm.pb.gov.br\/portal\/wp-content\/uploads\/2020\/12\/WhatsApp-Image-2020-12-26-at-15.53.07-1-990x570.jpeg 990w, https:\/\/www.pm.pb.gov.br\/portal\/wp-content\/uploads\/2020\/12\/WhatsApp-Image-2020-12-26-at-15.53.07-1-768x442.jpeg 768w, https:\/\/www.pm.pb.gov.br\/portal\/wp-content\/uploads\/2020\/12\/WhatsApp-Image-2020-12-26-at-15.53.07-1.jpeg 1280w\" sizes=\"(max-width: 773px) 100vw, 773px\" \/><\/p>\n<p>Em Campina Grande um homem foi detido com uma pistola ap\u00f3s militares realizarem rondas nas proximidades do S\u00edtio Monte Alegre, tendo em vista a den\u00fancia de moradores que estava ocorrendo disparos de arma de fogo no local. A arma se encontrava dentro de um ve\u00edculo, por\u00e9m o suspeito n\u00e3o tinha registro e nem autoriza\u00e7\u00e3o para o uso da mesma, sendo conduzido at\u00e9 a Delegacia da cidade.<\/p>\n<p>Um rev\u00f3lver de calibre 38 foi apreendido na noite desta sexta-feira, dia 25, no munic\u00edpio de Brejo do Cruz, quando os policiais realizaram a abordagem a tr\u00eas suspeitos em via p\u00fablica, os mesmos foram conduzidos a delegacia de Catol\u00e9 do Rocha.<\/p>\n<p>\u00a0<\/p>\n","protected":false},"excerpt":{"rendered":"<p>A Opera\u00e7\u00e3o Previna-se apreendeu sete armas de fogo nas cidades de Santa Rita, Mogeiro, Campina Grande, Cuit\u00e9, Catol\u00e9 do Rocha<\/p>\n","protected":false},"author":5,"featured_media":908746,"comment_status":"closed","ping_status":"closed","sticky":false,"template":"","format":"standard","meta":{"_exactmetrics_skip_tracking":false,"_exactmetrics_sitenote_active":false,"_exactmetrics_sitenote_note":"","_exactmetrics_sitenote_category":0,"footnotes":""},"categories":[4],"tags":[],"yoast_head":"<!-- This site is optimized with the Yoast SEO plugin v22.0 - https:\/\/yoast.com\/wordpress\/plugins\/seo\/ -->\n<title>Opera\u00e7\u00e3o Previna-se: Pol\u00edcia Militar apreende 07 armas de fogo durante fiscaliza\u00e7\u00f5es - Pol\u00edcia Militar da Para\u00edba<\/title>\n<meta name=\"robots\" content=\"index, follow, max-snippet:-1, max-image-preview:large, max-video-preview:-1\" \/>\n<link rel=\"canonical\" href=\"https:\/\/www.pm.pb.gov.br\/portal\/2020\/12\/26\/operacao-previna-se-policia-militar-apreende-07-armas-de-fogo-durante-fiscalizacoes\/\" \/>\n<meta property=\"og:locale\" content=\"pt_BR\" \/>\n<meta property=\"og:type\" content=\"article\" \/>\n<meta property=\"og:title\" content=\"Opera\u00e7\u00e3o Previna-se: Pol\u00edcia Militar apreende 07 armas de fogo durante fiscaliza\u00e7\u00f5es - Pol\u00edcia Militar da Para\u00edba\" \/>\n<meta property=\"og:description\" content=\"A Opera\u00e7\u00e3o Previna-se apreendeu sete armas de fogo nas cidades de Santa Rita, Mogeiro, Campina Grande, Cuit\u00e9, Catol\u00e9 do Rocha\" \/>\n<meta property=\"og:url\" content=\"https:\/\/www.pm.pb.gov.br\/portal\/2020\/12\/26\/operacao-previna-se-policia-militar-apreende-07-armas-de-fogo-durante-fiscalizacoes\/\" \/>\n<meta property=\"og:site_name\" content=\"Pol\u00edcia Militar da Para\u00edba\" \/>\n<meta property=\"article:published_time\" content=\"2020-12-26T21:12:58+00:00\" \/>\n<meta property=\"article:modified_time\" content=\"2020-12-26T21:12:59+00:00\" \/>\n<meta property=\"og:image\" content=\"https:\/\/www.pm.pb.gov.br\/portal\/wp-content\/uploads\/2020\/12\/WhatsApp-Image-2020-12-26-at-15.53.07.jpeg\" \/>\n\t<meta property=\"og:image:width\" content=\"605\" \/>\n\t<meta property=\"og:image:height\" content=\"1280\" \/>\n\t<meta property=\"og:image:type\" content=\"image\/jpeg\" \/>\n<meta name=\"author\" content=\"Assessoria de Imprensa da PMPB\" \/>\n<meta name=\"twitter:card\" content=\"summary_large_image\" \/>\n<meta name=\"twitter:label1\" content=\"Escrito por\" \/>\n\t<meta name=\"twitter:data1\" content=\"Assessoria de Imprensa da PMPB\" \/>\n\t<meta name=\"twitter:label2\" content=\"Est. tempo de leitura\" \/>\n\t<meta name=\"twitter:data2\" content=\"2 minutos\" \/>\n<script type=\"application\/ld+json\" class=\"yoast-schema-graph\">{\"@context\":\"https:\/\/schema.org\",\"@graph\":[{\"@type\":\"Article\",\"@id\":\"https:\/\/www.pm.pb.gov.br\/portal\/2020\/12\/26\/operacao-previna-se-policia-militar-apreende-07-armas-de-fogo-durante-fiscalizacoes\/#article\",\"isPartOf\":{\"@id\":\"https:\/\/www.pm.pb.gov.br\/portal\/2020\/12\/26\/operacao-previna-se-policia-militar-apreende-07-armas-de-fogo-durante-fiscalizacoes\/\"},\"author\":{\"name\":\"Assessoria de Imprensa da PMPB\",\"@id\":\"https:\/\/www.pm.pb.gov.br\/portal\/#\/schema\/person\/e8454f46651c3ecf0e1ba3c1666d9947\"},\"headline\":\"Opera\u00e7\u00e3o Previna-se: Pol\u00edcia Militar apreende 07 armas de fogo durante fiscaliza\u00e7\u00f5es\",\"datePublished\":\"2020-12-26T21:12:58+00:00\",\"dateModified\":\"2020-12-26T21:12:59+00:00\",\"mainEntityOfPage\":{\"@id\":\"https:\/\/www.pm.pb.gov.br\/portal\/2020\/12\/26\/operacao-previna-se-policia-militar-apreende-07-armas-de-fogo-durante-fiscalizacoes\/\"},\"wordCount\":357,\"publisher\":{\"@id\":\"https:\/\/www.pm.pb.gov.br\/portal\/#organization\"},\"articleSection\":[\"A\u00e7\u00f5es Policiais\"],\"inLanguage\":\"pt-BR\"},{\"@type\":\"WebPage\",\"@id\":\"https:\/\/www.pm.pb.gov.br\/portal\/2020\/12\/26\/operacao-previna-se-policia-militar-apreende-07-armas-de-fogo-durante-fiscalizacoes\/\",\"url\":\"https:\/\/www.pm.pb.gov.br\/portal\/2020\/12\/26\/operacao-previna-se-policia-militar-apreende-07-armas-de-fogo-durante-fiscalizacoes\/\",\"name\":\"Opera\u00e7\u00e3o Previna-se: Pol\u00edcia Militar apreende 07 armas de fogo durante fiscaliza\u00e7\u00f5es - Pol\u00edcia Militar da Para\u00edba\",\"isPartOf\":{\"@id\":\"https:\/\/www.pm.pb.gov.br\/portal\/#website\"},\"datePublished\":\"2020-12-26T21:12:58+00:00\",\"dateModified\":\"2020-12-26T21:12:59+00:00\",\"breadcrumb\":{\"@id\":\"https:\/\/www.pm.pb.gov.br\/portal\/2020\/12\/26\/operacao-previna-se-policia-militar-apreende-07-armas-de-fogo-durante-fiscalizacoes\/#breadcrumb\"},\"inLanguage\":\"pt-BR\",\"potentialAction\":[{\"@type\":\"ReadAction\",\"target\":[\"https:\/\/www.pm.pb.gov.br\/portal\/2020\/12\/26\/operacao-previna-se-policia-militar-apreende-07-armas-de-fogo-durante-fiscalizacoes\/\"]}]},{\"@type\":\"BreadcrumbList\",\"@id\":\"https:\/\/www.pm.pb.gov.br\/portal\/2020\/12\/26\/operacao-previna-se-policia-militar-apreende-07-armas-de-fogo-durante-fiscalizacoes\/#breadcrumb\",\"itemListElement\":[{\"@type\":\"ListItem\",\"position\":1,\"name\":\"In\u00edcio\",\"item\":\"https:\/\/www.pm.pb.gov.br\/portal\/\"},{\"@type\":\"ListItem\",\"position\":2,\"name\":\"Opera\u00e7\u00e3o Previna-se: Pol\u00edcia Militar apreende 07 armas de fogo durante fiscaliza\u00e7\u00f5es\"}]},{\"@type\":\"WebSite\",\"@id\":\"https:\/\/www.pm.pb.gov.br\/portal\/#website\",\"url\":\"https:\/\/www.pm.pb.gov.br\/portal\/\",\"name\":\"Pol\u00edcia Militar da Para\u00edba\",\"description\":\"\",\"publisher\":{\"@id\":\"https:\/\/www.pm.pb.gov.br\/portal\/#organization\"},\"potentialAction\":[{\"@type\":\"SearchAction\",\"target\":{\"@type\":\"EntryPoint\",\"urlTemplate\":\"https:\/\/www.pm.pb.gov.br\/portal\/?s={search_term_string}\"},\"query-input\":\"required name=search_term_string\"}],\"inLanguage\":\"pt-BR\"},{\"@type\":\"Organization\",\"@id\":\"https:\/\/www.pm.pb.gov.br\/portal\/#organization\",\"name\":\"Pol\u00edcia Militar da Para\u00edba\",\"url\":\"https:\/\/www.pm.pb.gov.br\/portal\/\",\"logo\":{\"@type\":\"ImageObject\",\"inLanguage\":\"pt-BR\",\"@id\":\"https:\/\/www.pm.pb.gov.br\/portal\/#\/schema\/logo\/image\/\",\"url\":\"https:\/\/www.pm.pb.gov.br\/portal\/wp-content\/uploads\/2025\/03\/cropped-logo-site-mag2-1.png\",\"contentUrl\":\"https:\/\/www.pm.pb.gov.br\/portal\/wp-content\/uploads\/2025\/03\/cropped-logo-site-mag2-1.png\",\"width\":320,\"height\":90,\"caption\":\"Pol\u00edcia Militar da Para\u00edba\"},\"image\":{\"@id\":\"https:\/\/www.pm.pb.gov.br\/portal\/#\/schema\/logo\/image\/\"}},{\"@type\":\"Person\",\"@id\":\"https:\/\/www.pm.pb.gov.br\/portal\/#\/schema\/person\/e8454f46651c3ecf0e1ba3c1666d9947\",\"name\":\"Assessoria de Imprensa da PMPB\",\"image\":{\"@type\":\"ImageObject\",\"inLanguage\":\"pt-BR\",\"@id\":\"https:\/\/www.pm.pb.gov.br\/portal\/#\/schema\/person\/image\/\",\"url\":\"https:\/\/secure.gravatar.com\/avatar\/2efe197438265d1e90bd98c4c8e1acf8?s=96&d=mm&r=g\",\"contentUrl\":\"https:\/\/secure.gravatar.com\/avatar\/2efe197438265d1e90bd98c4c8e1acf8?s=96&d=mm&r=g\",\"caption\":\"Assessoria de Imprensa da PMPB\"},\"url\":\"https:\/\/www.pm.pb.gov.br\/portal\/author\/assessoria\/\"}]}<\/script>\n<!-- \/ Yoast SEO plugin. -->","yoast_head_json":{"title":"Opera\u00e7\u00e3o Previna-se: Pol\u00edcia Militar apreende 07 armas de fogo durante fiscaliza\u00e7\u00f5es - Pol\u00edcia Militar da Para\u00edba","robots":{"index":"index","follow":"follow","max-snippet":"max-snippet:-1","max-image-preview":"max-image-preview:large","max-video-preview":"max-video-preview:-1"},"canonical":"https:\/\/www.pm.pb.gov.br\/portal\/2020\/12\/26\/operacao-previna-se-policia-militar-apreende-07-armas-de-fogo-durante-fiscalizacoes\/","og_locale":"pt_BR","og_type":"article","og_title":"Opera\u00e7\u00e3o Previna-se: Pol\u00edcia Militar apreende 07 armas de fogo durante fiscaliza\u00e7\u00f5es - Pol\u00edcia Militar da Para\u00edba","og_description":"A Opera\u00e7\u00e3o Previna-se apreendeu sete armas de fogo nas cidades de Santa Rita, Mogeiro, Campina Grande, Cuit\u00e9, Catol\u00e9 do Rocha","og_url":"https:\/\/www.pm.pb.gov.br\/portal\/2020\/12\/26\/operacao-previna-se-policia-militar-apreende-07-armas-de-fogo-durante-fiscalizacoes\/","og_site_name":"Pol\u00edcia Militar da Para\u00edba","article_published_time":"2020-12-26T21:12:58+00:00","article_modified_time":"2020-12-26T21:12:59+00:00","og_image":[{"width":605,"height":1280,"url":"https:\/\/www.pm.pb.gov.br\/portal\/wp-content\/uploads\/2020\/12\/WhatsApp-Image-2020-12-26-at-15.53.07.jpeg","type":"image\/jpeg"}],"author":"Assessoria de Imprensa da PMPB","twitter_card":"summary_large_image","twitter_misc":{"Escrito por":"Assessoria de Imprensa da PMPB","Est. tempo de leitura":"2 minutos"},"schema":{"@context":"https:\/\/schema.org","@graph":[{"@type":"Article","@id":"https:\/\/www.pm.pb.gov.br\/portal\/2020\/12\/26\/operacao-previna-se-policia-militar-apreende-07-armas-de-fogo-durante-fiscalizacoes\/#article","isPartOf":{"@id":"https:\/\/www.pm.pb.gov.br\/portal\/2020\/12\/26\/operacao-previna-se-policia-militar-apreende-07-armas-de-fogo-durante-fiscalizacoes\/"},"author":{"name":"Assessoria de Imprensa da PMPB","@id":"https:\/\/www.pm.pb.gov.br\/portal\/#\/schema\/person\/e8454f46651c3ecf0e1ba3c1666d9947"},"headline":"Opera\u00e7\u00e3o Previna-se: Pol\u00edcia Militar apreende 07 armas de fogo durante fiscaliza\u00e7\u00f5es","datePublished":"2020-12-26T21:12:58+00:00","dateModified":"2020-12-26T21:12:59+00:00","mainEntityOfPage":{"@id":"https:\/\/www.pm.pb.gov.br\/portal\/2020\/12\/26\/operacao-previna-se-policia-militar-apreende-07-armas-de-fogo-durante-fiscalizacoes\/"},"wordCount":357,"publisher":{"@id":"https:\/\/www.pm.pb.gov.br\/portal\/#organization"},"articleSection":["A\u00e7\u00f5es Policiais"],"inLanguage":"pt-BR"},{"@type":"WebPage","@id":"https:\/\/www.pm.pb.gov.br\/portal\/2020\/12\/26\/operacao-previna-se-policia-militar-apreende-07-armas-de-fogo-durante-fiscalizacoes\/","url":"https:\/\/www.pm.pb.gov.br\/portal\/2020\/12\/26\/operacao-previna-se-policia-militar-apreende-07-armas-de-fogo-durante-fiscalizacoes\/","name":"Opera\u00e7\u00e3o Previna-se: Pol\u00edcia Militar apreende 07 armas de fogo durante fiscaliza\u00e7\u00f5es - Pol\u00edcia Militar da Para\u00edba","isPartOf":{"@id":"https:\/\/www.pm.pb.gov.br\/portal\/#website"},"datePublished":"2020-12-26T21:12:58+00:00","dateModified":"2020-12-26T21:12:59+00:00","breadcrumb":{"@id":"https:\/\/www.pm.pb.gov.br\/portal\/2020\/12\/26\/operacao-previna-se-policia-militar-apreende-07-armas-de-fogo-durante-fiscalizacoes\/#breadcrumb"},"inLanguage":"pt-BR","potentialAction":[{"@type":"ReadAction","target":["https:\/\/www.pm.pb.gov.br\/portal\/2020\/12\/26\/operacao-previna-se-policia-militar-apreende-07-armas-de-fogo-durante-fiscalizacoes\/"]}]},{"@type":"BreadcrumbList","@id":"https:\/\/www.pm.pb.gov.br\/portal\/2020\/12\/26\/operacao-previna-se-policia-militar-apreende-07-armas-de-fogo-durante-fiscalizacoes\/#breadcrumb","itemListElement":[{"@type":"ListItem","position":1,"name":"In\u00edcio","item":"https:\/\/www.pm.pb.gov.br\/portal\/"},{"@type":"ListItem","position":2,"name":"Opera\u00e7\u00e3o Previna-se: Pol\u00edcia Militar apreende 07 armas de fogo durante fiscaliza\u00e7\u00f5es"}]},{"@type":"WebSite","@id":"https:\/\/www.pm.pb.gov.br\/portal\/#website","url":"https:\/\/www.pm.pb.gov.br\/portal\/","name":"Pol\u00edcia Militar da Para\u00edba","description":"","publisher":{"@id":"https:\/\/www.pm.pb.gov.br\/portal\/#organization"},"potentialAction":[{"@type":"SearchAction","target":{"@type":"EntryPoint","urlTemplate":"https:\/\/www.pm.pb.gov.br\/portal\/?s={search_term_string}"},"query-input":"required name=search_term_string"}],"inLanguage":"pt-BR"},{"@type":"Organization","@id":"https:\/\/www.pm.pb.gov.br\/portal\/#organization","name":"Pol\u00edcia Militar da Para\u00edba","url":"https:\/\/www.pm.pb.gov.br\/portal\/","logo":{"@type":"ImageObject","inLanguage":"pt-BR","@id":"https:\/\/www.pm.pb.gov.br\/portal\/#\/schema\/logo\/image\/","url":"https:\/\/www.pm.pb.gov.br\/portal\/wp-content\/uploads\/2025\/03\/cropped-logo-site-mag2-1.png","contentUrl":"https:\/\/www.pm.pb.gov.br\/portal\/wp-content\/uploads\/2025\/03\/cropped-logo-site-mag2-1.png","width":320,"height":90,"caption":"Pol\u00edcia Militar da Para\u00edba"},"image":{"@id":"https:\/\/www.pm.pb.gov.br\/portal\/#\/schema\/logo\/image\/"}},{"@type":"Person","@id":"https:\/\/www.pm.pb.gov.br\/portal\/#\/schema\/person\/e8454f46651c3ecf0e1ba3c1666d9947","name":"Assessoria de Imprensa da PMPB","image":{"@type":"ImageObject","inLanguage":"pt-BR","@id":"https:\/\/www.pm.pb.gov.br\/portal\/#\/schema\/person\/image\/","url":"https:\/\/secure.gravatar.com\/avatar\/2efe197438265d1e90bd98c4c8e1acf8?s=96&d=mm&r=g","contentUrl":"https:\/\/secure.gravatar.com\/avatar\/2efe197438265d1e90bd98c4c8e1acf8?s=96&d=mm&r=g","caption":"Assessoria de Imprensa da PMPB"},"url":"https:\/\/www.pm.pb.gov.br\/portal\/author\/assessoria\/"}]}},"_links":{"self":[{"href":"https:\/\/www.pm.pb.gov.br\/portal\/wp-json\/wp\/v2\/posts\/908745"}],"collection":[{"href":"https:\/\/www.pm.pb.gov.br\/portal\/wp-json\/wp\/v2\/posts"}],"about":[{"href":"https:\/\/www.pm.pb.gov.br\/portal\/wp-json\/wp\/v2\/types\/post"}],"author":[{"embeddable":true,"href":"https:\/\/www.pm.pb.gov.br\/portal\/wp-json\/wp\/v2\/users\/5"}],"replies":[{"embeddable":true,"href":"https:\/\/www.pm.pb.gov.br\/portal\/wp-json\/wp\/v2\/comments?post=908745"}],"version-history":[{"count":2,"href":"https:\/\/www.pm.pb.gov.br\/portal\/wp-json\/wp\/v2\/posts\/908745\/revisions"}],"predecessor-version":[{"id":908750,"href":"https:\/\/www.pm.pb.gov.br\/portal\/wp-json\/wp\/v2\/posts\/908745\/revisions\/908750"}],"wp:featuredmedia":[{"embeddable":true,"href":"https:\/\/www.pm.pb.gov.br\/portal\/wp-json\/wp\/v2\/media\/908746"}],"wp:attachment":[{"href":"https:\/\/www.pm.pb.gov.br\/portal\/wp-json\/wp\/v2\/media?parent=908745"}],"wp:term":[{"taxonomy":"category","embeddable":true,"href":"https:\/\/www.pm.pb.gov.br\/portal\/wp-json\/wp\/v2\/categories?post=908745"},{"taxonomy":"post_tag","embeddable":true,"href":"https:\/\/www.pm.pb.gov.br\/portal\/wp-json\/wp\/v2\/tags?post=908745"}],"curies":[{"name":"wp","href":"https:\/\/api.w.org\/{rel}","templated":true}]}}