{"id":908727,"date":"2020-12-25T02:51:06","date_gmt":"2020-12-25T05:51:06","guid":{"rendered":"http:\/\/www.pm.pb.gov.br\/portal\/?p=908727"},"modified":"2020-12-25T02:51:08","modified_gmt":"2020-12-25T05:51:08","slug":"proxima-fase-do-concurso-do-cfo-pm-acontece-nos-dias-29-e-30-de-dezembro","status":"publish","type":"post","link":"https:\/\/www.pm.pb.gov.br\/portal\/2020\/12\/25\/proxima-fase-do-concurso-do-cfo-pm-acontece-nos-dias-29-e-30-de-dezembro\/","title":{"rendered":"Pr\u00f3xima fase do concurso do CFO-PM acontece nos dias 29 e 30 de dezembro"},"content":{"rendered":"\n<p>Mais uma etapa do concurso do Curso de Forma\u00e7\u00e3o de Oficiais da Pol\u00edcia Militar da Para\u00edba (CFO PM-2020) acontece na pr\u00f3xima semana, para os candidatos aptos nos exames de sa\u00fade (foto acima ilustrativa; registro anterior a pandemia). O Ato n\u00ba 014 foi publicado no site da Pol\u00edcia Militar na tarde da \u00faltima quarta-feira (23).<\/p>\n<p>Na publica\u00e7\u00e3o, a corpora\u00e7\u00e3o convoca os 62 candidatos para os exames de aptid\u00e3o f\u00edsica nos pr\u00f3ximos dias 29 e 30 de dezembro, na Vila Ol\u00edmpica Parahyba, que fica localizada na Avenida Esp\u00edrito Santo, bairro dos Estados, em Jo\u00e3o Pessoa. Ser\u00e1 permitido o acesso do candidato ao local do exame at\u00e9 \u00e0s 07h30, conforme ponto 4. do Ato.<\/p>\n<p>Seguindo o edital, no dia do exame o candidato deve apresentar a documenta\u00e7\u00e3o exigida (documento de identidade com foto), conforme subitem 16.8. A corpora\u00e7\u00e3o informa ainda que o uso de m\u00e1scara facial \u00e9 obrigat\u00f3rio, em raz\u00e3o do Decreto Estadual N.\u00ba 40.122\/2020 que estabelece medidas de prote\u00e7\u00e3o e preven\u00e7\u00e3o contra a dissemina\u00e7\u00e3o do COVID-19. Portanto, o acesso ao local s\u00f3 ser\u00e1 permitido utilizando-se o referido Equipamento de Prote\u00e7\u00e3o Individual (EPI),<\/p>\n<p>Todas as informa\u00e7\u00f5es sobre a convoca\u00e7\u00e3o e o edital do concurso podem ser conferidas no site oficial da Pol\u00edcia Militar da Para\u00edba. O Ato n\u00ba 014 completo est\u00e1 dispon\u00edvel no link: <a href=\"http:\/\/www.pm.pb.gov.br\/portal\/informacoes\/concursos\/concursos-publicos\/\">http:\/\/www.pm.pb.gov.br\/portal\/informacoes\/concursos\/concursos-publicos\/<\/a><\/p>\n","protected":false},"excerpt":{"rendered":"<p>Mais uma etapa do concurso do Curso de Forma\u00e7\u00e3o de Oficiais da Pol\u00edcia Militar da Para\u00edba (CFO PM-2020) acontece na<\/p>\n","protected":false},"author":12,"featured_media":898301,"comment_status":"closed","ping_status":"closed","sticky":false,"template":"","format":"standard","meta":{"_exactmetrics_skip_tracking":false,"_exactmetrics_sitenote_active":false,"_exactmetrics_sitenote_note":"","_exactmetrics_sitenote_category":0,"footnotes":""},"categories":[6],"tags":[],"yoast_head":"<!-- This site is optimized with the Yoast SEO plugin v22.0 - https:\/\/yoast.com\/wordpress\/plugins\/seo\/ -->\n<title>Pr\u00f3xima fase do concurso do CFO-PM acontece nos dias 29 e 30 de dezembro - Pol\u00edcia Militar da Para\u00edba<\/title>\n<meta name=\"robots\" content=\"index, follow, max-snippet:-1, max-image-preview:large, max-video-preview:-1\" \/>\n<link rel=\"canonical\" href=\"https:\/\/www.pm.pb.gov.br\/portal\/2020\/12\/25\/proxima-fase-do-concurso-do-cfo-pm-acontece-nos-dias-29-e-30-de-dezembro\/\" \/>\n<meta property=\"og:locale\" content=\"pt_BR\" \/>\n<meta property=\"og:type\" content=\"article\" \/>\n<meta property=\"og:title\" content=\"Pr\u00f3xima fase do concurso do CFO-PM acontece nos dias 29 e 30 de dezembro - Pol\u00edcia Militar da Para\u00edba\" \/>\n<meta property=\"og:description\" content=\"Mais uma etapa do concurso do Curso de Forma\u00e7\u00e3o de Oficiais da Pol\u00edcia Militar da Para\u00edba (CFO PM-2020) acontece na\" \/>\n<meta property=\"og:url\" content=\"https:\/\/www.pm.pb.gov.br\/portal\/2020\/12\/25\/proxima-fase-do-concurso-do-cfo-pm-acontece-nos-dias-29-e-30-de-dezembro\/\" \/>\n<meta property=\"og:site_name\" content=\"Pol\u00edcia Militar da Para\u00edba\" \/>\n<meta property=\"article:published_time\" content=\"2020-12-25T05:51:06+00:00\" \/>\n<meta property=\"article:modified_time\" content=\"2020-12-25T05:51:08+00:00\" \/>\n<meta property=\"og:image\" content=\"https:\/\/www.pm.pb.gov.br\/portal\/wp-content\/uploads\/2018\/06\/taf.jpg\" \/>\n\t<meta property=\"og:image:width\" content=\"800\" \/>\n\t<meta property=\"og:image:height\" content=\"445\" \/>\n\t<meta property=\"og:image:type\" content=\"image\/jpeg\" \/>\n<meta name=\"author\" content=\"Tarcisio Oliveira\" \/>\n<meta name=\"twitter:card\" content=\"summary_large_image\" \/>\n<meta name=\"twitter:label1\" content=\"Escrito por\" \/>\n\t<meta name=\"twitter:data1\" content=\"Tarcisio Oliveira\" \/>\n\t<meta name=\"twitter:label2\" content=\"Est. tempo de leitura\" \/>\n\t<meta name=\"twitter:data2\" content=\"1 minuto\" \/>\n<script type=\"application\/ld+json\" class=\"yoast-schema-graph\">{\"@context\":\"https:\/\/schema.org\",\"@graph\":[{\"@type\":\"Article\",\"@id\":\"https:\/\/www.pm.pb.gov.br\/portal\/2020\/12\/25\/proxima-fase-do-concurso-do-cfo-pm-acontece-nos-dias-29-e-30-de-dezembro\/#article\",\"isPartOf\":{\"@id\":\"https:\/\/www.pm.pb.gov.br\/portal\/2020\/12\/25\/proxima-fase-do-concurso-do-cfo-pm-acontece-nos-dias-29-e-30-de-dezembro\/\"},\"author\":{\"name\":\"Tarcisio Oliveira\",\"@id\":\"https:\/\/www.pm.pb.gov.br\/portal\/#\/schema\/person\/f84f56dcc78ce4357054da888b8247fd\"},\"headline\":\"Pr\u00f3xima fase do concurso do CFO-PM acontece nos dias 29 e 30 de dezembro\",\"datePublished\":\"2020-12-25T05:51:06+00:00\",\"dateModified\":\"2020-12-25T05:51:08+00:00\",\"mainEntityOfPage\":{\"@id\":\"https:\/\/www.pm.pb.gov.br\/portal\/2020\/12\/25\/proxima-fase-do-concurso-do-cfo-pm-acontece-nos-dias-29-e-30-de-dezembro\/\"},\"wordCount\":252,\"publisher\":{\"@id\":\"https:\/\/www.pm.pb.gov.br\/portal\/#organization\"},\"articleSection\":[\"Cursos\"],\"inLanguage\":\"pt-BR\"},{\"@type\":\"WebPage\",\"@id\":\"https:\/\/www.pm.pb.gov.br\/portal\/2020\/12\/25\/proxima-fase-do-concurso-do-cfo-pm-acontece-nos-dias-29-e-30-de-dezembro\/\",\"url\":\"https:\/\/www.pm.pb.gov.br\/portal\/2020\/12\/25\/proxima-fase-do-concurso-do-cfo-pm-acontece-nos-dias-29-e-30-de-dezembro\/\",\"name\":\"Pr\u00f3xima fase do concurso do CFO-PM acontece nos dias 29 e 30 de dezembro - Pol\u00edcia Militar da Para\u00edba\",\"isPartOf\":{\"@id\":\"https:\/\/www.pm.pb.gov.br\/portal\/#website\"},\"datePublished\":\"2020-12-25T05:51:06+00:00\",\"dateModified\":\"2020-12-25T05:51:08+00:00\",\"breadcrumb\":{\"@id\":\"https:\/\/www.pm.pb.gov.br\/portal\/2020\/12\/25\/proxima-fase-do-concurso-do-cfo-pm-acontece-nos-dias-29-e-30-de-dezembro\/#breadcrumb\"},\"inLanguage\":\"pt-BR\",\"potentialAction\":[{\"@type\":\"ReadAction\",\"target\":[\"https:\/\/www.pm.pb.gov.br\/portal\/2020\/12\/25\/proxima-fase-do-concurso-do-cfo-pm-acontece-nos-dias-29-e-30-de-dezembro\/\"]}]},{\"@type\":\"BreadcrumbList\",\"@id\":\"https:\/\/www.pm.pb.gov.br\/portal\/2020\/12\/25\/proxima-fase-do-concurso-do-cfo-pm-acontece-nos-dias-29-e-30-de-dezembro\/#breadcrumb\",\"itemListElement\":[{\"@type\":\"ListItem\",\"position\":1,\"name\":\"In\u00edcio\",\"item\":\"https:\/\/www.pm.pb.gov.br\/portal\/\"},{\"@type\":\"ListItem\",\"position\":2,\"name\":\"Pr\u00f3xima fase do concurso do CFO-PM acontece nos dias 29 e 30 de dezembro\"}]},{\"@type\":\"WebSite\",\"@id\":\"https:\/\/www.pm.pb.gov.br\/portal\/#website\",\"url\":\"https:\/\/www.pm.pb.gov.br\/portal\/\",\"name\":\"Pol\u00edcia Militar da Para\u00edba\",\"description\":\"\",\"publisher\":{\"@id\":\"https:\/\/www.pm.pb.gov.br\/portal\/#organization\"},\"potentialAction\":[{\"@type\":\"SearchAction\",\"target\":{\"@type\":\"EntryPoint\",\"urlTemplate\":\"https:\/\/www.pm.pb.gov.br\/portal\/?s={search_term_string}\"},\"query-input\":\"required name=search_term_string\"}],\"inLanguage\":\"pt-BR\"},{\"@type\":\"Organization\",\"@id\":\"https:\/\/www.pm.pb.gov.br\/portal\/#organization\",\"name\":\"Pol\u00edcia Militar da Para\u00edba\",\"url\":\"https:\/\/www.pm.pb.gov.br\/portal\/\",\"logo\":{\"@type\":\"ImageObject\",\"inLanguage\":\"pt-BR\",\"@id\":\"https:\/\/www.pm.pb.gov.br\/portal\/#\/schema\/logo\/image\/\",\"url\":\"https:\/\/www.pm.pb.gov.br\/portal\/wp-content\/uploads\/2025\/03\/cropped-logo-site-mag2-1.png\",\"contentUrl\":\"https:\/\/www.pm.pb.gov.br\/portal\/wp-content\/uploads\/2025\/03\/cropped-logo-site-mag2-1.png\",\"width\":320,\"height\":90,\"caption\":\"Pol\u00edcia Militar da Para\u00edba\"},\"image\":{\"@id\":\"https:\/\/www.pm.pb.gov.br\/portal\/#\/schema\/logo\/image\/\"}},{\"@type\":\"Person\",\"@id\":\"https:\/\/www.pm.pb.gov.br\/portal\/#\/schema\/person\/f84f56dcc78ce4357054da888b8247fd\",\"name\":\"Tarcisio Oliveira\",\"image\":{\"@type\":\"ImageObject\",\"inLanguage\":\"pt-BR\",\"@id\":\"https:\/\/www.pm.pb.gov.br\/portal\/#\/schema\/person\/image\/\",\"url\":\"https:\/\/secure.gravatar.com\/avatar\/72917b630b69d31cd0297507f34bac97?s=96&d=mm&r=g\",\"contentUrl\":\"https:\/\/secure.gravatar.com\/avatar\/72917b630b69d31cd0297507f34bac97?s=96&d=mm&r=g\",\"caption\":\"Tarcisio Oliveira\"},\"url\":\"https:\/\/www.pm.pb.gov.br\/portal\/author\/tarcisio\/\"}]}<\/script>\n<!-- \/ Yoast SEO plugin. -->","yoast_head_json":{"title":"Pr\u00f3xima fase do concurso do CFO-PM acontece nos dias 29 e 30 de dezembro - Pol\u00edcia Militar da Para\u00edba","robots":{"index":"index","follow":"follow","max-snippet":"max-snippet:-1","max-image-preview":"max-image-preview:large","max-video-preview":"max-video-preview:-1"},"canonical":"https:\/\/www.pm.pb.gov.br\/portal\/2020\/12\/25\/proxima-fase-do-concurso-do-cfo-pm-acontece-nos-dias-29-e-30-de-dezembro\/","og_locale":"pt_BR","og_type":"article","og_title":"Pr\u00f3xima fase do concurso do CFO-PM acontece nos dias 29 e 30 de dezembro - Pol\u00edcia Militar da Para\u00edba","og_description":"Mais uma etapa do concurso do Curso de Forma\u00e7\u00e3o de Oficiais da Pol\u00edcia Militar da Para\u00edba (CFO PM-2020) acontece na","og_url":"https:\/\/www.pm.pb.gov.br\/portal\/2020\/12\/25\/proxima-fase-do-concurso-do-cfo-pm-acontece-nos-dias-29-e-30-de-dezembro\/","og_site_name":"Pol\u00edcia Militar da Para\u00edba","article_published_time":"2020-12-25T05:51:06+00:00","article_modified_time":"2020-12-25T05:51:08+00:00","og_image":[{"width":800,"height":445,"url":"https:\/\/www.pm.pb.gov.br\/portal\/wp-content\/uploads\/2018\/06\/taf.jpg","type":"image\/jpeg"}],"author":"Tarcisio Oliveira","twitter_card":"summary_large_image","twitter_misc":{"Escrito por":"Tarcisio Oliveira","Est. tempo de leitura":"1 minuto"},"schema":{"@context":"https:\/\/schema.org","@graph":[{"@type":"Article","@id":"https:\/\/www.pm.pb.gov.br\/portal\/2020\/12\/25\/proxima-fase-do-concurso-do-cfo-pm-acontece-nos-dias-29-e-30-de-dezembro\/#article","isPartOf":{"@id":"https:\/\/www.pm.pb.gov.br\/portal\/2020\/12\/25\/proxima-fase-do-concurso-do-cfo-pm-acontece-nos-dias-29-e-30-de-dezembro\/"},"author":{"name":"Tarcisio Oliveira","@id":"https:\/\/www.pm.pb.gov.br\/portal\/#\/schema\/person\/f84f56dcc78ce4357054da888b8247fd"},"headline":"Pr\u00f3xima fase do concurso do CFO-PM acontece nos dias 29 e 30 de dezembro","datePublished":"2020-12-25T05:51:06+00:00","dateModified":"2020-12-25T05:51:08+00:00","mainEntityOfPage":{"@id":"https:\/\/www.pm.pb.gov.br\/portal\/2020\/12\/25\/proxima-fase-do-concurso-do-cfo-pm-acontece-nos-dias-29-e-30-de-dezembro\/"},"wordCount":252,"publisher":{"@id":"https:\/\/www.pm.pb.gov.br\/portal\/#organization"},"articleSection":["Cursos"],"inLanguage":"pt-BR"},{"@type":"WebPage","@id":"https:\/\/www.pm.pb.gov.br\/portal\/2020\/12\/25\/proxima-fase-do-concurso-do-cfo-pm-acontece-nos-dias-29-e-30-de-dezembro\/","url":"https:\/\/www.pm.pb.gov.br\/portal\/2020\/12\/25\/proxima-fase-do-concurso-do-cfo-pm-acontece-nos-dias-29-e-30-de-dezembro\/","name":"Pr\u00f3xima fase do concurso do CFO-PM acontece nos dias 29 e 30 de dezembro - Pol\u00edcia Militar da Para\u00edba","isPartOf":{"@id":"https:\/\/www.pm.pb.gov.br\/portal\/#website"},"datePublished":"2020-12-25T05:51:06+00:00","dateModified":"2020-12-25T05:51:08+00:00","breadcrumb":{"@id":"https:\/\/www.pm.pb.gov.br\/portal\/2020\/12\/25\/proxima-fase-do-concurso-do-cfo-pm-acontece-nos-dias-29-e-30-de-dezembro\/#breadcrumb"},"inLanguage":"pt-BR","potentialAction":[{"@type":"ReadAction","target":["https:\/\/www.pm.pb.gov.br\/portal\/2020\/12\/25\/proxima-fase-do-concurso-do-cfo-pm-acontece-nos-dias-29-e-30-de-dezembro\/"]}]},{"@type":"BreadcrumbList","@id":"https:\/\/www.pm.pb.gov.br\/portal\/2020\/12\/25\/proxima-fase-do-concurso-do-cfo-pm-acontece-nos-dias-29-e-30-de-dezembro\/#breadcrumb","itemListElement":[{"@type":"ListItem","position":1,"name":"In\u00edcio","item":"https:\/\/www.pm.pb.gov.br\/portal\/"},{"@type":"ListItem","position":2,"name":"Pr\u00f3xima fase do concurso do CFO-PM acontece nos dias 29 e 30 de dezembro"}]},{"@type":"WebSite","@id":"https:\/\/www.pm.pb.gov.br\/portal\/#website","url":"https:\/\/www.pm.pb.gov.br\/portal\/","name":"Pol\u00edcia Militar da Para\u00edba","description":"","publisher":{"@id":"https:\/\/www.pm.pb.gov.br\/portal\/#organization"},"potentialAction":[{"@type":"SearchAction","target":{"@type":"EntryPoint","urlTemplate":"https:\/\/www.pm.pb.gov.br\/portal\/?s={search_term_string}"},"query-input":"required name=search_term_string"}],"inLanguage":"pt-BR"},{"@type":"Organization","@id":"https:\/\/www.pm.pb.gov.br\/portal\/#organization","name":"Pol\u00edcia Militar da Para\u00edba","url":"https:\/\/www.pm.pb.gov.br\/portal\/","logo":{"@type":"ImageObject","inLanguage":"pt-BR","@id":"https:\/\/www.pm.pb.gov.br\/portal\/#\/schema\/logo\/image\/","url":"https:\/\/www.pm.pb.gov.br\/portal\/wp-content\/uploads\/2025\/03\/cropped-logo-site-mag2-1.png","contentUrl":"https:\/\/www.pm.pb.gov.br\/portal\/wp-content\/uploads\/2025\/03\/cropped-logo-site-mag2-1.png","width":320,"height":90,"caption":"Pol\u00edcia Militar da Para\u00edba"},"image":{"@id":"https:\/\/www.pm.pb.gov.br\/portal\/#\/schema\/logo\/image\/"}},{"@type":"Person","@id":"https:\/\/www.pm.pb.gov.br\/portal\/#\/schema\/person\/f84f56dcc78ce4357054da888b8247fd","name":"Tarcisio Oliveira","image":{"@type":"ImageObject","inLanguage":"pt-BR","@id":"https:\/\/www.pm.pb.gov.br\/portal\/#\/schema\/person\/image\/","url":"https:\/\/secure.gravatar.com\/avatar\/72917b630b69d31cd0297507f34bac97?s=96&d=mm&r=g","contentUrl":"https:\/\/secure.gravatar.com\/avatar\/72917b630b69d31cd0297507f34bac97?s=96&d=mm&r=g","caption":"Tarcisio Oliveira"},"url":"https:\/\/www.pm.pb.gov.br\/portal\/author\/tarcisio\/"}]}},"_links":{"self":[{"href":"https:\/\/www.pm.pb.gov.br\/portal\/wp-json\/wp\/v2\/posts\/908727"}],"collection":[{"href":"https:\/\/www.pm.pb.gov.br\/portal\/wp-json\/wp\/v2\/posts"}],"about":[{"href":"https:\/\/www.pm.pb.gov.br\/portal\/wp-json\/wp\/v2\/types\/post"}],"author":[{"embeddable":true,"href":"https:\/\/www.pm.pb.gov.br\/portal\/wp-json\/wp\/v2\/users\/12"}],"replies":[{"embeddable":true,"href":"https:\/\/www.pm.pb.gov.br\/portal\/wp-json\/wp\/v2\/comments?post=908727"}],"version-history":[{"count":2,"href":"https:\/\/www.pm.pb.gov.br\/portal\/wp-json\/wp\/v2\/posts\/908727\/revisions"}],"predecessor-version":[{"id":908729,"href":"https:\/\/www.pm.pb.gov.br\/portal\/wp-json\/wp\/v2\/posts\/908727\/revisions\/908729"}],"wp:featuredmedia":[{"embeddable":true,"href":"https:\/\/www.pm.pb.gov.br\/portal\/wp-json\/wp\/v2\/media\/898301"}],"wp:attachment":[{"href":"https:\/\/www.pm.pb.gov.br\/portal\/wp-json\/wp\/v2\/media?parent=908727"}],"wp:term":[{"taxonomy":"category","embeddable":true,"href":"https:\/\/www.pm.pb.gov.br\/portal\/wp-json\/wp\/v2\/categories?post=908727"},{"taxonomy":"post_tag","embeddable":true,"href":"https:\/\/www.pm.pb.gov.br\/portal\/wp-json\/wp\/v2\/tags?post=908727"}],"curies":[{"name":"wp","href":"https:\/\/api.w.org\/{rel}","templated":true}]}}