{"id":908717,"date":"2020-12-24T00:54:50","date_gmt":"2020-12-24T03:54:50","guid":{"rendered":"http:\/\/www.pm.pb.gov.br\/portal\/?p=908717"},"modified":"2020-12-24T01:24:01","modified_gmt":"2020-12-24T04:24:01","slug":"boas-festas-solidarias-policia-militar-entrega-cerca-de-26-toneladas-de-alimentos-nestas-previas-do-natal","status":"publish","type":"post","link":"https:\/\/www.pm.pb.gov.br\/portal\/2020\/12\/24\/boas-festas-solidarias-policia-militar-entrega-cerca-de-26-toneladas-de-alimentos-nestas-previas-do-natal\/","title":{"rendered":"BOAS FESTAS SOLID\u00c1RIAS: Pol\u00edcia Militar entrega cerca de 26 toneladas de alimentos nestas pr\u00e9vias do Natal"},"content":{"rendered":"\n<p>Os \u00faltimos dias do ano est\u00e3o sendo marcados pela solidariedade e esperan\u00e7a em dias melhores, para diversas fam\u00edlias em comunidades na Para\u00edba, alcan\u00e7adas pela mais recente a\u00e7\u00e3o da Pol\u00edcia Militar. \u00c9 que a corpora\u00e7\u00e3o chega \u00e0 fase final da Campanha \u201cBoas Festas Solid\u00e1rias\u201d e entrega cerca de 26 toneladas de alimentos, al\u00e9m de brinquedos, roupas e materiais de higiene.<\/p>\n<p><img loading=\"lazy\" decoding=\"async\" class=\"size-medium wp-image-908719 aligncenter\" src=\"http:\/\/www.pm.pb.gov.br\/portal\/wp-content\/uploads\/2020\/12\/WhatsApp-Image-2020-12-23-at-19.38.07-1-791x445.jpeg\" alt=\"\" width=\"791\" height=\"445\" srcset=\"https:\/\/www.pm.pb.gov.br\/portal\/wp-content\/uploads\/2020\/12\/WhatsApp-Image-2020-12-23-at-19.38.07-1-791x445.jpeg 791w, https:\/\/www.pm.pb.gov.br\/portal\/wp-content\/uploads\/2020\/12\/WhatsApp-Image-2020-12-23-at-19.38.07-1-1013x570.jpeg 1013w, https:\/\/www.pm.pb.gov.br\/portal\/wp-content\/uploads\/2020\/12\/WhatsApp-Image-2020-12-23-at-19.38.07-1-768x432.jpeg 768w, https:\/\/www.pm.pb.gov.br\/portal\/wp-content\/uploads\/2020\/12\/WhatsApp-Image-2020-12-23-at-19.38.07-1.jpeg 1280w\" sizes=\"(max-width: 791px) 100vw, 791px\" \/><\/p>\n<p>Durante todo o m\u00eas de dezembro, v\u00e1rias unidades da PM estavam arrecadando donativos junto aos pr\u00f3prios policiais, e a v\u00e1rios segmentos da sociedade. Com a deflagra\u00e7\u00e3o da entrega das doa\u00e7\u00f5es nesta quarta-feira (23), que antecede a v\u00e9spera de Natal, a PM leva at\u00e9 as comunidades alimentos, brincadeiras, solidariedade e muita esperan\u00e7a.<\/p>\n<p><img loading=\"lazy\" decoding=\"async\" class=\"size-medium wp-image-908721 aligncenter\" src=\"http:\/\/www.pm.pb.gov.br\/portal\/wp-content\/uploads\/2020\/12\/WhatsApp-Image-2020-12-23-at-20.55.22-668x445.jpeg\" alt=\"\" width=\"668\" height=\"445\" srcset=\"https:\/\/www.pm.pb.gov.br\/portal\/wp-content\/uploads\/2020\/12\/WhatsApp-Image-2020-12-23-at-20.55.22-668x445.jpeg 668w, https:\/\/www.pm.pb.gov.br\/portal\/wp-content\/uploads\/2020\/12\/WhatsApp-Image-2020-12-23-at-20.55.22-856x570.jpeg 856w, https:\/\/www.pm.pb.gov.br\/portal\/wp-content\/uploads\/2020\/12\/WhatsApp-Image-2020-12-23-at-20.55.22-768x512.jpeg 768w, https:\/\/www.pm.pb.gov.br\/portal\/wp-content\/uploads\/2020\/12\/WhatsApp-Image-2020-12-23-at-20.55.22-272x182.jpeg 272w, https:\/\/www.pm.pb.gov.br\/portal\/wp-content\/uploads\/2020\/12\/WhatsApp-Image-2020-12-23-at-20.55.22.jpeg 1024w\" sizes=\"(max-width: 668px) 100vw, 668px\" \/><\/p>\n<p>\u00a0<\/p>\n<p>\u201cDevido a pandemia, este foi um ano dif\u00edcil para o povo paraibano, e n\u00e3o poder\u00edamos deixar de ajudar as pessoas que tanto conhecem e confiam no trabalho e na prote\u00e7\u00e3o da Pol\u00edcia Militar. Para n\u00f3s \u00e9 motivo de alegria estarmos com o povo, chegando aos lares paraibanos, doando tudo o que foi arrecadado com muita solidariedade\u201d, disse o comandante-geral da PM, coronel Euller Chaves, que esteve \u00e0 frente da opera\u00e7\u00e3o.<\/p>\n<p>O coronel Euller e o alto comando da institui\u00e7\u00e3o entregaram, na tarde desta quarta-feira, diversas cestas de alimentos na Vila Vicentina, institui\u00e7\u00e3o filantr\u00f3pica que cuida de idosos e atua h\u00e1 76 anos em Jo\u00e3o Pessoa (foto abaixo). Todo o gesto de solidariedade dos policiais foi agradecido por Ari Diniz, vice-diretor da institui\u00e7\u00e3o. \u201c\u00c9 uma campanha exitosa da PM e queremos agradecer, nesta oportunidade, a lembran\u00e7a do nome da Vila Vicentina como benefici\u00e1ria de parte dessas doa\u00e7\u00f5es. Por isso, nossa alegria de ter a Pol\u00edcia Militar aqui hoje, e nosso agradecimento\u201d, disse.<\/p>\n<p><img loading=\"lazy\" decoding=\"async\" class=\"size-medium wp-image-908722 aligncenter\" src=\"http:\/\/www.pm.pb.gov.br\/portal\/wp-content\/uploads\/2020\/12\/WhatsApp-Image-2020-12-23-at-18.02.58-668x445.jpeg\" alt=\"\" width=\"668\" height=\"445\" srcset=\"https:\/\/www.pm.pb.gov.br\/portal\/wp-content\/uploads\/2020\/12\/WhatsApp-Image-2020-12-23-at-18.02.58-668x445.jpeg 668w, https:\/\/www.pm.pb.gov.br\/portal\/wp-content\/uploads\/2020\/12\/WhatsApp-Image-2020-12-23-at-18.02.58-855x570.jpeg 855w, https:\/\/www.pm.pb.gov.br\/portal\/wp-content\/uploads\/2020\/12\/WhatsApp-Image-2020-12-23-at-18.02.58-768x512.jpeg 768w, https:\/\/www.pm.pb.gov.br\/portal\/wp-content\/uploads\/2020\/12\/WhatsApp-Image-2020-12-23-at-18.02.58-272x182.jpeg 272w, https:\/\/www.pm.pb.gov.br\/portal\/wp-content\/uploads\/2020\/12\/WhatsApp-Image-2020-12-23-at-18.02.58.jpeg 1200w\" sizes=\"(max-width: 668px) 100vw, 668px\" \/><\/p>\n<p>As entregas de toda a campanha seguiram os protocolos sanit\u00e1rios deste momento de pandemia, e aconteceram n\u00e3o s\u00f3 na capital, mas em diversas cidades da Para\u00edba, nas \u00e1reas subordinadas aos batalh\u00f5es e companhias da PM. Outra \u00e1rea atendida foi uma comunidade no bairro das Ind\u00fastrias, em Jo\u00e3o Pessoa. L\u00e1, os policiais fizeram a alegria da meninada, entregando alimentos e brinquedos para um programa que atende quase 50 crian\u00e7as de fam\u00edlias em situa\u00e7\u00e3o de vulnerabilidade.<\/p>\n<p><img loading=\"lazy\" decoding=\"async\" class=\"size-medium wp-image-908723 aligncenter\" src=\"http:\/\/www.pm.pb.gov.br\/portal\/wp-content\/uploads\/2020\/12\/WhatsApp-Image-2020-12-22-at-14.16.44-668x445.jpeg\" alt=\"\" width=\"668\" height=\"445\" srcset=\"https:\/\/www.pm.pb.gov.br\/portal\/wp-content\/uploads\/2020\/12\/WhatsApp-Image-2020-12-22-at-14.16.44-668x445.jpeg 668w, https:\/\/www.pm.pb.gov.br\/portal\/wp-content\/uploads\/2020\/12\/WhatsApp-Image-2020-12-22-at-14.16.44-855x570.jpeg 855w, https:\/\/www.pm.pb.gov.br\/portal\/wp-content\/uploads\/2020\/12\/WhatsApp-Image-2020-12-22-at-14.16.44-768x512.jpeg 768w, https:\/\/www.pm.pb.gov.br\/portal\/wp-content\/uploads\/2020\/12\/WhatsApp-Image-2020-12-22-at-14.16.44-272x182.jpeg 272w, https:\/\/www.pm.pb.gov.br\/portal\/wp-content\/uploads\/2020\/12\/WhatsApp-Image-2020-12-22-at-14.16.44.jpeg 1200w\" sizes=\"(max-width: 668px) 100vw, 668px\" \/><\/p>\n<p>\u201cBoas Festas Solid\u00e1rias\u201d se une a outras a\u00e7\u00f5es sociais que a PM realizou durante 2020, entregando, ao todo, mais de 90 toneladas de alimentos as fam\u00edlias em situa\u00e7\u00e3o de vulnerabilidade. Em dezembro, mais de 25.800 quilos de alimentos foram recebidos pela PM, al\u00e9m de 1.022 brinquedos, mais de 2.750 pe\u00e7as de roupa e 1.194 itens de higiene.<\/p>\n<p><img loading=\"lazy\" decoding=\"async\" class=\"size-medium wp-image-908724 aligncenter\" src=\"http:\/\/www.pm.pb.gov.br\/portal\/wp-content\/uploads\/2020\/12\/WhatsApp-Image-2020-12-23-at-16.59.24-593x445.jpeg\" alt=\"\" width=\"593\" height=\"445\" srcset=\"https:\/\/www.pm.pb.gov.br\/portal\/wp-content\/uploads\/2020\/12\/WhatsApp-Image-2020-12-23-at-16.59.24-593x445.jpeg 593w, https:\/\/www.pm.pb.gov.br\/portal\/wp-content\/uploads\/2020\/12\/WhatsApp-Image-2020-12-23-at-16.59.24-760x570.jpeg 760w, https:\/\/www.pm.pb.gov.br\/portal\/wp-content\/uploads\/2020\/12\/WhatsApp-Image-2020-12-23-at-16.59.24-768x576.jpeg 768w, https:\/\/www.pm.pb.gov.br\/portal\/wp-content\/uploads\/2020\/12\/WhatsApp-Image-2020-12-23-at-16.59.24.jpeg 1024w\" sizes=\"(max-width: 593px) 100vw, 593px\" \/><\/p>\n","protected":false},"excerpt":{"rendered":"<p>Os \u00faltimos dias do ano est\u00e3o sendo marcados pela solidariedade e esperan\u00e7a em dias melhores, para diversas fam\u00edlias em comunidades<\/p>\n","protected":false},"author":12,"featured_media":908718,"comment_status":"closed","ping_status":"closed","sticky":false,"template":"","format":"standard","meta":{"_exactmetrics_skip_tracking":false,"_exactmetrics_sitenote_active":false,"_exactmetrics_sitenote_note":"","_exactmetrics_sitenote_category":0,"footnotes":""},"categories":[4,14],"tags":[],"yoast_head":"<!-- This site is optimized with the Yoast SEO plugin v22.0 - https:\/\/yoast.com\/wordpress\/plugins\/seo\/ -->\n<title>BOAS FESTAS SOLID\u00c1RIAS: Pol\u00edcia Militar entrega cerca de 26 toneladas de alimentos nestas pr\u00e9vias do Natal - Pol\u00edcia Militar da Para\u00edba<\/title>\n<meta name=\"robots\" content=\"index, follow, max-snippet:-1, max-image-preview:large, max-video-preview:-1\" \/>\n<link rel=\"canonical\" href=\"https:\/\/www.pm.pb.gov.br\/portal\/2020\/12\/24\/boas-festas-solidarias-policia-militar-entrega-cerca-de-26-toneladas-de-alimentos-nestas-previas-do-natal\/\" \/>\n<meta property=\"og:locale\" content=\"pt_BR\" \/>\n<meta property=\"og:type\" content=\"article\" \/>\n<meta property=\"og:title\" content=\"BOAS FESTAS SOLID\u00c1RIAS: Pol\u00edcia Militar entrega cerca de 26 toneladas de alimentos nestas pr\u00e9vias do Natal - Pol\u00edcia Militar da Para\u00edba\" \/>\n<meta property=\"og:description\" content=\"Os \u00faltimos dias do ano est\u00e3o sendo marcados pela solidariedade e esperan\u00e7a em dias melhores, para diversas fam\u00edlias em comunidades\" \/>\n<meta property=\"og:url\" content=\"https:\/\/www.pm.pb.gov.br\/portal\/2020\/12\/24\/boas-festas-solidarias-policia-militar-entrega-cerca-de-26-toneladas-de-alimentos-nestas-previas-do-natal\/\" \/>\n<meta property=\"og:site_name\" content=\"Pol\u00edcia Militar da Para\u00edba\" \/>\n<meta property=\"article:published_time\" content=\"2020-12-24T03:54:50+00:00\" \/>\n<meta property=\"article:modified_time\" content=\"2020-12-24T04:24:01+00:00\" \/>\n<meta property=\"og:image\" content=\"https:\/\/www.pm.pb.gov.br\/portal\/wp-content\/uploads\/2020\/12\/capa1-1.jpeg\" \/>\n\t<meta property=\"og:image:width\" content=\"800\" \/>\n\t<meta property=\"og:image:height\" content=\"445\" \/>\n\t<meta property=\"og:image:type\" content=\"image\/jpeg\" \/>\n<meta name=\"author\" content=\"Tarcisio Oliveira\" \/>\n<meta name=\"twitter:card\" content=\"summary_large_image\" \/>\n<meta name=\"twitter:label1\" content=\"Escrito por\" \/>\n\t<meta name=\"twitter:data1\" content=\"Tarcisio Oliveira\" \/>\n\t<meta name=\"twitter:label2\" content=\"Est. tempo de leitura\" \/>\n\t<meta name=\"twitter:data2\" content=\"2 minutos\" \/>\n<script type=\"application\/ld+json\" class=\"yoast-schema-graph\">{\"@context\":\"https:\/\/schema.org\",\"@graph\":[{\"@type\":\"Article\",\"@id\":\"https:\/\/www.pm.pb.gov.br\/portal\/2020\/12\/24\/boas-festas-solidarias-policia-militar-entrega-cerca-de-26-toneladas-de-alimentos-nestas-previas-do-natal\/#article\",\"isPartOf\":{\"@id\":\"https:\/\/www.pm.pb.gov.br\/portal\/2020\/12\/24\/boas-festas-solidarias-policia-militar-entrega-cerca-de-26-toneladas-de-alimentos-nestas-previas-do-natal\/\"},\"author\":{\"name\":\"Tarcisio Oliveira\",\"@id\":\"https:\/\/www.pm.pb.gov.br\/portal\/#\/schema\/person\/f84f56dcc78ce4357054da888b8247fd\"},\"headline\":\"BOAS FESTAS SOLID\u00c1RIAS: Pol\u00edcia Militar entrega cerca de 26 toneladas de alimentos nestas pr\u00e9vias do Natal\",\"datePublished\":\"2020-12-24T03:54:50+00:00\",\"dateModified\":\"2020-12-24T04:24:01+00:00\",\"mainEntityOfPage\":{\"@id\":\"https:\/\/www.pm.pb.gov.br\/portal\/2020\/12\/24\/boas-festas-solidarias-policia-militar-entrega-cerca-de-26-toneladas-de-alimentos-nestas-previas-do-natal\/\"},\"wordCount\":454,\"publisher\":{\"@id\":\"https:\/\/www.pm.pb.gov.br\/portal\/#organization\"},\"articleSection\":[\"A\u00e7\u00f5es Policiais\",\"Preven\u00e7\u00e3o\"],\"inLanguage\":\"pt-BR\"},{\"@type\":\"WebPage\",\"@id\":\"https:\/\/www.pm.pb.gov.br\/portal\/2020\/12\/24\/boas-festas-solidarias-policia-militar-entrega-cerca-de-26-toneladas-de-alimentos-nestas-previas-do-natal\/\",\"url\":\"https:\/\/www.pm.pb.gov.br\/portal\/2020\/12\/24\/boas-festas-solidarias-policia-militar-entrega-cerca-de-26-toneladas-de-alimentos-nestas-previas-do-natal\/\",\"name\":\"BOAS FESTAS SOLID\u00c1RIAS: Pol\u00edcia Militar entrega cerca de 26 toneladas de alimentos nestas pr\u00e9vias do Natal - Pol\u00edcia Militar da Para\u00edba\",\"isPartOf\":{\"@id\":\"https:\/\/www.pm.pb.gov.br\/portal\/#website\"},\"datePublished\":\"2020-12-24T03:54:50+00:00\",\"dateModified\":\"2020-12-24T04:24:01+00:00\",\"breadcrumb\":{\"@id\":\"https:\/\/www.pm.pb.gov.br\/portal\/2020\/12\/24\/boas-festas-solidarias-policia-militar-entrega-cerca-de-26-toneladas-de-alimentos-nestas-previas-do-natal\/#breadcrumb\"},\"inLanguage\":\"pt-BR\",\"potentialAction\":[{\"@type\":\"ReadAction\",\"target\":[\"https:\/\/www.pm.pb.gov.br\/portal\/2020\/12\/24\/boas-festas-solidarias-policia-militar-entrega-cerca-de-26-toneladas-de-alimentos-nestas-previas-do-natal\/\"]}]},{\"@type\":\"BreadcrumbList\",\"@id\":\"https:\/\/www.pm.pb.gov.br\/portal\/2020\/12\/24\/boas-festas-solidarias-policia-militar-entrega-cerca-de-26-toneladas-de-alimentos-nestas-previas-do-natal\/#breadcrumb\",\"itemListElement\":[{\"@type\":\"ListItem\",\"position\":1,\"name\":\"In\u00edcio\",\"item\":\"https:\/\/www.pm.pb.gov.br\/portal\/\"},{\"@type\":\"ListItem\",\"position\":2,\"name\":\"BOAS FESTAS SOLID\u00c1RIAS: Pol\u00edcia Militar entrega cerca de 26 toneladas de alimentos nestas pr\u00e9vias do Natal\"}]},{\"@type\":\"WebSite\",\"@id\":\"https:\/\/www.pm.pb.gov.br\/portal\/#website\",\"url\":\"https:\/\/www.pm.pb.gov.br\/portal\/\",\"name\":\"Pol\u00edcia Militar da Para\u00edba\",\"description\":\"\",\"publisher\":{\"@id\":\"https:\/\/www.pm.pb.gov.br\/portal\/#organization\"},\"potentialAction\":[{\"@type\":\"SearchAction\",\"target\":{\"@type\":\"EntryPoint\",\"urlTemplate\":\"https:\/\/www.pm.pb.gov.br\/portal\/?s={search_term_string}\"},\"query-input\":\"required name=search_term_string\"}],\"inLanguage\":\"pt-BR\"},{\"@type\":\"Organization\",\"@id\":\"https:\/\/www.pm.pb.gov.br\/portal\/#organization\",\"name\":\"Pol\u00edcia Militar da Para\u00edba\",\"url\":\"https:\/\/www.pm.pb.gov.br\/portal\/\",\"logo\":{\"@type\":\"ImageObject\",\"inLanguage\":\"pt-BR\",\"@id\":\"https:\/\/www.pm.pb.gov.br\/portal\/#\/schema\/logo\/image\/\",\"url\":\"https:\/\/www.pm.pb.gov.br\/portal\/wp-content\/uploads\/2025\/03\/cropped-logo-site-mag2-1.png\",\"contentUrl\":\"https:\/\/www.pm.pb.gov.br\/portal\/wp-content\/uploads\/2025\/03\/cropped-logo-site-mag2-1.png\",\"width\":320,\"height\":90,\"caption\":\"Pol\u00edcia Militar da Para\u00edba\"},\"image\":{\"@id\":\"https:\/\/www.pm.pb.gov.br\/portal\/#\/schema\/logo\/image\/\"}},{\"@type\":\"Person\",\"@id\":\"https:\/\/www.pm.pb.gov.br\/portal\/#\/schema\/person\/f84f56dcc78ce4357054da888b8247fd\",\"name\":\"Tarcisio Oliveira\",\"image\":{\"@type\":\"ImageObject\",\"inLanguage\":\"pt-BR\",\"@id\":\"https:\/\/www.pm.pb.gov.br\/portal\/#\/schema\/person\/image\/\",\"url\":\"https:\/\/secure.gravatar.com\/avatar\/72917b630b69d31cd0297507f34bac97?s=96&d=mm&r=g\",\"contentUrl\":\"https:\/\/secure.gravatar.com\/avatar\/72917b630b69d31cd0297507f34bac97?s=96&d=mm&r=g\",\"caption\":\"Tarcisio Oliveira\"},\"url\":\"https:\/\/www.pm.pb.gov.br\/portal\/author\/tarcisio\/\"}]}<\/script>\n<!-- \/ Yoast SEO plugin. -->","yoast_head_json":{"title":"BOAS FESTAS SOLID\u00c1RIAS: Pol\u00edcia Militar entrega cerca de 26 toneladas de alimentos nestas pr\u00e9vias do Natal - Pol\u00edcia Militar da Para\u00edba","robots":{"index":"index","follow":"follow","max-snippet":"max-snippet:-1","max-image-preview":"max-image-preview:large","max-video-preview":"max-video-preview:-1"},"canonical":"https:\/\/www.pm.pb.gov.br\/portal\/2020\/12\/24\/boas-festas-solidarias-policia-militar-entrega-cerca-de-26-toneladas-de-alimentos-nestas-previas-do-natal\/","og_locale":"pt_BR","og_type":"article","og_title":"BOAS FESTAS SOLID\u00c1RIAS: Pol\u00edcia Militar entrega cerca de 26 toneladas de alimentos nestas pr\u00e9vias do Natal - Pol\u00edcia Militar da Para\u00edba","og_description":"Os \u00faltimos dias do ano est\u00e3o sendo marcados pela solidariedade e esperan\u00e7a em dias melhores, para diversas fam\u00edlias em comunidades","og_url":"https:\/\/www.pm.pb.gov.br\/portal\/2020\/12\/24\/boas-festas-solidarias-policia-militar-entrega-cerca-de-26-toneladas-de-alimentos-nestas-previas-do-natal\/","og_site_name":"Pol\u00edcia Militar da Para\u00edba","article_published_time":"2020-12-24T03:54:50+00:00","article_modified_time":"2020-12-24T04:24:01+00:00","og_image":[{"width":800,"height":445,"url":"https:\/\/www.pm.pb.gov.br\/portal\/wp-content\/uploads\/2020\/12\/capa1-1.jpeg","type":"image\/jpeg"}],"author":"Tarcisio Oliveira","twitter_card":"summary_large_image","twitter_misc":{"Escrito por":"Tarcisio Oliveira","Est. tempo de leitura":"2 minutos"},"schema":{"@context":"https:\/\/schema.org","@graph":[{"@type":"Article","@id":"https:\/\/www.pm.pb.gov.br\/portal\/2020\/12\/24\/boas-festas-solidarias-policia-militar-entrega-cerca-de-26-toneladas-de-alimentos-nestas-previas-do-natal\/#article","isPartOf":{"@id":"https:\/\/www.pm.pb.gov.br\/portal\/2020\/12\/24\/boas-festas-solidarias-policia-militar-entrega-cerca-de-26-toneladas-de-alimentos-nestas-previas-do-natal\/"},"author":{"name":"Tarcisio Oliveira","@id":"https:\/\/www.pm.pb.gov.br\/portal\/#\/schema\/person\/f84f56dcc78ce4357054da888b8247fd"},"headline":"BOAS FESTAS SOLID\u00c1RIAS: Pol\u00edcia Militar entrega cerca de 26 toneladas de alimentos nestas pr\u00e9vias do Natal","datePublished":"2020-12-24T03:54:50+00:00","dateModified":"2020-12-24T04:24:01+00:00","mainEntityOfPage":{"@id":"https:\/\/www.pm.pb.gov.br\/portal\/2020\/12\/24\/boas-festas-solidarias-policia-militar-entrega-cerca-de-26-toneladas-de-alimentos-nestas-previas-do-natal\/"},"wordCount":454,"publisher":{"@id":"https:\/\/www.pm.pb.gov.br\/portal\/#organization"},"articleSection":["A\u00e7\u00f5es Policiais","Preven\u00e7\u00e3o"],"inLanguage":"pt-BR"},{"@type":"WebPage","@id":"https:\/\/www.pm.pb.gov.br\/portal\/2020\/12\/24\/boas-festas-solidarias-policia-militar-entrega-cerca-de-26-toneladas-de-alimentos-nestas-previas-do-natal\/","url":"https:\/\/www.pm.pb.gov.br\/portal\/2020\/12\/24\/boas-festas-solidarias-policia-militar-entrega-cerca-de-26-toneladas-de-alimentos-nestas-previas-do-natal\/","name":"BOAS FESTAS SOLID\u00c1RIAS: Pol\u00edcia Militar entrega cerca de 26 toneladas de alimentos nestas pr\u00e9vias do Natal - Pol\u00edcia Militar da Para\u00edba","isPartOf":{"@id":"https:\/\/www.pm.pb.gov.br\/portal\/#website"},"datePublished":"2020-12-24T03:54:50+00:00","dateModified":"2020-12-24T04:24:01+00:00","breadcrumb":{"@id":"https:\/\/www.pm.pb.gov.br\/portal\/2020\/12\/24\/boas-festas-solidarias-policia-militar-entrega-cerca-de-26-toneladas-de-alimentos-nestas-previas-do-natal\/#breadcrumb"},"inLanguage":"pt-BR","potentialAction":[{"@type":"ReadAction","target":["https:\/\/www.pm.pb.gov.br\/portal\/2020\/12\/24\/boas-festas-solidarias-policia-militar-entrega-cerca-de-26-toneladas-de-alimentos-nestas-previas-do-natal\/"]}]},{"@type":"BreadcrumbList","@id":"https:\/\/www.pm.pb.gov.br\/portal\/2020\/12\/24\/boas-festas-solidarias-policia-militar-entrega-cerca-de-26-toneladas-de-alimentos-nestas-previas-do-natal\/#breadcrumb","itemListElement":[{"@type":"ListItem","position":1,"name":"In\u00edcio","item":"https:\/\/www.pm.pb.gov.br\/portal\/"},{"@type":"ListItem","position":2,"name":"BOAS FESTAS SOLID\u00c1RIAS: Pol\u00edcia Militar entrega cerca de 26 toneladas de alimentos nestas pr\u00e9vias do Natal"}]},{"@type":"WebSite","@id":"https:\/\/www.pm.pb.gov.br\/portal\/#website","url":"https:\/\/www.pm.pb.gov.br\/portal\/","name":"Pol\u00edcia Militar da Para\u00edba","description":"","publisher":{"@id":"https:\/\/www.pm.pb.gov.br\/portal\/#organization"},"potentialAction":[{"@type":"SearchAction","target":{"@type":"EntryPoint","urlTemplate":"https:\/\/www.pm.pb.gov.br\/portal\/?s={search_term_string}"},"query-input":"required name=search_term_string"}],"inLanguage":"pt-BR"},{"@type":"Organization","@id":"https:\/\/www.pm.pb.gov.br\/portal\/#organization","name":"Pol\u00edcia Militar da Para\u00edba","url":"https:\/\/www.pm.pb.gov.br\/portal\/","logo":{"@type":"ImageObject","inLanguage":"pt-BR","@id":"https:\/\/www.pm.pb.gov.br\/portal\/#\/schema\/logo\/image\/","url":"https:\/\/www.pm.pb.gov.br\/portal\/wp-content\/uploads\/2025\/03\/cropped-logo-site-mag2-1.png","contentUrl":"https:\/\/www.pm.pb.gov.br\/portal\/wp-content\/uploads\/2025\/03\/cropped-logo-site-mag2-1.png","width":320,"height":90,"caption":"Pol\u00edcia Militar da Para\u00edba"},"image":{"@id":"https:\/\/www.pm.pb.gov.br\/portal\/#\/schema\/logo\/image\/"}},{"@type":"Person","@id":"https:\/\/www.pm.pb.gov.br\/portal\/#\/schema\/person\/f84f56dcc78ce4357054da888b8247fd","name":"Tarcisio Oliveira","image":{"@type":"ImageObject","inLanguage":"pt-BR","@id":"https:\/\/www.pm.pb.gov.br\/portal\/#\/schema\/person\/image\/","url":"https:\/\/secure.gravatar.com\/avatar\/72917b630b69d31cd0297507f34bac97?s=96&d=mm&r=g","contentUrl":"https:\/\/secure.gravatar.com\/avatar\/72917b630b69d31cd0297507f34bac97?s=96&d=mm&r=g","caption":"Tarcisio Oliveira"},"url":"https:\/\/www.pm.pb.gov.br\/portal\/author\/tarcisio\/"}]}},"_links":{"self":[{"href":"https:\/\/www.pm.pb.gov.br\/portal\/wp-json\/wp\/v2\/posts\/908717"}],"collection":[{"href":"https:\/\/www.pm.pb.gov.br\/portal\/wp-json\/wp\/v2\/posts"}],"about":[{"href":"https:\/\/www.pm.pb.gov.br\/portal\/wp-json\/wp\/v2\/types\/post"}],"author":[{"embeddable":true,"href":"https:\/\/www.pm.pb.gov.br\/portal\/wp-json\/wp\/v2\/users\/12"}],"replies":[{"embeddable":true,"href":"https:\/\/www.pm.pb.gov.br\/portal\/wp-json\/wp\/v2\/comments?post=908717"}],"version-history":[{"count":2,"href":"https:\/\/www.pm.pb.gov.br\/portal\/wp-json\/wp\/v2\/posts\/908717\/revisions"}],"predecessor-version":[{"id":908726,"href":"https:\/\/www.pm.pb.gov.br\/portal\/wp-json\/wp\/v2\/posts\/908717\/revisions\/908726"}],"wp:featuredmedia":[{"embeddable":true,"href":"https:\/\/www.pm.pb.gov.br\/portal\/wp-json\/wp\/v2\/media\/908718"}],"wp:attachment":[{"href":"https:\/\/www.pm.pb.gov.br\/portal\/wp-json\/wp\/v2\/media?parent=908717"}],"wp:term":[{"taxonomy":"category","embeddable":true,"href":"https:\/\/www.pm.pb.gov.br\/portal\/wp-json\/wp\/v2\/categories?post=908717"},{"taxonomy":"post_tag","embeddable":true,"href":"https:\/\/www.pm.pb.gov.br\/portal\/wp-json\/wp\/v2\/tags?post=908717"}],"curies":[{"name":"wp","href":"https:\/\/api.w.org\/{rel}","templated":true}]}}