{"id":908713,"date":"2020-12-28T06:20:23","date_gmt":"2020-12-28T09:20:23","guid":{"rendered":"http:\/\/www.pm.pb.gov.br\/portal\/?p=908713"},"modified":"2020-12-28T06:20:25","modified_gmt":"2020-12-28T09:20:25","slug":"policia-militar-apreende-17-motos-e-acaba-com-rolezinho-no-sertao-da-paraiba","status":"publish","type":"post","link":"https:\/\/www.pm.pb.gov.br\/portal\/2020\/12\/28\/policia-militar-apreende-17-motos-e-acaba-com-rolezinho-no-sertao-da-paraiba\/","title":{"rendered":"Pol\u00edcia Militar apreende 17 motos e acaba com rolezinho no Sert\u00e3o da Para\u00edba"},"content":{"rendered":"\n<p>A Pol\u00edcia Militar interviu em um rolezinho que um grupo de jovens organizaram nesse domingo (27), na cidade de Juru, no Sert\u00e3o da Para\u00edba, com motos com escapamentos irregulares e v\u00e1rias outras pr\u00e1ticas consideradas infra\u00e7\u00e3o pelo C\u00f3digo de Tr\u00e2nsito Brasileiro. Dezessete motos foram removidas para o destacamento policial e outras dez foram notificadas.<br><br>Conforme informa\u00e7\u00f5es dos policiais da 5\u00aa Companhia Independente da PM (5\u00aa CIPM), al\u00e9m do barulho do cano de escape alterado, os participantes foram flagrados tamb\u00e9m fazendo manobras perigosas. Outras irregularidades constatadas foram falta de habilita\u00e7\u00e3o e aus\u00eancia de equipamentos obrigat\u00f3rios de seguran\u00e7a por parte dos condutores.<br><br><img loading=\"lazy\" decoding=\"async\" width=\"1040\" height=\"780\" class=\"wp-image-908775\" style=\"width: 800px;\" src=\"http:\/\/www.pm.pb.gov.br\/portal\/wp-content\/uploads\/2020\/12\/3aa60c33-5321-4e6f-9f8a-44a8628408c9.jpeg\" alt=\"\" srcset=\"https:\/\/www.pm.pb.gov.br\/portal\/wp-content\/uploads\/2020\/12\/3aa60c33-5321-4e6f-9f8a-44a8628408c9.jpeg 1040w, https:\/\/www.pm.pb.gov.br\/portal\/wp-content\/uploads\/2020\/12\/3aa60c33-5321-4e6f-9f8a-44a8628408c9-593x445.jpeg 593w, https:\/\/www.pm.pb.gov.br\/portal\/wp-content\/uploads\/2020\/12\/3aa60c33-5321-4e6f-9f8a-44a8628408c9-760x570.jpeg 760w, https:\/\/www.pm.pb.gov.br\/portal\/wp-content\/uploads\/2020\/12\/3aa60c33-5321-4e6f-9f8a-44a8628408c9-768x576.jpeg 768w\" sizes=\"(max-width: 1040px) 100vw, 1040px\" \/><br><br>As motos removidas ao destacamento policial de Juru est\u00e3o \u00e0 disposi\u00e7\u00e3o do Batalh\u00e3o de Policiamento de Tr\u00e2nsito (BPTran) e novas a\u00e7\u00f5es devem ser realizadas na regi\u00e3o para combater as badernas e irregularidades causadas por esses grupos no tr\u00e2nsito.<br><br><\/p>\n","protected":false},"excerpt":{"rendered":"<p>A Pol\u00edcia Militar interviu em um rolezinho que um grupo de jovens organizaram nesse domingo (27), na cidade de Juru,<\/p>\n","protected":false},"author":5,"featured_media":908774,"comment_status":"closed","ping_status":"closed","sticky":false,"template":"","format":"standard","meta":{"_exactmetrics_skip_tracking":false,"_exactmetrics_sitenote_active":false,"_exactmetrics_sitenote_note":"","_exactmetrics_sitenote_category":0,"footnotes":""},"categories":[4],"tags":[],"yoast_head":"<!-- This site is optimized with the Yoast SEO plugin v22.0 - https:\/\/yoast.com\/wordpress\/plugins\/seo\/ -->\n<title>Pol\u00edcia Militar apreende 17 motos e acaba com rolezinho no Sert\u00e3o da Para\u00edba - Pol\u00edcia Militar da Para\u00edba<\/title>\n<meta name=\"robots\" content=\"index, follow, max-snippet:-1, max-image-preview:large, max-video-preview:-1\" \/>\n<link rel=\"canonical\" href=\"https:\/\/www.pm.pb.gov.br\/portal\/2020\/12\/28\/policia-militar-apreende-17-motos-e-acaba-com-rolezinho-no-sertao-da-paraiba\/\" \/>\n<meta property=\"og:locale\" content=\"pt_BR\" \/>\n<meta property=\"og:type\" content=\"article\" \/>\n<meta property=\"og:title\" content=\"Pol\u00edcia Militar apreende 17 motos e acaba com rolezinho no Sert\u00e3o da Para\u00edba - Pol\u00edcia Militar da Para\u00edba\" \/>\n<meta property=\"og:description\" content=\"A Pol\u00edcia Militar interviu em um rolezinho que um grupo de jovens organizaram nesse domingo (27), na cidade de Juru,\" \/>\n<meta property=\"og:url\" content=\"https:\/\/www.pm.pb.gov.br\/portal\/2020\/12\/28\/policia-militar-apreende-17-motos-e-acaba-com-rolezinho-no-sertao-da-paraiba\/\" \/>\n<meta property=\"og:site_name\" content=\"Pol\u00edcia Militar da Para\u00edba\" \/>\n<meta property=\"article:published_time\" content=\"2020-12-28T09:20:23+00:00\" \/>\n<meta property=\"article:modified_time\" content=\"2020-12-28T09:20:25+00:00\" \/>\n<meta property=\"og:image\" content=\"https:\/\/www.pm.pb.gov.br\/portal\/wp-content\/uploads\/2020\/12\/5cd01fc4-5466-4600-8067-0c0a0ed3c9cc.jpeg\" \/>\n\t<meta property=\"og:image:width\" content=\"1040\" \/>\n\t<meta property=\"og:image:height\" content=\"780\" \/>\n\t<meta property=\"og:image:type\" content=\"image\/jpeg\" \/>\n<meta name=\"author\" content=\"Assessoria de Imprensa da PMPB\" \/>\n<meta name=\"twitter:card\" content=\"summary_large_image\" \/>\n<meta name=\"twitter:label1\" content=\"Escrito por\" \/>\n\t<meta name=\"twitter:data1\" content=\"Assessoria de Imprensa da PMPB\" \/>\n\t<meta name=\"twitter:label2\" content=\"Est. tempo de leitura\" \/>\n\t<meta name=\"twitter:data2\" content=\"1 minuto\" \/>\n<script type=\"application\/ld+json\" class=\"yoast-schema-graph\">{\"@context\":\"https:\/\/schema.org\",\"@graph\":[{\"@type\":\"Article\",\"@id\":\"https:\/\/www.pm.pb.gov.br\/portal\/2020\/12\/28\/policia-militar-apreende-17-motos-e-acaba-com-rolezinho-no-sertao-da-paraiba\/#article\",\"isPartOf\":{\"@id\":\"https:\/\/www.pm.pb.gov.br\/portal\/2020\/12\/28\/policia-militar-apreende-17-motos-e-acaba-com-rolezinho-no-sertao-da-paraiba\/\"},\"author\":{\"name\":\"Assessoria de Imprensa da PMPB\",\"@id\":\"https:\/\/www.pm.pb.gov.br\/portal\/#\/schema\/person\/e8454f46651c3ecf0e1ba3c1666d9947\"},\"headline\":\"Pol\u00edcia Militar apreende 17 motos e acaba com rolezinho no Sert\u00e3o da Para\u00edba\",\"datePublished\":\"2020-12-28T09:20:23+00:00\",\"dateModified\":\"2020-12-28T09:20:25+00:00\",\"mainEntityOfPage\":{\"@id\":\"https:\/\/www.pm.pb.gov.br\/portal\/2020\/12\/28\/policia-militar-apreende-17-motos-e-acaba-com-rolezinho-no-sertao-da-paraiba\/\"},\"wordCount\":170,\"publisher\":{\"@id\":\"https:\/\/www.pm.pb.gov.br\/portal\/#organization\"},\"articleSection\":[\"A\u00e7\u00f5es Policiais\"],\"inLanguage\":\"pt-BR\"},{\"@type\":\"WebPage\",\"@id\":\"https:\/\/www.pm.pb.gov.br\/portal\/2020\/12\/28\/policia-militar-apreende-17-motos-e-acaba-com-rolezinho-no-sertao-da-paraiba\/\",\"url\":\"https:\/\/www.pm.pb.gov.br\/portal\/2020\/12\/28\/policia-militar-apreende-17-motos-e-acaba-com-rolezinho-no-sertao-da-paraiba\/\",\"name\":\"Pol\u00edcia Militar apreende 17 motos e acaba com rolezinho no Sert\u00e3o da Para\u00edba - Pol\u00edcia Militar da Para\u00edba\",\"isPartOf\":{\"@id\":\"https:\/\/www.pm.pb.gov.br\/portal\/#website\"},\"datePublished\":\"2020-12-28T09:20:23+00:00\",\"dateModified\":\"2020-12-28T09:20:25+00:00\",\"breadcrumb\":{\"@id\":\"https:\/\/www.pm.pb.gov.br\/portal\/2020\/12\/28\/policia-militar-apreende-17-motos-e-acaba-com-rolezinho-no-sertao-da-paraiba\/#breadcrumb\"},\"inLanguage\":\"pt-BR\",\"potentialAction\":[{\"@type\":\"ReadAction\",\"target\":[\"https:\/\/www.pm.pb.gov.br\/portal\/2020\/12\/28\/policia-militar-apreende-17-motos-e-acaba-com-rolezinho-no-sertao-da-paraiba\/\"]}]},{\"@type\":\"BreadcrumbList\",\"@id\":\"https:\/\/www.pm.pb.gov.br\/portal\/2020\/12\/28\/policia-militar-apreende-17-motos-e-acaba-com-rolezinho-no-sertao-da-paraiba\/#breadcrumb\",\"itemListElement\":[{\"@type\":\"ListItem\",\"position\":1,\"name\":\"In\u00edcio\",\"item\":\"https:\/\/www.pm.pb.gov.br\/portal\/\"},{\"@type\":\"ListItem\",\"position\":2,\"name\":\"Pol\u00edcia Militar apreende 17 motos e acaba com rolezinho no Sert\u00e3o da Para\u00edba\"}]},{\"@type\":\"WebSite\",\"@id\":\"https:\/\/www.pm.pb.gov.br\/portal\/#website\",\"url\":\"https:\/\/www.pm.pb.gov.br\/portal\/\",\"name\":\"Pol\u00edcia Militar da Para\u00edba\",\"description\":\"\",\"publisher\":{\"@id\":\"https:\/\/www.pm.pb.gov.br\/portal\/#organization\"},\"potentialAction\":[{\"@type\":\"SearchAction\",\"target\":{\"@type\":\"EntryPoint\",\"urlTemplate\":\"https:\/\/www.pm.pb.gov.br\/portal\/?s={search_term_string}\"},\"query-input\":\"required name=search_term_string\"}],\"inLanguage\":\"pt-BR\"},{\"@type\":\"Organization\",\"@id\":\"https:\/\/www.pm.pb.gov.br\/portal\/#organization\",\"name\":\"Pol\u00edcia Militar da Para\u00edba\",\"url\":\"https:\/\/www.pm.pb.gov.br\/portal\/\",\"logo\":{\"@type\":\"ImageObject\",\"inLanguage\":\"pt-BR\",\"@id\":\"https:\/\/www.pm.pb.gov.br\/portal\/#\/schema\/logo\/image\/\",\"url\":\"https:\/\/www.pm.pb.gov.br\/portal\/wp-content\/uploads\/2025\/03\/cropped-logo-site-mag2-1.png\",\"contentUrl\":\"https:\/\/www.pm.pb.gov.br\/portal\/wp-content\/uploads\/2025\/03\/cropped-logo-site-mag2-1.png\",\"width\":320,\"height\":90,\"caption\":\"Pol\u00edcia Militar da Para\u00edba\"},\"image\":{\"@id\":\"https:\/\/www.pm.pb.gov.br\/portal\/#\/schema\/logo\/image\/\"}},{\"@type\":\"Person\",\"@id\":\"https:\/\/www.pm.pb.gov.br\/portal\/#\/schema\/person\/e8454f46651c3ecf0e1ba3c1666d9947\",\"name\":\"Assessoria de Imprensa da PMPB\",\"image\":{\"@type\":\"ImageObject\",\"inLanguage\":\"pt-BR\",\"@id\":\"https:\/\/www.pm.pb.gov.br\/portal\/#\/schema\/person\/image\/\",\"url\":\"https:\/\/secure.gravatar.com\/avatar\/2efe197438265d1e90bd98c4c8e1acf8?s=96&d=mm&r=g\",\"contentUrl\":\"https:\/\/secure.gravatar.com\/avatar\/2efe197438265d1e90bd98c4c8e1acf8?s=96&d=mm&r=g\",\"caption\":\"Assessoria de Imprensa da PMPB\"},\"url\":\"https:\/\/www.pm.pb.gov.br\/portal\/author\/assessoria\/\"}]}<\/script>\n<!-- \/ Yoast SEO plugin. -->","yoast_head_json":{"title":"Pol\u00edcia Militar apreende 17 motos e acaba com rolezinho no Sert\u00e3o da Para\u00edba - Pol\u00edcia Militar da Para\u00edba","robots":{"index":"index","follow":"follow","max-snippet":"max-snippet:-1","max-image-preview":"max-image-preview:large","max-video-preview":"max-video-preview:-1"},"canonical":"https:\/\/www.pm.pb.gov.br\/portal\/2020\/12\/28\/policia-militar-apreende-17-motos-e-acaba-com-rolezinho-no-sertao-da-paraiba\/","og_locale":"pt_BR","og_type":"article","og_title":"Pol\u00edcia Militar apreende 17 motos e acaba com rolezinho no Sert\u00e3o da Para\u00edba - Pol\u00edcia Militar da Para\u00edba","og_description":"A Pol\u00edcia Militar interviu em um rolezinho que um grupo de jovens organizaram nesse domingo (27), na cidade de Juru,","og_url":"https:\/\/www.pm.pb.gov.br\/portal\/2020\/12\/28\/policia-militar-apreende-17-motos-e-acaba-com-rolezinho-no-sertao-da-paraiba\/","og_site_name":"Pol\u00edcia Militar da Para\u00edba","article_published_time":"2020-12-28T09:20:23+00:00","article_modified_time":"2020-12-28T09:20:25+00:00","og_image":[{"width":1040,"height":780,"url":"https:\/\/www.pm.pb.gov.br\/portal\/wp-content\/uploads\/2020\/12\/5cd01fc4-5466-4600-8067-0c0a0ed3c9cc.jpeg","type":"image\/jpeg"}],"author":"Assessoria de Imprensa da PMPB","twitter_card":"summary_large_image","twitter_misc":{"Escrito por":"Assessoria de Imprensa da PMPB","Est. tempo de leitura":"1 minuto"},"schema":{"@context":"https:\/\/schema.org","@graph":[{"@type":"Article","@id":"https:\/\/www.pm.pb.gov.br\/portal\/2020\/12\/28\/policia-militar-apreende-17-motos-e-acaba-com-rolezinho-no-sertao-da-paraiba\/#article","isPartOf":{"@id":"https:\/\/www.pm.pb.gov.br\/portal\/2020\/12\/28\/policia-militar-apreende-17-motos-e-acaba-com-rolezinho-no-sertao-da-paraiba\/"},"author":{"name":"Assessoria de Imprensa da PMPB","@id":"https:\/\/www.pm.pb.gov.br\/portal\/#\/schema\/person\/e8454f46651c3ecf0e1ba3c1666d9947"},"headline":"Pol\u00edcia Militar apreende 17 motos e acaba com rolezinho no Sert\u00e3o da Para\u00edba","datePublished":"2020-12-28T09:20:23+00:00","dateModified":"2020-12-28T09:20:25+00:00","mainEntityOfPage":{"@id":"https:\/\/www.pm.pb.gov.br\/portal\/2020\/12\/28\/policia-militar-apreende-17-motos-e-acaba-com-rolezinho-no-sertao-da-paraiba\/"},"wordCount":170,"publisher":{"@id":"https:\/\/www.pm.pb.gov.br\/portal\/#organization"},"articleSection":["A\u00e7\u00f5es Policiais"],"inLanguage":"pt-BR"},{"@type":"WebPage","@id":"https:\/\/www.pm.pb.gov.br\/portal\/2020\/12\/28\/policia-militar-apreende-17-motos-e-acaba-com-rolezinho-no-sertao-da-paraiba\/","url":"https:\/\/www.pm.pb.gov.br\/portal\/2020\/12\/28\/policia-militar-apreende-17-motos-e-acaba-com-rolezinho-no-sertao-da-paraiba\/","name":"Pol\u00edcia Militar apreende 17 motos e acaba com rolezinho no Sert\u00e3o da Para\u00edba - Pol\u00edcia Militar da Para\u00edba","isPartOf":{"@id":"https:\/\/www.pm.pb.gov.br\/portal\/#website"},"datePublished":"2020-12-28T09:20:23+00:00","dateModified":"2020-12-28T09:20:25+00:00","breadcrumb":{"@id":"https:\/\/www.pm.pb.gov.br\/portal\/2020\/12\/28\/policia-militar-apreende-17-motos-e-acaba-com-rolezinho-no-sertao-da-paraiba\/#breadcrumb"},"inLanguage":"pt-BR","potentialAction":[{"@type":"ReadAction","target":["https:\/\/www.pm.pb.gov.br\/portal\/2020\/12\/28\/policia-militar-apreende-17-motos-e-acaba-com-rolezinho-no-sertao-da-paraiba\/"]}]},{"@type":"BreadcrumbList","@id":"https:\/\/www.pm.pb.gov.br\/portal\/2020\/12\/28\/policia-militar-apreende-17-motos-e-acaba-com-rolezinho-no-sertao-da-paraiba\/#breadcrumb","itemListElement":[{"@type":"ListItem","position":1,"name":"In\u00edcio","item":"https:\/\/www.pm.pb.gov.br\/portal\/"},{"@type":"ListItem","position":2,"name":"Pol\u00edcia Militar apreende 17 motos e acaba com rolezinho no Sert\u00e3o da Para\u00edba"}]},{"@type":"WebSite","@id":"https:\/\/www.pm.pb.gov.br\/portal\/#website","url":"https:\/\/www.pm.pb.gov.br\/portal\/","name":"Pol\u00edcia Militar da Para\u00edba","description":"","publisher":{"@id":"https:\/\/www.pm.pb.gov.br\/portal\/#organization"},"potentialAction":[{"@type":"SearchAction","target":{"@type":"EntryPoint","urlTemplate":"https:\/\/www.pm.pb.gov.br\/portal\/?s={search_term_string}"},"query-input":"required name=search_term_string"}],"inLanguage":"pt-BR"},{"@type":"Organization","@id":"https:\/\/www.pm.pb.gov.br\/portal\/#organization","name":"Pol\u00edcia Militar da Para\u00edba","url":"https:\/\/www.pm.pb.gov.br\/portal\/","logo":{"@type":"ImageObject","inLanguage":"pt-BR","@id":"https:\/\/www.pm.pb.gov.br\/portal\/#\/schema\/logo\/image\/","url":"https:\/\/www.pm.pb.gov.br\/portal\/wp-content\/uploads\/2025\/03\/cropped-logo-site-mag2-1.png","contentUrl":"https:\/\/www.pm.pb.gov.br\/portal\/wp-content\/uploads\/2025\/03\/cropped-logo-site-mag2-1.png","width":320,"height":90,"caption":"Pol\u00edcia Militar da Para\u00edba"},"image":{"@id":"https:\/\/www.pm.pb.gov.br\/portal\/#\/schema\/logo\/image\/"}},{"@type":"Person","@id":"https:\/\/www.pm.pb.gov.br\/portal\/#\/schema\/person\/e8454f46651c3ecf0e1ba3c1666d9947","name":"Assessoria de Imprensa da PMPB","image":{"@type":"ImageObject","inLanguage":"pt-BR","@id":"https:\/\/www.pm.pb.gov.br\/portal\/#\/schema\/person\/image\/","url":"https:\/\/secure.gravatar.com\/avatar\/2efe197438265d1e90bd98c4c8e1acf8?s=96&d=mm&r=g","contentUrl":"https:\/\/secure.gravatar.com\/avatar\/2efe197438265d1e90bd98c4c8e1acf8?s=96&d=mm&r=g","caption":"Assessoria de Imprensa da PMPB"},"url":"https:\/\/www.pm.pb.gov.br\/portal\/author\/assessoria\/"}]}},"_links":{"self":[{"href":"https:\/\/www.pm.pb.gov.br\/portal\/wp-json\/wp\/v2\/posts\/908713"}],"collection":[{"href":"https:\/\/www.pm.pb.gov.br\/portal\/wp-json\/wp\/v2\/posts"}],"about":[{"href":"https:\/\/www.pm.pb.gov.br\/portal\/wp-json\/wp\/v2\/types\/post"}],"author":[{"embeddable":true,"href":"https:\/\/www.pm.pb.gov.br\/portal\/wp-json\/wp\/v2\/users\/5"}],"replies":[{"embeddable":true,"href":"https:\/\/www.pm.pb.gov.br\/portal\/wp-json\/wp\/v2\/comments?post=908713"}],"version-history":[{"count":2,"href":"https:\/\/www.pm.pb.gov.br\/portal\/wp-json\/wp\/v2\/posts\/908713\/revisions"}],"predecessor-version":[{"id":908776,"href":"https:\/\/www.pm.pb.gov.br\/portal\/wp-json\/wp\/v2\/posts\/908713\/revisions\/908776"}],"wp:featuredmedia":[{"embeddable":true,"href":"https:\/\/www.pm.pb.gov.br\/portal\/wp-json\/wp\/v2\/media\/908774"}],"wp:attachment":[{"href":"https:\/\/www.pm.pb.gov.br\/portal\/wp-json\/wp\/v2\/media?parent=908713"}],"wp:term":[{"taxonomy":"category","embeddable":true,"href":"https:\/\/www.pm.pb.gov.br\/portal\/wp-json\/wp\/v2\/categories?post=908713"},{"taxonomy":"post_tag","embeddable":true,"href":"https:\/\/www.pm.pb.gov.br\/portal\/wp-json\/wp\/v2\/tags?post=908713"}],"curies":[{"name":"wp","href":"https:\/\/api.w.org\/{rel}","templated":true}]}}