{"id":908694,"date":"2020-12-23T09:06:23","date_gmt":"2020-12-23T12:06:23","guid":{"rendered":"http:\/\/www.pm.pb.gov.br\/portal\/?p=908694"},"modified":"2020-12-23T09:06:25","modified_gmt":"2020-12-23T12:06:25","slug":"pm-apreende-armas-com-integrantes-de-grupo-que-estaria-ameacando-moradores-do-gervasio-maia","status":"publish","type":"post","link":"https:\/\/www.pm.pb.gov.br\/portal\/2020\/12\/23\/pm-apreende-armas-com-integrantes-de-grupo-que-estaria-ameacando-moradores-do-gervasio-maia\/","title":{"rendered":"PM apreende armas com integrantes de grupo que estaria amea\u00e7ando moradores do Gerv\u00e1sio Maia"},"content":{"rendered":"\n<p>A Pol\u00edcia Militar, por meio da For\u00e7a T\u00e1tica do 5\u00ba Batalh\u00e3o, prendeu dois suspeitos que fazem parte de um grupo que estaria intimidando moradores do conjunto Gerv\u00e1sio Maia, no bairro de Gramame, na zona de Jo\u00e3o Pessoa. Os acusados, de 22 e 21 anos, foram presos nessa ter\u00e7a-feira (22) com duas pistolas.<br><br>As equipes da PM ocuparam a localidade depois que receberam den\u00fancias de que v\u00e1rios suspeitos, envolvidos no tr\u00e1fico de drogas, estariam amea\u00e7ando a popula\u00e7\u00e3o local e ostentando armas de fogo. Mesmo com a pris\u00e3o dos dois suspeitos e apreens\u00e3o das duas armas, as a\u00e7\u00f5es no Gerv\u00e1sio Maia ir\u00e3o continuar e mais integrantes do grupo devem ser presos nos pr\u00f3ximos dias.<br><br>Os dois presos foram apresentados na Central de Flagrantes, no Geisel.<\/p>\n","protected":false},"excerpt":{"rendered":"<p>A Pol\u00edcia Militar, por meio da For\u00e7a T\u00e1tica do 5\u00ba Batalh\u00e3o, prendeu dois suspeitos que fazem parte de um grupo<\/p>\n","protected":false},"author":5,"featured_media":908703,"comment_status":"closed","ping_status":"closed","sticky":false,"template":"","format":"standard","meta":{"_exactmetrics_skip_tracking":false,"_exactmetrics_sitenote_active":false,"_exactmetrics_sitenote_note":"","_exactmetrics_sitenote_category":0,"footnotes":""},"categories":[4],"tags":[],"yoast_head":"<!-- This site is optimized with the Yoast SEO plugin v22.0 - https:\/\/yoast.com\/wordpress\/plugins\/seo\/ -->\n<title>PM apreende armas com integrantes de grupo que estaria amea\u00e7ando moradores do Gerv\u00e1sio Maia - Pol\u00edcia Militar da Para\u00edba<\/title>\n<meta name=\"robots\" content=\"index, follow, max-snippet:-1, max-image-preview:large, max-video-preview:-1\" \/>\n<link rel=\"canonical\" href=\"https:\/\/www.pm.pb.gov.br\/portal\/2020\/12\/23\/pm-apreende-armas-com-integrantes-de-grupo-que-estaria-ameacando-moradores-do-gervasio-maia\/\" \/>\n<meta property=\"og:locale\" content=\"pt_BR\" \/>\n<meta property=\"og:type\" content=\"article\" \/>\n<meta property=\"og:title\" content=\"PM apreende armas com integrantes de grupo que estaria amea\u00e7ando moradores do Gerv\u00e1sio Maia - Pol\u00edcia Militar da Para\u00edba\" \/>\n<meta property=\"og:description\" content=\"A Pol\u00edcia Militar, por meio da For\u00e7a T\u00e1tica do 5\u00ba Batalh\u00e3o, prendeu dois suspeitos que fazem parte de um grupo\" \/>\n<meta property=\"og:url\" content=\"https:\/\/www.pm.pb.gov.br\/portal\/2020\/12\/23\/pm-apreende-armas-com-integrantes-de-grupo-que-estaria-ameacando-moradores-do-gervasio-maia\/\" \/>\n<meta property=\"og:site_name\" content=\"Pol\u00edcia Militar da Para\u00edba\" \/>\n<meta property=\"article:published_time\" content=\"2020-12-23T12:06:23+00:00\" \/>\n<meta property=\"article:modified_time\" content=\"2020-12-23T12:06:25+00:00\" \/>\n<meta property=\"og:image\" content=\"https:\/\/www.pm.pb.gov.br\/portal\/wp-content\/uploads\/2020\/12\/5bpm.jpeg\" \/>\n\t<meta property=\"og:image:width\" content=\"1280\" \/>\n\t<meta property=\"og:image:height\" content=\"720\" \/>\n\t<meta property=\"og:image:type\" content=\"image\/jpeg\" \/>\n<meta name=\"author\" content=\"Assessoria de Imprensa da PMPB\" \/>\n<meta name=\"twitter:card\" content=\"summary_large_image\" \/>\n<meta name=\"twitter:label1\" content=\"Escrito por\" \/>\n\t<meta name=\"twitter:data1\" content=\"Assessoria de Imprensa da PMPB\" \/>\n\t<meta name=\"twitter:label2\" content=\"Est. tempo de leitura\" \/>\n\t<meta name=\"twitter:data2\" content=\"1 minuto\" \/>\n<script type=\"application\/ld+json\" class=\"yoast-schema-graph\">{\"@context\":\"https:\/\/schema.org\",\"@graph\":[{\"@type\":\"Article\",\"@id\":\"https:\/\/www.pm.pb.gov.br\/portal\/2020\/12\/23\/pm-apreende-armas-com-integrantes-de-grupo-que-estaria-ameacando-moradores-do-gervasio-maia\/#article\",\"isPartOf\":{\"@id\":\"https:\/\/www.pm.pb.gov.br\/portal\/2020\/12\/23\/pm-apreende-armas-com-integrantes-de-grupo-que-estaria-ameacando-moradores-do-gervasio-maia\/\"},\"author\":{\"name\":\"Assessoria de Imprensa da PMPB\",\"@id\":\"https:\/\/www.pm.pb.gov.br\/portal\/#\/schema\/person\/e8454f46651c3ecf0e1ba3c1666d9947\"},\"headline\":\"PM apreende armas com integrantes de grupo que estaria amea\u00e7ando moradores do Gerv\u00e1sio Maia\",\"datePublished\":\"2020-12-23T12:06:23+00:00\",\"dateModified\":\"2020-12-23T12:06:25+00:00\",\"mainEntityOfPage\":{\"@id\":\"https:\/\/www.pm.pb.gov.br\/portal\/2020\/12\/23\/pm-apreende-armas-com-integrantes-de-grupo-que-estaria-ameacando-moradores-do-gervasio-maia\/\"},\"wordCount\":153,\"publisher\":{\"@id\":\"https:\/\/www.pm.pb.gov.br\/portal\/#organization\"},\"articleSection\":[\"A\u00e7\u00f5es Policiais\"],\"inLanguage\":\"pt-BR\"},{\"@type\":\"WebPage\",\"@id\":\"https:\/\/www.pm.pb.gov.br\/portal\/2020\/12\/23\/pm-apreende-armas-com-integrantes-de-grupo-que-estaria-ameacando-moradores-do-gervasio-maia\/\",\"url\":\"https:\/\/www.pm.pb.gov.br\/portal\/2020\/12\/23\/pm-apreende-armas-com-integrantes-de-grupo-que-estaria-ameacando-moradores-do-gervasio-maia\/\",\"name\":\"PM apreende armas com integrantes de grupo que estaria amea\u00e7ando moradores do Gerv\u00e1sio Maia - Pol\u00edcia Militar da Para\u00edba\",\"isPartOf\":{\"@id\":\"https:\/\/www.pm.pb.gov.br\/portal\/#website\"},\"datePublished\":\"2020-12-23T12:06:23+00:00\",\"dateModified\":\"2020-12-23T12:06:25+00:00\",\"breadcrumb\":{\"@id\":\"https:\/\/www.pm.pb.gov.br\/portal\/2020\/12\/23\/pm-apreende-armas-com-integrantes-de-grupo-que-estaria-ameacando-moradores-do-gervasio-maia\/#breadcrumb\"},\"inLanguage\":\"pt-BR\",\"potentialAction\":[{\"@type\":\"ReadAction\",\"target\":[\"https:\/\/www.pm.pb.gov.br\/portal\/2020\/12\/23\/pm-apreende-armas-com-integrantes-de-grupo-que-estaria-ameacando-moradores-do-gervasio-maia\/\"]}]},{\"@type\":\"BreadcrumbList\",\"@id\":\"https:\/\/www.pm.pb.gov.br\/portal\/2020\/12\/23\/pm-apreende-armas-com-integrantes-de-grupo-que-estaria-ameacando-moradores-do-gervasio-maia\/#breadcrumb\",\"itemListElement\":[{\"@type\":\"ListItem\",\"position\":1,\"name\":\"In\u00edcio\",\"item\":\"https:\/\/www.pm.pb.gov.br\/portal\/\"},{\"@type\":\"ListItem\",\"position\":2,\"name\":\"PM apreende armas com integrantes de grupo que estaria amea\u00e7ando moradores do Gerv\u00e1sio Maia\"}]},{\"@type\":\"WebSite\",\"@id\":\"https:\/\/www.pm.pb.gov.br\/portal\/#website\",\"url\":\"https:\/\/www.pm.pb.gov.br\/portal\/\",\"name\":\"Pol\u00edcia Militar da Para\u00edba\",\"description\":\"\",\"publisher\":{\"@id\":\"https:\/\/www.pm.pb.gov.br\/portal\/#organization\"},\"potentialAction\":[{\"@type\":\"SearchAction\",\"target\":{\"@type\":\"EntryPoint\",\"urlTemplate\":\"https:\/\/www.pm.pb.gov.br\/portal\/?s={search_term_string}\"},\"query-input\":\"required name=search_term_string\"}],\"inLanguage\":\"pt-BR\"},{\"@type\":\"Organization\",\"@id\":\"https:\/\/www.pm.pb.gov.br\/portal\/#organization\",\"name\":\"Pol\u00edcia Militar da Para\u00edba\",\"url\":\"https:\/\/www.pm.pb.gov.br\/portal\/\",\"logo\":{\"@type\":\"ImageObject\",\"inLanguage\":\"pt-BR\",\"@id\":\"https:\/\/www.pm.pb.gov.br\/portal\/#\/schema\/logo\/image\/\",\"url\":\"https:\/\/www.pm.pb.gov.br\/portal\/wp-content\/uploads\/2025\/03\/cropped-logo-site-mag2-1.png\",\"contentUrl\":\"https:\/\/www.pm.pb.gov.br\/portal\/wp-content\/uploads\/2025\/03\/cropped-logo-site-mag2-1.png\",\"width\":320,\"height\":90,\"caption\":\"Pol\u00edcia Militar da Para\u00edba\"},\"image\":{\"@id\":\"https:\/\/www.pm.pb.gov.br\/portal\/#\/schema\/logo\/image\/\"}},{\"@type\":\"Person\",\"@id\":\"https:\/\/www.pm.pb.gov.br\/portal\/#\/schema\/person\/e8454f46651c3ecf0e1ba3c1666d9947\",\"name\":\"Assessoria de Imprensa da PMPB\",\"image\":{\"@type\":\"ImageObject\",\"inLanguage\":\"pt-BR\",\"@id\":\"https:\/\/www.pm.pb.gov.br\/portal\/#\/schema\/person\/image\/\",\"url\":\"https:\/\/secure.gravatar.com\/avatar\/2efe197438265d1e90bd98c4c8e1acf8?s=96&d=mm&r=g\",\"contentUrl\":\"https:\/\/secure.gravatar.com\/avatar\/2efe197438265d1e90bd98c4c8e1acf8?s=96&d=mm&r=g\",\"caption\":\"Assessoria de Imprensa da PMPB\"},\"url\":\"https:\/\/www.pm.pb.gov.br\/portal\/author\/assessoria\/\"}]}<\/script>\n<!-- \/ Yoast SEO plugin. -->","yoast_head_json":{"title":"PM apreende armas com integrantes de grupo que estaria amea\u00e7ando moradores do Gerv\u00e1sio Maia - Pol\u00edcia Militar da Para\u00edba","robots":{"index":"index","follow":"follow","max-snippet":"max-snippet:-1","max-image-preview":"max-image-preview:large","max-video-preview":"max-video-preview:-1"},"canonical":"https:\/\/www.pm.pb.gov.br\/portal\/2020\/12\/23\/pm-apreende-armas-com-integrantes-de-grupo-que-estaria-ameacando-moradores-do-gervasio-maia\/","og_locale":"pt_BR","og_type":"article","og_title":"PM apreende armas com integrantes de grupo que estaria amea\u00e7ando moradores do Gerv\u00e1sio Maia - Pol\u00edcia Militar da Para\u00edba","og_description":"A Pol\u00edcia Militar, por meio da For\u00e7a T\u00e1tica do 5\u00ba Batalh\u00e3o, prendeu dois suspeitos que fazem parte de um grupo","og_url":"https:\/\/www.pm.pb.gov.br\/portal\/2020\/12\/23\/pm-apreende-armas-com-integrantes-de-grupo-que-estaria-ameacando-moradores-do-gervasio-maia\/","og_site_name":"Pol\u00edcia Militar da Para\u00edba","article_published_time":"2020-12-23T12:06:23+00:00","article_modified_time":"2020-12-23T12:06:25+00:00","og_image":[{"width":1280,"height":720,"url":"https:\/\/www.pm.pb.gov.br\/portal\/wp-content\/uploads\/2020\/12\/5bpm.jpeg","type":"image\/jpeg"}],"author":"Assessoria de Imprensa da PMPB","twitter_card":"summary_large_image","twitter_misc":{"Escrito por":"Assessoria de Imprensa da PMPB","Est. tempo de leitura":"1 minuto"},"schema":{"@context":"https:\/\/schema.org","@graph":[{"@type":"Article","@id":"https:\/\/www.pm.pb.gov.br\/portal\/2020\/12\/23\/pm-apreende-armas-com-integrantes-de-grupo-que-estaria-ameacando-moradores-do-gervasio-maia\/#article","isPartOf":{"@id":"https:\/\/www.pm.pb.gov.br\/portal\/2020\/12\/23\/pm-apreende-armas-com-integrantes-de-grupo-que-estaria-ameacando-moradores-do-gervasio-maia\/"},"author":{"name":"Assessoria de Imprensa da PMPB","@id":"https:\/\/www.pm.pb.gov.br\/portal\/#\/schema\/person\/e8454f46651c3ecf0e1ba3c1666d9947"},"headline":"PM apreende armas com integrantes de grupo que estaria amea\u00e7ando moradores do Gerv\u00e1sio Maia","datePublished":"2020-12-23T12:06:23+00:00","dateModified":"2020-12-23T12:06:25+00:00","mainEntityOfPage":{"@id":"https:\/\/www.pm.pb.gov.br\/portal\/2020\/12\/23\/pm-apreende-armas-com-integrantes-de-grupo-que-estaria-ameacando-moradores-do-gervasio-maia\/"},"wordCount":153,"publisher":{"@id":"https:\/\/www.pm.pb.gov.br\/portal\/#organization"},"articleSection":["A\u00e7\u00f5es Policiais"],"inLanguage":"pt-BR"},{"@type":"WebPage","@id":"https:\/\/www.pm.pb.gov.br\/portal\/2020\/12\/23\/pm-apreende-armas-com-integrantes-de-grupo-que-estaria-ameacando-moradores-do-gervasio-maia\/","url":"https:\/\/www.pm.pb.gov.br\/portal\/2020\/12\/23\/pm-apreende-armas-com-integrantes-de-grupo-que-estaria-ameacando-moradores-do-gervasio-maia\/","name":"PM apreende armas com integrantes de grupo que estaria amea\u00e7ando moradores do Gerv\u00e1sio Maia - Pol\u00edcia Militar da Para\u00edba","isPartOf":{"@id":"https:\/\/www.pm.pb.gov.br\/portal\/#website"},"datePublished":"2020-12-23T12:06:23+00:00","dateModified":"2020-12-23T12:06:25+00:00","breadcrumb":{"@id":"https:\/\/www.pm.pb.gov.br\/portal\/2020\/12\/23\/pm-apreende-armas-com-integrantes-de-grupo-que-estaria-ameacando-moradores-do-gervasio-maia\/#breadcrumb"},"inLanguage":"pt-BR","potentialAction":[{"@type":"ReadAction","target":["https:\/\/www.pm.pb.gov.br\/portal\/2020\/12\/23\/pm-apreende-armas-com-integrantes-de-grupo-que-estaria-ameacando-moradores-do-gervasio-maia\/"]}]},{"@type":"BreadcrumbList","@id":"https:\/\/www.pm.pb.gov.br\/portal\/2020\/12\/23\/pm-apreende-armas-com-integrantes-de-grupo-que-estaria-ameacando-moradores-do-gervasio-maia\/#breadcrumb","itemListElement":[{"@type":"ListItem","position":1,"name":"In\u00edcio","item":"https:\/\/www.pm.pb.gov.br\/portal\/"},{"@type":"ListItem","position":2,"name":"PM apreende armas com integrantes de grupo que estaria amea\u00e7ando moradores do Gerv\u00e1sio Maia"}]},{"@type":"WebSite","@id":"https:\/\/www.pm.pb.gov.br\/portal\/#website","url":"https:\/\/www.pm.pb.gov.br\/portal\/","name":"Pol\u00edcia Militar da Para\u00edba","description":"","publisher":{"@id":"https:\/\/www.pm.pb.gov.br\/portal\/#organization"},"potentialAction":[{"@type":"SearchAction","target":{"@type":"EntryPoint","urlTemplate":"https:\/\/www.pm.pb.gov.br\/portal\/?s={search_term_string}"},"query-input":"required name=search_term_string"}],"inLanguage":"pt-BR"},{"@type":"Organization","@id":"https:\/\/www.pm.pb.gov.br\/portal\/#organization","name":"Pol\u00edcia Militar da Para\u00edba","url":"https:\/\/www.pm.pb.gov.br\/portal\/","logo":{"@type":"ImageObject","inLanguage":"pt-BR","@id":"https:\/\/www.pm.pb.gov.br\/portal\/#\/schema\/logo\/image\/","url":"https:\/\/www.pm.pb.gov.br\/portal\/wp-content\/uploads\/2025\/03\/cropped-logo-site-mag2-1.png","contentUrl":"https:\/\/www.pm.pb.gov.br\/portal\/wp-content\/uploads\/2025\/03\/cropped-logo-site-mag2-1.png","width":320,"height":90,"caption":"Pol\u00edcia Militar da Para\u00edba"},"image":{"@id":"https:\/\/www.pm.pb.gov.br\/portal\/#\/schema\/logo\/image\/"}},{"@type":"Person","@id":"https:\/\/www.pm.pb.gov.br\/portal\/#\/schema\/person\/e8454f46651c3ecf0e1ba3c1666d9947","name":"Assessoria de Imprensa da PMPB","image":{"@type":"ImageObject","inLanguage":"pt-BR","@id":"https:\/\/www.pm.pb.gov.br\/portal\/#\/schema\/person\/image\/","url":"https:\/\/secure.gravatar.com\/avatar\/2efe197438265d1e90bd98c4c8e1acf8?s=96&d=mm&r=g","contentUrl":"https:\/\/secure.gravatar.com\/avatar\/2efe197438265d1e90bd98c4c8e1acf8?s=96&d=mm&r=g","caption":"Assessoria de Imprensa da PMPB"},"url":"https:\/\/www.pm.pb.gov.br\/portal\/author\/assessoria\/"}]}},"_links":{"self":[{"href":"https:\/\/www.pm.pb.gov.br\/portal\/wp-json\/wp\/v2\/posts\/908694"}],"collection":[{"href":"https:\/\/www.pm.pb.gov.br\/portal\/wp-json\/wp\/v2\/posts"}],"about":[{"href":"https:\/\/www.pm.pb.gov.br\/portal\/wp-json\/wp\/v2\/types\/post"}],"author":[{"embeddable":true,"href":"https:\/\/www.pm.pb.gov.br\/portal\/wp-json\/wp\/v2\/users\/5"}],"replies":[{"embeddable":true,"href":"https:\/\/www.pm.pb.gov.br\/portal\/wp-json\/wp\/v2\/comments?post=908694"}],"version-history":[{"count":2,"href":"https:\/\/www.pm.pb.gov.br\/portal\/wp-json\/wp\/v2\/posts\/908694\/revisions"}],"predecessor-version":[{"id":908704,"href":"https:\/\/www.pm.pb.gov.br\/portal\/wp-json\/wp\/v2\/posts\/908694\/revisions\/908704"}],"wp:featuredmedia":[{"embeddable":true,"href":"https:\/\/www.pm.pb.gov.br\/portal\/wp-json\/wp\/v2\/media\/908703"}],"wp:attachment":[{"href":"https:\/\/www.pm.pb.gov.br\/portal\/wp-json\/wp\/v2\/media?parent=908694"}],"wp:term":[{"taxonomy":"category","embeddable":true,"href":"https:\/\/www.pm.pb.gov.br\/portal\/wp-json\/wp\/v2\/categories?post=908694"},{"taxonomy":"post_tag","embeddable":true,"href":"https:\/\/www.pm.pb.gov.br\/portal\/wp-json\/wp\/v2\/tags?post=908694"}],"curies":[{"name":"wp","href":"https:\/\/api.w.org\/{rel}","templated":true}]}}