{"id":908687,"date":"2020-12-22T10:34:49","date_gmt":"2020-12-22T13:34:49","guid":{"rendered":"http:\/\/www.pm.pb.gov.br\/portal\/?p=908687"},"modified":"2020-12-22T10:34:51","modified_gmt":"2020-12-22T13:34:51","slug":"policia-militar-prende-suspeitos-de-roubo-e-apreende-adolescente-envolvido-com-drogas-na-zona-sul-de-joao-pessoa","status":"publish","type":"post","link":"https:\/\/www.pm.pb.gov.br\/portal\/2020\/12\/22\/policia-militar-prende-suspeitos-de-roubo-e-apreende-adolescente-envolvido-com-drogas-na-zona-sul-de-joao-pessoa\/","title":{"rendered":"Pol\u00edcia Militar prende suspeitos de roubo, e apreende adolescente envolvido com drogas na zona sul de Jo\u00e3o Pessoa"},"content":{"rendered":"\n<p>Duas a\u00e7\u00f5es da Pol\u00edcia Militar levaram a pris\u00e3o de uma dupla, suspeita de assalto, e apreens\u00e3o de um menor de idade envolvido com drogas, na zona sul de Jo\u00e3o Pessoa (foto acima ilustrativa). As pris\u00f5es e apreens\u00e3o aconteceram no fim da tarde dessa segunda-feira (21), nos bairros de Mangabeira e Nova Mangabeira.<\/p>\n<p>Dois homens de 19 anos de idade, que assaltaram um estabelecimento comercial em Mangabeira usando uma faca, foram presos pela For\u00e7a T\u00e1tica do 5\u00ba Batalh\u00e3o. Eles tentaram fugir em uma motocicleta, usada no crime, mas foram detidos pelos policiais. Um celular que havia sido roubado foi recuperado, e a faca usada no crime foi apreendida. Os suspeitos foram conduzidos para Central de Flagrantes.<\/p>\n<p>J\u00e1 em Nova Mangabeira, na comunidade Santa B\u00e1rbara, policiais da For\u00e7a Regional chegaram at\u00e9 um adolescente que estava com quase 70 por\u00e7\u00f5es de drogas, entre crack, coca\u00edna e maconha, al\u00e9m de comprimidos artane. Todo o material estava em uma sacola e em uma pochete com o menor. A PM tamb\u00e9m apreendeu mais de R$ 170, e uma faca (foto abaixo). O menor foi conduzido para a Delegacia da Inf\u00e2ncia e Adolesc\u00eancia na Central de Pol\u00edcia.<\/p>\n<p><img loading=\"lazy\" decoding=\"async\" class=\"alignnone size-medium wp-image-908688\" src=\"http:\/\/www.pm.pb.gov.br\/portal\/wp-content\/uploads\/2020\/12\/drogasapreendida-800x370.jpeg\" alt=\"\" width=\"800\" height=\"370\" srcset=\"https:\/\/www.pm.pb.gov.br\/portal\/wp-content\/uploads\/2020\/12\/drogasapreendida-800x370.jpeg 800w, https:\/\/www.pm.pb.gov.br\/portal\/wp-content\/uploads\/2020\/12\/drogasapreendida-1024x473.jpeg 1024w, https:\/\/www.pm.pb.gov.br\/portal\/wp-content\/uploads\/2020\/12\/drogasapreendida-768x355.jpeg 768w, https:\/\/www.pm.pb.gov.br\/portal\/wp-content\/uploads\/2020\/12\/drogasapreendida.jpeg 1156w\" sizes=\"(max-width: 800px) 100vw, 800px\" \/><\/p>\n","protected":false},"excerpt":{"rendered":"<p>Duas a\u00e7\u00f5es da Pol\u00edcia Militar levaram a pris\u00e3o de uma dupla, suspeita de assalto, e apreens\u00e3o de um menor de<\/p>\n","protected":false},"author":12,"featured_media":908132,"comment_status":"closed","ping_status":"closed","sticky":false,"template":"","format":"standard","meta":{"_exactmetrics_skip_tracking":false,"_exactmetrics_sitenote_active":false,"_exactmetrics_sitenote_note":"","_exactmetrics_sitenote_category":0,"footnotes":""},"categories":[4],"tags":[],"yoast_head":"<!-- This site is optimized with the Yoast SEO plugin v22.0 - https:\/\/yoast.com\/wordpress\/plugins\/seo\/ -->\n<title>Pol\u00edcia Militar prende suspeitos de roubo, e apreende adolescente envolvido com drogas na zona sul de Jo\u00e3o Pessoa - Pol\u00edcia Militar da Para\u00edba<\/title>\n<meta name=\"robots\" content=\"index, follow, max-snippet:-1, max-image-preview:large, max-video-preview:-1\" \/>\n<link rel=\"canonical\" href=\"https:\/\/www.pm.pb.gov.br\/portal\/2020\/12\/22\/policia-militar-prende-suspeitos-de-roubo-e-apreende-adolescente-envolvido-com-drogas-na-zona-sul-de-joao-pessoa\/\" \/>\n<meta property=\"og:locale\" content=\"pt_BR\" \/>\n<meta property=\"og:type\" content=\"article\" \/>\n<meta property=\"og:title\" content=\"Pol\u00edcia Militar prende suspeitos de roubo, e apreende adolescente envolvido com drogas na zona sul de Jo\u00e3o Pessoa - Pol\u00edcia Militar da Para\u00edba\" \/>\n<meta property=\"og:description\" content=\"Duas a\u00e7\u00f5es da Pol\u00edcia Militar levaram a pris\u00e3o de uma dupla, suspeita de assalto, e apreens\u00e3o de um menor de\" \/>\n<meta property=\"og:url\" content=\"https:\/\/www.pm.pb.gov.br\/portal\/2020\/12\/22\/policia-militar-prende-suspeitos-de-roubo-e-apreende-adolescente-envolvido-com-drogas-na-zona-sul-de-joao-pessoa\/\" \/>\n<meta property=\"og:site_name\" content=\"Pol\u00edcia Militar da Para\u00edba\" \/>\n<meta property=\"article:published_time\" content=\"2020-12-22T13:34:49+00:00\" \/>\n<meta property=\"article:modified_time\" content=\"2020-12-22T13:34:51+00:00\" \/>\n<meta property=\"og:image\" content=\"https:\/\/www.pm.pb.gov.br\/portal\/wp-content\/uploads\/2020\/11\/5bpm.jpeg\" \/>\n\t<meta property=\"og:image:width\" content=\"800\" \/>\n\t<meta property=\"og:image:height\" content=\"445\" \/>\n\t<meta property=\"og:image:type\" content=\"image\/jpeg\" \/>\n<meta name=\"author\" content=\"Tarcisio Oliveira\" \/>\n<meta name=\"twitter:card\" content=\"summary_large_image\" \/>\n<meta name=\"twitter:label1\" content=\"Escrito por\" \/>\n\t<meta name=\"twitter:data1\" content=\"Tarcisio Oliveira\" \/>\n\t<meta name=\"twitter:label2\" content=\"Est. tempo de leitura\" \/>\n\t<meta name=\"twitter:data2\" content=\"1 minuto\" \/>\n<script type=\"application\/ld+json\" class=\"yoast-schema-graph\">{\"@context\":\"https:\/\/schema.org\",\"@graph\":[{\"@type\":\"Article\",\"@id\":\"https:\/\/www.pm.pb.gov.br\/portal\/2020\/12\/22\/policia-militar-prende-suspeitos-de-roubo-e-apreende-adolescente-envolvido-com-drogas-na-zona-sul-de-joao-pessoa\/#article\",\"isPartOf\":{\"@id\":\"https:\/\/www.pm.pb.gov.br\/portal\/2020\/12\/22\/policia-militar-prende-suspeitos-de-roubo-e-apreende-adolescente-envolvido-com-drogas-na-zona-sul-de-joao-pessoa\/\"},\"author\":{\"name\":\"Tarcisio Oliveira\",\"@id\":\"https:\/\/www.pm.pb.gov.br\/portal\/#\/schema\/person\/f84f56dcc78ce4357054da888b8247fd\"},\"headline\":\"Pol\u00edcia Militar prende suspeitos de roubo, e apreende adolescente envolvido com drogas na zona sul de Jo\u00e3o Pessoa\",\"datePublished\":\"2020-12-22T13:34:49+00:00\",\"dateModified\":\"2020-12-22T13:34:51+00:00\",\"mainEntityOfPage\":{\"@id\":\"https:\/\/www.pm.pb.gov.br\/portal\/2020\/12\/22\/policia-militar-prende-suspeitos-de-roubo-e-apreende-adolescente-envolvido-com-drogas-na-zona-sul-de-joao-pessoa\/\"},\"wordCount\":224,\"publisher\":{\"@id\":\"https:\/\/www.pm.pb.gov.br\/portal\/#organization\"},\"articleSection\":[\"A\u00e7\u00f5es Policiais\"],\"inLanguage\":\"pt-BR\"},{\"@type\":\"WebPage\",\"@id\":\"https:\/\/www.pm.pb.gov.br\/portal\/2020\/12\/22\/policia-militar-prende-suspeitos-de-roubo-e-apreende-adolescente-envolvido-com-drogas-na-zona-sul-de-joao-pessoa\/\",\"url\":\"https:\/\/www.pm.pb.gov.br\/portal\/2020\/12\/22\/policia-militar-prende-suspeitos-de-roubo-e-apreende-adolescente-envolvido-com-drogas-na-zona-sul-de-joao-pessoa\/\",\"name\":\"Pol\u00edcia Militar prende suspeitos de roubo, e apreende adolescente envolvido com drogas na zona sul de Jo\u00e3o Pessoa - Pol\u00edcia Militar da Para\u00edba\",\"isPartOf\":{\"@id\":\"https:\/\/www.pm.pb.gov.br\/portal\/#website\"},\"datePublished\":\"2020-12-22T13:34:49+00:00\",\"dateModified\":\"2020-12-22T13:34:51+00:00\",\"breadcrumb\":{\"@id\":\"https:\/\/www.pm.pb.gov.br\/portal\/2020\/12\/22\/policia-militar-prende-suspeitos-de-roubo-e-apreende-adolescente-envolvido-com-drogas-na-zona-sul-de-joao-pessoa\/#breadcrumb\"},\"inLanguage\":\"pt-BR\",\"potentialAction\":[{\"@type\":\"ReadAction\",\"target\":[\"https:\/\/www.pm.pb.gov.br\/portal\/2020\/12\/22\/policia-militar-prende-suspeitos-de-roubo-e-apreende-adolescente-envolvido-com-drogas-na-zona-sul-de-joao-pessoa\/\"]}]},{\"@type\":\"BreadcrumbList\",\"@id\":\"https:\/\/www.pm.pb.gov.br\/portal\/2020\/12\/22\/policia-militar-prende-suspeitos-de-roubo-e-apreende-adolescente-envolvido-com-drogas-na-zona-sul-de-joao-pessoa\/#breadcrumb\",\"itemListElement\":[{\"@type\":\"ListItem\",\"position\":1,\"name\":\"In\u00edcio\",\"item\":\"https:\/\/www.pm.pb.gov.br\/portal\/\"},{\"@type\":\"ListItem\",\"position\":2,\"name\":\"Pol\u00edcia Militar prende suspeitos de roubo, e apreende adolescente envolvido com drogas na zona sul de Jo\u00e3o Pessoa\"}]},{\"@type\":\"WebSite\",\"@id\":\"https:\/\/www.pm.pb.gov.br\/portal\/#website\",\"url\":\"https:\/\/www.pm.pb.gov.br\/portal\/\",\"name\":\"Pol\u00edcia Militar da Para\u00edba\",\"description\":\"\",\"publisher\":{\"@id\":\"https:\/\/www.pm.pb.gov.br\/portal\/#organization\"},\"potentialAction\":[{\"@type\":\"SearchAction\",\"target\":{\"@type\":\"EntryPoint\",\"urlTemplate\":\"https:\/\/www.pm.pb.gov.br\/portal\/?s={search_term_string}\"},\"query-input\":\"required name=search_term_string\"}],\"inLanguage\":\"pt-BR\"},{\"@type\":\"Organization\",\"@id\":\"https:\/\/www.pm.pb.gov.br\/portal\/#organization\",\"name\":\"Pol\u00edcia Militar da Para\u00edba\",\"url\":\"https:\/\/www.pm.pb.gov.br\/portal\/\",\"logo\":{\"@type\":\"ImageObject\",\"inLanguage\":\"pt-BR\",\"@id\":\"https:\/\/www.pm.pb.gov.br\/portal\/#\/schema\/logo\/image\/\",\"url\":\"https:\/\/www.pm.pb.gov.br\/portal\/wp-content\/uploads\/2025\/03\/cropped-logo-site-mag2-1.png\",\"contentUrl\":\"https:\/\/www.pm.pb.gov.br\/portal\/wp-content\/uploads\/2025\/03\/cropped-logo-site-mag2-1.png\",\"width\":320,\"height\":90,\"caption\":\"Pol\u00edcia Militar da Para\u00edba\"},\"image\":{\"@id\":\"https:\/\/www.pm.pb.gov.br\/portal\/#\/schema\/logo\/image\/\"}},{\"@type\":\"Person\",\"@id\":\"https:\/\/www.pm.pb.gov.br\/portal\/#\/schema\/person\/f84f56dcc78ce4357054da888b8247fd\",\"name\":\"Tarcisio Oliveira\",\"image\":{\"@type\":\"ImageObject\",\"inLanguage\":\"pt-BR\",\"@id\":\"https:\/\/www.pm.pb.gov.br\/portal\/#\/schema\/person\/image\/\",\"url\":\"https:\/\/secure.gravatar.com\/avatar\/72917b630b69d31cd0297507f34bac97?s=96&d=mm&r=g\",\"contentUrl\":\"https:\/\/secure.gravatar.com\/avatar\/72917b630b69d31cd0297507f34bac97?s=96&d=mm&r=g\",\"caption\":\"Tarcisio Oliveira\"},\"url\":\"https:\/\/www.pm.pb.gov.br\/portal\/author\/tarcisio\/\"}]}<\/script>\n<!-- \/ Yoast SEO plugin. -->","yoast_head_json":{"title":"Pol\u00edcia Militar prende suspeitos de roubo, e apreende adolescente envolvido com drogas na zona sul de Jo\u00e3o Pessoa - Pol\u00edcia Militar da Para\u00edba","robots":{"index":"index","follow":"follow","max-snippet":"max-snippet:-1","max-image-preview":"max-image-preview:large","max-video-preview":"max-video-preview:-1"},"canonical":"https:\/\/www.pm.pb.gov.br\/portal\/2020\/12\/22\/policia-militar-prende-suspeitos-de-roubo-e-apreende-adolescente-envolvido-com-drogas-na-zona-sul-de-joao-pessoa\/","og_locale":"pt_BR","og_type":"article","og_title":"Pol\u00edcia Militar prende suspeitos de roubo, e apreende adolescente envolvido com drogas na zona sul de Jo\u00e3o Pessoa - Pol\u00edcia Militar da Para\u00edba","og_description":"Duas a\u00e7\u00f5es da Pol\u00edcia Militar levaram a pris\u00e3o de uma dupla, suspeita de assalto, e apreens\u00e3o de um menor de","og_url":"https:\/\/www.pm.pb.gov.br\/portal\/2020\/12\/22\/policia-militar-prende-suspeitos-de-roubo-e-apreende-adolescente-envolvido-com-drogas-na-zona-sul-de-joao-pessoa\/","og_site_name":"Pol\u00edcia Militar da Para\u00edba","article_published_time":"2020-12-22T13:34:49+00:00","article_modified_time":"2020-12-22T13:34:51+00:00","og_image":[{"width":800,"height":445,"url":"https:\/\/www.pm.pb.gov.br\/portal\/wp-content\/uploads\/2020\/11\/5bpm.jpeg","type":"image\/jpeg"}],"author":"Tarcisio Oliveira","twitter_card":"summary_large_image","twitter_misc":{"Escrito por":"Tarcisio Oliveira","Est. tempo de leitura":"1 minuto"},"schema":{"@context":"https:\/\/schema.org","@graph":[{"@type":"Article","@id":"https:\/\/www.pm.pb.gov.br\/portal\/2020\/12\/22\/policia-militar-prende-suspeitos-de-roubo-e-apreende-adolescente-envolvido-com-drogas-na-zona-sul-de-joao-pessoa\/#article","isPartOf":{"@id":"https:\/\/www.pm.pb.gov.br\/portal\/2020\/12\/22\/policia-militar-prende-suspeitos-de-roubo-e-apreende-adolescente-envolvido-com-drogas-na-zona-sul-de-joao-pessoa\/"},"author":{"name":"Tarcisio Oliveira","@id":"https:\/\/www.pm.pb.gov.br\/portal\/#\/schema\/person\/f84f56dcc78ce4357054da888b8247fd"},"headline":"Pol\u00edcia Militar prende suspeitos de roubo, e apreende adolescente envolvido com drogas na zona sul de Jo\u00e3o Pessoa","datePublished":"2020-12-22T13:34:49+00:00","dateModified":"2020-12-22T13:34:51+00:00","mainEntityOfPage":{"@id":"https:\/\/www.pm.pb.gov.br\/portal\/2020\/12\/22\/policia-militar-prende-suspeitos-de-roubo-e-apreende-adolescente-envolvido-com-drogas-na-zona-sul-de-joao-pessoa\/"},"wordCount":224,"publisher":{"@id":"https:\/\/www.pm.pb.gov.br\/portal\/#organization"},"articleSection":["A\u00e7\u00f5es Policiais"],"inLanguage":"pt-BR"},{"@type":"WebPage","@id":"https:\/\/www.pm.pb.gov.br\/portal\/2020\/12\/22\/policia-militar-prende-suspeitos-de-roubo-e-apreende-adolescente-envolvido-com-drogas-na-zona-sul-de-joao-pessoa\/","url":"https:\/\/www.pm.pb.gov.br\/portal\/2020\/12\/22\/policia-militar-prende-suspeitos-de-roubo-e-apreende-adolescente-envolvido-com-drogas-na-zona-sul-de-joao-pessoa\/","name":"Pol\u00edcia Militar prende suspeitos de roubo, e apreende adolescente envolvido com drogas na zona sul de Jo\u00e3o Pessoa - Pol\u00edcia Militar da Para\u00edba","isPartOf":{"@id":"https:\/\/www.pm.pb.gov.br\/portal\/#website"},"datePublished":"2020-12-22T13:34:49+00:00","dateModified":"2020-12-22T13:34:51+00:00","breadcrumb":{"@id":"https:\/\/www.pm.pb.gov.br\/portal\/2020\/12\/22\/policia-militar-prende-suspeitos-de-roubo-e-apreende-adolescente-envolvido-com-drogas-na-zona-sul-de-joao-pessoa\/#breadcrumb"},"inLanguage":"pt-BR","potentialAction":[{"@type":"ReadAction","target":["https:\/\/www.pm.pb.gov.br\/portal\/2020\/12\/22\/policia-militar-prende-suspeitos-de-roubo-e-apreende-adolescente-envolvido-com-drogas-na-zona-sul-de-joao-pessoa\/"]}]},{"@type":"BreadcrumbList","@id":"https:\/\/www.pm.pb.gov.br\/portal\/2020\/12\/22\/policia-militar-prende-suspeitos-de-roubo-e-apreende-adolescente-envolvido-com-drogas-na-zona-sul-de-joao-pessoa\/#breadcrumb","itemListElement":[{"@type":"ListItem","position":1,"name":"In\u00edcio","item":"https:\/\/www.pm.pb.gov.br\/portal\/"},{"@type":"ListItem","position":2,"name":"Pol\u00edcia Militar prende suspeitos de roubo, e apreende adolescente envolvido com drogas na zona sul de Jo\u00e3o Pessoa"}]},{"@type":"WebSite","@id":"https:\/\/www.pm.pb.gov.br\/portal\/#website","url":"https:\/\/www.pm.pb.gov.br\/portal\/","name":"Pol\u00edcia Militar da Para\u00edba","description":"","publisher":{"@id":"https:\/\/www.pm.pb.gov.br\/portal\/#organization"},"potentialAction":[{"@type":"SearchAction","target":{"@type":"EntryPoint","urlTemplate":"https:\/\/www.pm.pb.gov.br\/portal\/?s={search_term_string}"},"query-input":"required name=search_term_string"}],"inLanguage":"pt-BR"},{"@type":"Organization","@id":"https:\/\/www.pm.pb.gov.br\/portal\/#organization","name":"Pol\u00edcia Militar da Para\u00edba","url":"https:\/\/www.pm.pb.gov.br\/portal\/","logo":{"@type":"ImageObject","inLanguage":"pt-BR","@id":"https:\/\/www.pm.pb.gov.br\/portal\/#\/schema\/logo\/image\/","url":"https:\/\/www.pm.pb.gov.br\/portal\/wp-content\/uploads\/2025\/03\/cropped-logo-site-mag2-1.png","contentUrl":"https:\/\/www.pm.pb.gov.br\/portal\/wp-content\/uploads\/2025\/03\/cropped-logo-site-mag2-1.png","width":320,"height":90,"caption":"Pol\u00edcia Militar da Para\u00edba"},"image":{"@id":"https:\/\/www.pm.pb.gov.br\/portal\/#\/schema\/logo\/image\/"}},{"@type":"Person","@id":"https:\/\/www.pm.pb.gov.br\/portal\/#\/schema\/person\/f84f56dcc78ce4357054da888b8247fd","name":"Tarcisio Oliveira","image":{"@type":"ImageObject","inLanguage":"pt-BR","@id":"https:\/\/www.pm.pb.gov.br\/portal\/#\/schema\/person\/image\/","url":"https:\/\/secure.gravatar.com\/avatar\/72917b630b69d31cd0297507f34bac97?s=96&d=mm&r=g","contentUrl":"https:\/\/secure.gravatar.com\/avatar\/72917b630b69d31cd0297507f34bac97?s=96&d=mm&r=g","caption":"Tarcisio Oliveira"},"url":"https:\/\/www.pm.pb.gov.br\/portal\/author\/tarcisio\/"}]}},"_links":{"self":[{"href":"https:\/\/www.pm.pb.gov.br\/portal\/wp-json\/wp\/v2\/posts\/908687"}],"collection":[{"href":"https:\/\/www.pm.pb.gov.br\/portal\/wp-json\/wp\/v2\/posts"}],"about":[{"href":"https:\/\/www.pm.pb.gov.br\/portal\/wp-json\/wp\/v2\/types\/post"}],"author":[{"embeddable":true,"href":"https:\/\/www.pm.pb.gov.br\/portal\/wp-json\/wp\/v2\/users\/12"}],"replies":[{"embeddable":true,"href":"https:\/\/www.pm.pb.gov.br\/portal\/wp-json\/wp\/v2\/comments?post=908687"}],"version-history":[{"count":1,"href":"https:\/\/www.pm.pb.gov.br\/portal\/wp-json\/wp\/v2\/posts\/908687\/revisions"}],"predecessor-version":[{"id":908689,"href":"https:\/\/www.pm.pb.gov.br\/portal\/wp-json\/wp\/v2\/posts\/908687\/revisions\/908689"}],"wp:featuredmedia":[{"embeddable":true,"href":"https:\/\/www.pm.pb.gov.br\/portal\/wp-json\/wp\/v2\/media\/908132"}],"wp:attachment":[{"href":"https:\/\/www.pm.pb.gov.br\/portal\/wp-json\/wp\/v2\/media?parent=908687"}],"wp:term":[{"taxonomy":"category","embeddable":true,"href":"https:\/\/www.pm.pb.gov.br\/portal\/wp-json\/wp\/v2\/categories?post=908687"},{"taxonomy":"post_tag","embeddable":true,"href":"https:\/\/www.pm.pb.gov.br\/portal\/wp-json\/wp\/v2\/tags?post=908687"}],"curies":[{"name":"wp","href":"https:\/\/api.w.org\/{rel}","templated":true}]}}