{"id":907918,"date":"2020-10-14T16:43:29","date_gmt":"2020-10-14T19:43:29","guid":{"rendered":"http:\/\/www.pm.pb.gov.br\/portal\/?p=907918"},"modified":"2020-10-14T20:51:11","modified_gmt":"2020-10-14T23:51:11","slug":"comandante-geral-inicia-entrega-de-atos-de-promocao-aos-79-policiais-promovidos-na-paraiba","status":"publish","type":"post","link":"https:\/\/www.pm.pb.gov.br\/portal\/2020\/10\/14\/comandante-geral-inicia-entrega-de-atos-de-promocao-aos-79-policiais-promovidos-na-paraiba\/","title":{"rendered":"Comandante-geral inicia entrega de atos de promo\u00e7\u00e3o aos 79 policiais promovidos na Para\u00edba"},"content":{"rendered":"\n<p>O comandante-geral da Pol\u00edcia Militar da Para\u00edba, coronel Euller Chaves, deu in\u00edcio nesta ter\u00e7a-feira (13) \u00e0 entrega dos atos de promo\u00e7\u00e3o dos 79 policiais que foram promovidos na \u00faltima sexta-feira (9), \u00e0s gradua\u00e7\u00f5es de 2\u00ba sargento, 1\u00ba sargento e subtenente. <br><br>A entrega simb\u00f3lica aconteceu no pr\u00f3prio gabinete do comandante-geral. Coronel Euller Chaves recebeu uma representa\u00e7\u00e3o dos promovidos, fez a entrega e parabenizou pela nova fase profissional. Os demais atos ser\u00e3o entregues pelos comandantes regionais.<br><br><img loading=\"lazy\" decoding=\"async\" width=\"1280\" height=\"853\" class=\"wp-image-907922\" style=\"width: 800px;\" src=\"http:\/\/www.pm.pb.gov.br\/portal\/wp-content\/uploads\/2020\/10\/59c66f47-23a0-47dd-af89-bb7c9e136cfd.jpeg\" alt=\"\" srcset=\"https:\/\/www.pm.pb.gov.br\/portal\/wp-content\/uploads\/2020\/10\/59c66f47-23a0-47dd-af89-bb7c9e136cfd.jpeg 1280w, https:\/\/www.pm.pb.gov.br\/portal\/wp-content\/uploads\/2020\/10\/59c66f47-23a0-47dd-af89-bb7c9e136cfd-668x445.jpeg 668w, https:\/\/www.pm.pb.gov.br\/portal\/wp-content\/uploads\/2020\/10\/59c66f47-23a0-47dd-af89-bb7c9e136cfd-855x570.jpeg 855w, https:\/\/www.pm.pb.gov.br\/portal\/wp-content\/uploads\/2020\/10\/59c66f47-23a0-47dd-af89-bb7c9e136cfd-768x512.jpeg 768w, https:\/\/www.pm.pb.gov.br\/portal\/wp-content\/uploads\/2020\/10\/59c66f47-23a0-47dd-af89-bb7c9e136cfd-272x182.jpeg 272w\" sizes=\"(max-width: 1280px) 100vw, 1280px\" \/><br>A lista com o nome dos promovidos foi divulgada no Boletim N\u00ba 190 do Quartel do Comando Geral. Com essas promo\u00e7\u00f5es, o Governador Jo\u00e3o Azev\u00eado chega a 1.718 ascens\u00f5es profissionais dentro da Pol\u00edcia Militar, em pouco mais de um ano e dez meses de gest\u00e3o. No per\u00edodo, foram 181 oficiais promovidos e 1.531 pra\u00e7as.<br><br><img loading=\"lazy\" decoding=\"async\" width=\"1280\" height=\"853\" class=\"wp-image-907923\" style=\"width: 800px;\" src=\"http:\/\/www.pm.pb.gov.br\/portal\/wp-content\/uploads\/2020\/10\/5963edc0-8ade-4599-96f5-2ee2ff554dd8.jpeg\" alt=\"\" srcset=\"https:\/\/www.pm.pb.gov.br\/portal\/wp-content\/uploads\/2020\/10\/5963edc0-8ade-4599-96f5-2ee2ff554dd8.jpeg 1280w, https:\/\/www.pm.pb.gov.br\/portal\/wp-content\/uploads\/2020\/10\/5963edc0-8ade-4599-96f5-2ee2ff554dd8-668x445.jpeg 668w, https:\/\/www.pm.pb.gov.br\/portal\/wp-content\/uploads\/2020\/10\/5963edc0-8ade-4599-96f5-2ee2ff554dd8-855x570.jpeg 855w, https:\/\/www.pm.pb.gov.br\/portal\/wp-content\/uploads\/2020\/10\/5963edc0-8ade-4599-96f5-2ee2ff554dd8-768x512.jpeg 768w, https:\/\/www.pm.pb.gov.br\/portal\/wp-content\/uploads\/2020\/10\/5963edc0-8ade-4599-96f5-2ee2ff554dd8-272x182.jpeg 272w\" sizes=\"(max-width: 1280px) 100vw, 1280px\" \/><\/p>\n\n\n\n<p><strong>ATUALIZADO &#8211;<\/strong> Atos de promo\u00e7\u00e3o foram entregues tamb\u00e9m nas sedes dos Comandos Regionais 1 e 2, Campina Grande e Patos, respectivamente (seguem fotos abaixo).<\/p>\n<p><img loading=\"lazy\" decoding=\"async\" class=\"wp-image-907936 aligncenter\" src=\"http:\/\/www.pm.pb.gov.br\/portal\/wp-content\/uploads\/2020\/10\/WhatsApp-Image-2020-10-14-at-20.32.03-730x445.jpeg\" alt=\"\" width=\"529\" height=\"323\" srcset=\"https:\/\/www.pm.pb.gov.br\/portal\/wp-content\/uploads\/2020\/10\/WhatsApp-Image-2020-10-14-at-20.32.03-730x445.jpeg 730w, https:\/\/www.pm.pb.gov.br\/portal\/wp-content\/uploads\/2020\/10\/WhatsApp-Image-2020-10-14-at-20.32.03-936x570.jpeg 936w, https:\/\/www.pm.pb.gov.br\/portal\/wp-content\/uploads\/2020\/10\/WhatsApp-Image-2020-10-14-at-20.32.03-768x468.jpeg 768w, https:\/\/www.pm.pb.gov.br\/portal\/wp-content\/uploads\/2020\/10\/WhatsApp-Image-2020-10-14-at-20.32.03.jpeg 1080w\" sizes=\"(max-width: 529px) 100vw, 529px\" \/><\/p>\n<p><img loading=\"lazy\" decoding=\"async\" class=\" wp-image-907935 aligncenter\" src=\"http:\/\/www.pm.pb.gov.br\/portal\/wp-content\/uploads\/2020\/10\/WhatsApp-Image-2020-10-14-at-20.20.5811-800x441.jpeg\" alt=\"\" width=\"540\" height=\"298\" srcset=\"https:\/\/www.pm.pb.gov.br\/portal\/wp-content\/uploads\/2020\/10\/WhatsApp-Image-2020-10-14-at-20.20.5811-800x441.jpeg 800w, https:\/\/www.pm.pb.gov.br\/portal\/wp-content\/uploads\/2020\/10\/WhatsApp-Image-2020-10-14-at-20.20.5811-1024x564.jpeg 1024w, https:\/\/www.pm.pb.gov.br\/portal\/wp-content\/uploads\/2020\/10\/WhatsApp-Image-2020-10-14-at-20.20.5811-245x136.jpeg 245w, https:\/\/www.pm.pb.gov.br\/portal\/wp-content\/uploads\/2020\/10\/WhatsApp-Image-2020-10-14-at-20.20.5811-768x423.jpeg 768w, https:\/\/www.pm.pb.gov.br\/portal\/wp-content\/uploads\/2020\/10\/WhatsApp-Image-2020-10-14-at-20.20.5811.jpeg 1280w\" sizes=\"(max-width: 540px) 100vw, 540px\" \/><\/p>\n<p><em>Atualizado em 14\/10\/2020 \u00e0s 20h59.<\/em><\/p>\n","protected":false},"excerpt":{"rendered":"<p>O comandante-geral da Pol\u00edcia Militar da Para\u00edba, coronel Euller Chaves, deu in\u00edcio nesta ter\u00e7a-feira (13) \u00e0 entrega dos atos de<\/p>\n","protected":false},"author":5,"featured_media":907921,"comment_status":"closed","ping_status":"closed","sticky":false,"template":"","format":"standard","meta":{"_exactmetrics_skip_tracking":false,"_exactmetrics_sitenote_active":false,"_exactmetrics_sitenote_note":"","_exactmetrics_sitenote_category":0,"footnotes":""},"categories":[4,5],"tags":[],"yoast_head":"<!-- This site is optimized with the Yoast SEO plugin v22.0 - https:\/\/yoast.com\/wordpress\/plugins\/seo\/ -->\n<title>Comandante-geral inicia entrega de atos de promo\u00e7\u00e3o aos 79 policiais promovidos na Para\u00edba - Pol\u00edcia Militar da Para\u00edba<\/title>\n<meta name=\"robots\" content=\"index, follow, max-snippet:-1, max-image-preview:large, max-video-preview:-1\" \/>\n<link rel=\"canonical\" href=\"https:\/\/www.pm.pb.gov.br\/portal\/2020\/10\/14\/comandante-geral-inicia-entrega-de-atos-de-promocao-aos-79-policiais-promovidos-na-paraiba\/\" \/>\n<meta property=\"og:locale\" content=\"pt_BR\" \/>\n<meta property=\"og:type\" content=\"article\" \/>\n<meta property=\"og:title\" content=\"Comandante-geral inicia entrega de atos de promo\u00e7\u00e3o aos 79 policiais promovidos na Para\u00edba - Pol\u00edcia Militar da Para\u00edba\" \/>\n<meta property=\"og:description\" content=\"O comandante-geral da Pol\u00edcia Militar da Para\u00edba, coronel Euller Chaves, deu in\u00edcio nesta ter\u00e7a-feira (13) \u00e0 entrega dos atos de\" \/>\n<meta property=\"og:url\" content=\"https:\/\/www.pm.pb.gov.br\/portal\/2020\/10\/14\/comandante-geral-inicia-entrega-de-atos-de-promocao-aos-79-policiais-promovidos-na-paraiba\/\" \/>\n<meta property=\"og:site_name\" content=\"Pol\u00edcia Militar da Para\u00edba\" \/>\n<meta property=\"article:published_time\" content=\"2020-10-14T19:43:29+00:00\" \/>\n<meta property=\"article:modified_time\" content=\"2020-10-14T23:51:11+00:00\" \/>\n<meta property=\"og:image\" content=\"https:\/\/www.pm.pb.gov.br\/portal\/wp-content\/uploads\/2020\/10\/73001d9a-e9b9-4d2c-9b7a-1f973acdafda.jpeg\" \/>\n\t<meta property=\"og:image:width\" content=\"1280\" \/>\n\t<meta property=\"og:image:height\" content=\"853\" \/>\n\t<meta property=\"og:image:type\" content=\"image\/jpeg\" \/>\n<meta name=\"author\" content=\"Assessoria de Imprensa da PMPB\" \/>\n<meta name=\"twitter:card\" content=\"summary_large_image\" \/>\n<meta name=\"twitter:label1\" content=\"Escrito por\" \/>\n\t<meta name=\"twitter:data1\" content=\"Assessoria de Imprensa da PMPB\" \/>\n\t<meta name=\"twitter:label2\" content=\"Est. tempo de leitura\" \/>\n\t<meta name=\"twitter:data2\" content=\"1 minuto\" \/>\n<script type=\"application\/ld+json\" class=\"yoast-schema-graph\">{\"@context\":\"https:\/\/schema.org\",\"@graph\":[{\"@type\":\"Article\",\"@id\":\"https:\/\/www.pm.pb.gov.br\/portal\/2020\/10\/14\/comandante-geral-inicia-entrega-de-atos-de-promocao-aos-79-policiais-promovidos-na-paraiba\/#article\",\"isPartOf\":{\"@id\":\"https:\/\/www.pm.pb.gov.br\/portal\/2020\/10\/14\/comandante-geral-inicia-entrega-de-atos-de-promocao-aos-79-policiais-promovidos-na-paraiba\/\"},\"author\":{\"name\":\"Assessoria de Imprensa da PMPB\",\"@id\":\"https:\/\/www.pm.pb.gov.br\/portal\/#\/schema\/person\/e8454f46651c3ecf0e1ba3c1666d9947\"},\"headline\":\"Comandante-geral inicia entrega de atos de promo\u00e7\u00e3o aos 79 policiais promovidos na Para\u00edba\",\"datePublished\":\"2020-10-14T19:43:29+00:00\",\"dateModified\":\"2020-10-14T23:51:11+00:00\",\"mainEntityOfPage\":{\"@id\":\"https:\/\/www.pm.pb.gov.br\/portal\/2020\/10\/14\/comandante-geral-inicia-entrega-de-atos-de-promocao-aos-79-policiais-promovidos-na-paraiba\/\"},\"wordCount\":178,\"publisher\":{\"@id\":\"https:\/\/www.pm.pb.gov.br\/portal\/#organization\"},\"articleSection\":[\"A\u00e7\u00f5es Policiais\",\"Homenagens\"],\"inLanguage\":\"pt-BR\"},{\"@type\":\"WebPage\",\"@id\":\"https:\/\/www.pm.pb.gov.br\/portal\/2020\/10\/14\/comandante-geral-inicia-entrega-de-atos-de-promocao-aos-79-policiais-promovidos-na-paraiba\/\",\"url\":\"https:\/\/www.pm.pb.gov.br\/portal\/2020\/10\/14\/comandante-geral-inicia-entrega-de-atos-de-promocao-aos-79-policiais-promovidos-na-paraiba\/\",\"name\":\"Comandante-geral inicia entrega de atos de promo\u00e7\u00e3o aos 79 policiais promovidos na Para\u00edba - Pol\u00edcia Militar da Para\u00edba\",\"isPartOf\":{\"@id\":\"https:\/\/www.pm.pb.gov.br\/portal\/#website\"},\"datePublished\":\"2020-10-14T19:43:29+00:00\",\"dateModified\":\"2020-10-14T23:51:11+00:00\",\"breadcrumb\":{\"@id\":\"https:\/\/www.pm.pb.gov.br\/portal\/2020\/10\/14\/comandante-geral-inicia-entrega-de-atos-de-promocao-aos-79-policiais-promovidos-na-paraiba\/#breadcrumb\"},\"inLanguage\":\"pt-BR\",\"potentialAction\":[{\"@type\":\"ReadAction\",\"target\":[\"https:\/\/www.pm.pb.gov.br\/portal\/2020\/10\/14\/comandante-geral-inicia-entrega-de-atos-de-promocao-aos-79-policiais-promovidos-na-paraiba\/\"]}]},{\"@type\":\"BreadcrumbList\",\"@id\":\"https:\/\/www.pm.pb.gov.br\/portal\/2020\/10\/14\/comandante-geral-inicia-entrega-de-atos-de-promocao-aos-79-policiais-promovidos-na-paraiba\/#breadcrumb\",\"itemListElement\":[{\"@type\":\"ListItem\",\"position\":1,\"name\":\"In\u00edcio\",\"item\":\"https:\/\/www.pm.pb.gov.br\/portal\/\"},{\"@type\":\"ListItem\",\"position\":2,\"name\":\"Comandante-geral inicia entrega de atos de promo\u00e7\u00e3o aos 79 policiais promovidos na Para\u00edba\"}]},{\"@type\":\"WebSite\",\"@id\":\"https:\/\/www.pm.pb.gov.br\/portal\/#website\",\"url\":\"https:\/\/www.pm.pb.gov.br\/portal\/\",\"name\":\"Pol\u00edcia Militar da Para\u00edba\",\"description\":\"\",\"publisher\":{\"@id\":\"https:\/\/www.pm.pb.gov.br\/portal\/#organization\"},\"potentialAction\":[{\"@type\":\"SearchAction\",\"target\":{\"@type\":\"EntryPoint\",\"urlTemplate\":\"https:\/\/www.pm.pb.gov.br\/portal\/?s={search_term_string}\"},\"query-input\":\"required name=search_term_string\"}],\"inLanguage\":\"pt-BR\"},{\"@type\":\"Organization\",\"@id\":\"https:\/\/www.pm.pb.gov.br\/portal\/#organization\",\"name\":\"Pol\u00edcia Militar da Para\u00edba\",\"url\":\"https:\/\/www.pm.pb.gov.br\/portal\/\",\"logo\":{\"@type\":\"ImageObject\",\"inLanguage\":\"pt-BR\",\"@id\":\"https:\/\/www.pm.pb.gov.br\/portal\/#\/schema\/logo\/image\/\",\"url\":\"https:\/\/www.pm.pb.gov.br\/portal\/wp-content\/uploads\/2025\/03\/cropped-logo-site-mag2-1.png\",\"contentUrl\":\"https:\/\/www.pm.pb.gov.br\/portal\/wp-content\/uploads\/2025\/03\/cropped-logo-site-mag2-1.png\",\"width\":320,\"height\":90,\"caption\":\"Pol\u00edcia Militar da Para\u00edba\"},\"image\":{\"@id\":\"https:\/\/www.pm.pb.gov.br\/portal\/#\/schema\/logo\/image\/\"}},{\"@type\":\"Person\",\"@id\":\"https:\/\/www.pm.pb.gov.br\/portal\/#\/schema\/person\/e8454f46651c3ecf0e1ba3c1666d9947\",\"name\":\"Assessoria de Imprensa da PMPB\",\"image\":{\"@type\":\"ImageObject\",\"inLanguage\":\"pt-BR\",\"@id\":\"https:\/\/www.pm.pb.gov.br\/portal\/#\/schema\/person\/image\/\",\"url\":\"https:\/\/secure.gravatar.com\/avatar\/2efe197438265d1e90bd98c4c8e1acf8?s=96&d=mm&r=g\",\"contentUrl\":\"https:\/\/secure.gravatar.com\/avatar\/2efe197438265d1e90bd98c4c8e1acf8?s=96&d=mm&r=g\",\"caption\":\"Assessoria de Imprensa da PMPB\"},\"url\":\"https:\/\/www.pm.pb.gov.br\/portal\/author\/assessoria\/\"}]}<\/script>\n<!-- \/ Yoast SEO plugin. -->","yoast_head_json":{"title":"Comandante-geral inicia entrega de atos de promo\u00e7\u00e3o aos 79 policiais promovidos na Para\u00edba - Pol\u00edcia Militar da Para\u00edba","robots":{"index":"index","follow":"follow","max-snippet":"max-snippet:-1","max-image-preview":"max-image-preview:large","max-video-preview":"max-video-preview:-1"},"canonical":"https:\/\/www.pm.pb.gov.br\/portal\/2020\/10\/14\/comandante-geral-inicia-entrega-de-atos-de-promocao-aos-79-policiais-promovidos-na-paraiba\/","og_locale":"pt_BR","og_type":"article","og_title":"Comandante-geral inicia entrega de atos de promo\u00e7\u00e3o aos 79 policiais promovidos na Para\u00edba - Pol\u00edcia Militar da Para\u00edba","og_description":"O comandante-geral da Pol\u00edcia Militar da Para\u00edba, coronel Euller Chaves, deu in\u00edcio nesta ter\u00e7a-feira (13) \u00e0 entrega dos atos de","og_url":"https:\/\/www.pm.pb.gov.br\/portal\/2020\/10\/14\/comandante-geral-inicia-entrega-de-atos-de-promocao-aos-79-policiais-promovidos-na-paraiba\/","og_site_name":"Pol\u00edcia Militar da Para\u00edba","article_published_time":"2020-10-14T19:43:29+00:00","article_modified_time":"2020-10-14T23:51:11+00:00","og_image":[{"width":1280,"height":853,"url":"https:\/\/www.pm.pb.gov.br\/portal\/wp-content\/uploads\/2020\/10\/73001d9a-e9b9-4d2c-9b7a-1f973acdafda.jpeg","type":"image\/jpeg"}],"author":"Assessoria de Imprensa da PMPB","twitter_card":"summary_large_image","twitter_misc":{"Escrito por":"Assessoria de Imprensa da PMPB","Est. tempo de leitura":"1 minuto"},"schema":{"@context":"https:\/\/schema.org","@graph":[{"@type":"Article","@id":"https:\/\/www.pm.pb.gov.br\/portal\/2020\/10\/14\/comandante-geral-inicia-entrega-de-atos-de-promocao-aos-79-policiais-promovidos-na-paraiba\/#article","isPartOf":{"@id":"https:\/\/www.pm.pb.gov.br\/portal\/2020\/10\/14\/comandante-geral-inicia-entrega-de-atos-de-promocao-aos-79-policiais-promovidos-na-paraiba\/"},"author":{"name":"Assessoria de Imprensa da PMPB","@id":"https:\/\/www.pm.pb.gov.br\/portal\/#\/schema\/person\/e8454f46651c3ecf0e1ba3c1666d9947"},"headline":"Comandante-geral inicia entrega de atos de promo\u00e7\u00e3o aos 79 policiais promovidos na Para\u00edba","datePublished":"2020-10-14T19:43:29+00:00","dateModified":"2020-10-14T23:51:11+00:00","mainEntityOfPage":{"@id":"https:\/\/www.pm.pb.gov.br\/portal\/2020\/10\/14\/comandante-geral-inicia-entrega-de-atos-de-promocao-aos-79-policiais-promovidos-na-paraiba\/"},"wordCount":178,"publisher":{"@id":"https:\/\/www.pm.pb.gov.br\/portal\/#organization"},"articleSection":["A\u00e7\u00f5es Policiais","Homenagens"],"inLanguage":"pt-BR"},{"@type":"WebPage","@id":"https:\/\/www.pm.pb.gov.br\/portal\/2020\/10\/14\/comandante-geral-inicia-entrega-de-atos-de-promocao-aos-79-policiais-promovidos-na-paraiba\/","url":"https:\/\/www.pm.pb.gov.br\/portal\/2020\/10\/14\/comandante-geral-inicia-entrega-de-atos-de-promocao-aos-79-policiais-promovidos-na-paraiba\/","name":"Comandante-geral inicia entrega de atos de promo\u00e7\u00e3o aos 79 policiais promovidos na Para\u00edba - Pol\u00edcia Militar da Para\u00edba","isPartOf":{"@id":"https:\/\/www.pm.pb.gov.br\/portal\/#website"},"datePublished":"2020-10-14T19:43:29+00:00","dateModified":"2020-10-14T23:51:11+00:00","breadcrumb":{"@id":"https:\/\/www.pm.pb.gov.br\/portal\/2020\/10\/14\/comandante-geral-inicia-entrega-de-atos-de-promocao-aos-79-policiais-promovidos-na-paraiba\/#breadcrumb"},"inLanguage":"pt-BR","potentialAction":[{"@type":"ReadAction","target":["https:\/\/www.pm.pb.gov.br\/portal\/2020\/10\/14\/comandante-geral-inicia-entrega-de-atos-de-promocao-aos-79-policiais-promovidos-na-paraiba\/"]}]},{"@type":"BreadcrumbList","@id":"https:\/\/www.pm.pb.gov.br\/portal\/2020\/10\/14\/comandante-geral-inicia-entrega-de-atos-de-promocao-aos-79-policiais-promovidos-na-paraiba\/#breadcrumb","itemListElement":[{"@type":"ListItem","position":1,"name":"In\u00edcio","item":"https:\/\/www.pm.pb.gov.br\/portal\/"},{"@type":"ListItem","position":2,"name":"Comandante-geral inicia entrega de atos de promo\u00e7\u00e3o aos 79 policiais promovidos na Para\u00edba"}]},{"@type":"WebSite","@id":"https:\/\/www.pm.pb.gov.br\/portal\/#website","url":"https:\/\/www.pm.pb.gov.br\/portal\/","name":"Pol\u00edcia Militar da Para\u00edba","description":"","publisher":{"@id":"https:\/\/www.pm.pb.gov.br\/portal\/#organization"},"potentialAction":[{"@type":"SearchAction","target":{"@type":"EntryPoint","urlTemplate":"https:\/\/www.pm.pb.gov.br\/portal\/?s={search_term_string}"},"query-input":"required name=search_term_string"}],"inLanguage":"pt-BR"},{"@type":"Organization","@id":"https:\/\/www.pm.pb.gov.br\/portal\/#organization","name":"Pol\u00edcia Militar da Para\u00edba","url":"https:\/\/www.pm.pb.gov.br\/portal\/","logo":{"@type":"ImageObject","inLanguage":"pt-BR","@id":"https:\/\/www.pm.pb.gov.br\/portal\/#\/schema\/logo\/image\/","url":"https:\/\/www.pm.pb.gov.br\/portal\/wp-content\/uploads\/2025\/03\/cropped-logo-site-mag2-1.png","contentUrl":"https:\/\/www.pm.pb.gov.br\/portal\/wp-content\/uploads\/2025\/03\/cropped-logo-site-mag2-1.png","width":320,"height":90,"caption":"Pol\u00edcia Militar da Para\u00edba"},"image":{"@id":"https:\/\/www.pm.pb.gov.br\/portal\/#\/schema\/logo\/image\/"}},{"@type":"Person","@id":"https:\/\/www.pm.pb.gov.br\/portal\/#\/schema\/person\/e8454f46651c3ecf0e1ba3c1666d9947","name":"Assessoria de Imprensa da PMPB","image":{"@type":"ImageObject","inLanguage":"pt-BR","@id":"https:\/\/www.pm.pb.gov.br\/portal\/#\/schema\/person\/image\/","url":"https:\/\/secure.gravatar.com\/avatar\/2efe197438265d1e90bd98c4c8e1acf8?s=96&d=mm&r=g","contentUrl":"https:\/\/secure.gravatar.com\/avatar\/2efe197438265d1e90bd98c4c8e1acf8?s=96&d=mm&r=g","caption":"Assessoria de Imprensa da PMPB"},"url":"https:\/\/www.pm.pb.gov.br\/portal\/author\/assessoria\/"}]}},"_links":{"self":[{"href":"https:\/\/www.pm.pb.gov.br\/portal\/wp-json\/wp\/v2\/posts\/907918"}],"collection":[{"href":"https:\/\/www.pm.pb.gov.br\/portal\/wp-json\/wp\/v2\/posts"}],"about":[{"href":"https:\/\/www.pm.pb.gov.br\/portal\/wp-json\/wp\/v2\/types\/post"}],"author":[{"embeddable":true,"href":"https:\/\/www.pm.pb.gov.br\/portal\/wp-json\/wp\/v2\/users\/5"}],"replies":[{"embeddable":true,"href":"https:\/\/www.pm.pb.gov.br\/portal\/wp-json\/wp\/v2\/comments?post=907918"}],"version-history":[{"count":3,"href":"https:\/\/www.pm.pb.gov.br\/portal\/wp-json\/wp\/v2\/posts\/907918\/revisions"}],"predecessor-version":[{"id":907938,"href":"https:\/\/www.pm.pb.gov.br\/portal\/wp-json\/wp\/v2\/posts\/907918\/revisions\/907938"}],"wp:featuredmedia":[{"embeddable":true,"href":"https:\/\/www.pm.pb.gov.br\/portal\/wp-json\/wp\/v2\/media\/907921"}],"wp:attachment":[{"href":"https:\/\/www.pm.pb.gov.br\/portal\/wp-json\/wp\/v2\/media?parent=907918"}],"wp:term":[{"taxonomy":"category","embeddable":true,"href":"https:\/\/www.pm.pb.gov.br\/portal\/wp-json\/wp\/v2\/categories?post=907918"},{"taxonomy":"post_tag","embeddable":true,"href":"https:\/\/www.pm.pb.gov.br\/portal\/wp-json\/wp\/v2\/tags?post=907918"}],"curies":[{"name":"wp","href":"https:\/\/api.w.org\/{rel}","templated":true}]}}