{"id":907901,"date":"2020-10-13T16:49:06","date_gmt":"2020-10-13T19:49:06","guid":{"rendered":"http:\/\/www.pm.pb.gov.br\/portal\/?p=907901"},"modified":"2020-10-13T16:49:08","modified_gmt":"2020-10-13T19:49:08","slug":"policia-militar-prende-149-suspeitos-e-apreende-20-armas-de-fogo-durante-o-feriadao-na-paraiba","status":"publish","type":"post","link":"https:\/\/www.pm.pb.gov.br\/portal\/2020\/10\/13\/policia-militar-prende-149-suspeitos-e-apreende-20-armas-de-fogo-durante-o-feriadao-na-paraiba\/","title":{"rendered":"Pol\u00edcia Militar prende 149 suspeitos e apreende 20 armas de fogo durante o feriad\u00e3o na Para\u00edba"},"content":{"rendered":"\n<p style=\"font-weight: 400;\">O refor\u00e7o das opera\u00e7\u00f5es para a seguran\u00e7a no feriad\u00e3o na Para\u00edba, resultou na pris\u00e3o e apreens\u00e3o de 149 suspeitos de v\u00e1rios crimes, da noite da sexta-feira (10) at\u00e9 a madrugada desta ter\u00e7a (13). No per\u00edodo, houve a apreens\u00e3o de 20 armas de fogo e de 21 ve\u00edculos com queixas de roubo ou furtos.<\/p>\n<p style=\"font-weight: 400;\">O resultado do fim de semana foi avaliado em uma reuni\u00e3o por videoconfer\u00eancia do comandante-geral da PM, coronel Euller Chaves, com comandantes de Batalh\u00f5es de todo o Estado. Na pauta, tamb\u00e9m foram definidas novas a\u00e7\u00f5es para os pr\u00f3ximos dias, com foco no combate aos crimes de roubo, contra a vida e no aumento da seguran\u00e7a para as cidades onde est\u00e1 sendo constatado maior acirramento por causa da campanha eleitoral.<\/p>\n<p style=\"font-weight: 400;\">Nas opera\u00e7\u00f5es de feriad\u00e3o, o comando da PM empregou 3.133 policiais e 1.261 viaturas, atuando na ocupa\u00e7\u00e3o de locais estrat\u00e9gicos, apontados pelas coordenadorias de estat\u00edstica e de intelig\u00eancia.<\/p>\n<p style=\"font-weight: 400;\"><strong>Pris\u00f5es e apreens\u00f5es \u2013<\/strong>\u00a0As pris\u00f5es e apreens\u00f5es do fim de semana foram motivadas pelos crimes de porte ilegal de arma, roubo, furto, tr\u00e1fico de drogas, les\u00e3o corporal, homic\u00eddio e outros delitos. Entre os 149 presos, 12 foram atrav\u00e9s do cumprimento de mandado de pris\u00e3o. As armas apreendidas foram dos tipos pistola, rev\u00f3lver e espingarda, o que fez a corpora\u00e7\u00e3o chegar ao saldo de 2.079 unidades retiradas de circula\u00e7\u00e3o este ano, na Para\u00edba.<\/p>\n","protected":false},"excerpt":{"rendered":"<p>O refor\u00e7o das opera\u00e7\u00f5es para a seguran\u00e7a no feriad\u00e3o na Para\u00edba, resultou na pris\u00e3o e apreens\u00e3o de 149 suspeitos de<\/p>\n","protected":false},"author":15,"featured_media":905290,"comment_status":"closed","ping_status":"closed","sticky":false,"template":"","format":"standard","meta":{"_exactmetrics_skip_tracking":false,"_exactmetrics_sitenote_active":false,"_exactmetrics_sitenote_note":"","_exactmetrics_sitenote_category":0,"footnotes":""},"categories":[4],"tags":[],"yoast_head":"<!-- This site is optimized with the Yoast SEO plugin v22.0 - https:\/\/yoast.com\/wordpress\/plugins\/seo\/ -->\n<title>Pol\u00edcia Militar prende 149 suspeitos e apreende 20 armas de fogo durante o feriad\u00e3o na Para\u00edba - Pol\u00edcia Militar da Para\u00edba<\/title>\n<meta name=\"robots\" content=\"index, follow, max-snippet:-1, max-image-preview:large, max-video-preview:-1\" \/>\n<link rel=\"canonical\" href=\"https:\/\/www.pm.pb.gov.br\/portal\/2020\/10\/13\/policia-militar-prende-149-suspeitos-e-apreende-20-armas-de-fogo-durante-o-feriadao-na-paraiba\/\" \/>\n<meta property=\"og:locale\" content=\"pt_BR\" \/>\n<meta property=\"og:type\" content=\"article\" \/>\n<meta property=\"og:title\" content=\"Pol\u00edcia Militar prende 149 suspeitos e apreende 20 armas de fogo durante o feriad\u00e3o na Para\u00edba - Pol\u00edcia Militar da Para\u00edba\" \/>\n<meta property=\"og:description\" content=\"O refor\u00e7o das opera\u00e7\u00f5es para a seguran\u00e7a no feriad\u00e3o na Para\u00edba, resultou na pris\u00e3o e apreens\u00e3o de 149 suspeitos de\" \/>\n<meta property=\"og:url\" content=\"https:\/\/www.pm.pb.gov.br\/portal\/2020\/10\/13\/policia-militar-prende-149-suspeitos-e-apreende-20-armas-de-fogo-durante-o-feriadao-na-paraiba\/\" \/>\n<meta property=\"og:site_name\" content=\"Pol\u00edcia Militar da Para\u00edba\" \/>\n<meta property=\"article:published_time\" content=\"2020-10-13T19:49:06+00:00\" \/>\n<meta property=\"article:modified_time\" content=\"2020-10-13T19:49:08+00:00\" \/>\n<meta property=\"og:image\" content=\"https:\/\/www.pm.pb.gov.br\/portal\/wp-content\/uploads\/2020\/05\/Opera\u00e7\u00e3o-Malhas-da-Lei-1.jpg\" \/>\n\t<meta property=\"og:image:width\" content=\"800\" \/>\n\t<meta property=\"og:image:height\" content=\"445\" \/>\n\t<meta property=\"og:image:type\" content=\"image\/jpeg\" \/>\n<meta name=\"author\" content=\"Marcio Gomes dos Santos\" \/>\n<meta name=\"twitter:card\" content=\"summary_large_image\" \/>\n<meta name=\"twitter:label1\" content=\"Escrito por\" \/>\n\t<meta name=\"twitter:data1\" content=\"Marcio Gomes dos Santos\" \/>\n\t<meta name=\"twitter:label2\" content=\"Est. tempo de leitura\" \/>\n\t<meta name=\"twitter:data2\" content=\"1 minuto\" \/>\n<script type=\"application\/ld+json\" class=\"yoast-schema-graph\">{\"@context\":\"https:\/\/schema.org\",\"@graph\":[{\"@type\":\"Article\",\"@id\":\"https:\/\/www.pm.pb.gov.br\/portal\/2020\/10\/13\/policia-militar-prende-149-suspeitos-e-apreende-20-armas-de-fogo-durante-o-feriadao-na-paraiba\/#article\",\"isPartOf\":{\"@id\":\"https:\/\/www.pm.pb.gov.br\/portal\/2020\/10\/13\/policia-militar-prende-149-suspeitos-e-apreende-20-armas-de-fogo-durante-o-feriadao-na-paraiba\/\"},\"author\":{\"name\":\"Marcio Gomes dos Santos\",\"@id\":\"https:\/\/www.pm.pb.gov.br\/portal\/#\/schema\/person\/30d571652b38533c2211e4e89bf5a502\"},\"headline\":\"Pol\u00edcia Militar prende 149 suspeitos e apreende 20 armas de fogo durante o feriad\u00e3o na Para\u00edba\",\"datePublished\":\"2020-10-13T19:49:06+00:00\",\"dateModified\":\"2020-10-13T19:49:08+00:00\",\"mainEntityOfPage\":{\"@id\":\"https:\/\/www.pm.pb.gov.br\/portal\/2020\/10\/13\/policia-militar-prende-149-suspeitos-e-apreende-20-armas-de-fogo-durante-o-feriadao-na-paraiba\/\"},\"wordCount\":267,\"publisher\":{\"@id\":\"https:\/\/www.pm.pb.gov.br\/portal\/#organization\"},\"articleSection\":[\"A\u00e7\u00f5es Policiais\"],\"inLanguage\":\"pt-BR\"},{\"@type\":\"WebPage\",\"@id\":\"https:\/\/www.pm.pb.gov.br\/portal\/2020\/10\/13\/policia-militar-prende-149-suspeitos-e-apreende-20-armas-de-fogo-durante-o-feriadao-na-paraiba\/\",\"url\":\"https:\/\/www.pm.pb.gov.br\/portal\/2020\/10\/13\/policia-militar-prende-149-suspeitos-e-apreende-20-armas-de-fogo-durante-o-feriadao-na-paraiba\/\",\"name\":\"Pol\u00edcia Militar prende 149 suspeitos e apreende 20 armas de fogo durante o feriad\u00e3o na Para\u00edba - Pol\u00edcia Militar da Para\u00edba\",\"isPartOf\":{\"@id\":\"https:\/\/www.pm.pb.gov.br\/portal\/#website\"},\"datePublished\":\"2020-10-13T19:49:06+00:00\",\"dateModified\":\"2020-10-13T19:49:08+00:00\",\"breadcrumb\":{\"@id\":\"https:\/\/www.pm.pb.gov.br\/portal\/2020\/10\/13\/policia-militar-prende-149-suspeitos-e-apreende-20-armas-de-fogo-durante-o-feriadao-na-paraiba\/#breadcrumb\"},\"inLanguage\":\"pt-BR\",\"potentialAction\":[{\"@type\":\"ReadAction\",\"target\":[\"https:\/\/www.pm.pb.gov.br\/portal\/2020\/10\/13\/policia-militar-prende-149-suspeitos-e-apreende-20-armas-de-fogo-durante-o-feriadao-na-paraiba\/\"]}]},{\"@type\":\"BreadcrumbList\",\"@id\":\"https:\/\/www.pm.pb.gov.br\/portal\/2020\/10\/13\/policia-militar-prende-149-suspeitos-e-apreende-20-armas-de-fogo-durante-o-feriadao-na-paraiba\/#breadcrumb\",\"itemListElement\":[{\"@type\":\"ListItem\",\"position\":1,\"name\":\"In\u00edcio\",\"item\":\"https:\/\/www.pm.pb.gov.br\/portal\/\"},{\"@type\":\"ListItem\",\"position\":2,\"name\":\"Pol\u00edcia Militar prende 149 suspeitos e apreende 20 armas de fogo durante o feriad\u00e3o na Para\u00edba\"}]},{\"@type\":\"WebSite\",\"@id\":\"https:\/\/www.pm.pb.gov.br\/portal\/#website\",\"url\":\"https:\/\/www.pm.pb.gov.br\/portal\/\",\"name\":\"Pol\u00edcia Militar da Para\u00edba\",\"description\":\"\",\"publisher\":{\"@id\":\"https:\/\/www.pm.pb.gov.br\/portal\/#organization\"},\"potentialAction\":[{\"@type\":\"SearchAction\",\"target\":{\"@type\":\"EntryPoint\",\"urlTemplate\":\"https:\/\/www.pm.pb.gov.br\/portal\/?s={search_term_string}\"},\"query-input\":\"required name=search_term_string\"}],\"inLanguage\":\"pt-BR\"},{\"@type\":\"Organization\",\"@id\":\"https:\/\/www.pm.pb.gov.br\/portal\/#organization\",\"name\":\"Pol\u00edcia Militar da Para\u00edba\",\"url\":\"https:\/\/www.pm.pb.gov.br\/portal\/\",\"logo\":{\"@type\":\"ImageObject\",\"inLanguage\":\"pt-BR\",\"@id\":\"https:\/\/www.pm.pb.gov.br\/portal\/#\/schema\/logo\/image\/\",\"url\":\"https:\/\/www.pm.pb.gov.br\/portal\/wp-content\/uploads\/2025\/03\/cropped-logo-site-mag2-1.png\",\"contentUrl\":\"https:\/\/www.pm.pb.gov.br\/portal\/wp-content\/uploads\/2025\/03\/cropped-logo-site-mag2-1.png\",\"width\":320,\"height\":90,\"caption\":\"Pol\u00edcia Militar da Para\u00edba\"},\"image\":{\"@id\":\"https:\/\/www.pm.pb.gov.br\/portal\/#\/schema\/logo\/image\/\"}},{\"@type\":\"Person\",\"@id\":\"https:\/\/www.pm.pb.gov.br\/portal\/#\/schema\/person\/30d571652b38533c2211e4e89bf5a502\",\"name\":\"Marcio Gomes dos Santos\",\"image\":{\"@type\":\"ImageObject\",\"inLanguage\":\"pt-BR\",\"@id\":\"https:\/\/www.pm.pb.gov.br\/portal\/#\/schema\/person\/image\/\",\"url\":\"https:\/\/secure.gravatar.com\/avatar\/cf4ec2cb690101e1581c7773aa350c19?s=96&d=mm&r=g\",\"contentUrl\":\"https:\/\/secure.gravatar.com\/avatar\/cf4ec2cb690101e1581c7773aa350c19?s=96&d=mm&r=g\",\"caption\":\"Marcio Gomes dos Santos\"},\"url\":\"https:\/\/www.pm.pb.gov.br\/portal\/author\/mgomes\/\"}]}<\/script>\n<!-- \/ Yoast SEO plugin. -->","yoast_head_json":{"title":"Pol\u00edcia Militar prende 149 suspeitos e apreende 20 armas de fogo durante o feriad\u00e3o na Para\u00edba - Pol\u00edcia Militar da Para\u00edba","robots":{"index":"index","follow":"follow","max-snippet":"max-snippet:-1","max-image-preview":"max-image-preview:large","max-video-preview":"max-video-preview:-1"},"canonical":"https:\/\/www.pm.pb.gov.br\/portal\/2020\/10\/13\/policia-militar-prende-149-suspeitos-e-apreende-20-armas-de-fogo-durante-o-feriadao-na-paraiba\/","og_locale":"pt_BR","og_type":"article","og_title":"Pol\u00edcia Militar prende 149 suspeitos e apreende 20 armas de fogo durante o feriad\u00e3o na Para\u00edba - Pol\u00edcia Militar da Para\u00edba","og_description":"O refor\u00e7o das opera\u00e7\u00f5es para a seguran\u00e7a no feriad\u00e3o na Para\u00edba, resultou na pris\u00e3o e apreens\u00e3o de 149 suspeitos de","og_url":"https:\/\/www.pm.pb.gov.br\/portal\/2020\/10\/13\/policia-militar-prende-149-suspeitos-e-apreende-20-armas-de-fogo-durante-o-feriadao-na-paraiba\/","og_site_name":"Pol\u00edcia Militar da Para\u00edba","article_published_time":"2020-10-13T19:49:06+00:00","article_modified_time":"2020-10-13T19:49:08+00:00","og_image":[{"width":800,"height":445,"url":"https:\/\/www.pm.pb.gov.br\/portal\/wp-content\/uploads\/2020\/05\/Opera\u00e7\u00e3o-Malhas-da-Lei-1.jpg","type":"image\/jpeg"}],"author":"Marcio Gomes dos Santos","twitter_card":"summary_large_image","twitter_misc":{"Escrito por":"Marcio Gomes dos Santos","Est. tempo de leitura":"1 minuto"},"schema":{"@context":"https:\/\/schema.org","@graph":[{"@type":"Article","@id":"https:\/\/www.pm.pb.gov.br\/portal\/2020\/10\/13\/policia-militar-prende-149-suspeitos-e-apreende-20-armas-de-fogo-durante-o-feriadao-na-paraiba\/#article","isPartOf":{"@id":"https:\/\/www.pm.pb.gov.br\/portal\/2020\/10\/13\/policia-militar-prende-149-suspeitos-e-apreende-20-armas-de-fogo-durante-o-feriadao-na-paraiba\/"},"author":{"name":"Marcio Gomes dos Santos","@id":"https:\/\/www.pm.pb.gov.br\/portal\/#\/schema\/person\/30d571652b38533c2211e4e89bf5a502"},"headline":"Pol\u00edcia Militar prende 149 suspeitos e apreende 20 armas de fogo durante o feriad\u00e3o na Para\u00edba","datePublished":"2020-10-13T19:49:06+00:00","dateModified":"2020-10-13T19:49:08+00:00","mainEntityOfPage":{"@id":"https:\/\/www.pm.pb.gov.br\/portal\/2020\/10\/13\/policia-militar-prende-149-suspeitos-e-apreende-20-armas-de-fogo-durante-o-feriadao-na-paraiba\/"},"wordCount":267,"publisher":{"@id":"https:\/\/www.pm.pb.gov.br\/portal\/#organization"},"articleSection":["A\u00e7\u00f5es Policiais"],"inLanguage":"pt-BR"},{"@type":"WebPage","@id":"https:\/\/www.pm.pb.gov.br\/portal\/2020\/10\/13\/policia-militar-prende-149-suspeitos-e-apreende-20-armas-de-fogo-durante-o-feriadao-na-paraiba\/","url":"https:\/\/www.pm.pb.gov.br\/portal\/2020\/10\/13\/policia-militar-prende-149-suspeitos-e-apreende-20-armas-de-fogo-durante-o-feriadao-na-paraiba\/","name":"Pol\u00edcia Militar prende 149 suspeitos e apreende 20 armas de fogo durante o feriad\u00e3o na Para\u00edba - Pol\u00edcia Militar da Para\u00edba","isPartOf":{"@id":"https:\/\/www.pm.pb.gov.br\/portal\/#website"},"datePublished":"2020-10-13T19:49:06+00:00","dateModified":"2020-10-13T19:49:08+00:00","breadcrumb":{"@id":"https:\/\/www.pm.pb.gov.br\/portal\/2020\/10\/13\/policia-militar-prende-149-suspeitos-e-apreende-20-armas-de-fogo-durante-o-feriadao-na-paraiba\/#breadcrumb"},"inLanguage":"pt-BR","potentialAction":[{"@type":"ReadAction","target":["https:\/\/www.pm.pb.gov.br\/portal\/2020\/10\/13\/policia-militar-prende-149-suspeitos-e-apreende-20-armas-de-fogo-durante-o-feriadao-na-paraiba\/"]}]},{"@type":"BreadcrumbList","@id":"https:\/\/www.pm.pb.gov.br\/portal\/2020\/10\/13\/policia-militar-prende-149-suspeitos-e-apreende-20-armas-de-fogo-durante-o-feriadao-na-paraiba\/#breadcrumb","itemListElement":[{"@type":"ListItem","position":1,"name":"In\u00edcio","item":"https:\/\/www.pm.pb.gov.br\/portal\/"},{"@type":"ListItem","position":2,"name":"Pol\u00edcia Militar prende 149 suspeitos e apreende 20 armas de fogo durante o feriad\u00e3o na Para\u00edba"}]},{"@type":"WebSite","@id":"https:\/\/www.pm.pb.gov.br\/portal\/#website","url":"https:\/\/www.pm.pb.gov.br\/portal\/","name":"Pol\u00edcia Militar da Para\u00edba","description":"","publisher":{"@id":"https:\/\/www.pm.pb.gov.br\/portal\/#organization"},"potentialAction":[{"@type":"SearchAction","target":{"@type":"EntryPoint","urlTemplate":"https:\/\/www.pm.pb.gov.br\/portal\/?s={search_term_string}"},"query-input":"required name=search_term_string"}],"inLanguage":"pt-BR"},{"@type":"Organization","@id":"https:\/\/www.pm.pb.gov.br\/portal\/#organization","name":"Pol\u00edcia Militar da Para\u00edba","url":"https:\/\/www.pm.pb.gov.br\/portal\/","logo":{"@type":"ImageObject","inLanguage":"pt-BR","@id":"https:\/\/www.pm.pb.gov.br\/portal\/#\/schema\/logo\/image\/","url":"https:\/\/www.pm.pb.gov.br\/portal\/wp-content\/uploads\/2025\/03\/cropped-logo-site-mag2-1.png","contentUrl":"https:\/\/www.pm.pb.gov.br\/portal\/wp-content\/uploads\/2025\/03\/cropped-logo-site-mag2-1.png","width":320,"height":90,"caption":"Pol\u00edcia Militar da Para\u00edba"},"image":{"@id":"https:\/\/www.pm.pb.gov.br\/portal\/#\/schema\/logo\/image\/"}},{"@type":"Person","@id":"https:\/\/www.pm.pb.gov.br\/portal\/#\/schema\/person\/30d571652b38533c2211e4e89bf5a502","name":"Marcio Gomes dos Santos","image":{"@type":"ImageObject","inLanguage":"pt-BR","@id":"https:\/\/www.pm.pb.gov.br\/portal\/#\/schema\/person\/image\/","url":"https:\/\/secure.gravatar.com\/avatar\/cf4ec2cb690101e1581c7773aa350c19?s=96&d=mm&r=g","contentUrl":"https:\/\/secure.gravatar.com\/avatar\/cf4ec2cb690101e1581c7773aa350c19?s=96&d=mm&r=g","caption":"Marcio Gomes dos Santos"},"url":"https:\/\/www.pm.pb.gov.br\/portal\/author\/mgomes\/"}]}},"_links":{"self":[{"href":"https:\/\/www.pm.pb.gov.br\/portal\/wp-json\/wp\/v2\/posts\/907901"}],"collection":[{"href":"https:\/\/www.pm.pb.gov.br\/portal\/wp-json\/wp\/v2\/posts"}],"about":[{"href":"https:\/\/www.pm.pb.gov.br\/portal\/wp-json\/wp\/v2\/types\/post"}],"author":[{"embeddable":true,"href":"https:\/\/www.pm.pb.gov.br\/portal\/wp-json\/wp\/v2\/users\/15"}],"replies":[{"embeddable":true,"href":"https:\/\/www.pm.pb.gov.br\/portal\/wp-json\/wp\/v2\/comments?post=907901"}],"version-history":[{"count":1,"href":"https:\/\/www.pm.pb.gov.br\/portal\/wp-json\/wp\/v2\/posts\/907901\/revisions"}],"predecessor-version":[{"id":907902,"href":"https:\/\/www.pm.pb.gov.br\/portal\/wp-json\/wp\/v2\/posts\/907901\/revisions\/907902"}],"wp:featuredmedia":[{"embeddable":true,"href":"https:\/\/www.pm.pb.gov.br\/portal\/wp-json\/wp\/v2\/media\/905290"}],"wp:attachment":[{"href":"https:\/\/www.pm.pb.gov.br\/portal\/wp-json\/wp\/v2\/media?parent=907901"}],"wp:term":[{"taxonomy":"category","embeddable":true,"href":"https:\/\/www.pm.pb.gov.br\/portal\/wp-json\/wp\/v2\/categories?post=907901"},{"taxonomy":"post_tag","embeddable":true,"href":"https:\/\/www.pm.pb.gov.br\/portal\/wp-json\/wp\/v2\/tags?post=907901"}],"curies":[{"name":"wp","href":"https:\/\/api.w.org\/{rel}","templated":true}]}}