{"id":907882,"date":"2020-10-12T00:28:48","date_gmt":"2020-10-12T03:28:48","guid":{"rendered":"http:\/\/www.pm.pb.gov.br\/portal\/?p=907882"},"modified":"2020-10-12T00:28:49","modified_gmt":"2020-10-12T03:28:49","slug":"recem-nascidos-da-uti-neonatal-do-hospital-da-policia-militar-general-edson-ramalho-usam-fantasias-para-celebrar-dia-das-criancas","status":"publish","type":"post","link":"https:\/\/www.pm.pb.gov.br\/portal\/2020\/10\/12\/recem-nascidos-da-uti-neonatal-do-hospital-da-policia-militar-general-edson-ramalho-usam-fantasias-para-celebrar-dia-das-criancas\/","title":{"rendered":"Rec\u00e9m-nascidos da UTI Neonatal do Hospital da Pol\u00edcia Militar General Edson Ramalho usam fantasias para celebrar &#8216;Dia das Crian\u00e7as&#8217;"},"content":{"rendered":"\n<p>J\u00e1 virou tradi\u00e7\u00e3o na UTI Neonatal do Hospital da Pol\u00edcia Militar General Edson Ramalho (HPMGER) a comemora\u00e7\u00e3o de datas festivas com os pequenos pacientes vestidos a car\u00e1ter. Para o Dia das Crian\u00e7as n\u00e3o poderia ser diferente, e um ensaio fotogr\u00e1fico foi realizado na manh\u00e3 da \u00faltima sexta-feira (09) para comemorar a data.<\/p>\n<p>Com fantasias de animais produzidas em tecidos macios e esterilizados, os beb\u00eas rec\u00e9m-nascidos encantaram os profissionais da UTINeo e as mam\u00e3es que seguem acompanhando o tratamento de filhos e filhas bem de perto. Tinha macaquinho, zebra, elefante, le\u00e3o, joaninha e at\u00e9 borboleta na floresta encantada que a UTI Neonatal preparou para comemorar a data deste dia 12.<\/p>\n<p><img loading=\"lazy\" decoding=\"async\" class=\"wp-image-907885 aligncenter\" src=\"http:\/\/www.pm.pb.gov.br\/portal\/wp-content\/uploads\/2020\/10\/HPM_diadascriancas-31-562x445.jpeg\" alt=\"\" width=\"478\" height=\"378\" srcset=\"https:\/\/www.pm.pb.gov.br\/portal\/wp-content\/uploads\/2020\/10\/HPM_diadascriancas-31-562x445.jpeg 562w, https:\/\/www.pm.pb.gov.br\/portal\/wp-content\/uploads\/2020\/10\/HPM_diadascriancas-31-720x570.jpeg 720w, https:\/\/www.pm.pb.gov.br\/portal\/wp-content\/uploads\/2020\/10\/HPM_diadascriancas-31-768x608.jpeg 768w, https:\/\/www.pm.pb.gov.br\/portal\/wp-content\/uploads\/2020\/10\/HPM_diadascriancas-31.jpeg 1080w\" sizes=\"(max-width: 478px) 100vw, 478px\" \/><\/p>\n<p>A iniciativa j\u00e1 tem um ano e come\u00e7ou com as fantasias de her\u00f3is no Dia das Crian\u00e7as de 2019. De l\u00e1 para c\u00e1 j\u00e1 foram usadas fantasias natalinas, de coelhinhos da P\u00e1scoa e at\u00e9 roupas juninas. Mais uma vez as \u201croupinhas\u201d foram doadas pela fisioterapeuta Karyna Rocha, que tem sido parceira nas comemora\u00e7\u00f5es.<\/p>\n<p><img loading=\"lazy\" decoding=\"async\" class=\" wp-image-907884 aligncenter\" src=\"http:\/\/www.pm.pb.gov.br\/portal\/wp-content\/uploads\/2020\/10\/HPM_diadascriancas-21-708x445.jpeg\" alt=\"\" width=\"540\" height=\"340\" srcset=\"https:\/\/www.pm.pb.gov.br\/portal\/wp-content\/uploads\/2020\/10\/HPM_diadascriancas-21-708x445.jpeg 708w, https:\/\/www.pm.pb.gov.br\/portal\/wp-content\/uploads\/2020\/10\/HPM_diadascriancas-21-907x570.jpeg 907w, https:\/\/www.pm.pb.gov.br\/portal\/wp-content\/uploads\/2020\/10\/HPM_diadascriancas-21-768x483.jpeg 768w, https:\/\/www.pm.pb.gov.br\/portal\/wp-content\/uploads\/2020\/10\/HPM_diadascriancas-21.jpeg 1080w\" sizes=\"(max-width: 540px) 100vw, 540px\" \/><\/p>\n<p>\u201c\u00c9 com muito zelo que proporcionamos esse momento de descontra\u00e7\u00e3o e carinho para as fam\u00edlias e tamb\u00e9m para a equipe. A alegria \u00e9 vis\u00edvel no olhar das m\u00e3es e as imagens acabam se tornando uma lembran\u00e7a feliz em meio ao tratamento\u201d, explicou a capit\u00e3 Neves, oficial do Quadro de Sa\u00fade da PM, coordenadora m\u00e9dica do setor.<\/p>\n<p><em>Com Ascom HPM<\/em><\/p>\n","protected":false},"excerpt":{"rendered":"<p>J\u00e1 virou tradi\u00e7\u00e3o na UTI Neonatal do Hospital da Pol\u00edcia Militar General Edson Ramalho (HPMGER) a comemora\u00e7\u00e3o de datas festivas<\/p>\n","protected":false},"author":12,"featured_media":907883,"comment_status":"closed","ping_status":"closed","sticky":false,"template":"","format":"standard","meta":{"_exactmetrics_skip_tracking":false,"_exactmetrics_sitenote_active":false,"_exactmetrics_sitenote_note":"","_exactmetrics_sitenote_category":0,"footnotes":""},"categories":[5],"tags":[],"yoast_head":"<!-- This site is optimized with the Yoast SEO plugin v22.0 - https:\/\/yoast.com\/wordpress\/plugins\/seo\/ -->\n<title>Rec\u00e9m-nascidos da UTI Neonatal do Hospital da Pol\u00edcia Militar General Edson Ramalho usam fantasias para celebrar &#039;Dia das Crian\u00e7as&#039; - Pol\u00edcia Militar da Para\u00edba<\/title>\n<meta name=\"robots\" content=\"index, follow, max-snippet:-1, max-image-preview:large, max-video-preview:-1\" \/>\n<link rel=\"canonical\" href=\"https:\/\/www.pm.pb.gov.br\/portal\/2020\/10\/12\/recem-nascidos-da-uti-neonatal-do-hospital-da-policia-militar-general-edson-ramalho-usam-fantasias-para-celebrar-dia-das-criancas\/\" \/>\n<meta property=\"og:locale\" content=\"pt_BR\" \/>\n<meta property=\"og:type\" content=\"article\" \/>\n<meta property=\"og:title\" content=\"Rec\u00e9m-nascidos da UTI Neonatal do Hospital da Pol\u00edcia Militar General Edson Ramalho usam fantasias para celebrar &#039;Dia das Crian\u00e7as&#039; - Pol\u00edcia Militar da Para\u00edba\" \/>\n<meta property=\"og:description\" content=\"J\u00e1 virou tradi\u00e7\u00e3o na UTI Neonatal do Hospital da Pol\u00edcia Militar General Edson Ramalho (HPMGER) a comemora\u00e7\u00e3o de datas festivas\" \/>\n<meta property=\"og:url\" content=\"https:\/\/www.pm.pb.gov.br\/portal\/2020\/10\/12\/recem-nascidos-da-uti-neonatal-do-hospital-da-policia-militar-general-edson-ramalho-usam-fantasias-para-celebrar-dia-das-criancas\/\" \/>\n<meta property=\"og:site_name\" content=\"Pol\u00edcia Militar da Para\u00edba\" \/>\n<meta property=\"article:published_time\" content=\"2020-10-12T03:28:48+00:00\" \/>\n<meta property=\"article:modified_time\" content=\"2020-10-12T03:28:49+00:00\" \/>\n<meta property=\"og:image\" content=\"https:\/\/www.pm.pb.gov.br\/portal\/wp-content\/uploads\/2020\/10\/HPM_diadascriancas-11.jpeg\" \/>\n\t<meta property=\"og:image:width\" content=\"768\" \/>\n\t<meta property=\"og:image:height\" content=\"445\" \/>\n\t<meta property=\"og:image:type\" content=\"image\/jpeg\" \/>\n<meta name=\"author\" content=\"Tarcisio Oliveira\" \/>\n<meta name=\"twitter:card\" content=\"summary_large_image\" \/>\n<meta name=\"twitter:label1\" content=\"Escrito por\" \/>\n\t<meta name=\"twitter:data1\" content=\"Tarcisio Oliveira\" \/>\n\t<meta name=\"twitter:label2\" content=\"Est. tempo de leitura\" \/>\n\t<meta name=\"twitter:data2\" content=\"1 minuto\" \/>\n<script type=\"application\/ld+json\" class=\"yoast-schema-graph\">{\"@context\":\"https:\/\/schema.org\",\"@graph\":[{\"@type\":\"Article\",\"@id\":\"https:\/\/www.pm.pb.gov.br\/portal\/2020\/10\/12\/recem-nascidos-da-uti-neonatal-do-hospital-da-policia-militar-general-edson-ramalho-usam-fantasias-para-celebrar-dia-das-criancas\/#article\",\"isPartOf\":{\"@id\":\"https:\/\/www.pm.pb.gov.br\/portal\/2020\/10\/12\/recem-nascidos-da-uti-neonatal-do-hospital-da-policia-militar-general-edson-ramalho-usam-fantasias-para-celebrar-dia-das-criancas\/\"},\"author\":{\"name\":\"Tarcisio Oliveira\",\"@id\":\"https:\/\/www.pm.pb.gov.br\/portal\/#\/schema\/person\/f84f56dcc78ce4357054da888b8247fd\"},\"headline\":\"Rec\u00e9m-nascidos da UTI Neonatal do Hospital da Pol\u00edcia Militar General Edson Ramalho usam fantasias para celebrar &#8216;Dia das Crian\u00e7as&#8217;\",\"datePublished\":\"2020-10-12T03:28:48+00:00\",\"dateModified\":\"2020-10-12T03:28:49+00:00\",\"mainEntityOfPage\":{\"@id\":\"https:\/\/www.pm.pb.gov.br\/portal\/2020\/10\/12\/recem-nascidos-da-uti-neonatal-do-hospital-da-policia-militar-general-edson-ramalho-usam-fantasias-para-celebrar-dia-das-criancas\/\"},\"wordCount\":262,\"publisher\":{\"@id\":\"https:\/\/www.pm.pb.gov.br\/portal\/#organization\"},\"articleSection\":[\"Homenagens\"],\"inLanguage\":\"pt-BR\"},{\"@type\":\"WebPage\",\"@id\":\"https:\/\/www.pm.pb.gov.br\/portal\/2020\/10\/12\/recem-nascidos-da-uti-neonatal-do-hospital-da-policia-militar-general-edson-ramalho-usam-fantasias-para-celebrar-dia-das-criancas\/\",\"url\":\"https:\/\/www.pm.pb.gov.br\/portal\/2020\/10\/12\/recem-nascidos-da-uti-neonatal-do-hospital-da-policia-militar-general-edson-ramalho-usam-fantasias-para-celebrar-dia-das-criancas\/\",\"name\":\"Rec\u00e9m-nascidos da UTI Neonatal do Hospital da Pol\u00edcia Militar General Edson Ramalho usam fantasias para celebrar 'Dia das Crian\u00e7as' - Pol\u00edcia Militar da Para\u00edba\",\"isPartOf\":{\"@id\":\"https:\/\/www.pm.pb.gov.br\/portal\/#website\"},\"datePublished\":\"2020-10-12T03:28:48+00:00\",\"dateModified\":\"2020-10-12T03:28:49+00:00\",\"breadcrumb\":{\"@id\":\"https:\/\/www.pm.pb.gov.br\/portal\/2020\/10\/12\/recem-nascidos-da-uti-neonatal-do-hospital-da-policia-militar-general-edson-ramalho-usam-fantasias-para-celebrar-dia-das-criancas\/#breadcrumb\"},\"inLanguage\":\"pt-BR\",\"potentialAction\":[{\"@type\":\"ReadAction\",\"target\":[\"https:\/\/www.pm.pb.gov.br\/portal\/2020\/10\/12\/recem-nascidos-da-uti-neonatal-do-hospital-da-policia-militar-general-edson-ramalho-usam-fantasias-para-celebrar-dia-das-criancas\/\"]}]},{\"@type\":\"BreadcrumbList\",\"@id\":\"https:\/\/www.pm.pb.gov.br\/portal\/2020\/10\/12\/recem-nascidos-da-uti-neonatal-do-hospital-da-policia-militar-general-edson-ramalho-usam-fantasias-para-celebrar-dia-das-criancas\/#breadcrumb\",\"itemListElement\":[{\"@type\":\"ListItem\",\"position\":1,\"name\":\"In\u00edcio\",\"item\":\"https:\/\/www.pm.pb.gov.br\/portal\/\"},{\"@type\":\"ListItem\",\"position\":2,\"name\":\"Rec\u00e9m-nascidos da UTI Neonatal do Hospital da Pol\u00edcia Militar General Edson Ramalho usam fantasias para celebrar &#8216;Dia das Crian\u00e7as&#8217;\"}]},{\"@type\":\"WebSite\",\"@id\":\"https:\/\/www.pm.pb.gov.br\/portal\/#website\",\"url\":\"https:\/\/www.pm.pb.gov.br\/portal\/\",\"name\":\"Pol\u00edcia Militar da Para\u00edba\",\"description\":\"\",\"publisher\":{\"@id\":\"https:\/\/www.pm.pb.gov.br\/portal\/#organization\"},\"potentialAction\":[{\"@type\":\"SearchAction\",\"target\":{\"@type\":\"EntryPoint\",\"urlTemplate\":\"https:\/\/www.pm.pb.gov.br\/portal\/?s={search_term_string}\"},\"query-input\":\"required name=search_term_string\"}],\"inLanguage\":\"pt-BR\"},{\"@type\":\"Organization\",\"@id\":\"https:\/\/www.pm.pb.gov.br\/portal\/#organization\",\"name\":\"Pol\u00edcia Militar da Para\u00edba\",\"url\":\"https:\/\/www.pm.pb.gov.br\/portal\/\",\"logo\":{\"@type\":\"ImageObject\",\"inLanguage\":\"pt-BR\",\"@id\":\"https:\/\/www.pm.pb.gov.br\/portal\/#\/schema\/logo\/image\/\",\"url\":\"https:\/\/www.pm.pb.gov.br\/portal\/wp-content\/uploads\/2025\/03\/cropped-logo-site-mag2-1.png\",\"contentUrl\":\"https:\/\/www.pm.pb.gov.br\/portal\/wp-content\/uploads\/2025\/03\/cropped-logo-site-mag2-1.png\",\"width\":320,\"height\":90,\"caption\":\"Pol\u00edcia Militar da Para\u00edba\"},\"image\":{\"@id\":\"https:\/\/www.pm.pb.gov.br\/portal\/#\/schema\/logo\/image\/\"}},{\"@type\":\"Person\",\"@id\":\"https:\/\/www.pm.pb.gov.br\/portal\/#\/schema\/person\/f84f56dcc78ce4357054da888b8247fd\",\"name\":\"Tarcisio Oliveira\",\"image\":{\"@type\":\"ImageObject\",\"inLanguage\":\"pt-BR\",\"@id\":\"https:\/\/www.pm.pb.gov.br\/portal\/#\/schema\/person\/image\/\",\"url\":\"https:\/\/secure.gravatar.com\/avatar\/72917b630b69d31cd0297507f34bac97?s=96&d=mm&r=g\",\"contentUrl\":\"https:\/\/secure.gravatar.com\/avatar\/72917b630b69d31cd0297507f34bac97?s=96&d=mm&r=g\",\"caption\":\"Tarcisio Oliveira\"},\"url\":\"https:\/\/www.pm.pb.gov.br\/portal\/author\/tarcisio\/\"}]}<\/script>\n<!-- \/ Yoast SEO plugin. -->","yoast_head_json":{"title":"Rec\u00e9m-nascidos da UTI Neonatal do Hospital da Pol\u00edcia Militar General Edson Ramalho usam fantasias para celebrar 'Dia das Crian\u00e7as' - Pol\u00edcia Militar da Para\u00edba","robots":{"index":"index","follow":"follow","max-snippet":"max-snippet:-1","max-image-preview":"max-image-preview:large","max-video-preview":"max-video-preview:-1"},"canonical":"https:\/\/www.pm.pb.gov.br\/portal\/2020\/10\/12\/recem-nascidos-da-uti-neonatal-do-hospital-da-policia-militar-general-edson-ramalho-usam-fantasias-para-celebrar-dia-das-criancas\/","og_locale":"pt_BR","og_type":"article","og_title":"Rec\u00e9m-nascidos da UTI Neonatal do Hospital da Pol\u00edcia Militar General Edson Ramalho usam fantasias para celebrar 'Dia das Crian\u00e7as' - Pol\u00edcia Militar da Para\u00edba","og_description":"J\u00e1 virou tradi\u00e7\u00e3o na UTI Neonatal do Hospital da Pol\u00edcia Militar General Edson Ramalho (HPMGER) a comemora\u00e7\u00e3o de datas festivas","og_url":"https:\/\/www.pm.pb.gov.br\/portal\/2020\/10\/12\/recem-nascidos-da-uti-neonatal-do-hospital-da-policia-militar-general-edson-ramalho-usam-fantasias-para-celebrar-dia-das-criancas\/","og_site_name":"Pol\u00edcia Militar da Para\u00edba","article_published_time":"2020-10-12T03:28:48+00:00","article_modified_time":"2020-10-12T03:28:49+00:00","og_image":[{"width":768,"height":445,"url":"https:\/\/www.pm.pb.gov.br\/portal\/wp-content\/uploads\/2020\/10\/HPM_diadascriancas-11.jpeg","type":"image\/jpeg"}],"author":"Tarcisio Oliveira","twitter_card":"summary_large_image","twitter_misc":{"Escrito por":"Tarcisio Oliveira","Est. tempo de leitura":"1 minuto"},"schema":{"@context":"https:\/\/schema.org","@graph":[{"@type":"Article","@id":"https:\/\/www.pm.pb.gov.br\/portal\/2020\/10\/12\/recem-nascidos-da-uti-neonatal-do-hospital-da-policia-militar-general-edson-ramalho-usam-fantasias-para-celebrar-dia-das-criancas\/#article","isPartOf":{"@id":"https:\/\/www.pm.pb.gov.br\/portal\/2020\/10\/12\/recem-nascidos-da-uti-neonatal-do-hospital-da-policia-militar-general-edson-ramalho-usam-fantasias-para-celebrar-dia-das-criancas\/"},"author":{"name":"Tarcisio Oliveira","@id":"https:\/\/www.pm.pb.gov.br\/portal\/#\/schema\/person\/f84f56dcc78ce4357054da888b8247fd"},"headline":"Rec\u00e9m-nascidos da UTI Neonatal do Hospital da Pol\u00edcia Militar General Edson Ramalho usam fantasias para celebrar &#8216;Dia das Crian\u00e7as&#8217;","datePublished":"2020-10-12T03:28:48+00:00","dateModified":"2020-10-12T03:28:49+00:00","mainEntityOfPage":{"@id":"https:\/\/www.pm.pb.gov.br\/portal\/2020\/10\/12\/recem-nascidos-da-uti-neonatal-do-hospital-da-policia-militar-general-edson-ramalho-usam-fantasias-para-celebrar-dia-das-criancas\/"},"wordCount":262,"publisher":{"@id":"https:\/\/www.pm.pb.gov.br\/portal\/#organization"},"articleSection":["Homenagens"],"inLanguage":"pt-BR"},{"@type":"WebPage","@id":"https:\/\/www.pm.pb.gov.br\/portal\/2020\/10\/12\/recem-nascidos-da-uti-neonatal-do-hospital-da-policia-militar-general-edson-ramalho-usam-fantasias-para-celebrar-dia-das-criancas\/","url":"https:\/\/www.pm.pb.gov.br\/portal\/2020\/10\/12\/recem-nascidos-da-uti-neonatal-do-hospital-da-policia-militar-general-edson-ramalho-usam-fantasias-para-celebrar-dia-das-criancas\/","name":"Rec\u00e9m-nascidos da UTI Neonatal do Hospital da Pol\u00edcia Militar General Edson Ramalho usam fantasias para celebrar 'Dia das Crian\u00e7as' - Pol\u00edcia Militar da Para\u00edba","isPartOf":{"@id":"https:\/\/www.pm.pb.gov.br\/portal\/#website"},"datePublished":"2020-10-12T03:28:48+00:00","dateModified":"2020-10-12T03:28:49+00:00","breadcrumb":{"@id":"https:\/\/www.pm.pb.gov.br\/portal\/2020\/10\/12\/recem-nascidos-da-uti-neonatal-do-hospital-da-policia-militar-general-edson-ramalho-usam-fantasias-para-celebrar-dia-das-criancas\/#breadcrumb"},"inLanguage":"pt-BR","potentialAction":[{"@type":"ReadAction","target":["https:\/\/www.pm.pb.gov.br\/portal\/2020\/10\/12\/recem-nascidos-da-uti-neonatal-do-hospital-da-policia-militar-general-edson-ramalho-usam-fantasias-para-celebrar-dia-das-criancas\/"]}]},{"@type":"BreadcrumbList","@id":"https:\/\/www.pm.pb.gov.br\/portal\/2020\/10\/12\/recem-nascidos-da-uti-neonatal-do-hospital-da-policia-militar-general-edson-ramalho-usam-fantasias-para-celebrar-dia-das-criancas\/#breadcrumb","itemListElement":[{"@type":"ListItem","position":1,"name":"In\u00edcio","item":"https:\/\/www.pm.pb.gov.br\/portal\/"},{"@type":"ListItem","position":2,"name":"Rec\u00e9m-nascidos da UTI Neonatal do Hospital da Pol\u00edcia Militar General Edson Ramalho usam fantasias para celebrar &#8216;Dia das Crian\u00e7as&#8217;"}]},{"@type":"WebSite","@id":"https:\/\/www.pm.pb.gov.br\/portal\/#website","url":"https:\/\/www.pm.pb.gov.br\/portal\/","name":"Pol\u00edcia Militar da Para\u00edba","description":"","publisher":{"@id":"https:\/\/www.pm.pb.gov.br\/portal\/#organization"},"potentialAction":[{"@type":"SearchAction","target":{"@type":"EntryPoint","urlTemplate":"https:\/\/www.pm.pb.gov.br\/portal\/?s={search_term_string}"},"query-input":"required name=search_term_string"}],"inLanguage":"pt-BR"},{"@type":"Organization","@id":"https:\/\/www.pm.pb.gov.br\/portal\/#organization","name":"Pol\u00edcia Militar da Para\u00edba","url":"https:\/\/www.pm.pb.gov.br\/portal\/","logo":{"@type":"ImageObject","inLanguage":"pt-BR","@id":"https:\/\/www.pm.pb.gov.br\/portal\/#\/schema\/logo\/image\/","url":"https:\/\/www.pm.pb.gov.br\/portal\/wp-content\/uploads\/2025\/03\/cropped-logo-site-mag2-1.png","contentUrl":"https:\/\/www.pm.pb.gov.br\/portal\/wp-content\/uploads\/2025\/03\/cropped-logo-site-mag2-1.png","width":320,"height":90,"caption":"Pol\u00edcia Militar da Para\u00edba"},"image":{"@id":"https:\/\/www.pm.pb.gov.br\/portal\/#\/schema\/logo\/image\/"}},{"@type":"Person","@id":"https:\/\/www.pm.pb.gov.br\/portal\/#\/schema\/person\/f84f56dcc78ce4357054da888b8247fd","name":"Tarcisio Oliveira","image":{"@type":"ImageObject","inLanguage":"pt-BR","@id":"https:\/\/www.pm.pb.gov.br\/portal\/#\/schema\/person\/image\/","url":"https:\/\/secure.gravatar.com\/avatar\/72917b630b69d31cd0297507f34bac97?s=96&d=mm&r=g","contentUrl":"https:\/\/secure.gravatar.com\/avatar\/72917b630b69d31cd0297507f34bac97?s=96&d=mm&r=g","caption":"Tarcisio Oliveira"},"url":"https:\/\/www.pm.pb.gov.br\/portal\/author\/tarcisio\/"}]}},"_links":{"self":[{"href":"https:\/\/www.pm.pb.gov.br\/portal\/wp-json\/wp\/v2\/posts\/907882"}],"collection":[{"href":"https:\/\/www.pm.pb.gov.br\/portal\/wp-json\/wp\/v2\/posts"}],"about":[{"href":"https:\/\/www.pm.pb.gov.br\/portal\/wp-json\/wp\/v2\/types\/post"}],"author":[{"embeddable":true,"href":"https:\/\/www.pm.pb.gov.br\/portal\/wp-json\/wp\/v2\/users\/12"}],"replies":[{"embeddable":true,"href":"https:\/\/www.pm.pb.gov.br\/portal\/wp-json\/wp\/v2\/comments?post=907882"}],"version-history":[{"count":1,"href":"https:\/\/www.pm.pb.gov.br\/portal\/wp-json\/wp\/v2\/posts\/907882\/revisions"}],"predecessor-version":[{"id":907886,"href":"https:\/\/www.pm.pb.gov.br\/portal\/wp-json\/wp\/v2\/posts\/907882\/revisions\/907886"}],"wp:featuredmedia":[{"embeddable":true,"href":"https:\/\/www.pm.pb.gov.br\/portal\/wp-json\/wp\/v2\/media\/907883"}],"wp:attachment":[{"href":"https:\/\/www.pm.pb.gov.br\/portal\/wp-json\/wp\/v2\/media?parent=907882"}],"wp:term":[{"taxonomy":"category","embeddable":true,"href":"https:\/\/www.pm.pb.gov.br\/portal\/wp-json\/wp\/v2\/categories?post=907882"},{"taxonomy":"post_tag","embeddable":true,"href":"https:\/\/www.pm.pb.gov.br\/portal\/wp-json\/wp\/v2\/tags?post=907882"}],"curies":[{"name":"wp","href":"https:\/\/api.w.org\/{rel}","templated":true}]}}