{"id":907837,"date":"2020-10-09T21:11:58","date_gmt":"2020-10-10T00:11:58","guid":{"rendered":"http:\/\/www.pm.pb.gov.br\/portal\/?p=907837"},"modified":"2020-10-09T21:12:00","modified_gmt":"2020-10-10T00:12:00","slug":"joao-azevedo-autoriza-a-promocao-de-79-policiais-militares-das-graduacoes-de-sargentos-e-subtenente","status":"publish","type":"post","link":"https:\/\/www.pm.pb.gov.br\/portal\/2020\/10\/09\/joao-azevedo-autoriza-a-promocao-de-79-policiais-militares-das-graduacoes-de-sargentos-e-subtenente\/","title":{"rendered":"Jo\u00e3o Azev\u00eado autoriza a promo\u00e7\u00e3o de 79 policiais militares das gradua\u00e7\u00f5es de sargentos e subtenente"},"content":{"rendered":"\n<p>O governador Jo\u00e3o Azev\u00eado autorizou o comandante-geral da PM, coronel Euller Chaves, a promover 79 policiais militares para as gradua\u00e7\u00f5es de 2\u00ba sargento, 1\u00ba sargento e subtenente. A lista com o nome dos promovidos foi divulgada no Boletim Geral da Corpora\u00e7\u00e3o, na noite desta sexta-feira (9).<\/p>\n<p>Com essas promo\u00e7\u00f5es, o Governador Jo\u00e3o Azev\u00eado chega a 1.718 ascens\u00f5es profissionais dentro da Pol\u00edcia Militar, em pouco mais de um ano e dez meses de gest\u00e3o. No per\u00edodo, foram 181 oficiais promovidos e 1.531 pra\u00e7as.<\/p>\n<p>O comandante-geral da Pol\u00edcia Militar, coronel Euller Chaves, agradeceu ao governador a autoriza\u00e7\u00e3o das promo\u00e7\u00f5es e destacou que a ascens\u00e3o representa o in\u00edcio de mais uma etapa profissional na vida dos policiais. \u201cAgradecemos ao governador Jo\u00e3o Azev\u00eado a autoriza\u00e7\u00e3o para promover os policiais \u00e0s novas gradua\u00e7\u00f5es, que traz novos desafios profissionais e tamb\u00e9m motiva\u00e7\u00e3o para prestar um servi\u00e7o cada vez melhor ao cidad\u00e3o paraibano\u201d, disse.<\/p>\n<p>Os policiais promovidos s\u00e3o de v\u00e1rios batalh\u00f5es do Estado. Eles receber\u00e3o individualmente os atos de promo\u00e7\u00e3o, como forma de marcar a nova etapa profissional que se inicia a partir da gradua\u00e7\u00e3o que os promovidos passam a ocupar.<\/p>\n","protected":false},"excerpt":{"rendered":"<p>O governador Jo\u00e3o Azev\u00eado autorizou o comandante-geral da PM, coronel Euller Chaves, a promover 79 policiais militares para as gradua\u00e7\u00f5es<\/p>\n","protected":false},"author":12,"featured_media":907838,"comment_status":"closed","ping_status":"closed","sticky":false,"template":"","format":"standard","meta":{"_exactmetrics_skip_tracking":false,"_exactmetrics_sitenote_active":false,"_exactmetrics_sitenote_note":"","_exactmetrics_sitenote_category":0,"footnotes":""},"categories":[15],"tags":[],"yoast_head":"<!-- This site is optimized with the Yoast SEO plugin v22.0 - https:\/\/yoast.com\/wordpress\/plugins\/seo\/ -->\n<title>Jo\u00e3o Azev\u00eado autoriza a promo\u00e7\u00e3o de 79 policiais militares das gradua\u00e7\u00f5es de sargentos e subtenente - Pol\u00edcia Militar da Para\u00edba<\/title>\n<meta name=\"robots\" content=\"index, follow, max-snippet:-1, max-image-preview:large, max-video-preview:-1\" \/>\n<link rel=\"canonical\" href=\"https:\/\/www.pm.pb.gov.br\/portal\/2020\/10\/09\/joao-azevedo-autoriza-a-promocao-de-79-policiais-militares-das-graduacoes-de-sargentos-e-subtenente\/\" \/>\n<meta property=\"og:locale\" content=\"pt_BR\" \/>\n<meta property=\"og:type\" content=\"article\" \/>\n<meta property=\"og:title\" content=\"Jo\u00e3o Azev\u00eado autoriza a promo\u00e7\u00e3o de 79 policiais militares das gradua\u00e7\u00f5es de sargentos e subtenente - Pol\u00edcia Militar da Para\u00edba\" \/>\n<meta property=\"og:description\" content=\"O governador Jo\u00e3o Azev\u00eado autorizou o comandante-geral da PM, coronel Euller Chaves, a promover 79 policiais militares para as gradua\u00e7\u00f5es\" \/>\n<meta property=\"og:url\" content=\"https:\/\/www.pm.pb.gov.br\/portal\/2020\/10\/09\/joao-azevedo-autoriza-a-promocao-de-79-policiais-militares-das-graduacoes-de-sargentos-e-subtenente\/\" \/>\n<meta property=\"og:site_name\" content=\"Pol\u00edcia Militar da Para\u00edba\" \/>\n<meta property=\"article:published_time\" content=\"2020-10-10T00:11:58+00:00\" \/>\n<meta property=\"article:modified_time\" content=\"2020-10-10T00:12:00+00:00\" \/>\n<meta property=\"og:image\" content=\"https:\/\/www.pm.pb.gov.br\/portal\/wp-content\/uploads\/2020\/10\/promocao.jpeg\" \/>\n\t<meta property=\"og:image:width\" content=\"679\" \/>\n\t<meta property=\"og:image:height\" content=\"502\" \/>\n\t<meta property=\"og:image:type\" content=\"image\/jpeg\" \/>\n<meta name=\"author\" content=\"Tarcisio Oliveira\" \/>\n<meta name=\"twitter:card\" content=\"summary_large_image\" \/>\n<meta name=\"twitter:label1\" content=\"Escrito por\" \/>\n\t<meta name=\"twitter:data1\" content=\"Tarcisio Oliveira\" \/>\n\t<meta name=\"twitter:label2\" content=\"Est. tempo de leitura\" \/>\n\t<meta name=\"twitter:data2\" content=\"1 minuto\" \/>\n<script type=\"application\/ld+json\" class=\"yoast-schema-graph\">{\"@context\":\"https:\/\/schema.org\",\"@graph\":[{\"@type\":\"Article\",\"@id\":\"https:\/\/www.pm.pb.gov.br\/portal\/2020\/10\/09\/joao-azevedo-autoriza-a-promocao-de-79-policiais-militares-das-graduacoes-de-sargentos-e-subtenente\/#article\",\"isPartOf\":{\"@id\":\"https:\/\/www.pm.pb.gov.br\/portal\/2020\/10\/09\/joao-azevedo-autoriza-a-promocao-de-79-policiais-militares-das-graduacoes-de-sargentos-e-subtenente\/\"},\"author\":{\"name\":\"Tarcisio Oliveira\",\"@id\":\"https:\/\/www.pm.pb.gov.br\/portal\/#\/schema\/person\/f84f56dcc78ce4357054da888b8247fd\"},\"headline\":\"Jo\u00e3o Azev\u00eado autoriza a promo\u00e7\u00e3o de 79 policiais militares das gradua\u00e7\u00f5es de sargentos e subtenente\",\"datePublished\":\"2020-10-10T00:11:58+00:00\",\"dateModified\":\"2020-10-10T00:12:00+00:00\",\"mainEntityOfPage\":{\"@id\":\"https:\/\/www.pm.pb.gov.br\/portal\/2020\/10\/09\/joao-azevedo-autoriza-a-promocao-de-79-policiais-militares-das-graduacoes-de-sargentos-e-subtenente\/\"},\"wordCount\":226,\"publisher\":{\"@id\":\"https:\/\/www.pm.pb.gov.br\/portal\/#organization\"},\"articleSection\":[\"Informativo\"],\"inLanguage\":\"pt-BR\"},{\"@type\":\"WebPage\",\"@id\":\"https:\/\/www.pm.pb.gov.br\/portal\/2020\/10\/09\/joao-azevedo-autoriza-a-promocao-de-79-policiais-militares-das-graduacoes-de-sargentos-e-subtenente\/\",\"url\":\"https:\/\/www.pm.pb.gov.br\/portal\/2020\/10\/09\/joao-azevedo-autoriza-a-promocao-de-79-policiais-militares-das-graduacoes-de-sargentos-e-subtenente\/\",\"name\":\"Jo\u00e3o Azev\u00eado autoriza a promo\u00e7\u00e3o de 79 policiais militares das gradua\u00e7\u00f5es de sargentos e subtenente - Pol\u00edcia Militar da Para\u00edba\",\"isPartOf\":{\"@id\":\"https:\/\/www.pm.pb.gov.br\/portal\/#website\"},\"datePublished\":\"2020-10-10T00:11:58+00:00\",\"dateModified\":\"2020-10-10T00:12:00+00:00\",\"breadcrumb\":{\"@id\":\"https:\/\/www.pm.pb.gov.br\/portal\/2020\/10\/09\/joao-azevedo-autoriza-a-promocao-de-79-policiais-militares-das-graduacoes-de-sargentos-e-subtenente\/#breadcrumb\"},\"inLanguage\":\"pt-BR\",\"potentialAction\":[{\"@type\":\"ReadAction\",\"target\":[\"https:\/\/www.pm.pb.gov.br\/portal\/2020\/10\/09\/joao-azevedo-autoriza-a-promocao-de-79-policiais-militares-das-graduacoes-de-sargentos-e-subtenente\/\"]}]},{\"@type\":\"BreadcrumbList\",\"@id\":\"https:\/\/www.pm.pb.gov.br\/portal\/2020\/10\/09\/joao-azevedo-autoriza-a-promocao-de-79-policiais-militares-das-graduacoes-de-sargentos-e-subtenente\/#breadcrumb\",\"itemListElement\":[{\"@type\":\"ListItem\",\"position\":1,\"name\":\"In\u00edcio\",\"item\":\"https:\/\/www.pm.pb.gov.br\/portal\/\"},{\"@type\":\"ListItem\",\"position\":2,\"name\":\"Jo\u00e3o Azev\u00eado autoriza a promo\u00e7\u00e3o de 79 policiais militares das gradua\u00e7\u00f5es de sargentos e subtenente\"}]},{\"@type\":\"WebSite\",\"@id\":\"https:\/\/www.pm.pb.gov.br\/portal\/#website\",\"url\":\"https:\/\/www.pm.pb.gov.br\/portal\/\",\"name\":\"Pol\u00edcia Militar da Para\u00edba\",\"description\":\"\",\"publisher\":{\"@id\":\"https:\/\/www.pm.pb.gov.br\/portal\/#organization\"},\"potentialAction\":[{\"@type\":\"SearchAction\",\"target\":{\"@type\":\"EntryPoint\",\"urlTemplate\":\"https:\/\/www.pm.pb.gov.br\/portal\/?s={search_term_string}\"},\"query-input\":\"required name=search_term_string\"}],\"inLanguage\":\"pt-BR\"},{\"@type\":\"Organization\",\"@id\":\"https:\/\/www.pm.pb.gov.br\/portal\/#organization\",\"name\":\"Pol\u00edcia Militar da Para\u00edba\",\"url\":\"https:\/\/www.pm.pb.gov.br\/portal\/\",\"logo\":{\"@type\":\"ImageObject\",\"inLanguage\":\"pt-BR\",\"@id\":\"https:\/\/www.pm.pb.gov.br\/portal\/#\/schema\/logo\/image\/\",\"url\":\"https:\/\/www.pm.pb.gov.br\/portal\/wp-content\/uploads\/2025\/03\/cropped-logo-site-mag2-1.png\",\"contentUrl\":\"https:\/\/www.pm.pb.gov.br\/portal\/wp-content\/uploads\/2025\/03\/cropped-logo-site-mag2-1.png\",\"width\":320,\"height\":90,\"caption\":\"Pol\u00edcia Militar da Para\u00edba\"},\"image\":{\"@id\":\"https:\/\/www.pm.pb.gov.br\/portal\/#\/schema\/logo\/image\/\"}},{\"@type\":\"Person\",\"@id\":\"https:\/\/www.pm.pb.gov.br\/portal\/#\/schema\/person\/f84f56dcc78ce4357054da888b8247fd\",\"name\":\"Tarcisio Oliveira\",\"image\":{\"@type\":\"ImageObject\",\"inLanguage\":\"pt-BR\",\"@id\":\"https:\/\/www.pm.pb.gov.br\/portal\/#\/schema\/person\/image\/\",\"url\":\"https:\/\/secure.gravatar.com\/avatar\/72917b630b69d31cd0297507f34bac97?s=96&d=mm&r=g\",\"contentUrl\":\"https:\/\/secure.gravatar.com\/avatar\/72917b630b69d31cd0297507f34bac97?s=96&d=mm&r=g\",\"caption\":\"Tarcisio Oliveira\"},\"url\":\"https:\/\/www.pm.pb.gov.br\/portal\/author\/tarcisio\/\"}]}<\/script>\n<!-- \/ Yoast SEO plugin. -->","yoast_head_json":{"title":"Jo\u00e3o Azev\u00eado autoriza a promo\u00e7\u00e3o de 79 policiais militares das gradua\u00e7\u00f5es de sargentos e subtenente - Pol\u00edcia Militar da Para\u00edba","robots":{"index":"index","follow":"follow","max-snippet":"max-snippet:-1","max-image-preview":"max-image-preview:large","max-video-preview":"max-video-preview:-1"},"canonical":"https:\/\/www.pm.pb.gov.br\/portal\/2020\/10\/09\/joao-azevedo-autoriza-a-promocao-de-79-policiais-militares-das-graduacoes-de-sargentos-e-subtenente\/","og_locale":"pt_BR","og_type":"article","og_title":"Jo\u00e3o Azev\u00eado autoriza a promo\u00e7\u00e3o de 79 policiais militares das gradua\u00e7\u00f5es de sargentos e subtenente - Pol\u00edcia Militar da Para\u00edba","og_description":"O governador Jo\u00e3o Azev\u00eado autorizou o comandante-geral da PM, coronel Euller Chaves, a promover 79 policiais militares para as gradua\u00e7\u00f5es","og_url":"https:\/\/www.pm.pb.gov.br\/portal\/2020\/10\/09\/joao-azevedo-autoriza-a-promocao-de-79-policiais-militares-das-graduacoes-de-sargentos-e-subtenente\/","og_site_name":"Pol\u00edcia Militar da Para\u00edba","article_published_time":"2020-10-10T00:11:58+00:00","article_modified_time":"2020-10-10T00:12:00+00:00","og_image":[{"width":679,"height":502,"url":"https:\/\/www.pm.pb.gov.br\/portal\/wp-content\/uploads\/2020\/10\/promocao.jpeg","type":"image\/jpeg"}],"author":"Tarcisio Oliveira","twitter_card":"summary_large_image","twitter_misc":{"Escrito por":"Tarcisio Oliveira","Est. tempo de leitura":"1 minuto"},"schema":{"@context":"https:\/\/schema.org","@graph":[{"@type":"Article","@id":"https:\/\/www.pm.pb.gov.br\/portal\/2020\/10\/09\/joao-azevedo-autoriza-a-promocao-de-79-policiais-militares-das-graduacoes-de-sargentos-e-subtenente\/#article","isPartOf":{"@id":"https:\/\/www.pm.pb.gov.br\/portal\/2020\/10\/09\/joao-azevedo-autoriza-a-promocao-de-79-policiais-militares-das-graduacoes-de-sargentos-e-subtenente\/"},"author":{"name":"Tarcisio Oliveira","@id":"https:\/\/www.pm.pb.gov.br\/portal\/#\/schema\/person\/f84f56dcc78ce4357054da888b8247fd"},"headline":"Jo\u00e3o Azev\u00eado autoriza a promo\u00e7\u00e3o de 79 policiais militares das gradua\u00e7\u00f5es de sargentos e subtenente","datePublished":"2020-10-10T00:11:58+00:00","dateModified":"2020-10-10T00:12:00+00:00","mainEntityOfPage":{"@id":"https:\/\/www.pm.pb.gov.br\/portal\/2020\/10\/09\/joao-azevedo-autoriza-a-promocao-de-79-policiais-militares-das-graduacoes-de-sargentos-e-subtenente\/"},"wordCount":226,"publisher":{"@id":"https:\/\/www.pm.pb.gov.br\/portal\/#organization"},"articleSection":["Informativo"],"inLanguage":"pt-BR"},{"@type":"WebPage","@id":"https:\/\/www.pm.pb.gov.br\/portal\/2020\/10\/09\/joao-azevedo-autoriza-a-promocao-de-79-policiais-militares-das-graduacoes-de-sargentos-e-subtenente\/","url":"https:\/\/www.pm.pb.gov.br\/portal\/2020\/10\/09\/joao-azevedo-autoriza-a-promocao-de-79-policiais-militares-das-graduacoes-de-sargentos-e-subtenente\/","name":"Jo\u00e3o Azev\u00eado autoriza a promo\u00e7\u00e3o de 79 policiais militares das gradua\u00e7\u00f5es de sargentos e subtenente - Pol\u00edcia Militar da Para\u00edba","isPartOf":{"@id":"https:\/\/www.pm.pb.gov.br\/portal\/#website"},"datePublished":"2020-10-10T00:11:58+00:00","dateModified":"2020-10-10T00:12:00+00:00","breadcrumb":{"@id":"https:\/\/www.pm.pb.gov.br\/portal\/2020\/10\/09\/joao-azevedo-autoriza-a-promocao-de-79-policiais-militares-das-graduacoes-de-sargentos-e-subtenente\/#breadcrumb"},"inLanguage":"pt-BR","potentialAction":[{"@type":"ReadAction","target":["https:\/\/www.pm.pb.gov.br\/portal\/2020\/10\/09\/joao-azevedo-autoriza-a-promocao-de-79-policiais-militares-das-graduacoes-de-sargentos-e-subtenente\/"]}]},{"@type":"BreadcrumbList","@id":"https:\/\/www.pm.pb.gov.br\/portal\/2020\/10\/09\/joao-azevedo-autoriza-a-promocao-de-79-policiais-militares-das-graduacoes-de-sargentos-e-subtenente\/#breadcrumb","itemListElement":[{"@type":"ListItem","position":1,"name":"In\u00edcio","item":"https:\/\/www.pm.pb.gov.br\/portal\/"},{"@type":"ListItem","position":2,"name":"Jo\u00e3o Azev\u00eado autoriza a promo\u00e7\u00e3o de 79 policiais militares das gradua\u00e7\u00f5es de sargentos e subtenente"}]},{"@type":"WebSite","@id":"https:\/\/www.pm.pb.gov.br\/portal\/#website","url":"https:\/\/www.pm.pb.gov.br\/portal\/","name":"Pol\u00edcia Militar da Para\u00edba","description":"","publisher":{"@id":"https:\/\/www.pm.pb.gov.br\/portal\/#organization"},"potentialAction":[{"@type":"SearchAction","target":{"@type":"EntryPoint","urlTemplate":"https:\/\/www.pm.pb.gov.br\/portal\/?s={search_term_string}"},"query-input":"required name=search_term_string"}],"inLanguage":"pt-BR"},{"@type":"Organization","@id":"https:\/\/www.pm.pb.gov.br\/portal\/#organization","name":"Pol\u00edcia Militar da Para\u00edba","url":"https:\/\/www.pm.pb.gov.br\/portal\/","logo":{"@type":"ImageObject","inLanguage":"pt-BR","@id":"https:\/\/www.pm.pb.gov.br\/portal\/#\/schema\/logo\/image\/","url":"https:\/\/www.pm.pb.gov.br\/portal\/wp-content\/uploads\/2025\/03\/cropped-logo-site-mag2-1.png","contentUrl":"https:\/\/www.pm.pb.gov.br\/portal\/wp-content\/uploads\/2025\/03\/cropped-logo-site-mag2-1.png","width":320,"height":90,"caption":"Pol\u00edcia Militar da Para\u00edba"},"image":{"@id":"https:\/\/www.pm.pb.gov.br\/portal\/#\/schema\/logo\/image\/"}},{"@type":"Person","@id":"https:\/\/www.pm.pb.gov.br\/portal\/#\/schema\/person\/f84f56dcc78ce4357054da888b8247fd","name":"Tarcisio Oliveira","image":{"@type":"ImageObject","inLanguage":"pt-BR","@id":"https:\/\/www.pm.pb.gov.br\/portal\/#\/schema\/person\/image\/","url":"https:\/\/secure.gravatar.com\/avatar\/72917b630b69d31cd0297507f34bac97?s=96&d=mm&r=g","contentUrl":"https:\/\/secure.gravatar.com\/avatar\/72917b630b69d31cd0297507f34bac97?s=96&d=mm&r=g","caption":"Tarcisio Oliveira"},"url":"https:\/\/www.pm.pb.gov.br\/portal\/author\/tarcisio\/"}]}},"_links":{"self":[{"href":"https:\/\/www.pm.pb.gov.br\/portal\/wp-json\/wp\/v2\/posts\/907837"}],"collection":[{"href":"https:\/\/www.pm.pb.gov.br\/portal\/wp-json\/wp\/v2\/posts"}],"about":[{"href":"https:\/\/www.pm.pb.gov.br\/portal\/wp-json\/wp\/v2\/types\/post"}],"author":[{"embeddable":true,"href":"https:\/\/www.pm.pb.gov.br\/portal\/wp-json\/wp\/v2\/users\/12"}],"replies":[{"embeddable":true,"href":"https:\/\/www.pm.pb.gov.br\/portal\/wp-json\/wp\/v2\/comments?post=907837"}],"version-history":[{"count":1,"href":"https:\/\/www.pm.pb.gov.br\/portal\/wp-json\/wp\/v2\/posts\/907837\/revisions"}],"predecessor-version":[{"id":907839,"href":"https:\/\/www.pm.pb.gov.br\/portal\/wp-json\/wp\/v2\/posts\/907837\/revisions\/907839"}],"wp:featuredmedia":[{"embeddable":true,"href":"https:\/\/www.pm.pb.gov.br\/portal\/wp-json\/wp\/v2\/media\/907838"}],"wp:attachment":[{"href":"https:\/\/www.pm.pb.gov.br\/portal\/wp-json\/wp\/v2\/media?parent=907837"}],"wp:term":[{"taxonomy":"category","embeddable":true,"href":"https:\/\/www.pm.pb.gov.br\/portal\/wp-json\/wp\/v2\/categories?post=907837"},{"taxonomy":"post_tag","embeddable":true,"href":"https:\/\/www.pm.pb.gov.br\/portal\/wp-json\/wp\/v2\/tags?post=907837"}],"curies":[{"name":"wp","href":"https:\/\/api.w.org\/{rel}","templated":true}]}}