{"id":907828,"date":"2020-10-09T10:15:35","date_gmt":"2020-10-09T13:15:35","guid":{"rendered":"http:\/\/www.pm.pb.gov.br\/portal\/?p=907828"},"modified":"2020-11-06T16:31:09","modified_gmt":"2020-11-06T19:31:09","slug":"plano-de-seguranca-policia-militar-lanca-cartilha-com-procedimentos-operacionais-para-a-seguranca-das-eleicoes-2020","status":"publish","type":"post","link":"https:\/\/www.pm.pb.gov.br\/portal\/2020\/10\/09\/plano-de-seguranca-policia-militar-lanca-cartilha-com-procedimentos-operacionais-para-a-seguranca-das-eleicoes-2020\/","title":{"rendered":"PLANO DE SEGURAN\u00c7A: Pol\u00edcia Militar lan\u00e7a cartilha com procedimentos operacionais para a seguran\u00e7a das elei\u00e7\u00f5es 2020"},"content":{"rendered":"\n<p>Com o objetivo de orientar o trabalho dos policiais nas elei\u00e7\u00f5es deste ano, a Pol\u00edcia Militar lan\u00e7ou nesta sexta-feira (9) uma cartilha com os principais procedimentos operacionais que a corpora\u00e7\u00e3o deve adotar para garantir a seguran\u00e7a no pleito (foto acima ilustrativa). O exemplar tem 18 p\u00e1ginas e traz tamb\u00e9m recomenda\u00e7\u00f5es sanit\u00e1rias por causa da pandemia do novo coronav\u00edrus (foto da capa abaixo).<\/p>\n<p>Entre os principais pontos orientados pela cartilha, est\u00e3o a guarda e escolta das urnas, o policiamento nos locais de vota\u00e7\u00e3o e o atendimento de ocorr\u00eancias eleitorais. Em todas as zonas eleitorais, a PM colocar\u00e1 um militar de liga\u00e7\u00e3o, que ser\u00e1 profissional respons\u00e1vel por facilitar o cumprimento das demandas da justi\u00e7a eleitoral.<\/p>\n<p><img loading=\"lazy\" decoding=\"async\" class=\"size-medium wp-image-907829 aligncenter\" src=\"http:\/\/www.pm.pb.gov.br\/portal\/wp-content\/uploads\/2020\/10\/WhatsApp-Image-2020-10-09-at-10.07.31-311x445.jpeg\" alt=\"\" width=\"311\" height=\"445\" srcset=\"https:\/\/www.pm.pb.gov.br\/portal\/wp-content\/uploads\/2020\/10\/WhatsApp-Image-2020-10-09-at-10.07.31-311x445.jpeg 311w, https:\/\/www.pm.pb.gov.br\/portal\/wp-content\/uploads\/2020\/10\/WhatsApp-Image-2020-10-09-at-10.07.31-398x570.jpeg 398w, https:\/\/www.pm.pb.gov.br\/portal\/wp-content\/uploads\/2020\/10\/WhatsApp-Image-2020-10-09-at-10.07.31-768x1100.jpeg 768w, https:\/\/www.pm.pb.gov.br\/portal\/wp-content\/uploads\/2020\/10\/WhatsApp-Image-2020-10-09-at-10.07.31.jpeg 894w\" sizes=\"(max-width: 311px) 100vw, 311px\" \/><\/p>\n<p>O material ficar\u00e1 dispon\u00edvel para download no site da corpora\u00e7\u00e3o (www.pm.pb.gov.br) e tem recomenda\u00e7\u00f5es das a\u00e7\u00f5es que devem ser tomadas diante das principais condutas proibidas nas elei\u00e7\u00f5es. A cartilha (que pode ser acessada <strong><a href=\"http:\/\/www.pm.pb.gov.br\/portal\/wp-content\/uploads\/2020\/10\/clicando-aqui-1.pdf\">clicando aqui<\/a><\/strong>) lista 13 crimes eleitorais que o policial deve ficar atento para coibir, a exemplo de propaganda irregular, pr\u00e1tica de boca de urna e o derrame de santinhos na porta dos locais de vota\u00e7\u00e3o, que acontece geralmente na noite anterior ao pleito.<\/p>\n<p>A quantidade de policiais e viaturas que far\u00e3o parte do Plano de Seguran\u00e7a para as elei\u00e7\u00f5es 2020 est\u00e1 sendo definida, de acordo com um mapeamento que o Estado-Maior Estrat\u00e9gico (EME) da corpora\u00e7\u00e3o vem fazendo.<\/p>\n<p><em>Atualizado \u00e0s 16h39 do dia 06\/11\/2020.<\/em><\/p>\n","protected":false},"excerpt":{"rendered":"<p>Com o objetivo de orientar o trabalho dos policiais nas elei\u00e7\u00f5es deste ano, a Pol\u00edcia Militar lan\u00e7ou nesta sexta-feira (9)<\/p>\n","protected":false},"author":12,"featured_media":904866,"comment_status":"closed","ping_status":"closed","sticky":false,"template":"","format":"standard","meta":{"_exactmetrics_skip_tracking":false,"_exactmetrics_sitenote_active":false,"_exactmetrics_sitenote_note":"","_exactmetrics_sitenote_category":0,"footnotes":""},"categories":[4],"tags":[],"yoast_head":"<!-- This site is optimized with the Yoast SEO plugin v22.0 - https:\/\/yoast.com\/wordpress\/plugins\/seo\/ -->\n<title>PLANO DE SEGURAN\u00c7A: Pol\u00edcia Militar lan\u00e7a cartilha com procedimentos operacionais para a seguran\u00e7a das elei\u00e7\u00f5es 2020 - Pol\u00edcia Militar da Para\u00edba<\/title>\n<meta name=\"robots\" content=\"index, follow, max-snippet:-1, max-image-preview:large, max-video-preview:-1\" \/>\n<link rel=\"canonical\" href=\"https:\/\/www.pm.pb.gov.br\/portal\/2020\/10\/09\/plano-de-seguranca-policia-militar-lanca-cartilha-com-procedimentos-operacionais-para-a-seguranca-das-eleicoes-2020\/\" \/>\n<meta property=\"og:locale\" content=\"pt_BR\" \/>\n<meta property=\"og:type\" content=\"article\" \/>\n<meta property=\"og:title\" content=\"PLANO DE SEGURAN\u00c7A: Pol\u00edcia Militar lan\u00e7a cartilha com procedimentos operacionais para a seguran\u00e7a das elei\u00e7\u00f5es 2020 - Pol\u00edcia Militar da Para\u00edba\" \/>\n<meta property=\"og:description\" content=\"Com o objetivo de orientar o trabalho dos policiais nas elei\u00e7\u00f5es deste ano, a Pol\u00edcia Militar lan\u00e7ou nesta sexta-feira (9)\" \/>\n<meta property=\"og:url\" content=\"https:\/\/www.pm.pb.gov.br\/portal\/2020\/10\/09\/plano-de-seguranca-policia-militar-lanca-cartilha-com-procedimentos-operacionais-para-a-seguranca-das-eleicoes-2020\/\" \/>\n<meta property=\"og:site_name\" content=\"Pol\u00edcia Militar da Para\u00edba\" \/>\n<meta property=\"article:published_time\" content=\"2020-10-09T13:15:35+00:00\" \/>\n<meta property=\"article:modified_time\" content=\"2020-11-06T19:31:09+00:00\" \/>\n<meta property=\"og:image\" content=\"https:\/\/www.pm.pb.gov.br\/portal\/wp-content\/uploads\/2020\/05\/eleicoes.jpeg\" \/>\n\t<meta property=\"og:image:width\" content=\"800\" \/>\n\t<meta property=\"og:image:height\" content=\"445\" \/>\n\t<meta property=\"og:image:type\" content=\"image\/jpeg\" \/>\n<meta name=\"author\" content=\"Tarcisio Oliveira\" \/>\n<meta name=\"twitter:card\" content=\"summary_large_image\" \/>\n<meta name=\"twitter:label1\" content=\"Escrito por\" \/>\n\t<meta name=\"twitter:data1\" content=\"Tarcisio Oliveira\" \/>\n\t<meta name=\"twitter:label2\" content=\"Est. tempo de leitura\" \/>\n\t<meta name=\"twitter:data2\" content=\"1 minuto\" \/>\n<script type=\"application\/ld+json\" class=\"yoast-schema-graph\">{\"@context\":\"https:\/\/schema.org\",\"@graph\":[{\"@type\":\"Article\",\"@id\":\"https:\/\/www.pm.pb.gov.br\/portal\/2020\/10\/09\/plano-de-seguranca-policia-militar-lanca-cartilha-com-procedimentos-operacionais-para-a-seguranca-das-eleicoes-2020\/#article\",\"isPartOf\":{\"@id\":\"https:\/\/www.pm.pb.gov.br\/portal\/2020\/10\/09\/plano-de-seguranca-policia-militar-lanca-cartilha-com-procedimentos-operacionais-para-a-seguranca-das-eleicoes-2020\/\"},\"author\":{\"name\":\"Tarcisio Oliveira\",\"@id\":\"https:\/\/www.pm.pb.gov.br\/portal\/#\/schema\/person\/f84f56dcc78ce4357054da888b8247fd\"},\"headline\":\"PLANO DE SEGURAN\u00c7A: Pol\u00edcia Militar lan\u00e7a cartilha com procedimentos operacionais para a seguran\u00e7a das elei\u00e7\u00f5es 2020\",\"datePublished\":\"2020-10-09T13:15:35+00:00\",\"dateModified\":\"2020-11-06T19:31:09+00:00\",\"mainEntityOfPage\":{\"@id\":\"https:\/\/www.pm.pb.gov.br\/portal\/2020\/10\/09\/plano-de-seguranca-policia-militar-lanca-cartilha-com-procedimentos-operacionais-para-a-seguranca-das-eleicoes-2020\/\"},\"wordCount\":276,\"publisher\":{\"@id\":\"https:\/\/www.pm.pb.gov.br\/portal\/#organization\"},\"articleSection\":[\"A\u00e7\u00f5es Policiais\"],\"inLanguage\":\"pt-BR\"},{\"@type\":\"WebPage\",\"@id\":\"https:\/\/www.pm.pb.gov.br\/portal\/2020\/10\/09\/plano-de-seguranca-policia-militar-lanca-cartilha-com-procedimentos-operacionais-para-a-seguranca-das-eleicoes-2020\/\",\"url\":\"https:\/\/www.pm.pb.gov.br\/portal\/2020\/10\/09\/plano-de-seguranca-policia-militar-lanca-cartilha-com-procedimentos-operacionais-para-a-seguranca-das-eleicoes-2020\/\",\"name\":\"PLANO DE SEGURAN\u00c7A: Pol\u00edcia Militar lan\u00e7a cartilha com procedimentos operacionais para a seguran\u00e7a das elei\u00e7\u00f5es 2020 - Pol\u00edcia Militar da Para\u00edba\",\"isPartOf\":{\"@id\":\"https:\/\/www.pm.pb.gov.br\/portal\/#website\"},\"datePublished\":\"2020-10-09T13:15:35+00:00\",\"dateModified\":\"2020-11-06T19:31:09+00:00\",\"breadcrumb\":{\"@id\":\"https:\/\/www.pm.pb.gov.br\/portal\/2020\/10\/09\/plano-de-seguranca-policia-militar-lanca-cartilha-com-procedimentos-operacionais-para-a-seguranca-das-eleicoes-2020\/#breadcrumb\"},\"inLanguage\":\"pt-BR\",\"potentialAction\":[{\"@type\":\"ReadAction\",\"target\":[\"https:\/\/www.pm.pb.gov.br\/portal\/2020\/10\/09\/plano-de-seguranca-policia-militar-lanca-cartilha-com-procedimentos-operacionais-para-a-seguranca-das-eleicoes-2020\/\"]}]},{\"@type\":\"BreadcrumbList\",\"@id\":\"https:\/\/www.pm.pb.gov.br\/portal\/2020\/10\/09\/plano-de-seguranca-policia-militar-lanca-cartilha-com-procedimentos-operacionais-para-a-seguranca-das-eleicoes-2020\/#breadcrumb\",\"itemListElement\":[{\"@type\":\"ListItem\",\"position\":1,\"name\":\"In\u00edcio\",\"item\":\"https:\/\/www.pm.pb.gov.br\/portal\/\"},{\"@type\":\"ListItem\",\"position\":2,\"name\":\"PLANO DE SEGURAN\u00c7A: Pol\u00edcia Militar lan\u00e7a cartilha com procedimentos operacionais para a seguran\u00e7a das elei\u00e7\u00f5es 2020\"}]},{\"@type\":\"WebSite\",\"@id\":\"https:\/\/www.pm.pb.gov.br\/portal\/#website\",\"url\":\"https:\/\/www.pm.pb.gov.br\/portal\/\",\"name\":\"Pol\u00edcia Militar da Para\u00edba\",\"description\":\"\",\"publisher\":{\"@id\":\"https:\/\/www.pm.pb.gov.br\/portal\/#organization\"},\"potentialAction\":[{\"@type\":\"SearchAction\",\"target\":{\"@type\":\"EntryPoint\",\"urlTemplate\":\"https:\/\/www.pm.pb.gov.br\/portal\/?s={search_term_string}\"},\"query-input\":\"required name=search_term_string\"}],\"inLanguage\":\"pt-BR\"},{\"@type\":\"Organization\",\"@id\":\"https:\/\/www.pm.pb.gov.br\/portal\/#organization\",\"name\":\"Pol\u00edcia Militar da Para\u00edba\",\"url\":\"https:\/\/www.pm.pb.gov.br\/portal\/\",\"logo\":{\"@type\":\"ImageObject\",\"inLanguage\":\"pt-BR\",\"@id\":\"https:\/\/www.pm.pb.gov.br\/portal\/#\/schema\/logo\/image\/\",\"url\":\"https:\/\/www.pm.pb.gov.br\/portal\/wp-content\/uploads\/2025\/03\/cropped-logo-site-mag2-1.png\",\"contentUrl\":\"https:\/\/www.pm.pb.gov.br\/portal\/wp-content\/uploads\/2025\/03\/cropped-logo-site-mag2-1.png\",\"width\":320,\"height\":90,\"caption\":\"Pol\u00edcia Militar da Para\u00edba\"},\"image\":{\"@id\":\"https:\/\/www.pm.pb.gov.br\/portal\/#\/schema\/logo\/image\/\"}},{\"@type\":\"Person\",\"@id\":\"https:\/\/www.pm.pb.gov.br\/portal\/#\/schema\/person\/f84f56dcc78ce4357054da888b8247fd\",\"name\":\"Tarcisio Oliveira\",\"image\":{\"@type\":\"ImageObject\",\"inLanguage\":\"pt-BR\",\"@id\":\"https:\/\/www.pm.pb.gov.br\/portal\/#\/schema\/person\/image\/\",\"url\":\"https:\/\/secure.gravatar.com\/avatar\/72917b630b69d31cd0297507f34bac97?s=96&d=mm&r=g\",\"contentUrl\":\"https:\/\/secure.gravatar.com\/avatar\/72917b630b69d31cd0297507f34bac97?s=96&d=mm&r=g\",\"caption\":\"Tarcisio Oliveira\"},\"url\":\"https:\/\/www.pm.pb.gov.br\/portal\/author\/tarcisio\/\"}]}<\/script>\n<!-- \/ Yoast SEO plugin. -->","yoast_head_json":{"title":"PLANO DE SEGURAN\u00c7A: Pol\u00edcia Militar lan\u00e7a cartilha com procedimentos operacionais para a seguran\u00e7a das elei\u00e7\u00f5es 2020 - Pol\u00edcia Militar da Para\u00edba","robots":{"index":"index","follow":"follow","max-snippet":"max-snippet:-1","max-image-preview":"max-image-preview:large","max-video-preview":"max-video-preview:-1"},"canonical":"https:\/\/www.pm.pb.gov.br\/portal\/2020\/10\/09\/plano-de-seguranca-policia-militar-lanca-cartilha-com-procedimentos-operacionais-para-a-seguranca-das-eleicoes-2020\/","og_locale":"pt_BR","og_type":"article","og_title":"PLANO DE SEGURAN\u00c7A: Pol\u00edcia Militar lan\u00e7a cartilha com procedimentos operacionais para a seguran\u00e7a das elei\u00e7\u00f5es 2020 - Pol\u00edcia Militar da Para\u00edba","og_description":"Com o objetivo de orientar o trabalho dos policiais nas elei\u00e7\u00f5es deste ano, a Pol\u00edcia Militar lan\u00e7ou nesta sexta-feira (9)","og_url":"https:\/\/www.pm.pb.gov.br\/portal\/2020\/10\/09\/plano-de-seguranca-policia-militar-lanca-cartilha-com-procedimentos-operacionais-para-a-seguranca-das-eleicoes-2020\/","og_site_name":"Pol\u00edcia Militar da Para\u00edba","article_published_time":"2020-10-09T13:15:35+00:00","article_modified_time":"2020-11-06T19:31:09+00:00","og_image":[{"width":800,"height":445,"url":"https:\/\/www.pm.pb.gov.br\/portal\/wp-content\/uploads\/2020\/05\/eleicoes.jpeg","type":"image\/jpeg"}],"author":"Tarcisio Oliveira","twitter_card":"summary_large_image","twitter_misc":{"Escrito por":"Tarcisio Oliveira","Est. tempo de leitura":"1 minuto"},"schema":{"@context":"https:\/\/schema.org","@graph":[{"@type":"Article","@id":"https:\/\/www.pm.pb.gov.br\/portal\/2020\/10\/09\/plano-de-seguranca-policia-militar-lanca-cartilha-com-procedimentos-operacionais-para-a-seguranca-das-eleicoes-2020\/#article","isPartOf":{"@id":"https:\/\/www.pm.pb.gov.br\/portal\/2020\/10\/09\/plano-de-seguranca-policia-militar-lanca-cartilha-com-procedimentos-operacionais-para-a-seguranca-das-eleicoes-2020\/"},"author":{"name":"Tarcisio Oliveira","@id":"https:\/\/www.pm.pb.gov.br\/portal\/#\/schema\/person\/f84f56dcc78ce4357054da888b8247fd"},"headline":"PLANO DE SEGURAN\u00c7A: Pol\u00edcia Militar lan\u00e7a cartilha com procedimentos operacionais para a seguran\u00e7a das elei\u00e7\u00f5es 2020","datePublished":"2020-10-09T13:15:35+00:00","dateModified":"2020-11-06T19:31:09+00:00","mainEntityOfPage":{"@id":"https:\/\/www.pm.pb.gov.br\/portal\/2020\/10\/09\/plano-de-seguranca-policia-militar-lanca-cartilha-com-procedimentos-operacionais-para-a-seguranca-das-eleicoes-2020\/"},"wordCount":276,"publisher":{"@id":"https:\/\/www.pm.pb.gov.br\/portal\/#organization"},"articleSection":["A\u00e7\u00f5es Policiais"],"inLanguage":"pt-BR"},{"@type":"WebPage","@id":"https:\/\/www.pm.pb.gov.br\/portal\/2020\/10\/09\/plano-de-seguranca-policia-militar-lanca-cartilha-com-procedimentos-operacionais-para-a-seguranca-das-eleicoes-2020\/","url":"https:\/\/www.pm.pb.gov.br\/portal\/2020\/10\/09\/plano-de-seguranca-policia-militar-lanca-cartilha-com-procedimentos-operacionais-para-a-seguranca-das-eleicoes-2020\/","name":"PLANO DE SEGURAN\u00c7A: Pol\u00edcia Militar lan\u00e7a cartilha com procedimentos operacionais para a seguran\u00e7a das elei\u00e7\u00f5es 2020 - Pol\u00edcia Militar da Para\u00edba","isPartOf":{"@id":"https:\/\/www.pm.pb.gov.br\/portal\/#website"},"datePublished":"2020-10-09T13:15:35+00:00","dateModified":"2020-11-06T19:31:09+00:00","breadcrumb":{"@id":"https:\/\/www.pm.pb.gov.br\/portal\/2020\/10\/09\/plano-de-seguranca-policia-militar-lanca-cartilha-com-procedimentos-operacionais-para-a-seguranca-das-eleicoes-2020\/#breadcrumb"},"inLanguage":"pt-BR","potentialAction":[{"@type":"ReadAction","target":["https:\/\/www.pm.pb.gov.br\/portal\/2020\/10\/09\/plano-de-seguranca-policia-militar-lanca-cartilha-com-procedimentos-operacionais-para-a-seguranca-das-eleicoes-2020\/"]}]},{"@type":"BreadcrumbList","@id":"https:\/\/www.pm.pb.gov.br\/portal\/2020\/10\/09\/plano-de-seguranca-policia-militar-lanca-cartilha-com-procedimentos-operacionais-para-a-seguranca-das-eleicoes-2020\/#breadcrumb","itemListElement":[{"@type":"ListItem","position":1,"name":"In\u00edcio","item":"https:\/\/www.pm.pb.gov.br\/portal\/"},{"@type":"ListItem","position":2,"name":"PLANO DE SEGURAN\u00c7A: Pol\u00edcia Militar lan\u00e7a cartilha com procedimentos operacionais para a seguran\u00e7a das elei\u00e7\u00f5es 2020"}]},{"@type":"WebSite","@id":"https:\/\/www.pm.pb.gov.br\/portal\/#website","url":"https:\/\/www.pm.pb.gov.br\/portal\/","name":"Pol\u00edcia Militar da Para\u00edba","description":"","publisher":{"@id":"https:\/\/www.pm.pb.gov.br\/portal\/#organization"},"potentialAction":[{"@type":"SearchAction","target":{"@type":"EntryPoint","urlTemplate":"https:\/\/www.pm.pb.gov.br\/portal\/?s={search_term_string}"},"query-input":"required name=search_term_string"}],"inLanguage":"pt-BR"},{"@type":"Organization","@id":"https:\/\/www.pm.pb.gov.br\/portal\/#organization","name":"Pol\u00edcia Militar da Para\u00edba","url":"https:\/\/www.pm.pb.gov.br\/portal\/","logo":{"@type":"ImageObject","inLanguage":"pt-BR","@id":"https:\/\/www.pm.pb.gov.br\/portal\/#\/schema\/logo\/image\/","url":"https:\/\/www.pm.pb.gov.br\/portal\/wp-content\/uploads\/2025\/03\/cropped-logo-site-mag2-1.png","contentUrl":"https:\/\/www.pm.pb.gov.br\/portal\/wp-content\/uploads\/2025\/03\/cropped-logo-site-mag2-1.png","width":320,"height":90,"caption":"Pol\u00edcia Militar da Para\u00edba"},"image":{"@id":"https:\/\/www.pm.pb.gov.br\/portal\/#\/schema\/logo\/image\/"}},{"@type":"Person","@id":"https:\/\/www.pm.pb.gov.br\/portal\/#\/schema\/person\/f84f56dcc78ce4357054da888b8247fd","name":"Tarcisio Oliveira","image":{"@type":"ImageObject","inLanguage":"pt-BR","@id":"https:\/\/www.pm.pb.gov.br\/portal\/#\/schema\/person\/image\/","url":"https:\/\/secure.gravatar.com\/avatar\/72917b630b69d31cd0297507f34bac97?s=96&d=mm&r=g","contentUrl":"https:\/\/secure.gravatar.com\/avatar\/72917b630b69d31cd0297507f34bac97?s=96&d=mm&r=g","caption":"Tarcisio Oliveira"},"url":"https:\/\/www.pm.pb.gov.br\/portal\/author\/tarcisio\/"}]}},"_links":{"self":[{"href":"https:\/\/www.pm.pb.gov.br\/portal\/wp-json\/wp\/v2\/posts\/907828"}],"collection":[{"href":"https:\/\/www.pm.pb.gov.br\/portal\/wp-json\/wp\/v2\/posts"}],"about":[{"href":"https:\/\/www.pm.pb.gov.br\/portal\/wp-json\/wp\/v2\/types\/post"}],"author":[{"embeddable":true,"href":"https:\/\/www.pm.pb.gov.br\/portal\/wp-json\/wp\/v2\/users\/12"}],"replies":[{"embeddable":true,"href":"https:\/\/www.pm.pb.gov.br\/portal\/wp-json\/wp\/v2\/comments?post=907828"}],"version-history":[{"count":8,"href":"https:\/\/www.pm.pb.gov.br\/portal\/wp-json\/wp\/v2\/posts\/907828\/revisions"}],"predecessor-version":[{"id":908184,"href":"https:\/\/www.pm.pb.gov.br\/portal\/wp-json\/wp\/v2\/posts\/907828\/revisions\/908184"}],"wp:featuredmedia":[{"embeddable":true,"href":"https:\/\/www.pm.pb.gov.br\/portal\/wp-json\/wp\/v2\/media\/904866"}],"wp:attachment":[{"href":"https:\/\/www.pm.pb.gov.br\/portal\/wp-json\/wp\/v2\/media?parent=907828"}],"wp:term":[{"taxonomy":"category","embeddable":true,"href":"https:\/\/www.pm.pb.gov.br\/portal\/wp-json\/wp\/v2\/categories?post=907828"},{"taxonomy":"post_tag","embeddable":true,"href":"https:\/\/www.pm.pb.gov.br\/portal\/wp-json\/wp\/v2\/tags?post=907828"}],"curies":[{"name":"wp","href":"https:\/\/api.w.org\/{rel}","templated":true}]}}