{"id":907753,"date":"2020-10-07T09:10:10","date_gmt":"2020-10-07T12:10:10","guid":{"rendered":"http:\/\/www.pm.pb.gov.br\/portal\/?p=907753"},"modified":"2020-10-07T09:23:06","modified_gmt":"2020-10-07T12:23:06","slug":"policia-militar-prende-suspeito-que-vinha-praticando-assaltos-contra-ciclistas-em-ciclovia-da-capital","status":"publish","type":"post","link":"https:\/\/www.pm.pb.gov.br\/portal\/2020\/10\/07\/policia-militar-prende-suspeito-que-vinha-praticando-assaltos-contra-ciclistas-em-ciclovia-da-capital\/","title":{"rendered":"Pol\u00edcia Militar prende suspeito que vinha praticando assaltos contra ciclistas em ciclovia da Capital"},"content":{"rendered":"\n<p>A Pol\u00edcia Militar prendeu, na noite dessa ter\u00e7a-feira (6), o suspeito que vinha praticando assaltos contra ciclistas na ciclovia da Avenida Beira Rio, que liga o centro at\u00e9 a orla da Capital. Ele tem 19 anos e foi preso pelos policiais da 1\u00aa Companhia de Policiamento de CHOQUE do Batalh\u00e3o de Opera\u00e7\u00f5es Especiais (BOPE), no bairro do Miramar.<br><br>A equipe da tropa de CHOQUE da PM realizava um patrulhamento t\u00e1tico pelo bairro do Cabo Branco quando se deparou com a v\u00edtima pedindo socorro. Os policiais localizaram o suspeito no Miramar e com ele recuperaram a bicicleta do ciclista e tamb\u00e9m o celular. O preso estava com um simulacro de arma de fogo, que era usado para intimidar as v\u00edtimas.<br><img loading=\"lazy\" decoding=\"async\" width=\"1200\" height=\"1600\" class=\"wp-image-907765\" style=\"width: 800px;\" src=\"http:\/\/www.pm.pb.gov.br\/portal\/wp-content\/uploads\/2020\/10\/2c90ab68-f62d-4c43-88c6-b21363e2af6a.jpeg\" alt=\"\" srcset=\"https:\/\/www.pm.pb.gov.br\/portal\/wp-content\/uploads\/2020\/10\/2c90ab68-f62d-4c43-88c6-b21363e2af6a.jpeg 1200w, https:\/\/www.pm.pb.gov.br\/portal\/wp-content\/uploads\/2020\/10\/2c90ab68-f62d-4c43-88c6-b21363e2af6a-334x445.jpeg 334w, https:\/\/www.pm.pb.gov.br\/portal\/wp-content\/uploads\/2020\/10\/2c90ab68-f62d-4c43-88c6-b21363e2af6a-428x570.jpeg 428w, https:\/\/www.pm.pb.gov.br\/portal\/wp-content\/uploads\/2020\/10\/2c90ab68-f62d-4c43-88c6-b21363e2af6a-768x1024.jpeg 768w, https:\/\/www.pm.pb.gov.br\/portal\/wp-content\/uploads\/2020\/10\/2c90ab68-f62d-4c43-88c6-b21363e2af6a-1152x1536.jpeg 1152w\" sizes=\"(max-width: 1200px) 100vw, 1200px\" \/><br><strong>Outros roubos <\/strong>\u2013 O acusado tem as mesmas caracter\u00edsticas repassadas por ciclistas assaltados no trecho. Ele agia sempre \u00e0 noite, em local com pouca ilumina\u00e7\u00e3o. Com a pris\u00e3o do suspeito, os outros crimes devem ser desvendados.<br><br>O preso foi apresentado na Central de Flagrantes, no Geisel. Ele tinha sido preso em maio deste ano por furto qualificado e responde ao processo na 4\u00aa Vara Criminal de Jo\u00e3o Pessoa.<br><br><br><br><\/p>\n","protected":false},"excerpt":{"rendered":"<p>A Pol\u00edcia Militar prendeu, na noite dessa ter\u00e7a-feira (6), o suspeito que vinha praticando assaltos contra ciclistas na ciclovia da<\/p>\n","protected":false},"author":10,"featured_media":907758,"comment_status":"closed","ping_status":"closed","sticky":false,"template":"","format":"standard","meta":{"_exactmetrics_skip_tracking":false,"_exactmetrics_sitenote_active":false,"_exactmetrics_sitenote_note":"","_exactmetrics_sitenote_category":0,"footnotes":""},"categories":[4],"tags":[],"yoast_head":"<!-- This site is optimized with the Yoast SEO plugin v22.0 - https:\/\/yoast.com\/wordpress\/plugins\/seo\/ -->\n<title>Pol\u00edcia Militar prende suspeito que vinha praticando assaltos contra ciclistas em ciclovia da Capital - Pol\u00edcia Militar da Para\u00edba<\/title>\n<meta name=\"robots\" content=\"index, follow, max-snippet:-1, max-image-preview:large, max-video-preview:-1\" \/>\n<link rel=\"canonical\" href=\"https:\/\/www.pm.pb.gov.br\/portal\/2020\/10\/07\/policia-militar-prende-suspeito-que-vinha-praticando-assaltos-contra-ciclistas-em-ciclovia-da-capital\/\" \/>\n<meta property=\"og:locale\" content=\"pt_BR\" \/>\n<meta property=\"og:type\" content=\"article\" \/>\n<meta property=\"og:title\" content=\"Pol\u00edcia Militar prende suspeito que vinha praticando assaltos contra ciclistas em ciclovia da Capital - Pol\u00edcia Militar da Para\u00edba\" \/>\n<meta property=\"og:description\" content=\"A Pol\u00edcia Militar prendeu, na noite dessa ter\u00e7a-feira (6), o suspeito que vinha praticando assaltos contra ciclistas na ciclovia da\" \/>\n<meta property=\"og:url\" content=\"https:\/\/www.pm.pb.gov.br\/portal\/2020\/10\/07\/policia-militar-prende-suspeito-que-vinha-praticando-assaltos-contra-ciclistas-em-ciclovia-da-capital\/\" \/>\n<meta property=\"og:site_name\" content=\"Pol\u00edcia Militar da Para\u00edba\" \/>\n<meta property=\"article:published_time\" content=\"2020-10-07T12:10:10+00:00\" \/>\n<meta property=\"article:modified_time\" content=\"2020-10-07T12:23:06+00:00\" \/>\n<meta property=\"og:image\" content=\"https:\/\/www.pm.pb.gov.br\/portal\/wp-content\/uploads\/2020\/10\/2002358d-cb56-4876-a5ce-8909a6e927d0.jpeg\" \/>\n\t<meta property=\"og:image:width\" content=\"1600\" \/>\n\t<meta property=\"og:image:height\" content=\"1200\" \/>\n\t<meta property=\"og:image:type\" content=\"image\/jpeg\" \/>\n<meta name=\"author\" content=\"WAGNER HENRIQUE VARELA DA SILVA\" \/>\n<meta name=\"twitter:card\" content=\"summary_large_image\" \/>\n<meta name=\"twitter:label1\" content=\"Escrito por\" \/>\n\t<meta name=\"twitter:data1\" content=\"WAGNER HENRIQUE VARELA DA SILVA\" \/>\n\t<meta name=\"twitter:label2\" content=\"Est. tempo de leitura\" \/>\n\t<meta name=\"twitter:data2\" content=\"1 minuto\" \/>\n<script type=\"application\/ld+json\" class=\"yoast-schema-graph\">{\"@context\":\"https:\/\/schema.org\",\"@graph\":[{\"@type\":\"Article\",\"@id\":\"https:\/\/www.pm.pb.gov.br\/portal\/2020\/10\/07\/policia-militar-prende-suspeito-que-vinha-praticando-assaltos-contra-ciclistas-em-ciclovia-da-capital\/#article\",\"isPartOf\":{\"@id\":\"https:\/\/www.pm.pb.gov.br\/portal\/2020\/10\/07\/policia-militar-prende-suspeito-que-vinha-praticando-assaltos-contra-ciclistas-em-ciclovia-da-capital\/\"},\"author\":{\"name\":\"WAGNER HENRIQUE VARELA DA SILVA\",\"@id\":\"https:\/\/www.pm.pb.gov.br\/portal\/#\/schema\/person\/b169b297b8494dea236e315ed1a201d1\"},\"headline\":\"Pol\u00edcia Militar prende suspeito que vinha praticando assaltos contra ciclistas em ciclovia da Capital\",\"datePublished\":\"2020-10-07T12:10:10+00:00\",\"dateModified\":\"2020-10-07T12:23:06+00:00\",\"mainEntityOfPage\":{\"@id\":\"https:\/\/www.pm.pb.gov.br\/portal\/2020\/10\/07\/policia-militar-prende-suspeito-que-vinha-praticando-assaltos-contra-ciclistas-em-ciclovia-da-capital\/\"},\"wordCount\":208,\"publisher\":{\"@id\":\"https:\/\/www.pm.pb.gov.br\/portal\/#organization\"},\"articleSection\":[\"A\u00e7\u00f5es Policiais\"],\"inLanguage\":\"pt-BR\"},{\"@type\":\"WebPage\",\"@id\":\"https:\/\/www.pm.pb.gov.br\/portal\/2020\/10\/07\/policia-militar-prende-suspeito-que-vinha-praticando-assaltos-contra-ciclistas-em-ciclovia-da-capital\/\",\"url\":\"https:\/\/www.pm.pb.gov.br\/portal\/2020\/10\/07\/policia-militar-prende-suspeito-que-vinha-praticando-assaltos-contra-ciclistas-em-ciclovia-da-capital\/\",\"name\":\"Pol\u00edcia Militar prende suspeito que vinha praticando assaltos contra ciclistas em ciclovia da Capital - Pol\u00edcia Militar da Para\u00edba\",\"isPartOf\":{\"@id\":\"https:\/\/www.pm.pb.gov.br\/portal\/#website\"},\"datePublished\":\"2020-10-07T12:10:10+00:00\",\"dateModified\":\"2020-10-07T12:23:06+00:00\",\"breadcrumb\":{\"@id\":\"https:\/\/www.pm.pb.gov.br\/portal\/2020\/10\/07\/policia-militar-prende-suspeito-que-vinha-praticando-assaltos-contra-ciclistas-em-ciclovia-da-capital\/#breadcrumb\"},\"inLanguage\":\"pt-BR\",\"potentialAction\":[{\"@type\":\"ReadAction\",\"target\":[\"https:\/\/www.pm.pb.gov.br\/portal\/2020\/10\/07\/policia-militar-prende-suspeito-que-vinha-praticando-assaltos-contra-ciclistas-em-ciclovia-da-capital\/\"]}]},{\"@type\":\"BreadcrumbList\",\"@id\":\"https:\/\/www.pm.pb.gov.br\/portal\/2020\/10\/07\/policia-militar-prende-suspeito-que-vinha-praticando-assaltos-contra-ciclistas-em-ciclovia-da-capital\/#breadcrumb\",\"itemListElement\":[{\"@type\":\"ListItem\",\"position\":1,\"name\":\"In\u00edcio\",\"item\":\"https:\/\/www.pm.pb.gov.br\/portal\/\"},{\"@type\":\"ListItem\",\"position\":2,\"name\":\"Pol\u00edcia Militar prende suspeito que vinha praticando assaltos contra ciclistas em ciclovia da Capital\"}]},{\"@type\":\"WebSite\",\"@id\":\"https:\/\/www.pm.pb.gov.br\/portal\/#website\",\"url\":\"https:\/\/www.pm.pb.gov.br\/portal\/\",\"name\":\"Pol\u00edcia Militar da Para\u00edba\",\"description\":\"\",\"publisher\":{\"@id\":\"https:\/\/www.pm.pb.gov.br\/portal\/#organization\"},\"potentialAction\":[{\"@type\":\"SearchAction\",\"target\":{\"@type\":\"EntryPoint\",\"urlTemplate\":\"https:\/\/www.pm.pb.gov.br\/portal\/?s={search_term_string}\"},\"query-input\":\"required name=search_term_string\"}],\"inLanguage\":\"pt-BR\"},{\"@type\":\"Organization\",\"@id\":\"https:\/\/www.pm.pb.gov.br\/portal\/#organization\",\"name\":\"Pol\u00edcia Militar da Para\u00edba\",\"url\":\"https:\/\/www.pm.pb.gov.br\/portal\/\",\"logo\":{\"@type\":\"ImageObject\",\"inLanguage\":\"pt-BR\",\"@id\":\"https:\/\/www.pm.pb.gov.br\/portal\/#\/schema\/logo\/image\/\",\"url\":\"https:\/\/www.pm.pb.gov.br\/portal\/wp-content\/uploads\/2025\/03\/cropped-logo-site-mag2-1.png\",\"contentUrl\":\"https:\/\/www.pm.pb.gov.br\/portal\/wp-content\/uploads\/2025\/03\/cropped-logo-site-mag2-1.png\",\"width\":320,\"height\":90,\"caption\":\"Pol\u00edcia Militar da Para\u00edba\"},\"image\":{\"@id\":\"https:\/\/www.pm.pb.gov.br\/portal\/#\/schema\/logo\/image\/\"}},{\"@type\":\"Person\",\"@id\":\"https:\/\/www.pm.pb.gov.br\/portal\/#\/schema\/person\/b169b297b8494dea236e315ed1a201d1\",\"name\":\"WAGNER HENRIQUE VARELA DA SILVA\",\"image\":{\"@type\":\"ImageObject\",\"inLanguage\":\"pt-BR\",\"@id\":\"https:\/\/www.pm.pb.gov.br\/portal\/#\/schema\/person\/image\/\",\"url\":\"https:\/\/secure.gravatar.com\/avatar\/e08af53176a66730df5c0706c6c31fd6?s=96&d=mm&r=g\",\"contentUrl\":\"https:\/\/secure.gravatar.com\/avatar\/e08af53176a66730df5c0706c6c31fd6?s=96&d=mm&r=g\",\"caption\":\"WAGNER HENRIQUE VARELA DA SILVA\"},\"url\":\"https:\/\/www.pm.pb.gov.br\/portal\/author\/varela\/\"}]}<\/script>\n<!-- \/ Yoast SEO plugin. -->","yoast_head_json":{"title":"Pol\u00edcia Militar prende suspeito que vinha praticando assaltos contra ciclistas em ciclovia da Capital - Pol\u00edcia Militar da Para\u00edba","robots":{"index":"index","follow":"follow","max-snippet":"max-snippet:-1","max-image-preview":"max-image-preview:large","max-video-preview":"max-video-preview:-1"},"canonical":"https:\/\/www.pm.pb.gov.br\/portal\/2020\/10\/07\/policia-militar-prende-suspeito-que-vinha-praticando-assaltos-contra-ciclistas-em-ciclovia-da-capital\/","og_locale":"pt_BR","og_type":"article","og_title":"Pol\u00edcia Militar prende suspeito que vinha praticando assaltos contra ciclistas em ciclovia da Capital - Pol\u00edcia Militar da Para\u00edba","og_description":"A Pol\u00edcia Militar prendeu, na noite dessa ter\u00e7a-feira (6), o suspeito que vinha praticando assaltos contra ciclistas na ciclovia da","og_url":"https:\/\/www.pm.pb.gov.br\/portal\/2020\/10\/07\/policia-militar-prende-suspeito-que-vinha-praticando-assaltos-contra-ciclistas-em-ciclovia-da-capital\/","og_site_name":"Pol\u00edcia Militar da Para\u00edba","article_published_time":"2020-10-07T12:10:10+00:00","article_modified_time":"2020-10-07T12:23:06+00:00","og_image":[{"width":1600,"height":1200,"url":"https:\/\/www.pm.pb.gov.br\/portal\/wp-content\/uploads\/2020\/10\/2002358d-cb56-4876-a5ce-8909a6e927d0.jpeg","type":"image\/jpeg"}],"author":"WAGNER HENRIQUE VARELA DA SILVA","twitter_card":"summary_large_image","twitter_misc":{"Escrito por":"WAGNER HENRIQUE VARELA DA SILVA","Est. tempo de leitura":"1 minuto"},"schema":{"@context":"https:\/\/schema.org","@graph":[{"@type":"Article","@id":"https:\/\/www.pm.pb.gov.br\/portal\/2020\/10\/07\/policia-militar-prende-suspeito-que-vinha-praticando-assaltos-contra-ciclistas-em-ciclovia-da-capital\/#article","isPartOf":{"@id":"https:\/\/www.pm.pb.gov.br\/portal\/2020\/10\/07\/policia-militar-prende-suspeito-que-vinha-praticando-assaltos-contra-ciclistas-em-ciclovia-da-capital\/"},"author":{"name":"WAGNER HENRIQUE VARELA DA SILVA","@id":"https:\/\/www.pm.pb.gov.br\/portal\/#\/schema\/person\/b169b297b8494dea236e315ed1a201d1"},"headline":"Pol\u00edcia Militar prende suspeito que vinha praticando assaltos contra ciclistas em ciclovia da Capital","datePublished":"2020-10-07T12:10:10+00:00","dateModified":"2020-10-07T12:23:06+00:00","mainEntityOfPage":{"@id":"https:\/\/www.pm.pb.gov.br\/portal\/2020\/10\/07\/policia-militar-prende-suspeito-que-vinha-praticando-assaltos-contra-ciclistas-em-ciclovia-da-capital\/"},"wordCount":208,"publisher":{"@id":"https:\/\/www.pm.pb.gov.br\/portal\/#organization"},"articleSection":["A\u00e7\u00f5es Policiais"],"inLanguage":"pt-BR"},{"@type":"WebPage","@id":"https:\/\/www.pm.pb.gov.br\/portal\/2020\/10\/07\/policia-militar-prende-suspeito-que-vinha-praticando-assaltos-contra-ciclistas-em-ciclovia-da-capital\/","url":"https:\/\/www.pm.pb.gov.br\/portal\/2020\/10\/07\/policia-militar-prende-suspeito-que-vinha-praticando-assaltos-contra-ciclistas-em-ciclovia-da-capital\/","name":"Pol\u00edcia Militar prende suspeito que vinha praticando assaltos contra ciclistas em ciclovia da Capital - Pol\u00edcia Militar da Para\u00edba","isPartOf":{"@id":"https:\/\/www.pm.pb.gov.br\/portal\/#website"},"datePublished":"2020-10-07T12:10:10+00:00","dateModified":"2020-10-07T12:23:06+00:00","breadcrumb":{"@id":"https:\/\/www.pm.pb.gov.br\/portal\/2020\/10\/07\/policia-militar-prende-suspeito-que-vinha-praticando-assaltos-contra-ciclistas-em-ciclovia-da-capital\/#breadcrumb"},"inLanguage":"pt-BR","potentialAction":[{"@type":"ReadAction","target":["https:\/\/www.pm.pb.gov.br\/portal\/2020\/10\/07\/policia-militar-prende-suspeito-que-vinha-praticando-assaltos-contra-ciclistas-em-ciclovia-da-capital\/"]}]},{"@type":"BreadcrumbList","@id":"https:\/\/www.pm.pb.gov.br\/portal\/2020\/10\/07\/policia-militar-prende-suspeito-que-vinha-praticando-assaltos-contra-ciclistas-em-ciclovia-da-capital\/#breadcrumb","itemListElement":[{"@type":"ListItem","position":1,"name":"In\u00edcio","item":"https:\/\/www.pm.pb.gov.br\/portal\/"},{"@type":"ListItem","position":2,"name":"Pol\u00edcia Militar prende suspeito que vinha praticando assaltos contra ciclistas em ciclovia da Capital"}]},{"@type":"WebSite","@id":"https:\/\/www.pm.pb.gov.br\/portal\/#website","url":"https:\/\/www.pm.pb.gov.br\/portal\/","name":"Pol\u00edcia Militar da Para\u00edba","description":"","publisher":{"@id":"https:\/\/www.pm.pb.gov.br\/portal\/#organization"},"potentialAction":[{"@type":"SearchAction","target":{"@type":"EntryPoint","urlTemplate":"https:\/\/www.pm.pb.gov.br\/portal\/?s={search_term_string}"},"query-input":"required name=search_term_string"}],"inLanguage":"pt-BR"},{"@type":"Organization","@id":"https:\/\/www.pm.pb.gov.br\/portal\/#organization","name":"Pol\u00edcia Militar da Para\u00edba","url":"https:\/\/www.pm.pb.gov.br\/portal\/","logo":{"@type":"ImageObject","inLanguage":"pt-BR","@id":"https:\/\/www.pm.pb.gov.br\/portal\/#\/schema\/logo\/image\/","url":"https:\/\/www.pm.pb.gov.br\/portal\/wp-content\/uploads\/2025\/03\/cropped-logo-site-mag2-1.png","contentUrl":"https:\/\/www.pm.pb.gov.br\/portal\/wp-content\/uploads\/2025\/03\/cropped-logo-site-mag2-1.png","width":320,"height":90,"caption":"Pol\u00edcia Militar da Para\u00edba"},"image":{"@id":"https:\/\/www.pm.pb.gov.br\/portal\/#\/schema\/logo\/image\/"}},{"@type":"Person","@id":"https:\/\/www.pm.pb.gov.br\/portal\/#\/schema\/person\/b169b297b8494dea236e315ed1a201d1","name":"WAGNER HENRIQUE VARELA DA SILVA","image":{"@type":"ImageObject","inLanguage":"pt-BR","@id":"https:\/\/www.pm.pb.gov.br\/portal\/#\/schema\/person\/image\/","url":"https:\/\/secure.gravatar.com\/avatar\/e08af53176a66730df5c0706c6c31fd6?s=96&d=mm&r=g","contentUrl":"https:\/\/secure.gravatar.com\/avatar\/e08af53176a66730df5c0706c6c31fd6?s=96&d=mm&r=g","caption":"WAGNER HENRIQUE VARELA DA SILVA"},"url":"https:\/\/www.pm.pb.gov.br\/portal\/author\/varela\/"}]}},"_links":{"self":[{"href":"https:\/\/www.pm.pb.gov.br\/portal\/wp-json\/wp\/v2\/posts\/907753"}],"collection":[{"href":"https:\/\/www.pm.pb.gov.br\/portal\/wp-json\/wp\/v2\/posts"}],"about":[{"href":"https:\/\/www.pm.pb.gov.br\/portal\/wp-json\/wp\/v2\/types\/post"}],"author":[{"embeddable":true,"href":"https:\/\/www.pm.pb.gov.br\/portal\/wp-json\/wp\/v2\/users\/10"}],"replies":[{"embeddable":true,"href":"https:\/\/www.pm.pb.gov.br\/portal\/wp-json\/wp\/v2\/comments?post=907753"}],"version-history":[{"count":4,"href":"https:\/\/www.pm.pb.gov.br\/portal\/wp-json\/wp\/v2\/posts\/907753\/revisions"}],"predecessor-version":[{"id":907767,"href":"https:\/\/www.pm.pb.gov.br\/portal\/wp-json\/wp\/v2\/posts\/907753\/revisions\/907767"}],"wp:featuredmedia":[{"embeddable":true,"href":"https:\/\/www.pm.pb.gov.br\/portal\/wp-json\/wp\/v2\/media\/907758"}],"wp:attachment":[{"href":"https:\/\/www.pm.pb.gov.br\/portal\/wp-json\/wp\/v2\/media?parent=907753"}],"wp:term":[{"taxonomy":"category","embeddable":true,"href":"https:\/\/www.pm.pb.gov.br\/portal\/wp-json\/wp\/v2\/categories?post=907753"},{"taxonomy":"post_tag","embeddable":true,"href":"https:\/\/www.pm.pb.gov.br\/portal\/wp-json\/wp\/v2\/tags?post=907753"}],"curies":[{"name":"wp","href":"https:\/\/api.w.org\/{rel}","templated":true}]}}