{"id":907732,"date":"2020-10-06T07:34:12","date_gmt":"2020-10-06T10:34:12","guid":{"rendered":"http:\/\/www.pm.pb.gov.br\/portal\/?p=907732"},"modified":"2020-10-06T07:34:13","modified_gmt":"2020-10-06T10:34:13","slug":"policia-militar-prende-suspeito-de-praticar-assaltos-a-mao-armada-em-tres-bairros-da-capital","status":"publish","type":"post","link":"https:\/\/www.pm.pb.gov.br\/portal\/2020\/10\/06\/policia-militar-prende-suspeito-de-praticar-assaltos-a-mao-armada-em-tres-bairros-da-capital\/","title":{"rendered":"Pol\u00edcia Militar prende suspeito de praticar assaltos a m\u00e3o armada em tr\u00eas bairros da Capital"},"content":{"rendered":"\n<p>A Pol\u00edcia Militar prendeu em flagrante, na noite dessa segunda-feira (5), um suspeito de 32 anos que praticou uma sequ\u00eancia de assaltos em pelo menos tr\u00eas bairros de Jo\u00e3o Pessoa. O acusado foi preso no bairro do Rangel e com ele foi apreendido um rev\u00f3lver usado nos crimes e recuperados uma moto e cinco celulares de v\u00edtimas.<br><br>O suspeito tomou por assalto a moto no bairro dos Banc\u00e1rios e atrav\u00e9s do rastreador do ve\u00edculo, os policiais da For\u00e7a T\u00e1tica do 5\u00ba Batalh\u00e3o chegaram at\u00e9 o bairro de Cruz das Armas, onde mais v\u00edtimas informaram terem sido assaltadas pelo acusado. Ele praticou roubos tamb\u00e9m no Rangel, onde foi perseguido pela PM e acabou preso, na Avenida Mour\u00e3o Rangel.<br><br>O preso foi apresentado na Central de Flagrantes, no Geisel.<\/p>\n","protected":false},"excerpt":{"rendered":"<p>A Pol\u00edcia Militar prendeu em flagrante, na noite dessa segunda-feira (5), um suspeito de 32 anos que praticou uma sequ\u00eancia<\/p>\n","protected":false},"author":10,"featured_media":907739,"comment_status":"closed","ping_status":"closed","sticky":false,"template":"","format":"standard","meta":{"_exactmetrics_skip_tracking":false,"_exactmetrics_sitenote_active":false,"_exactmetrics_sitenote_note":"","_exactmetrics_sitenote_category":0,"footnotes":""},"categories":[4],"tags":[],"yoast_head":"<!-- This site is optimized with the Yoast SEO plugin v22.0 - https:\/\/yoast.com\/wordpress\/plugins\/seo\/ -->\n<title>Pol\u00edcia Militar prende suspeito de praticar assaltos a m\u00e3o armada em tr\u00eas bairros da Capital - Pol\u00edcia Militar da Para\u00edba<\/title>\n<meta name=\"robots\" content=\"index, follow, max-snippet:-1, max-image-preview:large, max-video-preview:-1\" \/>\n<link rel=\"canonical\" href=\"https:\/\/www.pm.pb.gov.br\/portal\/2020\/10\/06\/policia-militar-prende-suspeito-de-praticar-assaltos-a-mao-armada-em-tres-bairros-da-capital\/\" \/>\n<meta property=\"og:locale\" content=\"pt_BR\" \/>\n<meta property=\"og:type\" content=\"article\" \/>\n<meta property=\"og:title\" content=\"Pol\u00edcia Militar prende suspeito de praticar assaltos a m\u00e3o armada em tr\u00eas bairros da Capital - Pol\u00edcia Militar da Para\u00edba\" \/>\n<meta property=\"og:description\" content=\"A Pol\u00edcia Militar prendeu em flagrante, na noite dessa segunda-feira (5), um suspeito de 32 anos que praticou uma sequ\u00eancia\" \/>\n<meta property=\"og:url\" content=\"https:\/\/www.pm.pb.gov.br\/portal\/2020\/10\/06\/policia-militar-prende-suspeito-de-praticar-assaltos-a-mao-armada-em-tres-bairros-da-capital\/\" \/>\n<meta property=\"og:site_name\" content=\"Pol\u00edcia Militar da Para\u00edba\" \/>\n<meta property=\"article:published_time\" content=\"2020-10-06T10:34:12+00:00\" \/>\n<meta property=\"article:modified_time\" content=\"2020-10-06T10:34:13+00:00\" \/>\n<meta property=\"og:image\" content=\"https:\/\/www.pm.pb.gov.br\/portal\/wp-content\/uploads\/2020\/10\/ARMA-NO-RANGEL.jpg\" \/>\n\t<meta property=\"og:image:width\" content=\"1000\" \/>\n\t<meta property=\"og:image:height\" content=\"562\" \/>\n\t<meta property=\"og:image:type\" content=\"image\/jpeg\" \/>\n<meta name=\"author\" content=\"WAGNER HENRIQUE VARELA DA SILVA\" \/>\n<meta name=\"twitter:card\" content=\"summary_large_image\" \/>\n<meta name=\"twitter:label1\" content=\"Escrito por\" \/>\n\t<meta name=\"twitter:data1\" content=\"WAGNER HENRIQUE VARELA DA SILVA\" \/>\n\t<meta name=\"twitter:label2\" content=\"Est. tempo de leitura\" \/>\n\t<meta name=\"twitter:data2\" content=\"1 minuto\" \/>\n<script type=\"application\/ld+json\" class=\"yoast-schema-graph\">{\"@context\":\"https:\/\/schema.org\",\"@graph\":[{\"@type\":\"Article\",\"@id\":\"https:\/\/www.pm.pb.gov.br\/portal\/2020\/10\/06\/policia-militar-prende-suspeito-de-praticar-assaltos-a-mao-armada-em-tres-bairros-da-capital\/#article\",\"isPartOf\":{\"@id\":\"https:\/\/www.pm.pb.gov.br\/portal\/2020\/10\/06\/policia-militar-prende-suspeito-de-praticar-assaltos-a-mao-armada-em-tres-bairros-da-capital\/\"},\"author\":{\"name\":\"WAGNER HENRIQUE VARELA DA SILVA\",\"@id\":\"https:\/\/www.pm.pb.gov.br\/portal\/#\/schema\/person\/b169b297b8494dea236e315ed1a201d1\"},\"headline\":\"Pol\u00edcia Militar prende suspeito de praticar assaltos a m\u00e3o armada em tr\u00eas bairros da Capital\",\"datePublished\":\"2020-10-06T10:34:12+00:00\",\"dateModified\":\"2020-10-06T10:34:13+00:00\",\"mainEntityOfPage\":{\"@id\":\"https:\/\/www.pm.pb.gov.br\/portal\/2020\/10\/06\/policia-militar-prende-suspeito-de-praticar-assaltos-a-mao-armada-em-tres-bairros-da-capital\/\"},\"wordCount\":157,\"publisher\":{\"@id\":\"https:\/\/www.pm.pb.gov.br\/portal\/#organization\"},\"articleSection\":[\"A\u00e7\u00f5es Policiais\"],\"inLanguage\":\"pt-BR\"},{\"@type\":\"WebPage\",\"@id\":\"https:\/\/www.pm.pb.gov.br\/portal\/2020\/10\/06\/policia-militar-prende-suspeito-de-praticar-assaltos-a-mao-armada-em-tres-bairros-da-capital\/\",\"url\":\"https:\/\/www.pm.pb.gov.br\/portal\/2020\/10\/06\/policia-militar-prende-suspeito-de-praticar-assaltos-a-mao-armada-em-tres-bairros-da-capital\/\",\"name\":\"Pol\u00edcia Militar prende suspeito de praticar assaltos a m\u00e3o armada em tr\u00eas bairros da Capital - Pol\u00edcia Militar da Para\u00edba\",\"isPartOf\":{\"@id\":\"https:\/\/www.pm.pb.gov.br\/portal\/#website\"},\"datePublished\":\"2020-10-06T10:34:12+00:00\",\"dateModified\":\"2020-10-06T10:34:13+00:00\",\"breadcrumb\":{\"@id\":\"https:\/\/www.pm.pb.gov.br\/portal\/2020\/10\/06\/policia-militar-prende-suspeito-de-praticar-assaltos-a-mao-armada-em-tres-bairros-da-capital\/#breadcrumb\"},\"inLanguage\":\"pt-BR\",\"potentialAction\":[{\"@type\":\"ReadAction\",\"target\":[\"https:\/\/www.pm.pb.gov.br\/portal\/2020\/10\/06\/policia-militar-prende-suspeito-de-praticar-assaltos-a-mao-armada-em-tres-bairros-da-capital\/\"]}]},{\"@type\":\"BreadcrumbList\",\"@id\":\"https:\/\/www.pm.pb.gov.br\/portal\/2020\/10\/06\/policia-militar-prende-suspeito-de-praticar-assaltos-a-mao-armada-em-tres-bairros-da-capital\/#breadcrumb\",\"itemListElement\":[{\"@type\":\"ListItem\",\"position\":1,\"name\":\"In\u00edcio\",\"item\":\"https:\/\/www.pm.pb.gov.br\/portal\/\"},{\"@type\":\"ListItem\",\"position\":2,\"name\":\"Pol\u00edcia Militar prende suspeito de praticar assaltos a m\u00e3o armada em tr\u00eas bairros da Capital\"}]},{\"@type\":\"WebSite\",\"@id\":\"https:\/\/www.pm.pb.gov.br\/portal\/#website\",\"url\":\"https:\/\/www.pm.pb.gov.br\/portal\/\",\"name\":\"Pol\u00edcia Militar da Para\u00edba\",\"description\":\"\",\"publisher\":{\"@id\":\"https:\/\/www.pm.pb.gov.br\/portal\/#organization\"},\"potentialAction\":[{\"@type\":\"SearchAction\",\"target\":{\"@type\":\"EntryPoint\",\"urlTemplate\":\"https:\/\/www.pm.pb.gov.br\/portal\/?s={search_term_string}\"},\"query-input\":\"required name=search_term_string\"}],\"inLanguage\":\"pt-BR\"},{\"@type\":\"Organization\",\"@id\":\"https:\/\/www.pm.pb.gov.br\/portal\/#organization\",\"name\":\"Pol\u00edcia Militar da Para\u00edba\",\"url\":\"https:\/\/www.pm.pb.gov.br\/portal\/\",\"logo\":{\"@type\":\"ImageObject\",\"inLanguage\":\"pt-BR\",\"@id\":\"https:\/\/www.pm.pb.gov.br\/portal\/#\/schema\/logo\/image\/\",\"url\":\"https:\/\/www.pm.pb.gov.br\/portal\/wp-content\/uploads\/2025\/03\/cropped-logo-site-mag2-1.png\",\"contentUrl\":\"https:\/\/www.pm.pb.gov.br\/portal\/wp-content\/uploads\/2025\/03\/cropped-logo-site-mag2-1.png\",\"width\":320,\"height\":90,\"caption\":\"Pol\u00edcia Militar da Para\u00edba\"},\"image\":{\"@id\":\"https:\/\/www.pm.pb.gov.br\/portal\/#\/schema\/logo\/image\/\"}},{\"@type\":\"Person\",\"@id\":\"https:\/\/www.pm.pb.gov.br\/portal\/#\/schema\/person\/b169b297b8494dea236e315ed1a201d1\",\"name\":\"WAGNER HENRIQUE VARELA DA SILVA\",\"image\":{\"@type\":\"ImageObject\",\"inLanguage\":\"pt-BR\",\"@id\":\"https:\/\/www.pm.pb.gov.br\/portal\/#\/schema\/person\/image\/\",\"url\":\"https:\/\/secure.gravatar.com\/avatar\/e08af53176a66730df5c0706c6c31fd6?s=96&d=mm&r=g\",\"contentUrl\":\"https:\/\/secure.gravatar.com\/avatar\/e08af53176a66730df5c0706c6c31fd6?s=96&d=mm&r=g\",\"caption\":\"WAGNER HENRIQUE VARELA DA SILVA\"},\"url\":\"https:\/\/www.pm.pb.gov.br\/portal\/author\/varela\/\"}]}<\/script>\n<!-- \/ Yoast SEO plugin. -->","yoast_head_json":{"title":"Pol\u00edcia Militar prende suspeito de praticar assaltos a m\u00e3o armada em tr\u00eas bairros da Capital - Pol\u00edcia Militar da Para\u00edba","robots":{"index":"index","follow":"follow","max-snippet":"max-snippet:-1","max-image-preview":"max-image-preview:large","max-video-preview":"max-video-preview:-1"},"canonical":"https:\/\/www.pm.pb.gov.br\/portal\/2020\/10\/06\/policia-militar-prende-suspeito-de-praticar-assaltos-a-mao-armada-em-tres-bairros-da-capital\/","og_locale":"pt_BR","og_type":"article","og_title":"Pol\u00edcia Militar prende suspeito de praticar assaltos a m\u00e3o armada em tr\u00eas bairros da Capital - Pol\u00edcia Militar da Para\u00edba","og_description":"A Pol\u00edcia Militar prendeu em flagrante, na noite dessa segunda-feira (5), um suspeito de 32 anos que praticou uma sequ\u00eancia","og_url":"https:\/\/www.pm.pb.gov.br\/portal\/2020\/10\/06\/policia-militar-prende-suspeito-de-praticar-assaltos-a-mao-armada-em-tres-bairros-da-capital\/","og_site_name":"Pol\u00edcia Militar da Para\u00edba","article_published_time":"2020-10-06T10:34:12+00:00","article_modified_time":"2020-10-06T10:34:13+00:00","og_image":[{"width":1000,"height":562,"url":"https:\/\/www.pm.pb.gov.br\/portal\/wp-content\/uploads\/2020\/10\/ARMA-NO-RANGEL.jpg","type":"image\/jpeg"}],"author":"WAGNER HENRIQUE VARELA DA SILVA","twitter_card":"summary_large_image","twitter_misc":{"Escrito por":"WAGNER HENRIQUE VARELA DA SILVA","Est. tempo de leitura":"1 minuto"},"schema":{"@context":"https:\/\/schema.org","@graph":[{"@type":"Article","@id":"https:\/\/www.pm.pb.gov.br\/portal\/2020\/10\/06\/policia-militar-prende-suspeito-de-praticar-assaltos-a-mao-armada-em-tres-bairros-da-capital\/#article","isPartOf":{"@id":"https:\/\/www.pm.pb.gov.br\/portal\/2020\/10\/06\/policia-militar-prende-suspeito-de-praticar-assaltos-a-mao-armada-em-tres-bairros-da-capital\/"},"author":{"name":"WAGNER HENRIQUE VARELA DA SILVA","@id":"https:\/\/www.pm.pb.gov.br\/portal\/#\/schema\/person\/b169b297b8494dea236e315ed1a201d1"},"headline":"Pol\u00edcia Militar prende suspeito de praticar assaltos a m\u00e3o armada em tr\u00eas bairros da Capital","datePublished":"2020-10-06T10:34:12+00:00","dateModified":"2020-10-06T10:34:13+00:00","mainEntityOfPage":{"@id":"https:\/\/www.pm.pb.gov.br\/portal\/2020\/10\/06\/policia-militar-prende-suspeito-de-praticar-assaltos-a-mao-armada-em-tres-bairros-da-capital\/"},"wordCount":157,"publisher":{"@id":"https:\/\/www.pm.pb.gov.br\/portal\/#organization"},"articleSection":["A\u00e7\u00f5es Policiais"],"inLanguage":"pt-BR"},{"@type":"WebPage","@id":"https:\/\/www.pm.pb.gov.br\/portal\/2020\/10\/06\/policia-militar-prende-suspeito-de-praticar-assaltos-a-mao-armada-em-tres-bairros-da-capital\/","url":"https:\/\/www.pm.pb.gov.br\/portal\/2020\/10\/06\/policia-militar-prende-suspeito-de-praticar-assaltos-a-mao-armada-em-tres-bairros-da-capital\/","name":"Pol\u00edcia Militar prende suspeito de praticar assaltos a m\u00e3o armada em tr\u00eas bairros da Capital - Pol\u00edcia Militar da Para\u00edba","isPartOf":{"@id":"https:\/\/www.pm.pb.gov.br\/portal\/#website"},"datePublished":"2020-10-06T10:34:12+00:00","dateModified":"2020-10-06T10:34:13+00:00","breadcrumb":{"@id":"https:\/\/www.pm.pb.gov.br\/portal\/2020\/10\/06\/policia-militar-prende-suspeito-de-praticar-assaltos-a-mao-armada-em-tres-bairros-da-capital\/#breadcrumb"},"inLanguage":"pt-BR","potentialAction":[{"@type":"ReadAction","target":["https:\/\/www.pm.pb.gov.br\/portal\/2020\/10\/06\/policia-militar-prende-suspeito-de-praticar-assaltos-a-mao-armada-em-tres-bairros-da-capital\/"]}]},{"@type":"BreadcrumbList","@id":"https:\/\/www.pm.pb.gov.br\/portal\/2020\/10\/06\/policia-militar-prende-suspeito-de-praticar-assaltos-a-mao-armada-em-tres-bairros-da-capital\/#breadcrumb","itemListElement":[{"@type":"ListItem","position":1,"name":"In\u00edcio","item":"https:\/\/www.pm.pb.gov.br\/portal\/"},{"@type":"ListItem","position":2,"name":"Pol\u00edcia Militar prende suspeito de praticar assaltos a m\u00e3o armada em tr\u00eas bairros da Capital"}]},{"@type":"WebSite","@id":"https:\/\/www.pm.pb.gov.br\/portal\/#website","url":"https:\/\/www.pm.pb.gov.br\/portal\/","name":"Pol\u00edcia Militar da Para\u00edba","description":"","publisher":{"@id":"https:\/\/www.pm.pb.gov.br\/portal\/#organization"},"potentialAction":[{"@type":"SearchAction","target":{"@type":"EntryPoint","urlTemplate":"https:\/\/www.pm.pb.gov.br\/portal\/?s={search_term_string}"},"query-input":"required name=search_term_string"}],"inLanguage":"pt-BR"},{"@type":"Organization","@id":"https:\/\/www.pm.pb.gov.br\/portal\/#organization","name":"Pol\u00edcia Militar da Para\u00edba","url":"https:\/\/www.pm.pb.gov.br\/portal\/","logo":{"@type":"ImageObject","inLanguage":"pt-BR","@id":"https:\/\/www.pm.pb.gov.br\/portal\/#\/schema\/logo\/image\/","url":"https:\/\/www.pm.pb.gov.br\/portal\/wp-content\/uploads\/2025\/03\/cropped-logo-site-mag2-1.png","contentUrl":"https:\/\/www.pm.pb.gov.br\/portal\/wp-content\/uploads\/2025\/03\/cropped-logo-site-mag2-1.png","width":320,"height":90,"caption":"Pol\u00edcia Militar da Para\u00edba"},"image":{"@id":"https:\/\/www.pm.pb.gov.br\/portal\/#\/schema\/logo\/image\/"}},{"@type":"Person","@id":"https:\/\/www.pm.pb.gov.br\/portal\/#\/schema\/person\/b169b297b8494dea236e315ed1a201d1","name":"WAGNER HENRIQUE VARELA DA SILVA","image":{"@type":"ImageObject","inLanguage":"pt-BR","@id":"https:\/\/www.pm.pb.gov.br\/portal\/#\/schema\/person\/image\/","url":"https:\/\/secure.gravatar.com\/avatar\/e08af53176a66730df5c0706c6c31fd6?s=96&d=mm&r=g","contentUrl":"https:\/\/secure.gravatar.com\/avatar\/e08af53176a66730df5c0706c6c31fd6?s=96&d=mm&r=g","caption":"WAGNER HENRIQUE VARELA DA SILVA"},"url":"https:\/\/www.pm.pb.gov.br\/portal\/author\/varela\/"}]}},"_links":{"self":[{"href":"https:\/\/www.pm.pb.gov.br\/portal\/wp-json\/wp\/v2\/posts\/907732"}],"collection":[{"href":"https:\/\/www.pm.pb.gov.br\/portal\/wp-json\/wp\/v2\/posts"}],"about":[{"href":"https:\/\/www.pm.pb.gov.br\/portal\/wp-json\/wp\/v2\/types\/post"}],"author":[{"embeddable":true,"href":"https:\/\/www.pm.pb.gov.br\/portal\/wp-json\/wp\/v2\/users\/10"}],"replies":[{"embeddable":true,"href":"https:\/\/www.pm.pb.gov.br\/portal\/wp-json\/wp\/v2\/comments?post=907732"}],"version-history":[{"count":2,"href":"https:\/\/www.pm.pb.gov.br\/portal\/wp-json\/wp\/v2\/posts\/907732\/revisions"}],"predecessor-version":[{"id":907740,"href":"https:\/\/www.pm.pb.gov.br\/portal\/wp-json\/wp\/v2\/posts\/907732\/revisions\/907740"}],"wp:featuredmedia":[{"embeddable":true,"href":"https:\/\/www.pm.pb.gov.br\/portal\/wp-json\/wp\/v2\/media\/907739"}],"wp:attachment":[{"href":"https:\/\/www.pm.pb.gov.br\/portal\/wp-json\/wp\/v2\/media?parent=907732"}],"wp:term":[{"taxonomy":"category","embeddable":true,"href":"https:\/\/www.pm.pb.gov.br\/portal\/wp-json\/wp\/v2\/categories?post=907732"},{"taxonomy":"post_tag","embeddable":true,"href":"https:\/\/www.pm.pb.gov.br\/portal\/wp-json\/wp\/v2\/tags?post=907732"}],"curies":[{"name":"wp","href":"https:\/\/api.w.org\/{rel}","templated":true}]}}