{"id":907707,"date":"2020-10-03T15:06:04","date_gmt":"2020-10-03T18:06:04","guid":{"rendered":"http:\/\/www.pm.pb.gov.br\/portal\/?p=907707"},"modified":"2020-10-03T15:06:06","modified_gmt":"2020-10-03T18:06:06","slug":"policia-militar-apreende-adolescente-suspeito-de-trafico-de-drogas-em-bairro-da-capital","status":"publish","type":"post","link":"https:\/\/www.pm.pb.gov.br\/portal\/2020\/10\/03\/policia-militar-apreende-adolescente-suspeito-de-trafico-de-drogas-em-bairro-da-capital\/","title":{"rendered":"Pol\u00edcia Militar apreende adolescente suspeito de tr\u00e1fico de drogas em bairro da Capital"},"content":{"rendered":"\n<p>Policiais da 3\u00aa Companhia do 1\u00ba Batalh\u00e3o apreenderam um adolescente, de 15 anos, por tr\u00e1fico de drogas na noite dessa sexta-feira (2), no bairro de Mandacaru, em Jo\u00e3o Pessoa-PB. Com ele, a PM apreendeu grande quantidade de drogas e dinheiro.<br \/><br \/>A equipe policial foi averiguar o local onde houve uma ocorr\u00eancia de disparo de arma de fogo e, ao realizar buscas na resid\u00eancia, foi localizada e apreendida uma grande quantidade de maconha, 375 pedras de crack, tr\u00eas pinos com coca\u00edna, al\u00e9m de uma quantia de R$ 1.005,00 oriundos do tr\u00e1fico.<br \/>Segundo informa\u00e7\u00f5es dos policiais, as drogas estavam sob a guarda de um adolescente de 15 anos.<br \/><br \/>O adolescente e as drogas apreendidas foram encaminhados para a delegacia especializada, na Central de Flagrantes.<br \/><br \/>Mais cedo, outra guarni\u00e7\u00e3o fazia rondas no Beco de Z\u00e9 Borges, quando abordou\u00a0\u00a0um adolescente de 16 anos e com a autoriza\u00e7\u00e3o dos pais fizeram buscas na resid\u00eancia e conseguiram apreender 28 papelotes de maconha que pertenciam ao adolescente.\u00a0<br \/><br \/>O suspeito e as drogas apreendidas foram conduzidos para a Central de Flagrantes.<\/p>\n","protected":false},"excerpt":{"rendered":"<p>Policiais da 3\u00aa Companhia do 1\u00ba Batalh\u00e3o apreenderam um adolescente, de 15 anos, por tr\u00e1fico de drogas na noite dessa<\/p>\n","protected":false},"author":15,"featured_media":907708,"comment_status":"closed","ping_status":"closed","sticky":false,"template":"","format":"standard","meta":{"_exactmetrics_skip_tracking":false,"_exactmetrics_sitenote_active":false,"_exactmetrics_sitenote_note":"","_exactmetrics_sitenote_category":0,"footnotes":""},"categories":[4],"tags":[],"yoast_head":"<!-- This site is optimized with the Yoast SEO plugin v22.0 - https:\/\/yoast.com\/wordpress\/plugins\/seo\/ -->\n<title>Pol\u00edcia Militar apreende adolescente suspeito de tr\u00e1fico de drogas em bairro da Capital - Pol\u00edcia Militar da Para\u00edba<\/title>\n<meta name=\"robots\" content=\"index, follow, max-snippet:-1, max-image-preview:large, max-video-preview:-1\" \/>\n<link rel=\"canonical\" href=\"https:\/\/www.pm.pb.gov.br\/portal\/2020\/10\/03\/policia-militar-apreende-adolescente-suspeito-de-trafico-de-drogas-em-bairro-da-capital\/\" \/>\n<meta property=\"og:locale\" content=\"pt_BR\" \/>\n<meta property=\"og:type\" content=\"article\" \/>\n<meta property=\"og:title\" content=\"Pol\u00edcia Militar apreende adolescente suspeito de tr\u00e1fico de drogas em bairro da Capital - Pol\u00edcia Militar da Para\u00edba\" \/>\n<meta property=\"og:description\" content=\"Policiais da 3\u00aa Companhia do 1\u00ba Batalh\u00e3o apreenderam um adolescente, de 15 anos, por tr\u00e1fico de drogas na noite dessa\" \/>\n<meta property=\"og:url\" content=\"https:\/\/www.pm.pb.gov.br\/portal\/2020\/10\/03\/policia-militar-apreende-adolescente-suspeito-de-trafico-de-drogas-em-bairro-da-capital\/\" \/>\n<meta property=\"og:site_name\" content=\"Pol\u00edcia Militar da Para\u00edba\" \/>\n<meta property=\"article:published_time\" content=\"2020-10-03T18:06:04+00:00\" \/>\n<meta property=\"article:modified_time\" content=\"2020-10-03T18:06:06+00:00\" \/>\n<meta property=\"og:image\" content=\"https:\/\/www.pm.pb.gov.br\/portal\/wp-content\/uploads\/2020\/10\/drogas-1bpm.jpg\" \/>\n\t<meta property=\"og:image:width\" content=\"800\" \/>\n\t<meta property=\"og:image:height\" content=\"445\" \/>\n\t<meta property=\"og:image:type\" content=\"image\/jpeg\" \/>\n<meta name=\"author\" content=\"Marcio Gomes dos Santos\" \/>\n<meta name=\"twitter:card\" content=\"summary_large_image\" \/>\n<meta name=\"twitter:label1\" content=\"Escrito por\" \/>\n\t<meta name=\"twitter:data1\" content=\"Marcio Gomes dos Santos\" \/>\n\t<meta name=\"twitter:label2\" content=\"Est. tempo de leitura\" \/>\n\t<meta name=\"twitter:data2\" content=\"1 minuto\" \/>\n<script type=\"application\/ld+json\" class=\"yoast-schema-graph\">{\"@context\":\"https:\/\/schema.org\",\"@graph\":[{\"@type\":\"Article\",\"@id\":\"https:\/\/www.pm.pb.gov.br\/portal\/2020\/10\/03\/policia-militar-apreende-adolescente-suspeito-de-trafico-de-drogas-em-bairro-da-capital\/#article\",\"isPartOf\":{\"@id\":\"https:\/\/www.pm.pb.gov.br\/portal\/2020\/10\/03\/policia-militar-apreende-adolescente-suspeito-de-trafico-de-drogas-em-bairro-da-capital\/\"},\"author\":{\"name\":\"Marcio Gomes dos Santos\",\"@id\":\"https:\/\/www.pm.pb.gov.br\/portal\/#\/schema\/person\/30d571652b38533c2211e4e89bf5a502\"},\"headline\":\"Pol\u00edcia Militar apreende adolescente suspeito de tr\u00e1fico de drogas em bairro da Capital\",\"datePublished\":\"2020-10-03T18:06:04+00:00\",\"dateModified\":\"2020-10-03T18:06:06+00:00\",\"mainEntityOfPage\":{\"@id\":\"https:\/\/www.pm.pb.gov.br\/portal\/2020\/10\/03\/policia-militar-apreende-adolescente-suspeito-de-trafico-de-drogas-em-bairro-da-capital\/\"},\"wordCount\":193,\"publisher\":{\"@id\":\"https:\/\/www.pm.pb.gov.br\/portal\/#organization\"},\"articleSection\":[\"A\u00e7\u00f5es Policiais\"],\"inLanguage\":\"pt-BR\"},{\"@type\":\"WebPage\",\"@id\":\"https:\/\/www.pm.pb.gov.br\/portal\/2020\/10\/03\/policia-militar-apreende-adolescente-suspeito-de-trafico-de-drogas-em-bairro-da-capital\/\",\"url\":\"https:\/\/www.pm.pb.gov.br\/portal\/2020\/10\/03\/policia-militar-apreende-adolescente-suspeito-de-trafico-de-drogas-em-bairro-da-capital\/\",\"name\":\"Pol\u00edcia Militar apreende adolescente suspeito de tr\u00e1fico de drogas em bairro da Capital - Pol\u00edcia Militar da Para\u00edba\",\"isPartOf\":{\"@id\":\"https:\/\/www.pm.pb.gov.br\/portal\/#website\"},\"datePublished\":\"2020-10-03T18:06:04+00:00\",\"dateModified\":\"2020-10-03T18:06:06+00:00\",\"breadcrumb\":{\"@id\":\"https:\/\/www.pm.pb.gov.br\/portal\/2020\/10\/03\/policia-militar-apreende-adolescente-suspeito-de-trafico-de-drogas-em-bairro-da-capital\/#breadcrumb\"},\"inLanguage\":\"pt-BR\",\"potentialAction\":[{\"@type\":\"ReadAction\",\"target\":[\"https:\/\/www.pm.pb.gov.br\/portal\/2020\/10\/03\/policia-militar-apreende-adolescente-suspeito-de-trafico-de-drogas-em-bairro-da-capital\/\"]}]},{\"@type\":\"BreadcrumbList\",\"@id\":\"https:\/\/www.pm.pb.gov.br\/portal\/2020\/10\/03\/policia-militar-apreende-adolescente-suspeito-de-trafico-de-drogas-em-bairro-da-capital\/#breadcrumb\",\"itemListElement\":[{\"@type\":\"ListItem\",\"position\":1,\"name\":\"In\u00edcio\",\"item\":\"https:\/\/www.pm.pb.gov.br\/portal\/\"},{\"@type\":\"ListItem\",\"position\":2,\"name\":\"Pol\u00edcia Militar apreende adolescente suspeito de tr\u00e1fico de drogas em bairro da Capital\"}]},{\"@type\":\"WebSite\",\"@id\":\"https:\/\/www.pm.pb.gov.br\/portal\/#website\",\"url\":\"https:\/\/www.pm.pb.gov.br\/portal\/\",\"name\":\"Pol\u00edcia Militar da Para\u00edba\",\"description\":\"\",\"publisher\":{\"@id\":\"https:\/\/www.pm.pb.gov.br\/portal\/#organization\"},\"potentialAction\":[{\"@type\":\"SearchAction\",\"target\":{\"@type\":\"EntryPoint\",\"urlTemplate\":\"https:\/\/www.pm.pb.gov.br\/portal\/?s={search_term_string}\"},\"query-input\":\"required name=search_term_string\"}],\"inLanguage\":\"pt-BR\"},{\"@type\":\"Organization\",\"@id\":\"https:\/\/www.pm.pb.gov.br\/portal\/#organization\",\"name\":\"Pol\u00edcia Militar da Para\u00edba\",\"url\":\"https:\/\/www.pm.pb.gov.br\/portal\/\",\"logo\":{\"@type\":\"ImageObject\",\"inLanguage\":\"pt-BR\",\"@id\":\"https:\/\/www.pm.pb.gov.br\/portal\/#\/schema\/logo\/image\/\",\"url\":\"https:\/\/www.pm.pb.gov.br\/portal\/wp-content\/uploads\/2025\/03\/cropped-logo-site-mag2-1.png\",\"contentUrl\":\"https:\/\/www.pm.pb.gov.br\/portal\/wp-content\/uploads\/2025\/03\/cropped-logo-site-mag2-1.png\",\"width\":320,\"height\":90,\"caption\":\"Pol\u00edcia Militar da Para\u00edba\"},\"image\":{\"@id\":\"https:\/\/www.pm.pb.gov.br\/portal\/#\/schema\/logo\/image\/\"}},{\"@type\":\"Person\",\"@id\":\"https:\/\/www.pm.pb.gov.br\/portal\/#\/schema\/person\/30d571652b38533c2211e4e89bf5a502\",\"name\":\"Marcio Gomes dos Santos\",\"image\":{\"@type\":\"ImageObject\",\"inLanguage\":\"pt-BR\",\"@id\":\"https:\/\/www.pm.pb.gov.br\/portal\/#\/schema\/person\/image\/\",\"url\":\"https:\/\/secure.gravatar.com\/avatar\/cf4ec2cb690101e1581c7773aa350c19?s=96&d=mm&r=g\",\"contentUrl\":\"https:\/\/secure.gravatar.com\/avatar\/cf4ec2cb690101e1581c7773aa350c19?s=96&d=mm&r=g\",\"caption\":\"Marcio Gomes dos Santos\"},\"url\":\"https:\/\/www.pm.pb.gov.br\/portal\/author\/mgomes\/\"}]}<\/script>\n<!-- \/ Yoast SEO plugin. -->","yoast_head_json":{"title":"Pol\u00edcia Militar apreende adolescente suspeito de tr\u00e1fico de drogas em bairro da Capital - Pol\u00edcia Militar da Para\u00edba","robots":{"index":"index","follow":"follow","max-snippet":"max-snippet:-1","max-image-preview":"max-image-preview:large","max-video-preview":"max-video-preview:-1"},"canonical":"https:\/\/www.pm.pb.gov.br\/portal\/2020\/10\/03\/policia-militar-apreende-adolescente-suspeito-de-trafico-de-drogas-em-bairro-da-capital\/","og_locale":"pt_BR","og_type":"article","og_title":"Pol\u00edcia Militar apreende adolescente suspeito de tr\u00e1fico de drogas em bairro da Capital - Pol\u00edcia Militar da Para\u00edba","og_description":"Policiais da 3\u00aa Companhia do 1\u00ba Batalh\u00e3o apreenderam um adolescente, de 15 anos, por tr\u00e1fico de drogas na noite dessa","og_url":"https:\/\/www.pm.pb.gov.br\/portal\/2020\/10\/03\/policia-militar-apreende-adolescente-suspeito-de-trafico-de-drogas-em-bairro-da-capital\/","og_site_name":"Pol\u00edcia Militar da Para\u00edba","article_published_time":"2020-10-03T18:06:04+00:00","article_modified_time":"2020-10-03T18:06:06+00:00","og_image":[{"width":800,"height":445,"url":"https:\/\/www.pm.pb.gov.br\/portal\/wp-content\/uploads\/2020\/10\/drogas-1bpm.jpg","type":"image\/jpeg"}],"author":"Marcio Gomes dos Santos","twitter_card":"summary_large_image","twitter_misc":{"Escrito por":"Marcio Gomes dos Santos","Est. tempo de leitura":"1 minuto"},"schema":{"@context":"https:\/\/schema.org","@graph":[{"@type":"Article","@id":"https:\/\/www.pm.pb.gov.br\/portal\/2020\/10\/03\/policia-militar-apreende-adolescente-suspeito-de-trafico-de-drogas-em-bairro-da-capital\/#article","isPartOf":{"@id":"https:\/\/www.pm.pb.gov.br\/portal\/2020\/10\/03\/policia-militar-apreende-adolescente-suspeito-de-trafico-de-drogas-em-bairro-da-capital\/"},"author":{"name":"Marcio Gomes dos Santos","@id":"https:\/\/www.pm.pb.gov.br\/portal\/#\/schema\/person\/30d571652b38533c2211e4e89bf5a502"},"headline":"Pol\u00edcia Militar apreende adolescente suspeito de tr\u00e1fico de drogas em bairro da Capital","datePublished":"2020-10-03T18:06:04+00:00","dateModified":"2020-10-03T18:06:06+00:00","mainEntityOfPage":{"@id":"https:\/\/www.pm.pb.gov.br\/portal\/2020\/10\/03\/policia-militar-apreende-adolescente-suspeito-de-trafico-de-drogas-em-bairro-da-capital\/"},"wordCount":193,"publisher":{"@id":"https:\/\/www.pm.pb.gov.br\/portal\/#organization"},"articleSection":["A\u00e7\u00f5es Policiais"],"inLanguage":"pt-BR"},{"@type":"WebPage","@id":"https:\/\/www.pm.pb.gov.br\/portal\/2020\/10\/03\/policia-militar-apreende-adolescente-suspeito-de-trafico-de-drogas-em-bairro-da-capital\/","url":"https:\/\/www.pm.pb.gov.br\/portal\/2020\/10\/03\/policia-militar-apreende-adolescente-suspeito-de-trafico-de-drogas-em-bairro-da-capital\/","name":"Pol\u00edcia Militar apreende adolescente suspeito de tr\u00e1fico de drogas em bairro da Capital - Pol\u00edcia Militar da Para\u00edba","isPartOf":{"@id":"https:\/\/www.pm.pb.gov.br\/portal\/#website"},"datePublished":"2020-10-03T18:06:04+00:00","dateModified":"2020-10-03T18:06:06+00:00","breadcrumb":{"@id":"https:\/\/www.pm.pb.gov.br\/portal\/2020\/10\/03\/policia-militar-apreende-adolescente-suspeito-de-trafico-de-drogas-em-bairro-da-capital\/#breadcrumb"},"inLanguage":"pt-BR","potentialAction":[{"@type":"ReadAction","target":["https:\/\/www.pm.pb.gov.br\/portal\/2020\/10\/03\/policia-militar-apreende-adolescente-suspeito-de-trafico-de-drogas-em-bairro-da-capital\/"]}]},{"@type":"BreadcrumbList","@id":"https:\/\/www.pm.pb.gov.br\/portal\/2020\/10\/03\/policia-militar-apreende-adolescente-suspeito-de-trafico-de-drogas-em-bairro-da-capital\/#breadcrumb","itemListElement":[{"@type":"ListItem","position":1,"name":"In\u00edcio","item":"https:\/\/www.pm.pb.gov.br\/portal\/"},{"@type":"ListItem","position":2,"name":"Pol\u00edcia Militar apreende adolescente suspeito de tr\u00e1fico de drogas em bairro da Capital"}]},{"@type":"WebSite","@id":"https:\/\/www.pm.pb.gov.br\/portal\/#website","url":"https:\/\/www.pm.pb.gov.br\/portal\/","name":"Pol\u00edcia Militar da Para\u00edba","description":"","publisher":{"@id":"https:\/\/www.pm.pb.gov.br\/portal\/#organization"},"potentialAction":[{"@type":"SearchAction","target":{"@type":"EntryPoint","urlTemplate":"https:\/\/www.pm.pb.gov.br\/portal\/?s={search_term_string}"},"query-input":"required name=search_term_string"}],"inLanguage":"pt-BR"},{"@type":"Organization","@id":"https:\/\/www.pm.pb.gov.br\/portal\/#organization","name":"Pol\u00edcia Militar da Para\u00edba","url":"https:\/\/www.pm.pb.gov.br\/portal\/","logo":{"@type":"ImageObject","inLanguage":"pt-BR","@id":"https:\/\/www.pm.pb.gov.br\/portal\/#\/schema\/logo\/image\/","url":"https:\/\/www.pm.pb.gov.br\/portal\/wp-content\/uploads\/2025\/03\/cropped-logo-site-mag2-1.png","contentUrl":"https:\/\/www.pm.pb.gov.br\/portal\/wp-content\/uploads\/2025\/03\/cropped-logo-site-mag2-1.png","width":320,"height":90,"caption":"Pol\u00edcia Militar da Para\u00edba"},"image":{"@id":"https:\/\/www.pm.pb.gov.br\/portal\/#\/schema\/logo\/image\/"}},{"@type":"Person","@id":"https:\/\/www.pm.pb.gov.br\/portal\/#\/schema\/person\/30d571652b38533c2211e4e89bf5a502","name":"Marcio Gomes dos Santos","image":{"@type":"ImageObject","inLanguage":"pt-BR","@id":"https:\/\/www.pm.pb.gov.br\/portal\/#\/schema\/person\/image\/","url":"https:\/\/secure.gravatar.com\/avatar\/cf4ec2cb690101e1581c7773aa350c19?s=96&d=mm&r=g","contentUrl":"https:\/\/secure.gravatar.com\/avatar\/cf4ec2cb690101e1581c7773aa350c19?s=96&d=mm&r=g","caption":"Marcio Gomes dos Santos"},"url":"https:\/\/www.pm.pb.gov.br\/portal\/author\/mgomes\/"}]}},"_links":{"self":[{"href":"https:\/\/www.pm.pb.gov.br\/portal\/wp-json\/wp\/v2\/posts\/907707"}],"collection":[{"href":"https:\/\/www.pm.pb.gov.br\/portal\/wp-json\/wp\/v2\/posts"}],"about":[{"href":"https:\/\/www.pm.pb.gov.br\/portal\/wp-json\/wp\/v2\/types\/post"}],"author":[{"embeddable":true,"href":"https:\/\/www.pm.pb.gov.br\/portal\/wp-json\/wp\/v2\/users\/15"}],"replies":[{"embeddable":true,"href":"https:\/\/www.pm.pb.gov.br\/portal\/wp-json\/wp\/v2\/comments?post=907707"}],"version-history":[{"count":1,"href":"https:\/\/www.pm.pb.gov.br\/portal\/wp-json\/wp\/v2\/posts\/907707\/revisions"}],"predecessor-version":[{"id":907709,"href":"https:\/\/www.pm.pb.gov.br\/portal\/wp-json\/wp\/v2\/posts\/907707\/revisions\/907709"}],"wp:featuredmedia":[{"embeddable":true,"href":"https:\/\/www.pm.pb.gov.br\/portal\/wp-json\/wp\/v2\/media\/907708"}],"wp:attachment":[{"href":"https:\/\/www.pm.pb.gov.br\/portal\/wp-json\/wp\/v2\/media?parent=907707"}],"wp:term":[{"taxonomy":"category","embeddable":true,"href":"https:\/\/www.pm.pb.gov.br\/portal\/wp-json\/wp\/v2\/categories?post=907707"},{"taxonomy":"post_tag","embeddable":true,"href":"https:\/\/www.pm.pb.gov.br\/portal\/wp-json\/wp\/v2\/tags?post=907707"}],"curies":[{"name":"wp","href":"https:\/\/api.w.org\/{rel}","templated":true}]}}