{"id":907672,"date":"2020-10-01T07:13:45","date_gmt":"2020-10-01T10:13:45","guid":{"rendered":"http:\/\/www.pm.pb.gov.br\/portal\/?p=907672"},"modified":"2020-10-01T07:13:47","modified_gmt":"2020-10-01T10:13:47","slug":"policia-militar-cumpre-18-mandados-de-prisao-nas-operacoes-realizadas-no-ultimo-dia-de-setembro-na-pb","status":"publish","type":"post","link":"https:\/\/www.pm.pb.gov.br\/portal\/2020\/10\/01\/policia-militar-cumpre-18-mandados-de-prisao-nas-operacoes-realizadas-no-ultimo-dia-de-setembro-na-pb\/","title":{"rendered":"Pol\u00edcia Militar cumpre 18 mandados de pris\u00e3o nas opera\u00e7\u00f5es realizadas no \u00faltimo dia de setembro na PB"},"content":{"rendered":"\n<p>A Pol\u00edcia Militar cumpriu 18 mandados de pris\u00e3o contra acusados de roubos, homic\u00eddios, furtos, extors\u00f5es e v\u00e1rios outros crimes, nessa quarta-feira (30), durante as opera\u00e7\u00f5es Alvorada e N\u00f4made, que foram realizadas em mais de oitenta cidades paraibanas.<br><br>Os alvos foram presos nas cidades de Jo\u00e3o Pessoa, Campina Grande, Nova Palmeira, Nova Floresta, Cabedelo, Riach\u00e3o, Jacara\u00fa, Soledade e Guarabira. Mais de 70% dos cumprimentos dos mandados se deram ap\u00f3s a Coordenadoria de Intelig\u00eancia da PM (COInt) apontar onde os procurados da justi\u00e7a estavam escondidos.<br><br>Jo\u00e3o Pessoa liderou o n\u00famero de mandados de pris\u00e3o cumpridos pela PM, com sete acusados capturados nos bairros dos Novais, Treze de Maio, Cruz das Armas, Jaguaribe, Cristo e Cabo Branco. Na Capital, a Opera\u00e7\u00e3o Alvorada contou com a presen\u00e7a do pr\u00f3prio comandante-geral da Pol\u00edcia Militar, coronel Euller Chaves.<br><br>Ao todo, mais de 750 policiais militares e 304 viaturas estiveram envolvidos nas opera\u00e7\u00f5es do \u00faltimo dia de setembro, que tiveram o objetivo de prevenir crimes, prender procurados da justi\u00e7a e reduzir os indicadores criminais na Para\u00edba. Os presos foram entregues nas delegacia de Pol\u00edcia Civil, no munic\u00edpios.<br><\/p>\n","protected":false},"excerpt":{"rendered":"<p>A Pol\u00edcia Militar cumpriu 18 mandados de pris\u00e3o contra acusados de roubos, homic\u00eddios, furtos, extors\u00f5es e v\u00e1rios outros crimes, nessa<\/p>\n","protected":false},"author":10,"featured_media":907695,"comment_status":"closed","ping_status":"closed","sticky":false,"template":"","format":"standard","meta":{"_exactmetrics_skip_tracking":false,"_exactmetrics_sitenote_active":false,"_exactmetrics_sitenote_note":"","_exactmetrics_sitenote_category":0,"footnotes":""},"categories":[4],"tags":[],"yoast_head":"<!-- This site is optimized with the Yoast SEO plugin v22.0 - https:\/\/yoast.com\/wordpress\/plugins\/seo\/ -->\n<title>Pol\u00edcia Militar cumpre 18 mandados de pris\u00e3o nas opera\u00e7\u00f5es realizadas no \u00faltimo dia de setembro na PB - Pol\u00edcia Militar da Para\u00edba<\/title>\n<meta name=\"robots\" content=\"index, follow, max-snippet:-1, max-image-preview:large, max-video-preview:-1\" \/>\n<link rel=\"canonical\" href=\"https:\/\/www.pm.pb.gov.br\/portal\/2020\/10\/01\/policia-militar-cumpre-18-mandados-de-prisao-nas-operacoes-realizadas-no-ultimo-dia-de-setembro-na-pb\/\" \/>\n<meta property=\"og:locale\" content=\"pt_BR\" \/>\n<meta property=\"og:type\" content=\"article\" \/>\n<meta property=\"og:title\" content=\"Pol\u00edcia Militar cumpre 18 mandados de pris\u00e3o nas opera\u00e7\u00f5es realizadas no \u00faltimo dia de setembro na PB - Pol\u00edcia Militar da Para\u00edba\" \/>\n<meta property=\"og:description\" content=\"A Pol\u00edcia Militar cumpriu 18 mandados de pris\u00e3o contra acusados de roubos, homic\u00eddios, furtos, extors\u00f5es e v\u00e1rios outros crimes, nessa\" \/>\n<meta property=\"og:url\" content=\"https:\/\/www.pm.pb.gov.br\/portal\/2020\/10\/01\/policia-militar-cumpre-18-mandados-de-prisao-nas-operacoes-realizadas-no-ultimo-dia-de-setembro-na-pb\/\" \/>\n<meta property=\"og:site_name\" content=\"Pol\u00edcia Militar da Para\u00edba\" \/>\n<meta property=\"article:published_time\" content=\"2020-10-01T10:13:45+00:00\" \/>\n<meta property=\"article:modified_time\" content=\"2020-10-01T10:13:47+00:00\" \/>\n<meta property=\"og:image\" content=\"https:\/\/www.pm.pb.gov.br\/portal\/wp-content\/uploads\/2020\/10\/a16cc574-62ba-47ea-b9f9-b755e4ef47ca.jpg\" \/>\n\t<meta property=\"og:image:width\" content=\"1024\" \/>\n\t<meta property=\"og:image:height\" content=\"768\" \/>\n\t<meta property=\"og:image:type\" content=\"image\/jpeg\" \/>\n<meta name=\"author\" content=\"WAGNER HENRIQUE VARELA DA SILVA\" \/>\n<meta name=\"twitter:card\" content=\"summary_large_image\" \/>\n<meta name=\"twitter:label1\" content=\"Escrito por\" \/>\n\t<meta name=\"twitter:data1\" content=\"WAGNER HENRIQUE VARELA DA SILVA\" \/>\n\t<meta name=\"twitter:label2\" content=\"Est. tempo de leitura\" \/>\n\t<meta name=\"twitter:data2\" content=\"1 minuto\" \/>\n<script type=\"application\/ld+json\" class=\"yoast-schema-graph\">{\"@context\":\"https:\/\/schema.org\",\"@graph\":[{\"@type\":\"Article\",\"@id\":\"https:\/\/www.pm.pb.gov.br\/portal\/2020\/10\/01\/policia-militar-cumpre-18-mandados-de-prisao-nas-operacoes-realizadas-no-ultimo-dia-de-setembro-na-pb\/#article\",\"isPartOf\":{\"@id\":\"https:\/\/www.pm.pb.gov.br\/portal\/2020\/10\/01\/policia-militar-cumpre-18-mandados-de-prisao-nas-operacoes-realizadas-no-ultimo-dia-de-setembro-na-pb\/\"},\"author\":{\"name\":\"WAGNER HENRIQUE VARELA DA SILVA\",\"@id\":\"https:\/\/www.pm.pb.gov.br\/portal\/#\/schema\/person\/b169b297b8494dea236e315ed1a201d1\"},\"headline\":\"Pol\u00edcia Militar cumpre 18 mandados de pris\u00e3o nas opera\u00e7\u00f5es realizadas no \u00faltimo dia de setembro na PB\",\"datePublished\":\"2020-10-01T10:13:45+00:00\",\"dateModified\":\"2020-10-01T10:13:47+00:00\",\"mainEntityOfPage\":{\"@id\":\"https:\/\/www.pm.pb.gov.br\/portal\/2020\/10\/01\/policia-militar-cumpre-18-mandados-de-prisao-nas-operacoes-realizadas-no-ultimo-dia-de-setembro-na-pb\/\"},\"wordCount\":218,\"publisher\":{\"@id\":\"https:\/\/www.pm.pb.gov.br\/portal\/#organization\"},\"articleSection\":[\"A\u00e7\u00f5es Policiais\"],\"inLanguage\":\"pt-BR\"},{\"@type\":\"WebPage\",\"@id\":\"https:\/\/www.pm.pb.gov.br\/portal\/2020\/10\/01\/policia-militar-cumpre-18-mandados-de-prisao-nas-operacoes-realizadas-no-ultimo-dia-de-setembro-na-pb\/\",\"url\":\"https:\/\/www.pm.pb.gov.br\/portal\/2020\/10\/01\/policia-militar-cumpre-18-mandados-de-prisao-nas-operacoes-realizadas-no-ultimo-dia-de-setembro-na-pb\/\",\"name\":\"Pol\u00edcia Militar cumpre 18 mandados de pris\u00e3o nas opera\u00e7\u00f5es realizadas no \u00faltimo dia de setembro na PB - Pol\u00edcia Militar da Para\u00edba\",\"isPartOf\":{\"@id\":\"https:\/\/www.pm.pb.gov.br\/portal\/#website\"},\"datePublished\":\"2020-10-01T10:13:45+00:00\",\"dateModified\":\"2020-10-01T10:13:47+00:00\",\"breadcrumb\":{\"@id\":\"https:\/\/www.pm.pb.gov.br\/portal\/2020\/10\/01\/policia-militar-cumpre-18-mandados-de-prisao-nas-operacoes-realizadas-no-ultimo-dia-de-setembro-na-pb\/#breadcrumb\"},\"inLanguage\":\"pt-BR\",\"potentialAction\":[{\"@type\":\"ReadAction\",\"target\":[\"https:\/\/www.pm.pb.gov.br\/portal\/2020\/10\/01\/policia-militar-cumpre-18-mandados-de-prisao-nas-operacoes-realizadas-no-ultimo-dia-de-setembro-na-pb\/\"]}]},{\"@type\":\"BreadcrumbList\",\"@id\":\"https:\/\/www.pm.pb.gov.br\/portal\/2020\/10\/01\/policia-militar-cumpre-18-mandados-de-prisao-nas-operacoes-realizadas-no-ultimo-dia-de-setembro-na-pb\/#breadcrumb\",\"itemListElement\":[{\"@type\":\"ListItem\",\"position\":1,\"name\":\"In\u00edcio\",\"item\":\"https:\/\/www.pm.pb.gov.br\/portal\/\"},{\"@type\":\"ListItem\",\"position\":2,\"name\":\"Pol\u00edcia Militar cumpre 18 mandados de pris\u00e3o nas opera\u00e7\u00f5es realizadas no \u00faltimo dia de setembro na PB\"}]},{\"@type\":\"WebSite\",\"@id\":\"https:\/\/www.pm.pb.gov.br\/portal\/#website\",\"url\":\"https:\/\/www.pm.pb.gov.br\/portal\/\",\"name\":\"Pol\u00edcia Militar da Para\u00edba\",\"description\":\"\",\"publisher\":{\"@id\":\"https:\/\/www.pm.pb.gov.br\/portal\/#organization\"},\"potentialAction\":[{\"@type\":\"SearchAction\",\"target\":{\"@type\":\"EntryPoint\",\"urlTemplate\":\"https:\/\/www.pm.pb.gov.br\/portal\/?s={search_term_string}\"},\"query-input\":\"required name=search_term_string\"}],\"inLanguage\":\"pt-BR\"},{\"@type\":\"Organization\",\"@id\":\"https:\/\/www.pm.pb.gov.br\/portal\/#organization\",\"name\":\"Pol\u00edcia Militar da Para\u00edba\",\"url\":\"https:\/\/www.pm.pb.gov.br\/portal\/\",\"logo\":{\"@type\":\"ImageObject\",\"inLanguage\":\"pt-BR\",\"@id\":\"https:\/\/www.pm.pb.gov.br\/portal\/#\/schema\/logo\/image\/\",\"url\":\"https:\/\/www.pm.pb.gov.br\/portal\/wp-content\/uploads\/2025\/03\/cropped-logo-site-mag2-1.png\",\"contentUrl\":\"https:\/\/www.pm.pb.gov.br\/portal\/wp-content\/uploads\/2025\/03\/cropped-logo-site-mag2-1.png\",\"width\":320,\"height\":90,\"caption\":\"Pol\u00edcia Militar da Para\u00edba\"},\"image\":{\"@id\":\"https:\/\/www.pm.pb.gov.br\/portal\/#\/schema\/logo\/image\/\"}},{\"@type\":\"Person\",\"@id\":\"https:\/\/www.pm.pb.gov.br\/portal\/#\/schema\/person\/b169b297b8494dea236e315ed1a201d1\",\"name\":\"WAGNER HENRIQUE VARELA DA SILVA\",\"image\":{\"@type\":\"ImageObject\",\"inLanguage\":\"pt-BR\",\"@id\":\"https:\/\/www.pm.pb.gov.br\/portal\/#\/schema\/person\/image\/\",\"url\":\"https:\/\/secure.gravatar.com\/avatar\/e08af53176a66730df5c0706c6c31fd6?s=96&d=mm&r=g\",\"contentUrl\":\"https:\/\/secure.gravatar.com\/avatar\/e08af53176a66730df5c0706c6c31fd6?s=96&d=mm&r=g\",\"caption\":\"WAGNER HENRIQUE VARELA DA SILVA\"},\"url\":\"https:\/\/www.pm.pb.gov.br\/portal\/author\/varela\/\"}]}<\/script>\n<!-- \/ Yoast SEO plugin. -->","yoast_head_json":{"title":"Pol\u00edcia Militar cumpre 18 mandados de pris\u00e3o nas opera\u00e7\u00f5es realizadas no \u00faltimo dia de setembro na PB - Pol\u00edcia Militar da Para\u00edba","robots":{"index":"index","follow":"follow","max-snippet":"max-snippet:-1","max-image-preview":"max-image-preview:large","max-video-preview":"max-video-preview:-1"},"canonical":"https:\/\/www.pm.pb.gov.br\/portal\/2020\/10\/01\/policia-militar-cumpre-18-mandados-de-prisao-nas-operacoes-realizadas-no-ultimo-dia-de-setembro-na-pb\/","og_locale":"pt_BR","og_type":"article","og_title":"Pol\u00edcia Militar cumpre 18 mandados de pris\u00e3o nas opera\u00e7\u00f5es realizadas no \u00faltimo dia de setembro na PB - Pol\u00edcia Militar da Para\u00edba","og_description":"A Pol\u00edcia Militar cumpriu 18 mandados de pris\u00e3o contra acusados de roubos, homic\u00eddios, furtos, extors\u00f5es e v\u00e1rios outros crimes, nessa","og_url":"https:\/\/www.pm.pb.gov.br\/portal\/2020\/10\/01\/policia-militar-cumpre-18-mandados-de-prisao-nas-operacoes-realizadas-no-ultimo-dia-de-setembro-na-pb\/","og_site_name":"Pol\u00edcia Militar da Para\u00edba","article_published_time":"2020-10-01T10:13:45+00:00","article_modified_time":"2020-10-01T10:13:47+00:00","og_image":[{"width":1024,"height":768,"url":"https:\/\/www.pm.pb.gov.br\/portal\/wp-content\/uploads\/2020\/10\/a16cc574-62ba-47ea-b9f9-b755e4ef47ca.jpg","type":"image\/jpeg"}],"author":"WAGNER HENRIQUE VARELA DA SILVA","twitter_card":"summary_large_image","twitter_misc":{"Escrito por":"WAGNER HENRIQUE VARELA DA SILVA","Est. tempo de leitura":"1 minuto"},"schema":{"@context":"https:\/\/schema.org","@graph":[{"@type":"Article","@id":"https:\/\/www.pm.pb.gov.br\/portal\/2020\/10\/01\/policia-militar-cumpre-18-mandados-de-prisao-nas-operacoes-realizadas-no-ultimo-dia-de-setembro-na-pb\/#article","isPartOf":{"@id":"https:\/\/www.pm.pb.gov.br\/portal\/2020\/10\/01\/policia-militar-cumpre-18-mandados-de-prisao-nas-operacoes-realizadas-no-ultimo-dia-de-setembro-na-pb\/"},"author":{"name":"WAGNER HENRIQUE VARELA DA SILVA","@id":"https:\/\/www.pm.pb.gov.br\/portal\/#\/schema\/person\/b169b297b8494dea236e315ed1a201d1"},"headline":"Pol\u00edcia Militar cumpre 18 mandados de pris\u00e3o nas opera\u00e7\u00f5es realizadas no \u00faltimo dia de setembro na PB","datePublished":"2020-10-01T10:13:45+00:00","dateModified":"2020-10-01T10:13:47+00:00","mainEntityOfPage":{"@id":"https:\/\/www.pm.pb.gov.br\/portal\/2020\/10\/01\/policia-militar-cumpre-18-mandados-de-prisao-nas-operacoes-realizadas-no-ultimo-dia-de-setembro-na-pb\/"},"wordCount":218,"publisher":{"@id":"https:\/\/www.pm.pb.gov.br\/portal\/#organization"},"articleSection":["A\u00e7\u00f5es Policiais"],"inLanguage":"pt-BR"},{"@type":"WebPage","@id":"https:\/\/www.pm.pb.gov.br\/portal\/2020\/10\/01\/policia-militar-cumpre-18-mandados-de-prisao-nas-operacoes-realizadas-no-ultimo-dia-de-setembro-na-pb\/","url":"https:\/\/www.pm.pb.gov.br\/portal\/2020\/10\/01\/policia-militar-cumpre-18-mandados-de-prisao-nas-operacoes-realizadas-no-ultimo-dia-de-setembro-na-pb\/","name":"Pol\u00edcia Militar cumpre 18 mandados de pris\u00e3o nas opera\u00e7\u00f5es realizadas no \u00faltimo dia de setembro na PB - Pol\u00edcia Militar da Para\u00edba","isPartOf":{"@id":"https:\/\/www.pm.pb.gov.br\/portal\/#website"},"datePublished":"2020-10-01T10:13:45+00:00","dateModified":"2020-10-01T10:13:47+00:00","breadcrumb":{"@id":"https:\/\/www.pm.pb.gov.br\/portal\/2020\/10\/01\/policia-militar-cumpre-18-mandados-de-prisao-nas-operacoes-realizadas-no-ultimo-dia-de-setembro-na-pb\/#breadcrumb"},"inLanguage":"pt-BR","potentialAction":[{"@type":"ReadAction","target":["https:\/\/www.pm.pb.gov.br\/portal\/2020\/10\/01\/policia-militar-cumpre-18-mandados-de-prisao-nas-operacoes-realizadas-no-ultimo-dia-de-setembro-na-pb\/"]}]},{"@type":"BreadcrumbList","@id":"https:\/\/www.pm.pb.gov.br\/portal\/2020\/10\/01\/policia-militar-cumpre-18-mandados-de-prisao-nas-operacoes-realizadas-no-ultimo-dia-de-setembro-na-pb\/#breadcrumb","itemListElement":[{"@type":"ListItem","position":1,"name":"In\u00edcio","item":"https:\/\/www.pm.pb.gov.br\/portal\/"},{"@type":"ListItem","position":2,"name":"Pol\u00edcia Militar cumpre 18 mandados de pris\u00e3o nas opera\u00e7\u00f5es realizadas no \u00faltimo dia de setembro na PB"}]},{"@type":"WebSite","@id":"https:\/\/www.pm.pb.gov.br\/portal\/#website","url":"https:\/\/www.pm.pb.gov.br\/portal\/","name":"Pol\u00edcia Militar da Para\u00edba","description":"","publisher":{"@id":"https:\/\/www.pm.pb.gov.br\/portal\/#organization"},"potentialAction":[{"@type":"SearchAction","target":{"@type":"EntryPoint","urlTemplate":"https:\/\/www.pm.pb.gov.br\/portal\/?s={search_term_string}"},"query-input":"required name=search_term_string"}],"inLanguage":"pt-BR"},{"@type":"Organization","@id":"https:\/\/www.pm.pb.gov.br\/portal\/#organization","name":"Pol\u00edcia Militar da Para\u00edba","url":"https:\/\/www.pm.pb.gov.br\/portal\/","logo":{"@type":"ImageObject","inLanguage":"pt-BR","@id":"https:\/\/www.pm.pb.gov.br\/portal\/#\/schema\/logo\/image\/","url":"https:\/\/www.pm.pb.gov.br\/portal\/wp-content\/uploads\/2025\/03\/cropped-logo-site-mag2-1.png","contentUrl":"https:\/\/www.pm.pb.gov.br\/portal\/wp-content\/uploads\/2025\/03\/cropped-logo-site-mag2-1.png","width":320,"height":90,"caption":"Pol\u00edcia Militar da Para\u00edba"},"image":{"@id":"https:\/\/www.pm.pb.gov.br\/portal\/#\/schema\/logo\/image\/"}},{"@type":"Person","@id":"https:\/\/www.pm.pb.gov.br\/portal\/#\/schema\/person\/b169b297b8494dea236e315ed1a201d1","name":"WAGNER HENRIQUE VARELA DA SILVA","image":{"@type":"ImageObject","inLanguage":"pt-BR","@id":"https:\/\/www.pm.pb.gov.br\/portal\/#\/schema\/person\/image\/","url":"https:\/\/secure.gravatar.com\/avatar\/e08af53176a66730df5c0706c6c31fd6?s=96&d=mm&r=g","contentUrl":"https:\/\/secure.gravatar.com\/avatar\/e08af53176a66730df5c0706c6c31fd6?s=96&d=mm&r=g","caption":"WAGNER HENRIQUE VARELA DA SILVA"},"url":"https:\/\/www.pm.pb.gov.br\/portal\/author\/varela\/"}]}},"_links":{"self":[{"href":"https:\/\/www.pm.pb.gov.br\/portal\/wp-json\/wp\/v2\/posts\/907672"}],"collection":[{"href":"https:\/\/www.pm.pb.gov.br\/portal\/wp-json\/wp\/v2\/posts"}],"about":[{"href":"https:\/\/www.pm.pb.gov.br\/portal\/wp-json\/wp\/v2\/types\/post"}],"author":[{"embeddable":true,"href":"https:\/\/www.pm.pb.gov.br\/portal\/wp-json\/wp\/v2\/users\/10"}],"replies":[{"embeddable":true,"href":"https:\/\/www.pm.pb.gov.br\/portal\/wp-json\/wp\/v2\/comments?post=907672"}],"version-history":[{"count":2,"href":"https:\/\/www.pm.pb.gov.br\/portal\/wp-json\/wp\/v2\/posts\/907672\/revisions"}],"predecessor-version":[{"id":907696,"href":"https:\/\/www.pm.pb.gov.br\/portal\/wp-json\/wp\/v2\/posts\/907672\/revisions\/907696"}],"wp:featuredmedia":[{"embeddable":true,"href":"https:\/\/www.pm.pb.gov.br\/portal\/wp-json\/wp\/v2\/media\/907695"}],"wp:attachment":[{"href":"https:\/\/www.pm.pb.gov.br\/portal\/wp-json\/wp\/v2\/media?parent=907672"}],"wp:term":[{"taxonomy":"category","embeddable":true,"href":"https:\/\/www.pm.pb.gov.br\/portal\/wp-json\/wp\/v2\/categories?post=907672"},{"taxonomy":"post_tag","embeddable":true,"href":"https:\/\/www.pm.pb.gov.br\/portal\/wp-json\/wp\/v2\/tags?post=907672"}],"curies":[{"name":"wp","href":"https:\/\/api.w.org\/{rel}","templated":true}]}}