{"id":907670,"date":"2020-09-29T11:39:57","date_gmt":"2020-09-29T14:39:57","guid":{"rendered":"http:\/\/www.pm.pb.gov.br\/portal\/?p=907670"},"modified":"2020-09-29T11:39:58","modified_gmt":"2020-09-29T14:39:58","slug":"jovem-e-preso-com-arma-e-drogas-durante-a-madrugada-em-comunidade-de-joao-pessoa","status":"publish","type":"post","link":"https:\/\/www.pm.pb.gov.br\/portal\/2020\/09\/29\/jovem-e-preso-com-arma-e-drogas-durante-a-madrugada-em-comunidade-de-joao-pessoa\/","title":{"rendered":"Jovem \u00e9 preso com arma e drogas durante a madrugada em comunidade de Jo\u00e3o Pessoa"},"content":{"rendered":"\n<p>Um jovem de 19 anos foi preso em flagrante, na madrugada desta ter\u00e7a-feira (29), com um rev\u00f3lver, maconha e coca\u00edna, na comunidade do Taipa, que fica no bairro do Costa e Silva, em Jo\u00e3o Pessoa. O suspeito ainda chegou a jogar o material em cima do telhado da pr\u00f3pria casa, ao perceber a presen\u00e7a da Pol\u00edcia Militar na localidade.<br><br>A a\u00e7\u00e3o foi percebida pelos policiais da For\u00e7a T\u00e1tica do 5\u00ba Batalh\u00e3o, que faziam incurs\u00f5es na rua da Cruz. O preso n\u00e3o tem passagem pela pol\u00edcia e possivelmente estaria atuando na seguran\u00e7a do tr\u00e1fico de drogas, o que deve ser investigado ainda.<br><br>Ele foi apresentado na Central de Flagrantes, no Geisel.<br><br><\/p>\n","protected":false},"excerpt":{"rendered":"<p>Um jovem de 19 anos foi preso em flagrante, na madrugada desta ter\u00e7a-feira (29), com um rev\u00f3lver, maconha e coca\u00edna,<\/p>\n","protected":false},"author":10,"featured_media":907675,"comment_status":"closed","ping_status":"closed","sticky":false,"template":"","format":"standard","meta":{"_exactmetrics_skip_tracking":false,"_exactmetrics_sitenote_active":false,"_exactmetrics_sitenote_note":"","_exactmetrics_sitenote_category":0,"footnotes":""},"categories":[4],"tags":[],"yoast_head":"<!-- This site is optimized with the Yoast SEO plugin v22.0 - https:\/\/yoast.com\/wordpress\/plugins\/seo\/ -->\n<title>Jovem \u00e9 preso com arma e drogas durante a madrugada em comunidade de Jo\u00e3o Pessoa - Pol\u00edcia Militar da Para\u00edba<\/title>\n<meta name=\"robots\" content=\"index, follow, max-snippet:-1, max-image-preview:large, max-video-preview:-1\" \/>\n<link rel=\"canonical\" href=\"https:\/\/www.pm.pb.gov.br\/portal\/2020\/09\/29\/jovem-e-preso-com-arma-e-drogas-durante-a-madrugada-em-comunidade-de-joao-pessoa\/\" \/>\n<meta property=\"og:locale\" content=\"pt_BR\" \/>\n<meta property=\"og:type\" content=\"article\" \/>\n<meta property=\"og:title\" content=\"Jovem \u00e9 preso com arma e drogas durante a madrugada em comunidade de Jo\u00e3o Pessoa - Pol\u00edcia Militar da Para\u00edba\" \/>\n<meta property=\"og:description\" content=\"Um jovem de 19 anos foi preso em flagrante, na madrugada desta ter\u00e7a-feira (29), com um rev\u00f3lver, maconha e coca\u00edna,\" \/>\n<meta property=\"og:url\" content=\"https:\/\/www.pm.pb.gov.br\/portal\/2020\/09\/29\/jovem-e-preso-com-arma-e-drogas-durante-a-madrugada-em-comunidade-de-joao-pessoa\/\" \/>\n<meta property=\"og:site_name\" content=\"Pol\u00edcia Militar da Para\u00edba\" \/>\n<meta property=\"article:published_time\" content=\"2020-09-29T14:39:57+00:00\" \/>\n<meta property=\"article:modified_time\" content=\"2020-09-29T14:39:58+00:00\" \/>\n<meta property=\"og:image\" content=\"https:\/\/www.pm.pb.gov.br\/portal\/wp-content\/uploads\/2020\/09\/TAIA.jpg\" \/>\n\t<meta property=\"og:image:width\" content=\"960\" \/>\n\t<meta property=\"og:image:height\" content=\"1200\" \/>\n\t<meta property=\"og:image:type\" content=\"image\/jpeg\" \/>\n<meta name=\"author\" content=\"WAGNER HENRIQUE VARELA DA SILVA\" \/>\n<meta name=\"twitter:card\" content=\"summary_large_image\" \/>\n<meta name=\"twitter:label1\" content=\"Escrito por\" \/>\n\t<meta name=\"twitter:data1\" content=\"WAGNER HENRIQUE VARELA DA SILVA\" \/>\n\t<meta name=\"twitter:label2\" content=\"Est. tempo de leitura\" \/>\n\t<meta name=\"twitter:data2\" content=\"1 minuto\" \/>\n<script type=\"application\/ld+json\" class=\"yoast-schema-graph\">{\"@context\":\"https:\/\/schema.org\",\"@graph\":[{\"@type\":\"Article\",\"@id\":\"https:\/\/www.pm.pb.gov.br\/portal\/2020\/09\/29\/jovem-e-preso-com-arma-e-drogas-durante-a-madrugada-em-comunidade-de-joao-pessoa\/#article\",\"isPartOf\":{\"@id\":\"https:\/\/www.pm.pb.gov.br\/portal\/2020\/09\/29\/jovem-e-preso-com-arma-e-drogas-durante-a-madrugada-em-comunidade-de-joao-pessoa\/\"},\"author\":{\"name\":\"WAGNER HENRIQUE VARELA DA SILVA\",\"@id\":\"https:\/\/www.pm.pb.gov.br\/portal\/#\/schema\/person\/b169b297b8494dea236e315ed1a201d1\"},\"headline\":\"Jovem \u00e9 preso com arma e drogas durante a madrugada em comunidade de Jo\u00e3o Pessoa\",\"datePublished\":\"2020-09-29T14:39:57+00:00\",\"dateModified\":\"2020-09-29T14:39:58+00:00\",\"mainEntityOfPage\":{\"@id\":\"https:\/\/www.pm.pb.gov.br\/portal\/2020\/09\/29\/jovem-e-preso-com-arma-e-drogas-durante-a-madrugada-em-comunidade-de-joao-pessoa\/\"},\"wordCount\":138,\"publisher\":{\"@id\":\"https:\/\/www.pm.pb.gov.br\/portal\/#organization\"},\"articleSection\":[\"A\u00e7\u00f5es Policiais\"],\"inLanguage\":\"pt-BR\"},{\"@type\":\"WebPage\",\"@id\":\"https:\/\/www.pm.pb.gov.br\/portal\/2020\/09\/29\/jovem-e-preso-com-arma-e-drogas-durante-a-madrugada-em-comunidade-de-joao-pessoa\/\",\"url\":\"https:\/\/www.pm.pb.gov.br\/portal\/2020\/09\/29\/jovem-e-preso-com-arma-e-drogas-durante-a-madrugada-em-comunidade-de-joao-pessoa\/\",\"name\":\"Jovem \u00e9 preso com arma e drogas durante a madrugada em comunidade de Jo\u00e3o Pessoa - Pol\u00edcia Militar da Para\u00edba\",\"isPartOf\":{\"@id\":\"https:\/\/www.pm.pb.gov.br\/portal\/#website\"},\"datePublished\":\"2020-09-29T14:39:57+00:00\",\"dateModified\":\"2020-09-29T14:39:58+00:00\",\"breadcrumb\":{\"@id\":\"https:\/\/www.pm.pb.gov.br\/portal\/2020\/09\/29\/jovem-e-preso-com-arma-e-drogas-durante-a-madrugada-em-comunidade-de-joao-pessoa\/#breadcrumb\"},\"inLanguage\":\"pt-BR\",\"potentialAction\":[{\"@type\":\"ReadAction\",\"target\":[\"https:\/\/www.pm.pb.gov.br\/portal\/2020\/09\/29\/jovem-e-preso-com-arma-e-drogas-durante-a-madrugada-em-comunidade-de-joao-pessoa\/\"]}]},{\"@type\":\"BreadcrumbList\",\"@id\":\"https:\/\/www.pm.pb.gov.br\/portal\/2020\/09\/29\/jovem-e-preso-com-arma-e-drogas-durante-a-madrugada-em-comunidade-de-joao-pessoa\/#breadcrumb\",\"itemListElement\":[{\"@type\":\"ListItem\",\"position\":1,\"name\":\"In\u00edcio\",\"item\":\"https:\/\/www.pm.pb.gov.br\/portal\/\"},{\"@type\":\"ListItem\",\"position\":2,\"name\":\"Jovem \u00e9 preso com arma e drogas durante a madrugada em comunidade de Jo\u00e3o Pessoa\"}]},{\"@type\":\"WebSite\",\"@id\":\"https:\/\/www.pm.pb.gov.br\/portal\/#website\",\"url\":\"https:\/\/www.pm.pb.gov.br\/portal\/\",\"name\":\"Pol\u00edcia Militar da Para\u00edba\",\"description\":\"\",\"publisher\":{\"@id\":\"https:\/\/www.pm.pb.gov.br\/portal\/#organization\"},\"potentialAction\":[{\"@type\":\"SearchAction\",\"target\":{\"@type\":\"EntryPoint\",\"urlTemplate\":\"https:\/\/www.pm.pb.gov.br\/portal\/?s={search_term_string}\"},\"query-input\":\"required name=search_term_string\"}],\"inLanguage\":\"pt-BR\"},{\"@type\":\"Organization\",\"@id\":\"https:\/\/www.pm.pb.gov.br\/portal\/#organization\",\"name\":\"Pol\u00edcia Militar da Para\u00edba\",\"url\":\"https:\/\/www.pm.pb.gov.br\/portal\/\",\"logo\":{\"@type\":\"ImageObject\",\"inLanguage\":\"pt-BR\",\"@id\":\"https:\/\/www.pm.pb.gov.br\/portal\/#\/schema\/logo\/image\/\",\"url\":\"https:\/\/www.pm.pb.gov.br\/portal\/wp-content\/uploads\/2025\/03\/cropped-logo-site-mag2-1.png\",\"contentUrl\":\"https:\/\/www.pm.pb.gov.br\/portal\/wp-content\/uploads\/2025\/03\/cropped-logo-site-mag2-1.png\",\"width\":320,\"height\":90,\"caption\":\"Pol\u00edcia Militar da Para\u00edba\"},\"image\":{\"@id\":\"https:\/\/www.pm.pb.gov.br\/portal\/#\/schema\/logo\/image\/\"}},{\"@type\":\"Person\",\"@id\":\"https:\/\/www.pm.pb.gov.br\/portal\/#\/schema\/person\/b169b297b8494dea236e315ed1a201d1\",\"name\":\"WAGNER HENRIQUE VARELA DA SILVA\",\"image\":{\"@type\":\"ImageObject\",\"inLanguage\":\"pt-BR\",\"@id\":\"https:\/\/www.pm.pb.gov.br\/portal\/#\/schema\/person\/image\/\",\"url\":\"https:\/\/secure.gravatar.com\/avatar\/e08af53176a66730df5c0706c6c31fd6?s=96&d=mm&r=g\",\"contentUrl\":\"https:\/\/secure.gravatar.com\/avatar\/e08af53176a66730df5c0706c6c31fd6?s=96&d=mm&r=g\",\"caption\":\"WAGNER HENRIQUE VARELA DA SILVA\"},\"url\":\"https:\/\/www.pm.pb.gov.br\/portal\/author\/varela\/\"}]}<\/script>\n<!-- \/ Yoast SEO plugin. -->","yoast_head_json":{"title":"Jovem \u00e9 preso com arma e drogas durante a madrugada em comunidade de Jo\u00e3o Pessoa - Pol\u00edcia Militar da Para\u00edba","robots":{"index":"index","follow":"follow","max-snippet":"max-snippet:-1","max-image-preview":"max-image-preview:large","max-video-preview":"max-video-preview:-1"},"canonical":"https:\/\/www.pm.pb.gov.br\/portal\/2020\/09\/29\/jovem-e-preso-com-arma-e-drogas-durante-a-madrugada-em-comunidade-de-joao-pessoa\/","og_locale":"pt_BR","og_type":"article","og_title":"Jovem \u00e9 preso com arma e drogas durante a madrugada em comunidade de Jo\u00e3o Pessoa - Pol\u00edcia Militar da Para\u00edba","og_description":"Um jovem de 19 anos foi preso em flagrante, na madrugada desta ter\u00e7a-feira (29), com um rev\u00f3lver, maconha e coca\u00edna,","og_url":"https:\/\/www.pm.pb.gov.br\/portal\/2020\/09\/29\/jovem-e-preso-com-arma-e-drogas-durante-a-madrugada-em-comunidade-de-joao-pessoa\/","og_site_name":"Pol\u00edcia Militar da Para\u00edba","article_published_time":"2020-09-29T14:39:57+00:00","article_modified_time":"2020-09-29T14:39:58+00:00","og_image":[{"width":960,"height":1200,"url":"https:\/\/www.pm.pb.gov.br\/portal\/wp-content\/uploads\/2020\/09\/TAIA.jpg","type":"image\/jpeg"}],"author":"WAGNER HENRIQUE VARELA DA SILVA","twitter_card":"summary_large_image","twitter_misc":{"Escrito por":"WAGNER HENRIQUE VARELA DA SILVA","Est. tempo de leitura":"1 minuto"},"schema":{"@context":"https:\/\/schema.org","@graph":[{"@type":"Article","@id":"https:\/\/www.pm.pb.gov.br\/portal\/2020\/09\/29\/jovem-e-preso-com-arma-e-drogas-durante-a-madrugada-em-comunidade-de-joao-pessoa\/#article","isPartOf":{"@id":"https:\/\/www.pm.pb.gov.br\/portal\/2020\/09\/29\/jovem-e-preso-com-arma-e-drogas-durante-a-madrugada-em-comunidade-de-joao-pessoa\/"},"author":{"name":"WAGNER HENRIQUE VARELA DA SILVA","@id":"https:\/\/www.pm.pb.gov.br\/portal\/#\/schema\/person\/b169b297b8494dea236e315ed1a201d1"},"headline":"Jovem \u00e9 preso com arma e drogas durante a madrugada em comunidade de Jo\u00e3o Pessoa","datePublished":"2020-09-29T14:39:57+00:00","dateModified":"2020-09-29T14:39:58+00:00","mainEntityOfPage":{"@id":"https:\/\/www.pm.pb.gov.br\/portal\/2020\/09\/29\/jovem-e-preso-com-arma-e-drogas-durante-a-madrugada-em-comunidade-de-joao-pessoa\/"},"wordCount":138,"publisher":{"@id":"https:\/\/www.pm.pb.gov.br\/portal\/#organization"},"articleSection":["A\u00e7\u00f5es Policiais"],"inLanguage":"pt-BR"},{"@type":"WebPage","@id":"https:\/\/www.pm.pb.gov.br\/portal\/2020\/09\/29\/jovem-e-preso-com-arma-e-drogas-durante-a-madrugada-em-comunidade-de-joao-pessoa\/","url":"https:\/\/www.pm.pb.gov.br\/portal\/2020\/09\/29\/jovem-e-preso-com-arma-e-drogas-durante-a-madrugada-em-comunidade-de-joao-pessoa\/","name":"Jovem \u00e9 preso com arma e drogas durante a madrugada em comunidade de Jo\u00e3o Pessoa - Pol\u00edcia Militar da Para\u00edba","isPartOf":{"@id":"https:\/\/www.pm.pb.gov.br\/portal\/#website"},"datePublished":"2020-09-29T14:39:57+00:00","dateModified":"2020-09-29T14:39:58+00:00","breadcrumb":{"@id":"https:\/\/www.pm.pb.gov.br\/portal\/2020\/09\/29\/jovem-e-preso-com-arma-e-drogas-durante-a-madrugada-em-comunidade-de-joao-pessoa\/#breadcrumb"},"inLanguage":"pt-BR","potentialAction":[{"@type":"ReadAction","target":["https:\/\/www.pm.pb.gov.br\/portal\/2020\/09\/29\/jovem-e-preso-com-arma-e-drogas-durante-a-madrugada-em-comunidade-de-joao-pessoa\/"]}]},{"@type":"BreadcrumbList","@id":"https:\/\/www.pm.pb.gov.br\/portal\/2020\/09\/29\/jovem-e-preso-com-arma-e-drogas-durante-a-madrugada-em-comunidade-de-joao-pessoa\/#breadcrumb","itemListElement":[{"@type":"ListItem","position":1,"name":"In\u00edcio","item":"https:\/\/www.pm.pb.gov.br\/portal\/"},{"@type":"ListItem","position":2,"name":"Jovem \u00e9 preso com arma e drogas durante a madrugada em comunidade de Jo\u00e3o Pessoa"}]},{"@type":"WebSite","@id":"https:\/\/www.pm.pb.gov.br\/portal\/#website","url":"https:\/\/www.pm.pb.gov.br\/portal\/","name":"Pol\u00edcia Militar da Para\u00edba","description":"","publisher":{"@id":"https:\/\/www.pm.pb.gov.br\/portal\/#organization"},"potentialAction":[{"@type":"SearchAction","target":{"@type":"EntryPoint","urlTemplate":"https:\/\/www.pm.pb.gov.br\/portal\/?s={search_term_string}"},"query-input":"required name=search_term_string"}],"inLanguage":"pt-BR"},{"@type":"Organization","@id":"https:\/\/www.pm.pb.gov.br\/portal\/#organization","name":"Pol\u00edcia Militar da Para\u00edba","url":"https:\/\/www.pm.pb.gov.br\/portal\/","logo":{"@type":"ImageObject","inLanguage":"pt-BR","@id":"https:\/\/www.pm.pb.gov.br\/portal\/#\/schema\/logo\/image\/","url":"https:\/\/www.pm.pb.gov.br\/portal\/wp-content\/uploads\/2025\/03\/cropped-logo-site-mag2-1.png","contentUrl":"https:\/\/www.pm.pb.gov.br\/portal\/wp-content\/uploads\/2025\/03\/cropped-logo-site-mag2-1.png","width":320,"height":90,"caption":"Pol\u00edcia Militar da Para\u00edba"},"image":{"@id":"https:\/\/www.pm.pb.gov.br\/portal\/#\/schema\/logo\/image\/"}},{"@type":"Person","@id":"https:\/\/www.pm.pb.gov.br\/portal\/#\/schema\/person\/b169b297b8494dea236e315ed1a201d1","name":"WAGNER HENRIQUE VARELA DA SILVA","image":{"@type":"ImageObject","inLanguage":"pt-BR","@id":"https:\/\/www.pm.pb.gov.br\/portal\/#\/schema\/person\/image\/","url":"https:\/\/secure.gravatar.com\/avatar\/e08af53176a66730df5c0706c6c31fd6?s=96&d=mm&r=g","contentUrl":"https:\/\/secure.gravatar.com\/avatar\/e08af53176a66730df5c0706c6c31fd6?s=96&d=mm&r=g","caption":"WAGNER HENRIQUE VARELA DA SILVA"},"url":"https:\/\/www.pm.pb.gov.br\/portal\/author\/varela\/"}]}},"_links":{"self":[{"href":"https:\/\/www.pm.pb.gov.br\/portal\/wp-json\/wp\/v2\/posts\/907670"}],"collection":[{"href":"https:\/\/www.pm.pb.gov.br\/portal\/wp-json\/wp\/v2\/posts"}],"about":[{"href":"https:\/\/www.pm.pb.gov.br\/portal\/wp-json\/wp\/v2\/types\/post"}],"author":[{"embeddable":true,"href":"https:\/\/www.pm.pb.gov.br\/portal\/wp-json\/wp\/v2\/users\/10"}],"replies":[{"embeddable":true,"href":"https:\/\/www.pm.pb.gov.br\/portal\/wp-json\/wp\/v2\/comments?post=907670"}],"version-history":[{"count":2,"href":"https:\/\/www.pm.pb.gov.br\/portal\/wp-json\/wp\/v2\/posts\/907670\/revisions"}],"predecessor-version":[{"id":907676,"href":"https:\/\/www.pm.pb.gov.br\/portal\/wp-json\/wp\/v2\/posts\/907670\/revisions\/907676"}],"wp:featuredmedia":[{"embeddable":true,"href":"https:\/\/www.pm.pb.gov.br\/portal\/wp-json\/wp\/v2\/media\/907675"}],"wp:attachment":[{"href":"https:\/\/www.pm.pb.gov.br\/portal\/wp-json\/wp\/v2\/media?parent=907670"}],"wp:term":[{"taxonomy":"category","embeddable":true,"href":"https:\/\/www.pm.pb.gov.br\/portal\/wp-json\/wp\/v2\/categories?post=907670"},{"taxonomy":"post_tag","embeddable":true,"href":"https:\/\/www.pm.pb.gov.br\/portal\/wp-json\/wp\/v2\/tags?post=907670"}],"curies":[{"name":"wp","href":"https:\/\/api.w.org\/{rel}","templated":true}]}}