{"id":907665,"date":"2020-09-29T11:39:23","date_gmt":"2020-09-29T14:39:23","guid":{"rendered":"http:\/\/www.pm.pb.gov.br\/portal\/?p=907665"},"modified":"2020-09-29T11:39:25","modified_gmt":"2020-09-29T14:39:25","slug":"pm-apreende-maconha-cocaina-e-dinheiro-do-trafico-na-cidade-de-cruz-do-espirito-santo","status":"publish","type":"post","link":"https:\/\/www.pm.pb.gov.br\/portal\/2020\/09\/29\/pm-apreende-maconha-cocaina-e-dinheiro-do-trafico-na-cidade-de-cruz-do-espirito-santo\/","title":{"rendered":"PM apreende maconha, coca\u00edna e dinheiro do tr\u00e1fico na cidade de Cruz do Esp\u00edrito Santo"},"content":{"rendered":"\n<p>A Pol\u00edcia Militar apreendeu tabletes de maconha, pinos de coca\u00edna e mais de 1 mil reais em dinheiro que possivelmente foi obtido no tr\u00e1fico de drogas, nessa segunda-feira (28), na cidade de Cruz do Esp\u00edrito Santo. Na a\u00e7\u00e3o, um suspeito de 27 anos foi preso em flagrante.<br><br>Ele estava em uma casa com a droga e o dinheiro, no centro da cidade. Os policiais da 3\u00aa Companhia do 7\u00ba Batalh\u00e3o chegaram at\u00e9 o acusado atrav\u00e9s de den\u00fancias, que indicavam a atua\u00e7\u00e3o dele no tr\u00e1fico local. O suspeito ainda tentou fugir da abordagem, mas foi rendido e preso. Al\u00e9m das drogas e do valor encontrado com ele, tamb\u00e9m foram apreendidas embalagens que s\u00e3o usadas para a comercializa\u00e7\u00e3o de entorpecentes.<br><br>O caso foi levado para a 6\u00aa Delegacia Distrital, em Santa Rita.<\/p>\n","protected":false},"excerpt":{"rendered":"<p>A Pol\u00edcia Militar apreendeu tabletes de maconha, pinos de coca\u00edna e mais de 1 mil reais em dinheiro que possivelmente<\/p>\n","protected":false},"author":10,"featured_media":907673,"comment_status":"closed","ping_status":"closed","sticky":false,"template":"","format":"standard","meta":{"_exactmetrics_skip_tracking":false,"_exactmetrics_sitenote_active":false,"_exactmetrics_sitenote_note":"","_exactmetrics_sitenote_category":0,"footnotes":""},"categories":[4],"tags":[],"yoast_head":"<!-- This site is optimized with the Yoast SEO plugin v22.0 - https:\/\/yoast.com\/wordpress\/plugins\/seo\/ -->\n<title>PM apreende maconha, coca\u00edna e dinheiro do tr\u00e1fico na cidade de Cruz do Esp\u00edrito Santo - Pol\u00edcia Militar da Para\u00edba<\/title>\n<meta name=\"robots\" content=\"index, follow, max-snippet:-1, max-image-preview:large, max-video-preview:-1\" \/>\n<link rel=\"canonical\" href=\"https:\/\/www.pm.pb.gov.br\/portal\/2020\/09\/29\/pm-apreende-maconha-cocaina-e-dinheiro-do-trafico-na-cidade-de-cruz-do-espirito-santo\/\" \/>\n<meta property=\"og:locale\" content=\"pt_BR\" \/>\n<meta property=\"og:type\" content=\"article\" \/>\n<meta property=\"og:title\" content=\"PM apreende maconha, coca\u00edna e dinheiro do tr\u00e1fico na cidade de Cruz do Esp\u00edrito Santo - Pol\u00edcia Militar da Para\u00edba\" \/>\n<meta property=\"og:description\" content=\"A Pol\u00edcia Militar apreendeu tabletes de maconha, pinos de coca\u00edna e mais de 1 mil reais em dinheiro que possivelmente\" \/>\n<meta property=\"og:url\" content=\"https:\/\/www.pm.pb.gov.br\/portal\/2020\/09\/29\/pm-apreende-maconha-cocaina-e-dinheiro-do-trafico-na-cidade-de-cruz-do-espirito-santo\/\" \/>\n<meta property=\"og:site_name\" content=\"Pol\u00edcia Militar da Para\u00edba\" \/>\n<meta property=\"article:published_time\" content=\"2020-09-29T14:39:23+00:00\" \/>\n<meta property=\"article:modified_time\" content=\"2020-09-29T14:39:25+00:00\" \/>\n<meta property=\"og:image\" content=\"https:\/\/www.pm.pb.gov.br\/portal\/wp-content\/uploads\/2020\/09\/0fa9a12b-d654-42db-b334-5883d801b2a5.jpg\" \/>\n\t<meta property=\"og:image:width\" content=\"1024\" \/>\n\t<meta property=\"og:image:height\" content=\"768\" \/>\n\t<meta property=\"og:image:type\" content=\"image\/jpeg\" \/>\n<meta name=\"author\" content=\"WAGNER HENRIQUE VARELA DA SILVA\" \/>\n<meta name=\"twitter:card\" content=\"summary_large_image\" \/>\n<meta name=\"twitter:label1\" content=\"Escrito por\" \/>\n\t<meta name=\"twitter:data1\" content=\"WAGNER HENRIQUE VARELA DA SILVA\" \/>\n\t<meta name=\"twitter:label2\" content=\"Est. tempo de leitura\" \/>\n\t<meta name=\"twitter:data2\" content=\"1 minuto\" \/>\n<script type=\"application\/ld+json\" class=\"yoast-schema-graph\">{\"@context\":\"https:\/\/schema.org\",\"@graph\":[{\"@type\":\"Article\",\"@id\":\"https:\/\/www.pm.pb.gov.br\/portal\/2020\/09\/29\/pm-apreende-maconha-cocaina-e-dinheiro-do-trafico-na-cidade-de-cruz-do-espirito-santo\/#article\",\"isPartOf\":{\"@id\":\"https:\/\/www.pm.pb.gov.br\/portal\/2020\/09\/29\/pm-apreende-maconha-cocaina-e-dinheiro-do-trafico-na-cidade-de-cruz-do-espirito-santo\/\"},\"author\":{\"name\":\"WAGNER HENRIQUE VARELA DA SILVA\",\"@id\":\"https:\/\/www.pm.pb.gov.br\/portal\/#\/schema\/person\/b169b297b8494dea236e315ed1a201d1\"},\"headline\":\"PM apreende maconha, coca\u00edna e dinheiro do tr\u00e1fico na cidade de Cruz do Esp\u00edrito Santo\",\"datePublished\":\"2020-09-29T14:39:23+00:00\",\"dateModified\":\"2020-09-29T14:39:25+00:00\",\"mainEntityOfPage\":{\"@id\":\"https:\/\/www.pm.pb.gov.br\/portal\/2020\/09\/29\/pm-apreende-maconha-cocaina-e-dinheiro-do-trafico-na-cidade-de-cruz-do-espirito-santo\/\"},\"wordCount\":156,\"publisher\":{\"@id\":\"https:\/\/www.pm.pb.gov.br\/portal\/#organization\"},\"articleSection\":[\"A\u00e7\u00f5es Policiais\"],\"inLanguage\":\"pt-BR\"},{\"@type\":\"WebPage\",\"@id\":\"https:\/\/www.pm.pb.gov.br\/portal\/2020\/09\/29\/pm-apreende-maconha-cocaina-e-dinheiro-do-trafico-na-cidade-de-cruz-do-espirito-santo\/\",\"url\":\"https:\/\/www.pm.pb.gov.br\/portal\/2020\/09\/29\/pm-apreende-maconha-cocaina-e-dinheiro-do-trafico-na-cidade-de-cruz-do-espirito-santo\/\",\"name\":\"PM apreende maconha, coca\u00edna e dinheiro do tr\u00e1fico na cidade de Cruz do Esp\u00edrito Santo - Pol\u00edcia Militar da Para\u00edba\",\"isPartOf\":{\"@id\":\"https:\/\/www.pm.pb.gov.br\/portal\/#website\"},\"datePublished\":\"2020-09-29T14:39:23+00:00\",\"dateModified\":\"2020-09-29T14:39:25+00:00\",\"breadcrumb\":{\"@id\":\"https:\/\/www.pm.pb.gov.br\/portal\/2020\/09\/29\/pm-apreende-maconha-cocaina-e-dinheiro-do-trafico-na-cidade-de-cruz-do-espirito-santo\/#breadcrumb\"},\"inLanguage\":\"pt-BR\",\"potentialAction\":[{\"@type\":\"ReadAction\",\"target\":[\"https:\/\/www.pm.pb.gov.br\/portal\/2020\/09\/29\/pm-apreende-maconha-cocaina-e-dinheiro-do-trafico-na-cidade-de-cruz-do-espirito-santo\/\"]}]},{\"@type\":\"BreadcrumbList\",\"@id\":\"https:\/\/www.pm.pb.gov.br\/portal\/2020\/09\/29\/pm-apreende-maconha-cocaina-e-dinheiro-do-trafico-na-cidade-de-cruz-do-espirito-santo\/#breadcrumb\",\"itemListElement\":[{\"@type\":\"ListItem\",\"position\":1,\"name\":\"In\u00edcio\",\"item\":\"https:\/\/www.pm.pb.gov.br\/portal\/\"},{\"@type\":\"ListItem\",\"position\":2,\"name\":\"PM apreende maconha, coca\u00edna e dinheiro do tr\u00e1fico na cidade de Cruz do Esp\u00edrito Santo\"}]},{\"@type\":\"WebSite\",\"@id\":\"https:\/\/www.pm.pb.gov.br\/portal\/#website\",\"url\":\"https:\/\/www.pm.pb.gov.br\/portal\/\",\"name\":\"Pol\u00edcia Militar da Para\u00edba\",\"description\":\"\",\"publisher\":{\"@id\":\"https:\/\/www.pm.pb.gov.br\/portal\/#organization\"},\"potentialAction\":[{\"@type\":\"SearchAction\",\"target\":{\"@type\":\"EntryPoint\",\"urlTemplate\":\"https:\/\/www.pm.pb.gov.br\/portal\/?s={search_term_string}\"},\"query-input\":\"required name=search_term_string\"}],\"inLanguage\":\"pt-BR\"},{\"@type\":\"Organization\",\"@id\":\"https:\/\/www.pm.pb.gov.br\/portal\/#organization\",\"name\":\"Pol\u00edcia Militar da Para\u00edba\",\"url\":\"https:\/\/www.pm.pb.gov.br\/portal\/\",\"logo\":{\"@type\":\"ImageObject\",\"inLanguage\":\"pt-BR\",\"@id\":\"https:\/\/www.pm.pb.gov.br\/portal\/#\/schema\/logo\/image\/\",\"url\":\"https:\/\/www.pm.pb.gov.br\/portal\/wp-content\/uploads\/2025\/03\/cropped-logo-site-mag2-1.png\",\"contentUrl\":\"https:\/\/www.pm.pb.gov.br\/portal\/wp-content\/uploads\/2025\/03\/cropped-logo-site-mag2-1.png\",\"width\":320,\"height\":90,\"caption\":\"Pol\u00edcia Militar da Para\u00edba\"},\"image\":{\"@id\":\"https:\/\/www.pm.pb.gov.br\/portal\/#\/schema\/logo\/image\/\"}},{\"@type\":\"Person\",\"@id\":\"https:\/\/www.pm.pb.gov.br\/portal\/#\/schema\/person\/b169b297b8494dea236e315ed1a201d1\",\"name\":\"WAGNER HENRIQUE VARELA DA SILVA\",\"image\":{\"@type\":\"ImageObject\",\"inLanguage\":\"pt-BR\",\"@id\":\"https:\/\/www.pm.pb.gov.br\/portal\/#\/schema\/person\/image\/\",\"url\":\"https:\/\/secure.gravatar.com\/avatar\/e08af53176a66730df5c0706c6c31fd6?s=96&d=mm&r=g\",\"contentUrl\":\"https:\/\/secure.gravatar.com\/avatar\/e08af53176a66730df5c0706c6c31fd6?s=96&d=mm&r=g\",\"caption\":\"WAGNER HENRIQUE VARELA DA SILVA\"},\"url\":\"https:\/\/www.pm.pb.gov.br\/portal\/author\/varela\/\"}]}<\/script>\n<!-- \/ Yoast SEO plugin. -->","yoast_head_json":{"title":"PM apreende maconha, coca\u00edna e dinheiro do tr\u00e1fico na cidade de Cruz do Esp\u00edrito Santo - Pol\u00edcia Militar da Para\u00edba","robots":{"index":"index","follow":"follow","max-snippet":"max-snippet:-1","max-image-preview":"max-image-preview:large","max-video-preview":"max-video-preview:-1"},"canonical":"https:\/\/www.pm.pb.gov.br\/portal\/2020\/09\/29\/pm-apreende-maconha-cocaina-e-dinheiro-do-trafico-na-cidade-de-cruz-do-espirito-santo\/","og_locale":"pt_BR","og_type":"article","og_title":"PM apreende maconha, coca\u00edna e dinheiro do tr\u00e1fico na cidade de Cruz do Esp\u00edrito Santo - Pol\u00edcia Militar da Para\u00edba","og_description":"A Pol\u00edcia Militar apreendeu tabletes de maconha, pinos de coca\u00edna e mais de 1 mil reais em dinheiro que possivelmente","og_url":"https:\/\/www.pm.pb.gov.br\/portal\/2020\/09\/29\/pm-apreende-maconha-cocaina-e-dinheiro-do-trafico-na-cidade-de-cruz-do-espirito-santo\/","og_site_name":"Pol\u00edcia Militar da Para\u00edba","article_published_time":"2020-09-29T14:39:23+00:00","article_modified_time":"2020-09-29T14:39:25+00:00","og_image":[{"width":1024,"height":768,"url":"https:\/\/www.pm.pb.gov.br\/portal\/wp-content\/uploads\/2020\/09\/0fa9a12b-d654-42db-b334-5883d801b2a5.jpg","type":"image\/jpeg"}],"author":"WAGNER HENRIQUE VARELA DA SILVA","twitter_card":"summary_large_image","twitter_misc":{"Escrito por":"WAGNER HENRIQUE VARELA DA SILVA","Est. tempo de leitura":"1 minuto"},"schema":{"@context":"https:\/\/schema.org","@graph":[{"@type":"Article","@id":"https:\/\/www.pm.pb.gov.br\/portal\/2020\/09\/29\/pm-apreende-maconha-cocaina-e-dinheiro-do-trafico-na-cidade-de-cruz-do-espirito-santo\/#article","isPartOf":{"@id":"https:\/\/www.pm.pb.gov.br\/portal\/2020\/09\/29\/pm-apreende-maconha-cocaina-e-dinheiro-do-trafico-na-cidade-de-cruz-do-espirito-santo\/"},"author":{"name":"WAGNER HENRIQUE VARELA DA SILVA","@id":"https:\/\/www.pm.pb.gov.br\/portal\/#\/schema\/person\/b169b297b8494dea236e315ed1a201d1"},"headline":"PM apreende maconha, coca\u00edna e dinheiro do tr\u00e1fico na cidade de Cruz do Esp\u00edrito Santo","datePublished":"2020-09-29T14:39:23+00:00","dateModified":"2020-09-29T14:39:25+00:00","mainEntityOfPage":{"@id":"https:\/\/www.pm.pb.gov.br\/portal\/2020\/09\/29\/pm-apreende-maconha-cocaina-e-dinheiro-do-trafico-na-cidade-de-cruz-do-espirito-santo\/"},"wordCount":156,"publisher":{"@id":"https:\/\/www.pm.pb.gov.br\/portal\/#organization"},"articleSection":["A\u00e7\u00f5es Policiais"],"inLanguage":"pt-BR"},{"@type":"WebPage","@id":"https:\/\/www.pm.pb.gov.br\/portal\/2020\/09\/29\/pm-apreende-maconha-cocaina-e-dinheiro-do-trafico-na-cidade-de-cruz-do-espirito-santo\/","url":"https:\/\/www.pm.pb.gov.br\/portal\/2020\/09\/29\/pm-apreende-maconha-cocaina-e-dinheiro-do-trafico-na-cidade-de-cruz-do-espirito-santo\/","name":"PM apreende maconha, coca\u00edna e dinheiro do tr\u00e1fico na cidade de Cruz do Esp\u00edrito Santo - Pol\u00edcia Militar da Para\u00edba","isPartOf":{"@id":"https:\/\/www.pm.pb.gov.br\/portal\/#website"},"datePublished":"2020-09-29T14:39:23+00:00","dateModified":"2020-09-29T14:39:25+00:00","breadcrumb":{"@id":"https:\/\/www.pm.pb.gov.br\/portal\/2020\/09\/29\/pm-apreende-maconha-cocaina-e-dinheiro-do-trafico-na-cidade-de-cruz-do-espirito-santo\/#breadcrumb"},"inLanguage":"pt-BR","potentialAction":[{"@type":"ReadAction","target":["https:\/\/www.pm.pb.gov.br\/portal\/2020\/09\/29\/pm-apreende-maconha-cocaina-e-dinheiro-do-trafico-na-cidade-de-cruz-do-espirito-santo\/"]}]},{"@type":"BreadcrumbList","@id":"https:\/\/www.pm.pb.gov.br\/portal\/2020\/09\/29\/pm-apreende-maconha-cocaina-e-dinheiro-do-trafico-na-cidade-de-cruz-do-espirito-santo\/#breadcrumb","itemListElement":[{"@type":"ListItem","position":1,"name":"In\u00edcio","item":"https:\/\/www.pm.pb.gov.br\/portal\/"},{"@type":"ListItem","position":2,"name":"PM apreende maconha, coca\u00edna e dinheiro do tr\u00e1fico na cidade de Cruz do Esp\u00edrito Santo"}]},{"@type":"WebSite","@id":"https:\/\/www.pm.pb.gov.br\/portal\/#website","url":"https:\/\/www.pm.pb.gov.br\/portal\/","name":"Pol\u00edcia Militar da Para\u00edba","description":"","publisher":{"@id":"https:\/\/www.pm.pb.gov.br\/portal\/#organization"},"potentialAction":[{"@type":"SearchAction","target":{"@type":"EntryPoint","urlTemplate":"https:\/\/www.pm.pb.gov.br\/portal\/?s={search_term_string}"},"query-input":"required name=search_term_string"}],"inLanguage":"pt-BR"},{"@type":"Organization","@id":"https:\/\/www.pm.pb.gov.br\/portal\/#organization","name":"Pol\u00edcia Militar da Para\u00edba","url":"https:\/\/www.pm.pb.gov.br\/portal\/","logo":{"@type":"ImageObject","inLanguage":"pt-BR","@id":"https:\/\/www.pm.pb.gov.br\/portal\/#\/schema\/logo\/image\/","url":"https:\/\/www.pm.pb.gov.br\/portal\/wp-content\/uploads\/2025\/03\/cropped-logo-site-mag2-1.png","contentUrl":"https:\/\/www.pm.pb.gov.br\/portal\/wp-content\/uploads\/2025\/03\/cropped-logo-site-mag2-1.png","width":320,"height":90,"caption":"Pol\u00edcia Militar da Para\u00edba"},"image":{"@id":"https:\/\/www.pm.pb.gov.br\/portal\/#\/schema\/logo\/image\/"}},{"@type":"Person","@id":"https:\/\/www.pm.pb.gov.br\/portal\/#\/schema\/person\/b169b297b8494dea236e315ed1a201d1","name":"WAGNER HENRIQUE VARELA DA SILVA","image":{"@type":"ImageObject","inLanguage":"pt-BR","@id":"https:\/\/www.pm.pb.gov.br\/portal\/#\/schema\/person\/image\/","url":"https:\/\/secure.gravatar.com\/avatar\/e08af53176a66730df5c0706c6c31fd6?s=96&d=mm&r=g","contentUrl":"https:\/\/secure.gravatar.com\/avatar\/e08af53176a66730df5c0706c6c31fd6?s=96&d=mm&r=g","caption":"WAGNER HENRIQUE VARELA DA SILVA"},"url":"https:\/\/www.pm.pb.gov.br\/portal\/author\/varela\/"}]}},"_links":{"self":[{"href":"https:\/\/www.pm.pb.gov.br\/portal\/wp-json\/wp\/v2\/posts\/907665"}],"collection":[{"href":"https:\/\/www.pm.pb.gov.br\/portal\/wp-json\/wp\/v2\/posts"}],"about":[{"href":"https:\/\/www.pm.pb.gov.br\/portal\/wp-json\/wp\/v2\/types\/post"}],"author":[{"embeddable":true,"href":"https:\/\/www.pm.pb.gov.br\/portal\/wp-json\/wp\/v2\/users\/10"}],"replies":[{"embeddable":true,"href":"https:\/\/www.pm.pb.gov.br\/portal\/wp-json\/wp\/v2\/comments?post=907665"}],"version-history":[{"count":2,"href":"https:\/\/www.pm.pb.gov.br\/portal\/wp-json\/wp\/v2\/posts\/907665\/revisions"}],"predecessor-version":[{"id":907674,"href":"https:\/\/www.pm.pb.gov.br\/portal\/wp-json\/wp\/v2\/posts\/907665\/revisions\/907674"}],"wp:featuredmedia":[{"embeddable":true,"href":"https:\/\/www.pm.pb.gov.br\/portal\/wp-json\/wp\/v2\/media\/907673"}],"wp:attachment":[{"href":"https:\/\/www.pm.pb.gov.br\/portal\/wp-json\/wp\/v2\/media?parent=907665"}],"wp:term":[{"taxonomy":"category","embeddable":true,"href":"https:\/\/www.pm.pb.gov.br\/portal\/wp-json\/wp\/v2\/categories?post=907665"},{"taxonomy":"post_tag","embeddable":true,"href":"https:\/\/www.pm.pb.gov.br\/portal\/wp-json\/wp\/v2\/tags?post=907665"}],"curies":[{"name":"wp","href":"https:\/\/api.w.org\/{rel}","templated":true}]}}