{"id":907640,"date":"2020-09-27T15:50:00","date_gmt":"2020-09-27T18:50:00","guid":{"rendered":"http:\/\/www.pm.pb.gov.br\/portal\/?p=907640"},"modified":"2020-09-27T15:50:02","modified_gmt":"2020-09-27T18:50:02","slug":"operacao-cidade-segura-apreende-5-armas-de-fogo-em-campina-grande-e-esperanca","status":"publish","type":"post","link":"https:\/\/www.pm.pb.gov.br\/portal\/2020\/09\/27\/operacao-cidade-segura-apreende-5-armas-de-fogo-em-campina-grande-e-esperanca\/","title":{"rendered":"Opera\u00e7\u00e3o Cidade Segura apreende 5 armas de fogo em Campina Grande e Esperan\u00e7a"},"content":{"rendered":"\n<p>A Opera\u00e7\u00e3o Cidade Segura apreendeu cinco armas de fogo nas cidades Campina Grande e Esperan\u00e7a. As atividades de refor\u00e7o do policiamento, que t\u00eam o objetivo de combater v\u00e1rios tipos de crimes, est\u00e3o sendo realizadas pela Pol\u00edcia Militar em todo o Estado e seguem durante todo o final de semana.<\/p>\n<p>Em Campina Grande, na madrugada deste domingo (27), policiais do 10\u00ba BPM receberam uma den\u00fancia, de que estava sendo realizada uma festa no bairro de Santo Ant\u00f4nio, onde indiv\u00edduos estariam armados e fazendo uso de subst\u00e2ncias entorpecentes. Ao realizar dilig\u00eancia a PM localizou o local e foi realizada uma abordagem.<\/p>\n<p>Um homem de 25 anos foi preso em posse de uma pistola e 53 papelotes de coca\u00edna, uma mulher de 35 anos, um adolescente de 15 anos, e uma crian\u00e7a de 06 anos foram conduzidos \u00e0 Central de Pol\u00edcia. Ainda no local foi localizado 01 rev\u00f3lver e 74 recipientes com lol\u00f3.<\/p>\n<p>Policiais militares do 2\u00ba BPM em rondas pelo Portal Sudoeste, tamb\u00e9m em Campina Grande, abordaram um homem de 21 anos, com o suspeito foi encontrado um rev\u00f3lver, o qual foi apresentado \u00e0 autoridade Judici\u00e1ria.<\/p>\n<p>Na cidade de Areial, policiais militares da 2\u00aa Companhia Especializada em Apoio com Motocicletas (2\u00aa CEPMotos) realizavam rondas, quando abordaram um ve\u00edculo suspeito, onde foi encontrado duas espingardas. As armas e os dois suspeitos, de 43 anos e 33 anos, foram conduzidos \u00e0 Delegacia de Pol\u00edcia Civil, em Esperan\u00e7a.<\/p>\n","protected":false},"excerpt":{"rendered":"<p>A Opera\u00e7\u00e3o Cidade Segura apreendeu cinco armas de fogo nas cidades Campina Grande e Esperan\u00e7a. As atividades de refor\u00e7o do<\/p>\n","protected":false},"author":5,"featured_media":907641,"comment_status":"closed","ping_status":"closed","sticky":false,"template":"","format":"standard","meta":{"_exactmetrics_skip_tracking":false,"_exactmetrics_sitenote_active":false,"_exactmetrics_sitenote_note":"","_exactmetrics_sitenote_category":0,"footnotes":""},"categories":[4],"tags":[],"yoast_head":"<!-- This site is optimized with the Yoast SEO plugin v22.0 - https:\/\/yoast.com\/wordpress\/plugins\/seo\/ -->\n<title>Opera\u00e7\u00e3o Cidade Segura apreende 5 armas de fogo em Campina Grande e Esperan\u00e7a - Pol\u00edcia Militar da Para\u00edba<\/title>\n<meta name=\"robots\" content=\"index, follow, max-snippet:-1, max-image-preview:large, max-video-preview:-1\" \/>\n<link rel=\"canonical\" href=\"https:\/\/www.pm.pb.gov.br\/portal\/2020\/09\/27\/operacao-cidade-segura-apreende-5-armas-de-fogo-em-campina-grande-e-esperanca\/\" \/>\n<meta property=\"og:locale\" content=\"pt_BR\" \/>\n<meta property=\"og:type\" content=\"article\" \/>\n<meta property=\"og:title\" content=\"Opera\u00e7\u00e3o Cidade Segura apreende 5 armas de fogo em Campina Grande e Esperan\u00e7a - Pol\u00edcia Militar da Para\u00edba\" \/>\n<meta property=\"og:description\" content=\"A Opera\u00e7\u00e3o Cidade Segura apreendeu cinco armas de fogo nas cidades Campina Grande e Esperan\u00e7a. As atividades de refor\u00e7o do\" \/>\n<meta property=\"og:url\" content=\"https:\/\/www.pm.pb.gov.br\/portal\/2020\/09\/27\/operacao-cidade-segura-apreende-5-armas-de-fogo-em-campina-grande-e-esperanca\/\" \/>\n<meta property=\"og:site_name\" content=\"Pol\u00edcia Militar da Para\u00edba\" \/>\n<meta property=\"article:published_time\" content=\"2020-09-27T18:50:00+00:00\" \/>\n<meta property=\"article:modified_time\" content=\"2020-09-27T18:50:02+00:00\" \/>\n<meta property=\"og:image\" content=\"https:\/\/www.pm.pb.gov.br\/portal\/wp-content\/uploads\/2020\/09\/2-CEPMOTOS.jpeg\" \/>\n\t<meta property=\"og:image:width\" content=\"1280\" \/>\n\t<meta property=\"og:image:height\" content=\"960\" \/>\n\t<meta property=\"og:image:type\" content=\"image\/jpeg\" \/>\n<meta name=\"author\" content=\"Assessoria de Imprensa da PMPB\" \/>\n<meta name=\"twitter:card\" content=\"summary_large_image\" \/>\n<meta name=\"twitter:label1\" content=\"Escrito por\" \/>\n\t<meta name=\"twitter:data1\" content=\"Assessoria de Imprensa da PMPB\" \/>\n\t<meta name=\"twitter:label2\" content=\"Est. tempo de leitura\" \/>\n\t<meta name=\"twitter:data2\" content=\"1 minuto\" \/>\n<script type=\"application\/ld+json\" class=\"yoast-schema-graph\">{\"@context\":\"https:\/\/schema.org\",\"@graph\":[{\"@type\":\"Article\",\"@id\":\"https:\/\/www.pm.pb.gov.br\/portal\/2020\/09\/27\/operacao-cidade-segura-apreende-5-armas-de-fogo-em-campina-grande-e-esperanca\/#article\",\"isPartOf\":{\"@id\":\"https:\/\/www.pm.pb.gov.br\/portal\/2020\/09\/27\/operacao-cidade-segura-apreende-5-armas-de-fogo-em-campina-grande-e-esperanca\/\"},\"author\":{\"name\":\"Assessoria de Imprensa da PMPB\",\"@id\":\"https:\/\/www.pm.pb.gov.br\/portal\/#\/schema\/person\/e8454f46651c3ecf0e1ba3c1666d9947\"},\"headline\":\"Opera\u00e7\u00e3o Cidade Segura apreende 5 armas de fogo em Campina Grande e Esperan\u00e7a\",\"datePublished\":\"2020-09-27T18:50:00+00:00\",\"dateModified\":\"2020-09-27T18:50:02+00:00\",\"mainEntityOfPage\":{\"@id\":\"https:\/\/www.pm.pb.gov.br\/portal\/2020\/09\/27\/operacao-cidade-segura-apreende-5-armas-de-fogo-em-campina-grande-e-esperanca\/\"},\"wordCount\":251,\"publisher\":{\"@id\":\"https:\/\/www.pm.pb.gov.br\/portal\/#organization\"},\"articleSection\":[\"A\u00e7\u00f5es Policiais\"],\"inLanguage\":\"pt-BR\"},{\"@type\":\"WebPage\",\"@id\":\"https:\/\/www.pm.pb.gov.br\/portal\/2020\/09\/27\/operacao-cidade-segura-apreende-5-armas-de-fogo-em-campina-grande-e-esperanca\/\",\"url\":\"https:\/\/www.pm.pb.gov.br\/portal\/2020\/09\/27\/operacao-cidade-segura-apreende-5-armas-de-fogo-em-campina-grande-e-esperanca\/\",\"name\":\"Opera\u00e7\u00e3o Cidade Segura apreende 5 armas de fogo em Campina Grande e Esperan\u00e7a - Pol\u00edcia Militar da Para\u00edba\",\"isPartOf\":{\"@id\":\"https:\/\/www.pm.pb.gov.br\/portal\/#website\"},\"datePublished\":\"2020-09-27T18:50:00+00:00\",\"dateModified\":\"2020-09-27T18:50:02+00:00\",\"breadcrumb\":{\"@id\":\"https:\/\/www.pm.pb.gov.br\/portal\/2020\/09\/27\/operacao-cidade-segura-apreende-5-armas-de-fogo-em-campina-grande-e-esperanca\/#breadcrumb\"},\"inLanguage\":\"pt-BR\",\"potentialAction\":[{\"@type\":\"ReadAction\",\"target\":[\"https:\/\/www.pm.pb.gov.br\/portal\/2020\/09\/27\/operacao-cidade-segura-apreende-5-armas-de-fogo-em-campina-grande-e-esperanca\/\"]}]},{\"@type\":\"BreadcrumbList\",\"@id\":\"https:\/\/www.pm.pb.gov.br\/portal\/2020\/09\/27\/operacao-cidade-segura-apreende-5-armas-de-fogo-em-campina-grande-e-esperanca\/#breadcrumb\",\"itemListElement\":[{\"@type\":\"ListItem\",\"position\":1,\"name\":\"In\u00edcio\",\"item\":\"https:\/\/www.pm.pb.gov.br\/portal\/\"},{\"@type\":\"ListItem\",\"position\":2,\"name\":\"Opera\u00e7\u00e3o Cidade Segura apreende 5 armas de fogo em Campina Grande e Esperan\u00e7a\"}]},{\"@type\":\"WebSite\",\"@id\":\"https:\/\/www.pm.pb.gov.br\/portal\/#website\",\"url\":\"https:\/\/www.pm.pb.gov.br\/portal\/\",\"name\":\"Pol\u00edcia Militar da Para\u00edba\",\"description\":\"\",\"publisher\":{\"@id\":\"https:\/\/www.pm.pb.gov.br\/portal\/#organization\"},\"potentialAction\":[{\"@type\":\"SearchAction\",\"target\":{\"@type\":\"EntryPoint\",\"urlTemplate\":\"https:\/\/www.pm.pb.gov.br\/portal\/?s={search_term_string}\"},\"query-input\":\"required name=search_term_string\"}],\"inLanguage\":\"pt-BR\"},{\"@type\":\"Organization\",\"@id\":\"https:\/\/www.pm.pb.gov.br\/portal\/#organization\",\"name\":\"Pol\u00edcia Militar da Para\u00edba\",\"url\":\"https:\/\/www.pm.pb.gov.br\/portal\/\",\"logo\":{\"@type\":\"ImageObject\",\"inLanguage\":\"pt-BR\",\"@id\":\"https:\/\/www.pm.pb.gov.br\/portal\/#\/schema\/logo\/image\/\",\"url\":\"https:\/\/www.pm.pb.gov.br\/portal\/wp-content\/uploads\/2025\/03\/cropped-logo-site-mag2-1.png\",\"contentUrl\":\"https:\/\/www.pm.pb.gov.br\/portal\/wp-content\/uploads\/2025\/03\/cropped-logo-site-mag2-1.png\",\"width\":320,\"height\":90,\"caption\":\"Pol\u00edcia Militar da Para\u00edba\"},\"image\":{\"@id\":\"https:\/\/www.pm.pb.gov.br\/portal\/#\/schema\/logo\/image\/\"}},{\"@type\":\"Person\",\"@id\":\"https:\/\/www.pm.pb.gov.br\/portal\/#\/schema\/person\/e8454f46651c3ecf0e1ba3c1666d9947\",\"name\":\"Assessoria de Imprensa da PMPB\",\"image\":{\"@type\":\"ImageObject\",\"inLanguage\":\"pt-BR\",\"@id\":\"https:\/\/www.pm.pb.gov.br\/portal\/#\/schema\/person\/image\/\",\"url\":\"https:\/\/secure.gravatar.com\/avatar\/2efe197438265d1e90bd98c4c8e1acf8?s=96&d=mm&r=g\",\"contentUrl\":\"https:\/\/secure.gravatar.com\/avatar\/2efe197438265d1e90bd98c4c8e1acf8?s=96&d=mm&r=g\",\"caption\":\"Assessoria de Imprensa da PMPB\"},\"url\":\"https:\/\/www.pm.pb.gov.br\/portal\/author\/assessoria\/\"}]}<\/script>\n<!-- \/ Yoast SEO plugin. -->","yoast_head_json":{"title":"Opera\u00e7\u00e3o Cidade Segura apreende 5 armas de fogo em Campina Grande e Esperan\u00e7a - Pol\u00edcia Militar da Para\u00edba","robots":{"index":"index","follow":"follow","max-snippet":"max-snippet:-1","max-image-preview":"max-image-preview:large","max-video-preview":"max-video-preview:-1"},"canonical":"https:\/\/www.pm.pb.gov.br\/portal\/2020\/09\/27\/operacao-cidade-segura-apreende-5-armas-de-fogo-em-campina-grande-e-esperanca\/","og_locale":"pt_BR","og_type":"article","og_title":"Opera\u00e7\u00e3o Cidade Segura apreende 5 armas de fogo em Campina Grande e Esperan\u00e7a - Pol\u00edcia Militar da Para\u00edba","og_description":"A Opera\u00e7\u00e3o Cidade Segura apreendeu cinco armas de fogo nas cidades Campina Grande e Esperan\u00e7a. As atividades de refor\u00e7o do","og_url":"https:\/\/www.pm.pb.gov.br\/portal\/2020\/09\/27\/operacao-cidade-segura-apreende-5-armas-de-fogo-em-campina-grande-e-esperanca\/","og_site_name":"Pol\u00edcia Militar da Para\u00edba","article_published_time":"2020-09-27T18:50:00+00:00","article_modified_time":"2020-09-27T18:50:02+00:00","og_image":[{"width":1280,"height":960,"url":"https:\/\/www.pm.pb.gov.br\/portal\/wp-content\/uploads\/2020\/09\/2-CEPMOTOS.jpeg","type":"image\/jpeg"}],"author":"Assessoria de Imprensa da PMPB","twitter_card":"summary_large_image","twitter_misc":{"Escrito por":"Assessoria de Imprensa da PMPB","Est. tempo de leitura":"1 minuto"},"schema":{"@context":"https:\/\/schema.org","@graph":[{"@type":"Article","@id":"https:\/\/www.pm.pb.gov.br\/portal\/2020\/09\/27\/operacao-cidade-segura-apreende-5-armas-de-fogo-em-campina-grande-e-esperanca\/#article","isPartOf":{"@id":"https:\/\/www.pm.pb.gov.br\/portal\/2020\/09\/27\/operacao-cidade-segura-apreende-5-armas-de-fogo-em-campina-grande-e-esperanca\/"},"author":{"name":"Assessoria de Imprensa da PMPB","@id":"https:\/\/www.pm.pb.gov.br\/portal\/#\/schema\/person\/e8454f46651c3ecf0e1ba3c1666d9947"},"headline":"Opera\u00e7\u00e3o Cidade Segura apreende 5 armas de fogo em Campina Grande e Esperan\u00e7a","datePublished":"2020-09-27T18:50:00+00:00","dateModified":"2020-09-27T18:50:02+00:00","mainEntityOfPage":{"@id":"https:\/\/www.pm.pb.gov.br\/portal\/2020\/09\/27\/operacao-cidade-segura-apreende-5-armas-de-fogo-em-campina-grande-e-esperanca\/"},"wordCount":251,"publisher":{"@id":"https:\/\/www.pm.pb.gov.br\/portal\/#organization"},"articleSection":["A\u00e7\u00f5es Policiais"],"inLanguage":"pt-BR"},{"@type":"WebPage","@id":"https:\/\/www.pm.pb.gov.br\/portal\/2020\/09\/27\/operacao-cidade-segura-apreende-5-armas-de-fogo-em-campina-grande-e-esperanca\/","url":"https:\/\/www.pm.pb.gov.br\/portal\/2020\/09\/27\/operacao-cidade-segura-apreende-5-armas-de-fogo-em-campina-grande-e-esperanca\/","name":"Opera\u00e7\u00e3o Cidade Segura apreende 5 armas de fogo em Campina Grande e Esperan\u00e7a - Pol\u00edcia Militar da Para\u00edba","isPartOf":{"@id":"https:\/\/www.pm.pb.gov.br\/portal\/#website"},"datePublished":"2020-09-27T18:50:00+00:00","dateModified":"2020-09-27T18:50:02+00:00","breadcrumb":{"@id":"https:\/\/www.pm.pb.gov.br\/portal\/2020\/09\/27\/operacao-cidade-segura-apreende-5-armas-de-fogo-em-campina-grande-e-esperanca\/#breadcrumb"},"inLanguage":"pt-BR","potentialAction":[{"@type":"ReadAction","target":["https:\/\/www.pm.pb.gov.br\/portal\/2020\/09\/27\/operacao-cidade-segura-apreende-5-armas-de-fogo-em-campina-grande-e-esperanca\/"]}]},{"@type":"BreadcrumbList","@id":"https:\/\/www.pm.pb.gov.br\/portal\/2020\/09\/27\/operacao-cidade-segura-apreende-5-armas-de-fogo-em-campina-grande-e-esperanca\/#breadcrumb","itemListElement":[{"@type":"ListItem","position":1,"name":"In\u00edcio","item":"https:\/\/www.pm.pb.gov.br\/portal\/"},{"@type":"ListItem","position":2,"name":"Opera\u00e7\u00e3o Cidade Segura apreende 5 armas de fogo em Campina Grande e Esperan\u00e7a"}]},{"@type":"WebSite","@id":"https:\/\/www.pm.pb.gov.br\/portal\/#website","url":"https:\/\/www.pm.pb.gov.br\/portal\/","name":"Pol\u00edcia Militar da Para\u00edba","description":"","publisher":{"@id":"https:\/\/www.pm.pb.gov.br\/portal\/#organization"},"potentialAction":[{"@type":"SearchAction","target":{"@type":"EntryPoint","urlTemplate":"https:\/\/www.pm.pb.gov.br\/portal\/?s={search_term_string}"},"query-input":"required name=search_term_string"}],"inLanguage":"pt-BR"},{"@type":"Organization","@id":"https:\/\/www.pm.pb.gov.br\/portal\/#organization","name":"Pol\u00edcia Militar da Para\u00edba","url":"https:\/\/www.pm.pb.gov.br\/portal\/","logo":{"@type":"ImageObject","inLanguage":"pt-BR","@id":"https:\/\/www.pm.pb.gov.br\/portal\/#\/schema\/logo\/image\/","url":"https:\/\/www.pm.pb.gov.br\/portal\/wp-content\/uploads\/2025\/03\/cropped-logo-site-mag2-1.png","contentUrl":"https:\/\/www.pm.pb.gov.br\/portal\/wp-content\/uploads\/2025\/03\/cropped-logo-site-mag2-1.png","width":320,"height":90,"caption":"Pol\u00edcia Militar da Para\u00edba"},"image":{"@id":"https:\/\/www.pm.pb.gov.br\/portal\/#\/schema\/logo\/image\/"}},{"@type":"Person","@id":"https:\/\/www.pm.pb.gov.br\/portal\/#\/schema\/person\/e8454f46651c3ecf0e1ba3c1666d9947","name":"Assessoria de Imprensa da PMPB","image":{"@type":"ImageObject","inLanguage":"pt-BR","@id":"https:\/\/www.pm.pb.gov.br\/portal\/#\/schema\/person\/image\/","url":"https:\/\/secure.gravatar.com\/avatar\/2efe197438265d1e90bd98c4c8e1acf8?s=96&d=mm&r=g","contentUrl":"https:\/\/secure.gravatar.com\/avatar\/2efe197438265d1e90bd98c4c8e1acf8?s=96&d=mm&r=g","caption":"Assessoria de Imprensa da PMPB"},"url":"https:\/\/www.pm.pb.gov.br\/portal\/author\/assessoria\/"}]}},"_links":{"self":[{"href":"https:\/\/www.pm.pb.gov.br\/portal\/wp-json\/wp\/v2\/posts\/907640"}],"collection":[{"href":"https:\/\/www.pm.pb.gov.br\/portal\/wp-json\/wp\/v2\/posts"}],"about":[{"href":"https:\/\/www.pm.pb.gov.br\/portal\/wp-json\/wp\/v2\/types\/post"}],"author":[{"embeddable":true,"href":"https:\/\/www.pm.pb.gov.br\/portal\/wp-json\/wp\/v2\/users\/5"}],"replies":[{"embeddable":true,"href":"https:\/\/www.pm.pb.gov.br\/portal\/wp-json\/wp\/v2\/comments?post=907640"}],"version-history":[{"count":2,"href":"https:\/\/www.pm.pb.gov.br\/portal\/wp-json\/wp\/v2\/posts\/907640\/revisions"}],"predecessor-version":[{"id":907643,"href":"https:\/\/www.pm.pb.gov.br\/portal\/wp-json\/wp\/v2\/posts\/907640\/revisions\/907643"}],"wp:featuredmedia":[{"embeddable":true,"href":"https:\/\/www.pm.pb.gov.br\/portal\/wp-json\/wp\/v2\/media\/907641"}],"wp:attachment":[{"href":"https:\/\/www.pm.pb.gov.br\/portal\/wp-json\/wp\/v2\/media?parent=907640"}],"wp:term":[{"taxonomy":"category","embeddable":true,"href":"https:\/\/www.pm.pb.gov.br\/portal\/wp-json\/wp\/v2\/categories?post=907640"},{"taxonomy":"post_tag","embeddable":true,"href":"https:\/\/www.pm.pb.gov.br\/portal\/wp-json\/wp\/v2\/tags?post=907640"}],"curies":[{"name":"wp","href":"https:\/\/api.w.org\/{rel}","templated":true}]}}