{"id":907502,"date":"2020-09-27T18:57:06","date_gmt":"2020-09-27T21:57:06","guid":{"rendered":"http:\/\/www.pm.pb.gov.br\/portal\/?p=907502"},"modified":"2020-09-27T19:02:35","modified_gmt":"2020-09-27T22:02:35","slug":"policia-militar-prende-suspeitos-apreende-armas-de-fogo-e-drogas-na-operacao-cidade-segura-2","status":"publish","type":"post","link":"https:\/\/www.pm.pb.gov.br\/portal\/2020\/09\/27\/policia-militar-prende-suspeitos-apreende-armas-de-fogo-e-drogas-na-operacao-cidade-segura-2\/","title":{"rendered":"Pol\u00edcia Militar prende suspeitos, apreende armas de fogo e drogas na Opera\u00e7\u00e3o Cidade Segura"},"content":{"rendered":"\n<p>Quatro armas de fogo e drogas foram apreendidas, nas \u00faltimas 24 horas, durante as a\u00e7\u00f5es da Opera\u00e7\u00e3o Cidade Segura, realizada pela Pol\u00edcia Militar em todo Estado. As a\u00e7\u00f5es ocorreram nas nas cidades de Mamanguape, Jacara\u00fa, Jo\u00e3o Pessoa e Pombal.<br><br>Em Jacara\u00fa, os policiais estavam realizando rondas na noite deste s\u00e1bado (26), quando  visualizaram um ve\u00edculo em atitude suspeita. Ao realizar em a abordagem, foi constatado que o motorista apresentava sintomas de embriaguez e, dentro do ve\u00edculo, foi localizado um rev\u00f3lver. Ainda em Mamanguape, dois adolescentes de 17 anos foram apreendidos, um com 36 papelotes de maconha e 47 pedras de crack, e o outro menor com um rev\u00f3lver. Todos os suspeitos foram apresentados na Delegacia de Pol\u00edcia Civil de Mamanguape.<br><br><img loading=\"lazy\" decoding=\"async\" width=\"1219\" height=\"1280\" class=\"wp-image-907660\" style=\"width: 800px;\" src=\"http:\/\/www.pm.pb.gov.br\/portal\/wp-content\/uploads\/2020\/09\/04daa9a5-a2c7-4755-a0d7-dcc777252eb1.jpg\" alt=\"\" srcset=\"https:\/\/www.pm.pb.gov.br\/portal\/wp-content\/uploads\/2020\/09\/04daa9a5-a2c7-4755-a0d7-dcc777252eb1.jpg 1219w, https:\/\/www.pm.pb.gov.br\/portal\/wp-content\/uploads\/2020\/09\/04daa9a5-a2c7-4755-a0d7-dcc777252eb1-424x445.jpg 424w, https:\/\/www.pm.pb.gov.br\/portal\/wp-content\/uploads\/2020\/09\/04daa9a5-a2c7-4755-a0d7-dcc777252eb1-543x570.jpg 543w, https:\/\/www.pm.pb.gov.br\/portal\/wp-content\/uploads\/2020\/09\/04daa9a5-a2c7-4755-a0d7-dcc777252eb1-768x806.jpg 768w\" sizes=\"(max-width: 1219px) 100vw, 1219px\" \/><br>Na Capital, policiais do Batalh\u00e3o Especializado de Policiamento com Motocicletas (BEPMotos) realizaram uma abordagem, na noite deste s\u00e1bado (26), a um homem de 24 anos, no bairro do Alto de Mateus. Foi encontrado em posse do mesmo um rev\u00f3lver e o suspeito foi conduzido \u00e0 Central de Flagrantes, no Geisel.<br><\/p>\n\n\n\n<p><img loading=\"lazy\" decoding=\"async\" width=\"1280\" height=\"1267\" class=\"wp-image-907662\" style=\"width: 800px;\" src=\"http:\/\/www.pm.pb.gov.br\/portal\/wp-content\/uploads\/2020\/09\/54102ee1-e8a8-49b6-9685-6ad0e5ba377b.jpg\" alt=\"\" srcset=\"https:\/\/www.pm.pb.gov.br\/portal\/wp-content\/uploads\/2020\/09\/54102ee1-e8a8-49b6-9685-6ad0e5ba377b.jpg 1280w, https:\/\/www.pm.pb.gov.br\/portal\/wp-content\/uploads\/2020\/09\/54102ee1-e8a8-49b6-9685-6ad0e5ba377b-450x445.jpg 450w, https:\/\/www.pm.pb.gov.br\/portal\/wp-content\/uploads\/2020\/09\/54102ee1-e8a8-49b6-9685-6ad0e5ba377b-576x570.jpg 576w, https:\/\/www.pm.pb.gov.br\/portal\/wp-content\/uploads\/2020\/09\/54102ee1-e8a8-49b6-9685-6ad0e5ba377b-768x760.jpg 768w\" sizes=\"(max-width: 1280px) 100vw, 1280px\" \/><br>Na tarde deste domingo (27), policiais militares do 14\u00ba BPM foram acionados para atender uma ocorr\u00eancia de viol\u00eancia dom\u00e9stica na cidade de Pombal. A PM, ao chegar no local, localizou um homem de 20 anos agredindo sua companheira. Com o suspeito foi encontrado um rev\u00f3lver e uma trouxinha de maconha, o qual foi conduzido \u00e0 Delegacia da cidade.<br><br>Opera\u00e7\u00e3o Cidade Segura \u2013 a\u00e7\u00f5es realizadas pela pol\u00edcia militar em todo Estado, nas \u00faltimas 48h, contabilizam mais de vinte armas de fogo aprendidas, drogas e dezenas de suspeitos conduzidos \u00e0 delegacia.<\/p>\n","protected":false},"excerpt":{"rendered":"<p>Quatro armas de fogo e drogas foram apreendidas, nas \u00faltimas 24 horas, durante as a\u00e7\u00f5es da Opera\u00e7\u00e3o Cidade Segura, realizada<\/p>\n","protected":false},"author":5,"featured_media":907659,"comment_status":"closed","ping_status":"closed","sticky":false,"template":"","format":"standard","meta":{"_exactmetrics_skip_tracking":false,"_exactmetrics_sitenote_active":false,"_exactmetrics_sitenote_note":"","_exactmetrics_sitenote_category":0,"footnotes":""},"categories":[4],"tags":[],"yoast_head":"<!-- This site is optimized with the Yoast SEO plugin v22.0 - https:\/\/yoast.com\/wordpress\/plugins\/seo\/ -->\n<title>Pol\u00edcia Militar prende suspeitos, apreende armas de fogo e drogas na Opera\u00e7\u00e3o Cidade Segura - Pol\u00edcia Militar da Para\u00edba<\/title>\n<meta name=\"robots\" content=\"index, follow, max-snippet:-1, max-image-preview:large, max-video-preview:-1\" \/>\n<link rel=\"canonical\" href=\"https:\/\/www.pm.pb.gov.br\/portal\/2020\/09\/27\/policia-militar-prende-suspeitos-apreende-armas-de-fogo-e-drogas-na-operacao-cidade-segura-2\/\" \/>\n<meta property=\"og:locale\" content=\"pt_BR\" \/>\n<meta property=\"og:type\" content=\"article\" \/>\n<meta property=\"og:title\" content=\"Pol\u00edcia Militar prende suspeitos, apreende armas de fogo e drogas na Opera\u00e7\u00e3o Cidade Segura - Pol\u00edcia Militar da Para\u00edba\" \/>\n<meta property=\"og:description\" content=\"Quatro armas de fogo e drogas foram apreendidas, nas \u00faltimas 24 horas, durante as a\u00e7\u00f5es da Opera\u00e7\u00e3o Cidade Segura, realizada\" \/>\n<meta property=\"og:url\" content=\"https:\/\/www.pm.pb.gov.br\/portal\/2020\/09\/27\/policia-militar-prende-suspeitos-apreende-armas-de-fogo-e-drogas-na-operacao-cidade-segura-2\/\" \/>\n<meta property=\"og:site_name\" content=\"Pol\u00edcia Militar da Para\u00edba\" \/>\n<meta property=\"article:published_time\" content=\"2020-09-27T21:57:06+00:00\" \/>\n<meta property=\"article:modified_time\" content=\"2020-09-27T22:02:35+00:00\" \/>\n<meta property=\"og:image\" content=\"https:\/\/www.pm.pb.gov.br\/portal\/wp-content\/uploads\/2020\/09\/b648048f-8656-4f4e-a8e1-fec530ad631a.jpg\" \/>\n\t<meta property=\"og:image:width\" content=\"653\" \/>\n\t<meta property=\"og:image:height\" content=\"467\" \/>\n\t<meta property=\"og:image:type\" content=\"image\/jpeg\" \/>\n<meta name=\"author\" content=\"Assessoria de Imprensa da PMPB\" \/>\n<meta name=\"twitter:card\" content=\"summary_large_image\" \/>\n<meta name=\"twitter:label1\" content=\"Escrito por\" \/>\n\t<meta name=\"twitter:data1\" content=\"Assessoria de Imprensa da PMPB\" \/>\n\t<meta name=\"twitter:label2\" content=\"Est. tempo de leitura\" \/>\n\t<meta name=\"twitter:data2\" content=\"1 minuto\" \/>\n<script type=\"application\/ld+json\" class=\"yoast-schema-graph\">{\"@context\":\"https:\/\/schema.org\",\"@graph\":[{\"@type\":\"Article\",\"@id\":\"https:\/\/www.pm.pb.gov.br\/portal\/2020\/09\/27\/policia-militar-prende-suspeitos-apreende-armas-de-fogo-e-drogas-na-operacao-cidade-segura-2\/#article\",\"isPartOf\":{\"@id\":\"https:\/\/www.pm.pb.gov.br\/portal\/2020\/09\/27\/policia-militar-prende-suspeitos-apreende-armas-de-fogo-e-drogas-na-operacao-cidade-segura-2\/\"},\"author\":{\"name\":\"Assessoria de Imprensa da PMPB\",\"@id\":\"https:\/\/www.pm.pb.gov.br\/portal\/#\/schema\/person\/e8454f46651c3ecf0e1ba3c1666d9947\"},\"headline\":\"Pol\u00edcia Militar prende suspeitos, apreende armas de fogo e drogas na Opera\u00e7\u00e3o Cidade Segura\",\"datePublished\":\"2020-09-27T21:57:06+00:00\",\"dateModified\":\"2020-09-27T22:02:35+00:00\",\"mainEntityOfPage\":{\"@id\":\"https:\/\/www.pm.pb.gov.br\/portal\/2020\/09\/27\/policia-militar-prende-suspeitos-apreende-armas-de-fogo-e-drogas-na-operacao-cidade-segura-2\/\"},\"wordCount\":282,\"publisher\":{\"@id\":\"https:\/\/www.pm.pb.gov.br\/portal\/#organization\"},\"articleSection\":[\"A\u00e7\u00f5es Policiais\"],\"inLanguage\":\"pt-BR\"},{\"@type\":\"WebPage\",\"@id\":\"https:\/\/www.pm.pb.gov.br\/portal\/2020\/09\/27\/policia-militar-prende-suspeitos-apreende-armas-de-fogo-e-drogas-na-operacao-cidade-segura-2\/\",\"url\":\"https:\/\/www.pm.pb.gov.br\/portal\/2020\/09\/27\/policia-militar-prende-suspeitos-apreende-armas-de-fogo-e-drogas-na-operacao-cidade-segura-2\/\",\"name\":\"Pol\u00edcia Militar prende suspeitos, apreende armas de fogo e drogas na Opera\u00e7\u00e3o Cidade Segura - Pol\u00edcia Militar da Para\u00edba\",\"isPartOf\":{\"@id\":\"https:\/\/www.pm.pb.gov.br\/portal\/#website\"},\"datePublished\":\"2020-09-27T21:57:06+00:00\",\"dateModified\":\"2020-09-27T22:02:35+00:00\",\"breadcrumb\":{\"@id\":\"https:\/\/www.pm.pb.gov.br\/portal\/2020\/09\/27\/policia-militar-prende-suspeitos-apreende-armas-de-fogo-e-drogas-na-operacao-cidade-segura-2\/#breadcrumb\"},\"inLanguage\":\"pt-BR\",\"potentialAction\":[{\"@type\":\"ReadAction\",\"target\":[\"https:\/\/www.pm.pb.gov.br\/portal\/2020\/09\/27\/policia-militar-prende-suspeitos-apreende-armas-de-fogo-e-drogas-na-operacao-cidade-segura-2\/\"]}]},{\"@type\":\"BreadcrumbList\",\"@id\":\"https:\/\/www.pm.pb.gov.br\/portal\/2020\/09\/27\/policia-militar-prende-suspeitos-apreende-armas-de-fogo-e-drogas-na-operacao-cidade-segura-2\/#breadcrumb\",\"itemListElement\":[{\"@type\":\"ListItem\",\"position\":1,\"name\":\"In\u00edcio\",\"item\":\"https:\/\/www.pm.pb.gov.br\/portal\/\"},{\"@type\":\"ListItem\",\"position\":2,\"name\":\"Pol\u00edcia Militar prende suspeitos, apreende armas de fogo e drogas na Opera\u00e7\u00e3o Cidade Segura\"}]},{\"@type\":\"WebSite\",\"@id\":\"https:\/\/www.pm.pb.gov.br\/portal\/#website\",\"url\":\"https:\/\/www.pm.pb.gov.br\/portal\/\",\"name\":\"Pol\u00edcia Militar da Para\u00edba\",\"description\":\"\",\"publisher\":{\"@id\":\"https:\/\/www.pm.pb.gov.br\/portal\/#organization\"},\"potentialAction\":[{\"@type\":\"SearchAction\",\"target\":{\"@type\":\"EntryPoint\",\"urlTemplate\":\"https:\/\/www.pm.pb.gov.br\/portal\/?s={search_term_string}\"},\"query-input\":\"required name=search_term_string\"}],\"inLanguage\":\"pt-BR\"},{\"@type\":\"Organization\",\"@id\":\"https:\/\/www.pm.pb.gov.br\/portal\/#organization\",\"name\":\"Pol\u00edcia Militar da Para\u00edba\",\"url\":\"https:\/\/www.pm.pb.gov.br\/portal\/\",\"logo\":{\"@type\":\"ImageObject\",\"inLanguage\":\"pt-BR\",\"@id\":\"https:\/\/www.pm.pb.gov.br\/portal\/#\/schema\/logo\/image\/\",\"url\":\"https:\/\/www.pm.pb.gov.br\/portal\/wp-content\/uploads\/2025\/03\/cropped-logo-site-mag2-1.png\",\"contentUrl\":\"https:\/\/www.pm.pb.gov.br\/portal\/wp-content\/uploads\/2025\/03\/cropped-logo-site-mag2-1.png\",\"width\":320,\"height\":90,\"caption\":\"Pol\u00edcia Militar da Para\u00edba\"},\"image\":{\"@id\":\"https:\/\/www.pm.pb.gov.br\/portal\/#\/schema\/logo\/image\/\"}},{\"@type\":\"Person\",\"@id\":\"https:\/\/www.pm.pb.gov.br\/portal\/#\/schema\/person\/e8454f46651c3ecf0e1ba3c1666d9947\",\"name\":\"Assessoria de Imprensa da PMPB\",\"image\":{\"@type\":\"ImageObject\",\"inLanguage\":\"pt-BR\",\"@id\":\"https:\/\/www.pm.pb.gov.br\/portal\/#\/schema\/person\/image\/\",\"url\":\"https:\/\/secure.gravatar.com\/avatar\/2efe197438265d1e90bd98c4c8e1acf8?s=96&d=mm&r=g\",\"contentUrl\":\"https:\/\/secure.gravatar.com\/avatar\/2efe197438265d1e90bd98c4c8e1acf8?s=96&d=mm&r=g\",\"caption\":\"Assessoria de Imprensa da PMPB\"},\"url\":\"https:\/\/www.pm.pb.gov.br\/portal\/author\/assessoria\/\"}]}<\/script>\n<!-- \/ Yoast SEO plugin. -->","yoast_head_json":{"title":"Pol\u00edcia Militar prende suspeitos, apreende armas de fogo e drogas na Opera\u00e7\u00e3o Cidade Segura - Pol\u00edcia Militar da Para\u00edba","robots":{"index":"index","follow":"follow","max-snippet":"max-snippet:-1","max-image-preview":"max-image-preview:large","max-video-preview":"max-video-preview:-1"},"canonical":"https:\/\/www.pm.pb.gov.br\/portal\/2020\/09\/27\/policia-militar-prende-suspeitos-apreende-armas-de-fogo-e-drogas-na-operacao-cidade-segura-2\/","og_locale":"pt_BR","og_type":"article","og_title":"Pol\u00edcia Militar prende suspeitos, apreende armas de fogo e drogas na Opera\u00e7\u00e3o Cidade Segura - Pol\u00edcia Militar da Para\u00edba","og_description":"Quatro armas de fogo e drogas foram apreendidas, nas \u00faltimas 24 horas, durante as a\u00e7\u00f5es da Opera\u00e7\u00e3o Cidade Segura, realizada","og_url":"https:\/\/www.pm.pb.gov.br\/portal\/2020\/09\/27\/policia-militar-prende-suspeitos-apreende-armas-de-fogo-e-drogas-na-operacao-cidade-segura-2\/","og_site_name":"Pol\u00edcia Militar da Para\u00edba","article_published_time":"2020-09-27T21:57:06+00:00","article_modified_time":"2020-09-27T22:02:35+00:00","og_image":[{"width":653,"height":467,"url":"https:\/\/www.pm.pb.gov.br\/portal\/wp-content\/uploads\/2020\/09\/b648048f-8656-4f4e-a8e1-fec530ad631a.jpg","type":"image\/jpeg"}],"author":"Assessoria de Imprensa da PMPB","twitter_card":"summary_large_image","twitter_misc":{"Escrito por":"Assessoria de Imprensa da PMPB","Est. tempo de leitura":"1 minuto"},"schema":{"@context":"https:\/\/schema.org","@graph":[{"@type":"Article","@id":"https:\/\/www.pm.pb.gov.br\/portal\/2020\/09\/27\/policia-militar-prende-suspeitos-apreende-armas-de-fogo-e-drogas-na-operacao-cidade-segura-2\/#article","isPartOf":{"@id":"https:\/\/www.pm.pb.gov.br\/portal\/2020\/09\/27\/policia-militar-prende-suspeitos-apreende-armas-de-fogo-e-drogas-na-operacao-cidade-segura-2\/"},"author":{"name":"Assessoria de Imprensa da PMPB","@id":"https:\/\/www.pm.pb.gov.br\/portal\/#\/schema\/person\/e8454f46651c3ecf0e1ba3c1666d9947"},"headline":"Pol\u00edcia Militar prende suspeitos, apreende armas de fogo e drogas na Opera\u00e7\u00e3o Cidade Segura","datePublished":"2020-09-27T21:57:06+00:00","dateModified":"2020-09-27T22:02:35+00:00","mainEntityOfPage":{"@id":"https:\/\/www.pm.pb.gov.br\/portal\/2020\/09\/27\/policia-militar-prende-suspeitos-apreende-armas-de-fogo-e-drogas-na-operacao-cidade-segura-2\/"},"wordCount":282,"publisher":{"@id":"https:\/\/www.pm.pb.gov.br\/portal\/#organization"},"articleSection":["A\u00e7\u00f5es Policiais"],"inLanguage":"pt-BR"},{"@type":"WebPage","@id":"https:\/\/www.pm.pb.gov.br\/portal\/2020\/09\/27\/policia-militar-prende-suspeitos-apreende-armas-de-fogo-e-drogas-na-operacao-cidade-segura-2\/","url":"https:\/\/www.pm.pb.gov.br\/portal\/2020\/09\/27\/policia-militar-prende-suspeitos-apreende-armas-de-fogo-e-drogas-na-operacao-cidade-segura-2\/","name":"Pol\u00edcia Militar prende suspeitos, apreende armas de fogo e drogas na Opera\u00e7\u00e3o Cidade Segura - Pol\u00edcia Militar da Para\u00edba","isPartOf":{"@id":"https:\/\/www.pm.pb.gov.br\/portal\/#website"},"datePublished":"2020-09-27T21:57:06+00:00","dateModified":"2020-09-27T22:02:35+00:00","breadcrumb":{"@id":"https:\/\/www.pm.pb.gov.br\/portal\/2020\/09\/27\/policia-militar-prende-suspeitos-apreende-armas-de-fogo-e-drogas-na-operacao-cidade-segura-2\/#breadcrumb"},"inLanguage":"pt-BR","potentialAction":[{"@type":"ReadAction","target":["https:\/\/www.pm.pb.gov.br\/portal\/2020\/09\/27\/policia-militar-prende-suspeitos-apreende-armas-de-fogo-e-drogas-na-operacao-cidade-segura-2\/"]}]},{"@type":"BreadcrumbList","@id":"https:\/\/www.pm.pb.gov.br\/portal\/2020\/09\/27\/policia-militar-prende-suspeitos-apreende-armas-de-fogo-e-drogas-na-operacao-cidade-segura-2\/#breadcrumb","itemListElement":[{"@type":"ListItem","position":1,"name":"In\u00edcio","item":"https:\/\/www.pm.pb.gov.br\/portal\/"},{"@type":"ListItem","position":2,"name":"Pol\u00edcia Militar prende suspeitos, apreende armas de fogo e drogas na Opera\u00e7\u00e3o Cidade Segura"}]},{"@type":"WebSite","@id":"https:\/\/www.pm.pb.gov.br\/portal\/#website","url":"https:\/\/www.pm.pb.gov.br\/portal\/","name":"Pol\u00edcia Militar da Para\u00edba","description":"","publisher":{"@id":"https:\/\/www.pm.pb.gov.br\/portal\/#organization"},"potentialAction":[{"@type":"SearchAction","target":{"@type":"EntryPoint","urlTemplate":"https:\/\/www.pm.pb.gov.br\/portal\/?s={search_term_string}"},"query-input":"required name=search_term_string"}],"inLanguage":"pt-BR"},{"@type":"Organization","@id":"https:\/\/www.pm.pb.gov.br\/portal\/#organization","name":"Pol\u00edcia Militar da Para\u00edba","url":"https:\/\/www.pm.pb.gov.br\/portal\/","logo":{"@type":"ImageObject","inLanguage":"pt-BR","@id":"https:\/\/www.pm.pb.gov.br\/portal\/#\/schema\/logo\/image\/","url":"https:\/\/www.pm.pb.gov.br\/portal\/wp-content\/uploads\/2025\/03\/cropped-logo-site-mag2-1.png","contentUrl":"https:\/\/www.pm.pb.gov.br\/portal\/wp-content\/uploads\/2025\/03\/cropped-logo-site-mag2-1.png","width":320,"height":90,"caption":"Pol\u00edcia Militar da Para\u00edba"},"image":{"@id":"https:\/\/www.pm.pb.gov.br\/portal\/#\/schema\/logo\/image\/"}},{"@type":"Person","@id":"https:\/\/www.pm.pb.gov.br\/portal\/#\/schema\/person\/e8454f46651c3ecf0e1ba3c1666d9947","name":"Assessoria de Imprensa da PMPB","image":{"@type":"ImageObject","inLanguage":"pt-BR","@id":"https:\/\/www.pm.pb.gov.br\/portal\/#\/schema\/person\/image\/","url":"https:\/\/secure.gravatar.com\/avatar\/2efe197438265d1e90bd98c4c8e1acf8?s=96&d=mm&r=g","contentUrl":"https:\/\/secure.gravatar.com\/avatar\/2efe197438265d1e90bd98c4c8e1acf8?s=96&d=mm&r=g","caption":"Assessoria de Imprensa da PMPB"},"url":"https:\/\/www.pm.pb.gov.br\/portal\/author\/assessoria\/"}]}},"_links":{"self":[{"href":"https:\/\/www.pm.pb.gov.br\/portal\/wp-json\/wp\/v2\/posts\/907502"}],"collection":[{"href":"https:\/\/www.pm.pb.gov.br\/portal\/wp-json\/wp\/v2\/posts"}],"about":[{"href":"https:\/\/www.pm.pb.gov.br\/portal\/wp-json\/wp\/v2\/types\/post"}],"author":[{"embeddable":true,"href":"https:\/\/www.pm.pb.gov.br\/portal\/wp-json\/wp\/v2\/users\/5"}],"replies":[{"embeddable":true,"href":"https:\/\/www.pm.pb.gov.br\/portal\/wp-json\/wp\/v2\/comments?post=907502"}],"version-history":[{"count":4,"href":"https:\/\/www.pm.pb.gov.br\/portal\/wp-json\/wp\/v2\/posts\/907502\/revisions"}],"predecessor-version":[{"id":907663,"href":"https:\/\/www.pm.pb.gov.br\/portal\/wp-json\/wp\/v2\/posts\/907502\/revisions\/907663"}],"wp:featuredmedia":[{"embeddable":true,"href":"https:\/\/www.pm.pb.gov.br\/portal\/wp-json\/wp\/v2\/media\/907659"}],"wp:attachment":[{"href":"https:\/\/www.pm.pb.gov.br\/portal\/wp-json\/wp\/v2\/media?parent=907502"}],"wp:term":[{"taxonomy":"category","embeddable":true,"href":"https:\/\/www.pm.pb.gov.br\/portal\/wp-json\/wp\/v2\/categories?post=907502"},{"taxonomy":"post_tag","embeddable":true,"href":"https:\/\/www.pm.pb.gov.br\/portal\/wp-json\/wp\/v2\/tags?post=907502"}],"curies":[{"name":"wp","href":"https:\/\/api.w.org\/{rel}","templated":true}]}}