{"id":907333,"date":"2020-09-16T09:23:12","date_gmt":"2020-09-16T12:23:12","guid":{"rendered":"http:\/\/www.pm.pb.gov.br\/portal\/?p=907333"},"modified":"2020-09-16T17:30:00","modified_gmt":"2020-09-16T20:30:00","slug":"suspeito-de-atuar-no-trafico-e-preso-com-duas-armas-fabricadas-de-forma-artesanal-em-joao-pessoa","status":"publish","type":"post","link":"https:\/\/www.pm.pb.gov.br\/portal\/2020\/09\/16\/suspeito-de-atuar-no-trafico-e-preso-com-duas-armas-fabricadas-de-forma-artesanal-em-joao-pessoa\/","title":{"rendered":"Suspeito de atuar no tr\u00e1fico \u00e9 preso com duas armas fabricadas de forma artesanal em Jo\u00e3o Pessoa"},"content":{"rendered":"\n<p><\/p>\n\n\n\n<p>A Pol\u00edcia Militar apreendeu duas armas calibres 12 que teriam sido fabricadas de forma caseira por um suspeito de atuar no tr\u00e1fico de drogas, nessa ter\u00e7a-feira (15), no bairro Jo\u00e3o Paulo II, em Jo\u00e3o Pessoa. O acusado, de 19 anos, foi preso em flagrante.<\/p>\n\n\n\n<p>Ele estava em uma casa que as equipes da For\u00e7a T\u00e1tica do 5\u00ba Batalh\u00e3o localizaram ap\u00f3s den\u00fancias de que envolvidos no tr\u00e1fico estariam no local exibindo as armas. As espingardas estavam escondidas embaixo da cama e sof\u00e1.<\/p>\n\n\n\n<p>O suspeito e as armas foram encaminhados para a Central de Flagrantes, no Geisel<\/p>\n","protected":false},"excerpt":{"rendered":"<p>A Pol\u00edcia Militar apreendeu duas armas calibres 12 que teriam sido fabricadas de forma caseira por um suspeito de atuar<\/p>\n","protected":false},"author":5,"featured_media":907342,"comment_status":"closed","ping_status":"closed","sticky":false,"template":"","format":"standard","meta":{"_exactmetrics_skip_tracking":false,"_exactmetrics_sitenote_active":false,"_exactmetrics_sitenote_note":"","_exactmetrics_sitenote_category":0,"footnotes":""},"categories":[4],"tags":[],"yoast_head":"<!-- This site is optimized with the Yoast SEO plugin v22.0 - https:\/\/yoast.com\/wordpress\/plugins\/seo\/ -->\n<title>Suspeito de atuar no tr\u00e1fico \u00e9 preso com duas armas fabricadas de forma artesanal em Jo\u00e3o Pessoa - Pol\u00edcia Militar da Para\u00edba<\/title>\n<meta name=\"robots\" content=\"index, follow, max-snippet:-1, max-image-preview:large, max-video-preview:-1\" \/>\n<link rel=\"canonical\" href=\"https:\/\/www.pm.pb.gov.br\/portal\/2020\/09\/16\/suspeito-de-atuar-no-trafico-e-preso-com-duas-armas-fabricadas-de-forma-artesanal-em-joao-pessoa\/\" \/>\n<meta property=\"og:locale\" content=\"pt_BR\" \/>\n<meta property=\"og:type\" content=\"article\" \/>\n<meta property=\"og:title\" content=\"Suspeito de atuar no tr\u00e1fico \u00e9 preso com duas armas fabricadas de forma artesanal em Jo\u00e3o Pessoa - Pol\u00edcia Militar da Para\u00edba\" \/>\n<meta property=\"og:description\" content=\"A Pol\u00edcia Militar apreendeu duas armas calibres 12 que teriam sido fabricadas de forma caseira por um suspeito de atuar\" \/>\n<meta property=\"og:url\" content=\"https:\/\/www.pm.pb.gov.br\/portal\/2020\/09\/16\/suspeito-de-atuar-no-trafico-e-preso-com-duas-armas-fabricadas-de-forma-artesanal-em-joao-pessoa\/\" \/>\n<meta property=\"og:site_name\" content=\"Pol\u00edcia Militar da Para\u00edba\" \/>\n<meta property=\"article:published_time\" content=\"2020-09-16T12:23:12+00:00\" \/>\n<meta property=\"article:modified_time\" content=\"2020-09-16T20:30:00+00:00\" \/>\n<meta property=\"og:image\" content=\"https:\/\/www.pm.pb.gov.br\/portal\/wp-content\/uploads\/2020\/09\/1d0aee9d-504c-4ba8-83d1-9774bab36b5a.jpg\" \/>\n\t<meta property=\"og:image:width\" content=\"1280\" \/>\n\t<meta property=\"og:image:height\" content=\"960\" \/>\n\t<meta property=\"og:image:type\" content=\"image\/jpeg\" \/>\n<meta name=\"author\" content=\"Assessoria de Imprensa da PMPB\" \/>\n<meta name=\"twitter:card\" content=\"summary_large_image\" \/>\n<meta name=\"twitter:label1\" content=\"Escrito por\" \/>\n\t<meta name=\"twitter:data1\" content=\"Assessoria de Imprensa da PMPB\" \/>\n\t<meta name=\"twitter:label2\" content=\"Est. tempo de leitura\" \/>\n\t<meta name=\"twitter:data2\" content=\"1 minuto\" \/>\n<script type=\"application\/ld+json\" class=\"yoast-schema-graph\">{\"@context\":\"https:\/\/schema.org\",\"@graph\":[{\"@type\":\"Article\",\"@id\":\"https:\/\/www.pm.pb.gov.br\/portal\/2020\/09\/16\/suspeito-de-atuar-no-trafico-e-preso-com-duas-armas-fabricadas-de-forma-artesanal-em-joao-pessoa\/#article\",\"isPartOf\":{\"@id\":\"https:\/\/www.pm.pb.gov.br\/portal\/2020\/09\/16\/suspeito-de-atuar-no-trafico-e-preso-com-duas-armas-fabricadas-de-forma-artesanal-em-joao-pessoa\/\"},\"author\":{\"name\":\"Assessoria de Imprensa da PMPB\",\"@id\":\"https:\/\/www.pm.pb.gov.br\/portal\/#\/schema\/person\/e8454f46651c3ecf0e1ba3c1666d9947\"},\"headline\":\"Suspeito de atuar no tr\u00e1fico \u00e9 preso com duas armas fabricadas de forma artesanal em Jo\u00e3o Pessoa\",\"datePublished\":\"2020-09-16T12:23:12+00:00\",\"dateModified\":\"2020-09-16T20:30:00+00:00\",\"mainEntityOfPage\":{\"@id\":\"https:\/\/www.pm.pb.gov.br\/portal\/2020\/09\/16\/suspeito-de-atuar-no-trafico-e-preso-com-duas-armas-fabricadas-de-forma-artesanal-em-joao-pessoa\/\"},\"wordCount\":120,\"publisher\":{\"@id\":\"https:\/\/www.pm.pb.gov.br\/portal\/#organization\"},\"articleSection\":[\"A\u00e7\u00f5es Policiais\"],\"inLanguage\":\"pt-BR\"},{\"@type\":\"WebPage\",\"@id\":\"https:\/\/www.pm.pb.gov.br\/portal\/2020\/09\/16\/suspeito-de-atuar-no-trafico-e-preso-com-duas-armas-fabricadas-de-forma-artesanal-em-joao-pessoa\/\",\"url\":\"https:\/\/www.pm.pb.gov.br\/portal\/2020\/09\/16\/suspeito-de-atuar-no-trafico-e-preso-com-duas-armas-fabricadas-de-forma-artesanal-em-joao-pessoa\/\",\"name\":\"Suspeito de atuar no tr\u00e1fico \u00e9 preso com duas armas fabricadas de forma artesanal em Jo\u00e3o Pessoa - Pol\u00edcia Militar da Para\u00edba\",\"isPartOf\":{\"@id\":\"https:\/\/www.pm.pb.gov.br\/portal\/#website\"},\"datePublished\":\"2020-09-16T12:23:12+00:00\",\"dateModified\":\"2020-09-16T20:30:00+00:00\",\"breadcrumb\":{\"@id\":\"https:\/\/www.pm.pb.gov.br\/portal\/2020\/09\/16\/suspeito-de-atuar-no-trafico-e-preso-com-duas-armas-fabricadas-de-forma-artesanal-em-joao-pessoa\/#breadcrumb\"},\"inLanguage\":\"pt-BR\",\"potentialAction\":[{\"@type\":\"ReadAction\",\"target\":[\"https:\/\/www.pm.pb.gov.br\/portal\/2020\/09\/16\/suspeito-de-atuar-no-trafico-e-preso-com-duas-armas-fabricadas-de-forma-artesanal-em-joao-pessoa\/\"]}]},{\"@type\":\"BreadcrumbList\",\"@id\":\"https:\/\/www.pm.pb.gov.br\/portal\/2020\/09\/16\/suspeito-de-atuar-no-trafico-e-preso-com-duas-armas-fabricadas-de-forma-artesanal-em-joao-pessoa\/#breadcrumb\",\"itemListElement\":[{\"@type\":\"ListItem\",\"position\":1,\"name\":\"In\u00edcio\",\"item\":\"https:\/\/www.pm.pb.gov.br\/portal\/\"},{\"@type\":\"ListItem\",\"position\":2,\"name\":\"Suspeito de atuar no tr\u00e1fico \u00e9 preso com duas armas fabricadas de forma artesanal em Jo\u00e3o Pessoa\"}]},{\"@type\":\"WebSite\",\"@id\":\"https:\/\/www.pm.pb.gov.br\/portal\/#website\",\"url\":\"https:\/\/www.pm.pb.gov.br\/portal\/\",\"name\":\"Pol\u00edcia Militar da Para\u00edba\",\"description\":\"\",\"publisher\":{\"@id\":\"https:\/\/www.pm.pb.gov.br\/portal\/#organization\"},\"potentialAction\":[{\"@type\":\"SearchAction\",\"target\":{\"@type\":\"EntryPoint\",\"urlTemplate\":\"https:\/\/www.pm.pb.gov.br\/portal\/?s={search_term_string}\"},\"query-input\":\"required name=search_term_string\"}],\"inLanguage\":\"pt-BR\"},{\"@type\":\"Organization\",\"@id\":\"https:\/\/www.pm.pb.gov.br\/portal\/#organization\",\"name\":\"Pol\u00edcia Militar da Para\u00edba\",\"url\":\"https:\/\/www.pm.pb.gov.br\/portal\/\",\"logo\":{\"@type\":\"ImageObject\",\"inLanguage\":\"pt-BR\",\"@id\":\"https:\/\/www.pm.pb.gov.br\/portal\/#\/schema\/logo\/image\/\",\"url\":\"https:\/\/www.pm.pb.gov.br\/portal\/wp-content\/uploads\/2025\/03\/cropped-logo-site-mag2-1.png\",\"contentUrl\":\"https:\/\/www.pm.pb.gov.br\/portal\/wp-content\/uploads\/2025\/03\/cropped-logo-site-mag2-1.png\",\"width\":320,\"height\":90,\"caption\":\"Pol\u00edcia Militar da Para\u00edba\"},\"image\":{\"@id\":\"https:\/\/www.pm.pb.gov.br\/portal\/#\/schema\/logo\/image\/\"}},{\"@type\":\"Person\",\"@id\":\"https:\/\/www.pm.pb.gov.br\/portal\/#\/schema\/person\/e8454f46651c3ecf0e1ba3c1666d9947\",\"name\":\"Assessoria de Imprensa da PMPB\",\"image\":{\"@type\":\"ImageObject\",\"inLanguage\":\"pt-BR\",\"@id\":\"https:\/\/www.pm.pb.gov.br\/portal\/#\/schema\/person\/image\/\",\"url\":\"https:\/\/secure.gravatar.com\/avatar\/2efe197438265d1e90bd98c4c8e1acf8?s=96&d=mm&r=g\",\"contentUrl\":\"https:\/\/secure.gravatar.com\/avatar\/2efe197438265d1e90bd98c4c8e1acf8?s=96&d=mm&r=g\",\"caption\":\"Assessoria de Imprensa da PMPB\"},\"url\":\"https:\/\/www.pm.pb.gov.br\/portal\/author\/assessoria\/\"}]}<\/script>\n<!-- \/ Yoast SEO plugin. -->","yoast_head_json":{"title":"Suspeito de atuar no tr\u00e1fico \u00e9 preso com duas armas fabricadas de forma artesanal em Jo\u00e3o Pessoa - Pol\u00edcia Militar da Para\u00edba","robots":{"index":"index","follow":"follow","max-snippet":"max-snippet:-1","max-image-preview":"max-image-preview:large","max-video-preview":"max-video-preview:-1"},"canonical":"https:\/\/www.pm.pb.gov.br\/portal\/2020\/09\/16\/suspeito-de-atuar-no-trafico-e-preso-com-duas-armas-fabricadas-de-forma-artesanal-em-joao-pessoa\/","og_locale":"pt_BR","og_type":"article","og_title":"Suspeito de atuar no tr\u00e1fico \u00e9 preso com duas armas fabricadas de forma artesanal em Jo\u00e3o Pessoa - Pol\u00edcia Militar da Para\u00edba","og_description":"A Pol\u00edcia Militar apreendeu duas armas calibres 12 que teriam sido fabricadas de forma caseira por um suspeito de atuar","og_url":"https:\/\/www.pm.pb.gov.br\/portal\/2020\/09\/16\/suspeito-de-atuar-no-trafico-e-preso-com-duas-armas-fabricadas-de-forma-artesanal-em-joao-pessoa\/","og_site_name":"Pol\u00edcia Militar da Para\u00edba","article_published_time":"2020-09-16T12:23:12+00:00","article_modified_time":"2020-09-16T20:30:00+00:00","og_image":[{"width":1280,"height":960,"url":"https:\/\/www.pm.pb.gov.br\/portal\/wp-content\/uploads\/2020\/09\/1d0aee9d-504c-4ba8-83d1-9774bab36b5a.jpg","type":"image\/jpeg"}],"author":"Assessoria de Imprensa da PMPB","twitter_card":"summary_large_image","twitter_misc":{"Escrito por":"Assessoria de Imprensa da PMPB","Est. tempo de leitura":"1 minuto"},"schema":{"@context":"https:\/\/schema.org","@graph":[{"@type":"Article","@id":"https:\/\/www.pm.pb.gov.br\/portal\/2020\/09\/16\/suspeito-de-atuar-no-trafico-e-preso-com-duas-armas-fabricadas-de-forma-artesanal-em-joao-pessoa\/#article","isPartOf":{"@id":"https:\/\/www.pm.pb.gov.br\/portal\/2020\/09\/16\/suspeito-de-atuar-no-trafico-e-preso-com-duas-armas-fabricadas-de-forma-artesanal-em-joao-pessoa\/"},"author":{"name":"Assessoria de Imprensa da PMPB","@id":"https:\/\/www.pm.pb.gov.br\/portal\/#\/schema\/person\/e8454f46651c3ecf0e1ba3c1666d9947"},"headline":"Suspeito de atuar no tr\u00e1fico \u00e9 preso com duas armas fabricadas de forma artesanal em Jo\u00e3o Pessoa","datePublished":"2020-09-16T12:23:12+00:00","dateModified":"2020-09-16T20:30:00+00:00","mainEntityOfPage":{"@id":"https:\/\/www.pm.pb.gov.br\/portal\/2020\/09\/16\/suspeito-de-atuar-no-trafico-e-preso-com-duas-armas-fabricadas-de-forma-artesanal-em-joao-pessoa\/"},"wordCount":120,"publisher":{"@id":"https:\/\/www.pm.pb.gov.br\/portal\/#organization"},"articleSection":["A\u00e7\u00f5es Policiais"],"inLanguage":"pt-BR"},{"@type":"WebPage","@id":"https:\/\/www.pm.pb.gov.br\/portal\/2020\/09\/16\/suspeito-de-atuar-no-trafico-e-preso-com-duas-armas-fabricadas-de-forma-artesanal-em-joao-pessoa\/","url":"https:\/\/www.pm.pb.gov.br\/portal\/2020\/09\/16\/suspeito-de-atuar-no-trafico-e-preso-com-duas-armas-fabricadas-de-forma-artesanal-em-joao-pessoa\/","name":"Suspeito de atuar no tr\u00e1fico \u00e9 preso com duas armas fabricadas de forma artesanal em Jo\u00e3o Pessoa - Pol\u00edcia Militar da Para\u00edba","isPartOf":{"@id":"https:\/\/www.pm.pb.gov.br\/portal\/#website"},"datePublished":"2020-09-16T12:23:12+00:00","dateModified":"2020-09-16T20:30:00+00:00","breadcrumb":{"@id":"https:\/\/www.pm.pb.gov.br\/portal\/2020\/09\/16\/suspeito-de-atuar-no-trafico-e-preso-com-duas-armas-fabricadas-de-forma-artesanal-em-joao-pessoa\/#breadcrumb"},"inLanguage":"pt-BR","potentialAction":[{"@type":"ReadAction","target":["https:\/\/www.pm.pb.gov.br\/portal\/2020\/09\/16\/suspeito-de-atuar-no-trafico-e-preso-com-duas-armas-fabricadas-de-forma-artesanal-em-joao-pessoa\/"]}]},{"@type":"BreadcrumbList","@id":"https:\/\/www.pm.pb.gov.br\/portal\/2020\/09\/16\/suspeito-de-atuar-no-trafico-e-preso-com-duas-armas-fabricadas-de-forma-artesanal-em-joao-pessoa\/#breadcrumb","itemListElement":[{"@type":"ListItem","position":1,"name":"In\u00edcio","item":"https:\/\/www.pm.pb.gov.br\/portal\/"},{"@type":"ListItem","position":2,"name":"Suspeito de atuar no tr\u00e1fico \u00e9 preso com duas armas fabricadas de forma artesanal em Jo\u00e3o Pessoa"}]},{"@type":"WebSite","@id":"https:\/\/www.pm.pb.gov.br\/portal\/#website","url":"https:\/\/www.pm.pb.gov.br\/portal\/","name":"Pol\u00edcia Militar da Para\u00edba","description":"","publisher":{"@id":"https:\/\/www.pm.pb.gov.br\/portal\/#organization"},"potentialAction":[{"@type":"SearchAction","target":{"@type":"EntryPoint","urlTemplate":"https:\/\/www.pm.pb.gov.br\/portal\/?s={search_term_string}"},"query-input":"required name=search_term_string"}],"inLanguage":"pt-BR"},{"@type":"Organization","@id":"https:\/\/www.pm.pb.gov.br\/portal\/#organization","name":"Pol\u00edcia Militar da Para\u00edba","url":"https:\/\/www.pm.pb.gov.br\/portal\/","logo":{"@type":"ImageObject","inLanguage":"pt-BR","@id":"https:\/\/www.pm.pb.gov.br\/portal\/#\/schema\/logo\/image\/","url":"https:\/\/www.pm.pb.gov.br\/portal\/wp-content\/uploads\/2025\/03\/cropped-logo-site-mag2-1.png","contentUrl":"https:\/\/www.pm.pb.gov.br\/portal\/wp-content\/uploads\/2025\/03\/cropped-logo-site-mag2-1.png","width":320,"height":90,"caption":"Pol\u00edcia Militar da Para\u00edba"},"image":{"@id":"https:\/\/www.pm.pb.gov.br\/portal\/#\/schema\/logo\/image\/"}},{"@type":"Person","@id":"https:\/\/www.pm.pb.gov.br\/portal\/#\/schema\/person\/e8454f46651c3ecf0e1ba3c1666d9947","name":"Assessoria de Imprensa da PMPB","image":{"@type":"ImageObject","inLanguage":"pt-BR","@id":"https:\/\/www.pm.pb.gov.br\/portal\/#\/schema\/person\/image\/","url":"https:\/\/secure.gravatar.com\/avatar\/2efe197438265d1e90bd98c4c8e1acf8?s=96&d=mm&r=g","contentUrl":"https:\/\/secure.gravatar.com\/avatar\/2efe197438265d1e90bd98c4c8e1acf8?s=96&d=mm&r=g","caption":"Assessoria de Imprensa da PMPB"},"url":"https:\/\/www.pm.pb.gov.br\/portal\/author\/assessoria\/"}]}},"_links":{"self":[{"href":"https:\/\/www.pm.pb.gov.br\/portal\/wp-json\/wp\/v2\/posts\/907333"}],"collection":[{"href":"https:\/\/www.pm.pb.gov.br\/portal\/wp-json\/wp\/v2\/posts"}],"about":[{"href":"https:\/\/www.pm.pb.gov.br\/portal\/wp-json\/wp\/v2\/types\/post"}],"author":[{"embeddable":true,"href":"https:\/\/www.pm.pb.gov.br\/portal\/wp-json\/wp\/v2\/users\/5"}],"replies":[{"embeddable":true,"href":"https:\/\/www.pm.pb.gov.br\/portal\/wp-json\/wp\/v2\/comments?post=907333"}],"version-history":[{"count":2,"href":"https:\/\/www.pm.pb.gov.br\/portal\/wp-json\/wp\/v2\/posts\/907333\/revisions"}],"predecessor-version":[{"id":907343,"href":"https:\/\/www.pm.pb.gov.br\/portal\/wp-json\/wp\/v2\/posts\/907333\/revisions\/907343"}],"wp:featuredmedia":[{"embeddable":true,"href":"https:\/\/www.pm.pb.gov.br\/portal\/wp-json\/wp\/v2\/media\/907342"}],"wp:attachment":[{"href":"https:\/\/www.pm.pb.gov.br\/portal\/wp-json\/wp\/v2\/media?parent=907333"}],"wp:term":[{"taxonomy":"category","embeddable":true,"href":"https:\/\/www.pm.pb.gov.br\/portal\/wp-json\/wp\/v2\/categories?post=907333"},{"taxonomy":"post_tag","embeddable":true,"href":"https:\/\/www.pm.pb.gov.br\/portal\/wp-json\/wp\/v2\/tags?post=907333"}],"curies":[{"name":"wp","href":"https:\/\/api.w.org\/{rel}","templated":true}]}}