{"id":906506,"date":"2020-08-07T21:13:00","date_gmt":"2020-08-08T00:13:00","guid":{"rendered":"http:\/\/www.pm.pb.gov.br\/portal\/?p=906506"},"modified":"2020-08-08T19:16:00","modified_gmt":"2020-08-08T22:16:00","slug":"policia-militar-reafirma-continuacao-do-proerd-nas-escolas-estaduais","status":"publish","type":"post","link":"https:\/\/www.pm.pb.gov.br\/portal\/2020\/08\/07\/policia-militar-reafirma-continuacao-do-proerd-nas-escolas-estaduais\/","title":{"rendered":"Pol\u00edcia Militar reafirma continua\u00e7\u00e3o do Proerd nas escolas estaduais"},"content":{"rendered":"<p>Inf\u00e2ncia cada vez mais longe das drogas! A Pol\u00edcia Militar da Para\u00edba reafirmou, no in\u00edcio da tarde da \u00faltima sexta-feira (07), o conv\u00eanio do Programa Educacional de Resist\u00eancia \u00e0s Drogas e \u00e0 Viol\u00eancia (Proerd) com as escolas p\u00fablicas estaduais, atividade que alcan\u00e7a meninos e meninas, prevenindo contra o uso de entorpecentes (foto acima ilustrativa).<\/p>\n<p>O compromisso foi formalizado e assinado pelo pr\u00f3prio comandante-geral da PM, coronel Euller Chaves, com gestores da Secretaria de Estado da Educa\u00e7\u00e3o, processo que foi intermediado pela Coordenadoria de Combate e Resist\u00eancia \u00e0s Drogas e a Viol\u00eancia (EM\/4), do Estado-Maior Estrat\u00e9gico da PM. O termo assegura a continuidade do Programa.<\/p>\n<p>\u201cCom a assinatura deste termo, a PM ratifica o trabalho que j\u00e1 vem sendo desenvolvido com as escolas estaduais desde o ano 2000\u201d, disse o major Jom\u00e1rio Fernandes, coordenador do EM\/4, assegurando a continuidade do Proerd nos estabelecimentos de ensino. \u201cAguardamos o retorno presencial das atividades escolares, seguindo orienta\u00e7\u00e3o do Proerd Nacional e das C\u00e2meras T\u00e9cnicas do Proerd, para darmos continuidade ao Programa\u201d.<\/p>\n<p>O Programa Educacional de Resist\u00eancia \u00e0s Drogas e \u00e0 Viol\u00eancia (Proerd) \u00e9 a vers\u00e3o brasileira do programa norte-americano Drug Abuse Resistance Education-D.A.R.E, criado em Los Angeles. O Proerd desenvolve um trabalho de preven\u00e7\u00e3o prim\u00e1ria, fortalecendo os v\u00ednculos entre a Pol\u00edcia, a escola e a fam\u00edlia. Em suas atividades, que s\u00e3o montadas e executadas por policiais militares, o Programa alcan\u00e7a as crian\u00e7as da Educa\u00e7\u00e3o Infantil, se estendendo \u00e0 comunidade escolar e aos familiares.<\/p>\n","protected":false},"excerpt":{"rendered":"<p>Inf\u00e2ncia cada vez mais longe das drogas! A Pol\u00edcia Militar da Para\u00edba reafirmou, no in\u00edcio da tarde da \u00faltima sexta-feira<\/p>\n","protected":false},"author":12,"featured_media":906507,"comment_status":"closed","ping_status":"closed","sticky":false,"template":"","format":"standard","meta":{"_exactmetrics_skip_tracking":false,"_exactmetrics_sitenote_active":false,"_exactmetrics_sitenote_note":"","_exactmetrics_sitenote_category":0,"footnotes":""},"categories":[14],"tags":[],"yoast_head":"<!-- This site is optimized with the Yoast SEO plugin v22.0 - https:\/\/yoast.com\/wordpress\/plugins\/seo\/ -->\n<title>Pol\u00edcia Militar reafirma continua\u00e7\u00e3o do Proerd nas escolas estaduais - Pol\u00edcia Militar da Para\u00edba<\/title>\n<meta name=\"robots\" content=\"index, follow, max-snippet:-1, max-image-preview:large, max-video-preview:-1\" \/>\n<link rel=\"canonical\" href=\"https:\/\/www.pm.pb.gov.br\/portal\/2020\/08\/07\/policia-militar-reafirma-continuacao-do-proerd-nas-escolas-estaduais\/\" \/>\n<meta property=\"og:locale\" content=\"pt_BR\" \/>\n<meta property=\"og:type\" content=\"article\" \/>\n<meta property=\"og:title\" content=\"Pol\u00edcia Militar reafirma continua\u00e7\u00e3o do Proerd nas escolas estaduais - Pol\u00edcia Militar da Para\u00edba\" \/>\n<meta property=\"og:description\" content=\"Inf\u00e2ncia cada vez mais longe das drogas! A Pol\u00edcia Militar da Para\u00edba reafirmou, no in\u00edcio da tarde da \u00faltima sexta-feira\" \/>\n<meta property=\"og:url\" content=\"https:\/\/www.pm.pb.gov.br\/portal\/2020\/08\/07\/policia-militar-reafirma-continuacao-do-proerd-nas-escolas-estaduais\/\" \/>\n<meta property=\"og:site_name\" content=\"Pol\u00edcia Militar da Para\u00edba\" \/>\n<meta property=\"article:published_time\" content=\"2020-08-08T00:13:00+00:00\" \/>\n<meta property=\"article:modified_time\" content=\"2020-08-08T22:16:00+00:00\" \/>\n<meta property=\"og:image\" content=\"https:\/\/www.pm.pb.gov.br\/portal\/wp-content\/uploads\/2020\/08\/em41.jpg\" \/>\n\t<meta property=\"og:image:width\" content=\"800\" \/>\n\t<meta property=\"og:image:height\" content=\"445\" \/>\n\t<meta property=\"og:image:type\" content=\"image\/jpeg\" \/>\n<meta name=\"author\" content=\"Tarcisio Oliveira\" \/>\n<meta name=\"twitter:card\" content=\"summary_large_image\" \/>\n<meta name=\"twitter:label1\" content=\"Escrito por\" \/>\n\t<meta name=\"twitter:data1\" content=\"Tarcisio Oliveira\" \/>\n\t<meta name=\"twitter:label2\" content=\"Est. tempo de leitura\" \/>\n\t<meta name=\"twitter:data2\" content=\"1 minuto\" \/>\n<script type=\"application\/ld+json\" class=\"yoast-schema-graph\">{\"@context\":\"https:\/\/schema.org\",\"@graph\":[{\"@type\":\"Article\",\"@id\":\"https:\/\/www.pm.pb.gov.br\/portal\/2020\/08\/07\/policia-militar-reafirma-continuacao-do-proerd-nas-escolas-estaduais\/#article\",\"isPartOf\":{\"@id\":\"https:\/\/www.pm.pb.gov.br\/portal\/2020\/08\/07\/policia-militar-reafirma-continuacao-do-proerd-nas-escolas-estaduais\/\"},\"author\":{\"name\":\"Tarcisio Oliveira\",\"@id\":\"https:\/\/www.pm.pb.gov.br\/portal\/#\/schema\/person\/f84f56dcc78ce4357054da888b8247fd\"},\"headline\":\"Pol\u00edcia Militar reafirma continua\u00e7\u00e3o do Proerd nas escolas estaduais\",\"datePublished\":\"2020-08-08T00:13:00+00:00\",\"dateModified\":\"2020-08-08T22:16:00+00:00\",\"mainEntityOfPage\":{\"@id\":\"https:\/\/www.pm.pb.gov.br\/portal\/2020\/08\/07\/policia-militar-reafirma-continuacao-do-proerd-nas-escolas-estaduais\/\"},\"wordCount\":277,\"publisher\":{\"@id\":\"https:\/\/www.pm.pb.gov.br\/portal\/#organization\"},\"articleSection\":[\"Preven\u00e7\u00e3o\"],\"inLanguage\":\"pt-BR\"},{\"@type\":\"WebPage\",\"@id\":\"https:\/\/www.pm.pb.gov.br\/portal\/2020\/08\/07\/policia-militar-reafirma-continuacao-do-proerd-nas-escolas-estaduais\/\",\"url\":\"https:\/\/www.pm.pb.gov.br\/portal\/2020\/08\/07\/policia-militar-reafirma-continuacao-do-proerd-nas-escolas-estaduais\/\",\"name\":\"Pol\u00edcia Militar reafirma continua\u00e7\u00e3o do Proerd nas escolas estaduais - Pol\u00edcia Militar da Para\u00edba\",\"isPartOf\":{\"@id\":\"https:\/\/www.pm.pb.gov.br\/portal\/#website\"},\"datePublished\":\"2020-08-08T00:13:00+00:00\",\"dateModified\":\"2020-08-08T22:16:00+00:00\",\"breadcrumb\":{\"@id\":\"https:\/\/www.pm.pb.gov.br\/portal\/2020\/08\/07\/policia-militar-reafirma-continuacao-do-proerd-nas-escolas-estaduais\/#breadcrumb\"},\"inLanguage\":\"pt-BR\",\"potentialAction\":[{\"@type\":\"ReadAction\",\"target\":[\"https:\/\/www.pm.pb.gov.br\/portal\/2020\/08\/07\/policia-militar-reafirma-continuacao-do-proerd-nas-escolas-estaduais\/\"]}]},{\"@type\":\"BreadcrumbList\",\"@id\":\"https:\/\/www.pm.pb.gov.br\/portal\/2020\/08\/07\/policia-militar-reafirma-continuacao-do-proerd-nas-escolas-estaduais\/#breadcrumb\",\"itemListElement\":[{\"@type\":\"ListItem\",\"position\":1,\"name\":\"In\u00edcio\",\"item\":\"https:\/\/www.pm.pb.gov.br\/portal\/\"},{\"@type\":\"ListItem\",\"position\":2,\"name\":\"Pol\u00edcia Militar reafirma continua\u00e7\u00e3o do Proerd nas escolas estaduais\"}]},{\"@type\":\"WebSite\",\"@id\":\"https:\/\/www.pm.pb.gov.br\/portal\/#website\",\"url\":\"https:\/\/www.pm.pb.gov.br\/portal\/\",\"name\":\"Pol\u00edcia Militar da Para\u00edba\",\"description\":\"\",\"publisher\":{\"@id\":\"https:\/\/www.pm.pb.gov.br\/portal\/#organization\"},\"potentialAction\":[{\"@type\":\"SearchAction\",\"target\":{\"@type\":\"EntryPoint\",\"urlTemplate\":\"https:\/\/www.pm.pb.gov.br\/portal\/?s={search_term_string}\"},\"query-input\":\"required name=search_term_string\"}],\"inLanguage\":\"pt-BR\"},{\"@type\":\"Organization\",\"@id\":\"https:\/\/www.pm.pb.gov.br\/portal\/#organization\",\"name\":\"Pol\u00edcia Militar da Para\u00edba\",\"url\":\"https:\/\/www.pm.pb.gov.br\/portal\/\",\"logo\":{\"@type\":\"ImageObject\",\"inLanguage\":\"pt-BR\",\"@id\":\"https:\/\/www.pm.pb.gov.br\/portal\/#\/schema\/logo\/image\/\",\"url\":\"https:\/\/www.pm.pb.gov.br\/portal\/wp-content\/uploads\/2025\/03\/cropped-logo-site-mag2-1.png\",\"contentUrl\":\"https:\/\/www.pm.pb.gov.br\/portal\/wp-content\/uploads\/2025\/03\/cropped-logo-site-mag2-1.png\",\"width\":320,\"height\":90,\"caption\":\"Pol\u00edcia Militar da Para\u00edba\"},\"image\":{\"@id\":\"https:\/\/www.pm.pb.gov.br\/portal\/#\/schema\/logo\/image\/\"}},{\"@type\":\"Person\",\"@id\":\"https:\/\/www.pm.pb.gov.br\/portal\/#\/schema\/person\/f84f56dcc78ce4357054da888b8247fd\",\"name\":\"Tarcisio Oliveira\",\"image\":{\"@type\":\"ImageObject\",\"inLanguage\":\"pt-BR\",\"@id\":\"https:\/\/www.pm.pb.gov.br\/portal\/#\/schema\/person\/image\/\",\"url\":\"https:\/\/secure.gravatar.com\/avatar\/72917b630b69d31cd0297507f34bac97?s=96&d=mm&r=g\",\"contentUrl\":\"https:\/\/secure.gravatar.com\/avatar\/72917b630b69d31cd0297507f34bac97?s=96&d=mm&r=g\",\"caption\":\"Tarcisio Oliveira\"},\"url\":\"https:\/\/www.pm.pb.gov.br\/portal\/author\/tarcisio\/\"}]}<\/script>\n<!-- \/ Yoast SEO plugin. -->","yoast_head_json":{"title":"Pol\u00edcia Militar reafirma continua\u00e7\u00e3o do Proerd nas escolas estaduais - Pol\u00edcia Militar da Para\u00edba","robots":{"index":"index","follow":"follow","max-snippet":"max-snippet:-1","max-image-preview":"max-image-preview:large","max-video-preview":"max-video-preview:-1"},"canonical":"https:\/\/www.pm.pb.gov.br\/portal\/2020\/08\/07\/policia-militar-reafirma-continuacao-do-proerd-nas-escolas-estaduais\/","og_locale":"pt_BR","og_type":"article","og_title":"Pol\u00edcia Militar reafirma continua\u00e7\u00e3o do Proerd nas escolas estaduais - Pol\u00edcia Militar da Para\u00edba","og_description":"Inf\u00e2ncia cada vez mais longe das drogas! A Pol\u00edcia Militar da Para\u00edba reafirmou, no in\u00edcio da tarde da \u00faltima sexta-feira","og_url":"https:\/\/www.pm.pb.gov.br\/portal\/2020\/08\/07\/policia-militar-reafirma-continuacao-do-proerd-nas-escolas-estaduais\/","og_site_name":"Pol\u00edcia Militar da Para\u00edba","article_published_time":"2020-08-08T00:13:00+00:00","article_modified_time":"2020-08-08T22:16:00+00:00","og_image":[{"width":800,"height":445,"url":"https:\/\/www.pm.pb.gov.br\/portal\/wp-content\/uploads\/2020\/08\/em41.jpg","type":"image\/jpeg"}],"author":"Tarcisio Oliveira","twitter_card":"summary_large_image","twitter_misc":{"Escrito por":"Tarcisio Oliveira","Est. tempo de leitura":"1 minuto"},"schema":{"@context":"https:\/\/schema.org","@graph":[{"@type":"Article","@id":"https:\/\/www.pm.pb.gov.br\/portal\/2020\/08\/07\/policia-militar-reafirma-continuacao-do-proerd-nas-escolas-estaduais\/#article","isPartOf":{"@id":"https:\/\/www.pm.pb.gov.br\/portal\/2020\/08\/07\/policia-militar-reafirma-continuacao-do-proerd-nas-escolas-estaduais\/"},"author":{"name":"Tarcisio Oliveira","@id":"https:\/\/www.pm.pb.gov.br\/portal\/#\/schema\/person\/f84f56dcc78ce4357054da888b8247fd"},"headline":"Pol\u00edcia Militar reafirma continua\u00e7\u00e3o do Proerd nas escolas estaduais","datePublished":"2020-08-08T00:13:00+00:00","dateModified":"2020-08-08T22:16:00+00:00","mainEntityOfPage":{"@id":"https:\/\/www.pm.pb.gov.br\/portal\/2020\/08\/07\/policia-militar-reafirma-continuacao-do-proerd-nas-escolas-estaduais\/"},"wordCount":277,"publisher":{"@id":"https:\/\/www.pm.pb.gov.br\/portal\/#organization"},"articleSection":["Preven\u00e7\u00e3o"],"inLanguage":"pt-BR"},{"@type":"WebPage","@id":"https:\/\/www.pm.pb.gov.br\/portal\/2020\/08\/07\/policia-militar-reafirma-continuacao-do-proerd-nas-escolas-estaduais\/","url":"https:\/\/www.pm.pb.gov.br\/portal\/2020\/08\/07\/policia-militar-reafirma-continuacao-do-proerd-nas-escolas-estaduais\/","name":"Pol\u00edcia Militar reafirma continua\u00e7\u00e3o do Proerd nas escolas estaduais - Pol\u00edcia Militar da Para\u00edba","isPartOf":{"@id":"https:\/\/www.pm.pb.gov.br\/portal\/#website"},"datePublished":"2020-08-08T00:13:00+00:00","dateModified":"2020-08-08T22:16:00+00:00","breadcrumb":{"@id":"https:\/\/www.pm.pb.gov.br\/portal\/2020\/08\/07\/policia-militar-reafirma-continuacao-do-proerd-nas-escolas-estaduais\/#breadcrumb"},"inLanguage":"pt-BR","potentialAction":[{"@type":"ReadAction","target":["https:\/\/www.pm.pb.gov.br\/portal\/2020\/08\/07\/policia-militar-reafirma-continuacao-do-proerd-nas-escolas-estaduais\/"]}]},{"@type":"BreadcrumbList","@id":"https:\/\/www.pm.pb.gov.br\/portal\/2020\/08\/07\/policia-militar-reafirma-continuacao-do-proerd-nas-escolas-estaduais\/#breadcrumb","itemListElement":[{"@type":"ListItem","position":1,"name":"In\u00edcio","item":"https:\/\/www.pm.pb.gov.br\/portal\/"},{"@type":"ListItem","position":2,"name":"Pol\u00edcia Militar reafirma continua\u00e7\u00e3o do Proerd nas escolas estaduais"}]},{"@type":"WebSite","@id":"https:\/\/www.pm.pb.gov.br\/portal\/#website","url":"https:\/\/www.pm.pb.gov.br\/portal\/","name":"Pol\u00edcia Militar da Para\u00edba","description":"","publisher":{"@id":"https:\/\/www.pm.pb.gov.br\/portal\/#organization"},"potentialAction":[{"@type":"SearchAction","target":{"@type":"EntryPoint","urlTemplate":"https:\/\/www.pm.pb.gov.br\/portal\/?s={search_term_string}"},"query-input":"required name=search_term_string"}],"inLanguage":"pt-BR"},{"@type":"Organization","@id":"https:\/\/www.pm.pb.gov.br\/portal\/#organization","name":"Pol\u00edcia Militar da Para\u00edba","url":"https:\/\/www.pm.pb.gov.br\/portal\/","logo":{"@type":"ImageObject","inLanguage":"pt-BR","@id":"https:\/\/www.pm.pb.gov.br\/portal\/#\/schema\/logo\/image\/","url":"https:\/\/www.pm.pb.gov.br\/portal\/wp-content\/uploads\/2025\/03\/cropped-logo-site-mag2-1.png","contentUrl":"https:\/\/www.pm.pb.gov.br\/portal\/wp-content\/uploads\/2025\/03\/cropped-logo-site-mag2-1.png","width":320,"height":90,"caption":"Pol\u00edcia Militar da Para\u00edba"},"image":{"@id":"https:\/\/www.pm.pb.gov.br\/portal\/#\/schema\/logo\/image\/"}},{"@type":"Person","@id":"https:\/\/www.pm.pb.gov.br\/portal\/#\/schema\/person\/f84f56dcc78ce4357054da888b8247fd","name":"Tarcisio Oliveira","image":{"@type":"ImageObject","inLanguage":"pt-BR","@id":"https:\/\/www.pm.pb.gov.br\/portal\/#\/schema\/person\/image\/","url":"https:\/\/secure.gravatar.com\/avatar\/72917b630b69d31cd0297507f34bac97?s=96&d=mm&r=g","contentUrl":"https:\/\/secure.gravatar.com\/avatar\/72917b630b69d31cd0297507f34bac97?s=96&d=mm&r=g","caption":"Tarcisio Oliveira"},"url":"https:\/\/www.pm.pb.gov.br\/portal\/author\/tarcisio\/"}]}},"_links":{"self":[{"href":"https:\/\/www.pm.pb.gov.br\/portal\/wp-json\/wp\/v2\/posts\/906506"}],"collection":[{"href":"https:\/\/www.pm.pb.gov.br\/portal\/wp-json\/wp\/v2\/posts"}],"about":[{"href":"https:\/\/www.pm.pb.gov.br\/portal\/wp-json\/wp\/v2\/types\/post"}],"author":[{"embeddable":true,"href":"https:\/\/www.pm.pb.gov.br\/portal\/wp-json\/wp\/v2\/users\/12"}],"replies":[{"embeddable":true,"href":"https:\/\/www.pm.pb.gov.br\/portal\/wp-json\/wp\/v2\/comments?post=906506"}],"version-history":[{"count":1,"href":"https:\/\/www.pm.pb.gov.br\/portal\/wp-json\/wp\/v2\/posts\/906506\/revisions"}],"predecessor-version":[{"id":906508,"href":"https:\/\/www.pm.pb.gov.br\/portal\/wp-json\/wp\/v2\/posts\/906506\/revisions\/906508"}],"wp:featuredmedia":[{"embeddable":true,"href":"https:\/\/www.pm.pb.gov.br\/portal\/wp-json\/wp\/v2\/media\/906507"}],"wp:attachment":[{"href":"https:\/\/www.pm.pb.gov.br\/portal\/wp-json\/wp\/v2\/media?parent=906506"}],"wp:term":[{"taxonomy":"category","embeddable":true,"href":"https:\/\/www.pm.pb.gov.br\/portal\/wp-json\/wp\/v2\/categories?post=906506"},{"taxonomy":"post_tag","embeddable":true,"href":"https:\/\/www.pm.pb.gov.br\/portal\/wp-json\/wp\/v2\/tags?post=906506"}],"curies":[{"name":"wp","href":"https:\/\/api.w.org\/{rel}","templated":true}]}}