{"id":906500,"date":"2020-08-07T20:09:00","date_gmt":"2020-08-07T23:09:00","guid":{"rendered":"http:\/\/www.pm.pb.gov.br\/portal\/?p=906500"},"modified":"2020-08-07T20:19:05","modified_gmt":"2020-08-07T23:19:05","slug":"comandante-geral-recebe-novo-livro-sobre-estudo-de-vitimizacao-e-reacao-policial-durante-horario-de-folga","status":"publish","type":"post","link":"https:\/\/www.pm.pb.gov.br\/portal\/2020\/08\/07\/comandante-geral-recebe-novo-livro-sobre-estudo-de-vitimizacao-e-reacao-policial-durante-horario-de-folga\/","title":{"rendered":"Comandante-geral recebe novo livro sobre estudo de vitimiza\u00e7\u00e3o e rea\u00e7\u00e3o policial durante hor\u00e1rio de folga"},"content":{"rendered":"<p>O comandante-geral da Pol\u00edcia Militar, coronel Euller Chaves, recebeu na manh\u00e3 desta sexta-feira (07) um estudo rec\u00e9m-publicado, de autoria de policiais militares paraibanos, que trata da rea\u00e7\u00e3o e n\u00e3o rea\u00e7\u00e3o aos crimes como roubo e latroc\u00ednio, que tiveram como alvos agentes de seguran\u00e7a p\u00fablica no Brasil, que estavam fora do hor\u00e1rio de servi\u00e7o. A publica\u00e7\u00e3o, que ainda ser\u00e1 lan\u00e7ada oficialmente na pr\u00f3xima segunda-feira (10), \u00e9 o resultado de cinco anos de estudos do tenente-coronel Onivan Elias, major \u00c1lvaro Cavalcante, e do cabo Valdomiro Bandeira.<\/p>\n<p><em>\u201c\u00c9 um assalto\u201d! E se eu reagir? Um guia de sobreviv\u00eancia<\/em>, analisou cerca de 900 casos em que policiais de v\u00e1rias For\u00e7as de Seguran\u00e7a estavam fora de servi\u00e7o e foram v\u00edtimas diretamente de roubo e latroc\u00ednio, ou que interviram em situa\u00e7\u00f5es em que outras pessoas foram o alvo da a\u00e7\u00e3o criminosa. De forma pioneira, a Pol\u00edcia Militar da Para\u00edba j\u00e1 trata da tem\u00e1tica de vitimiza\u00e7\u00e3o, realizando, desde 2016, workshops e treinamentos de prote\u00e7\u00e3o pessoal para policiais e agentes de seguran\u00e7a p\u00fablica, que est\u00e3o de folga. A atividade alcan\u00e7a desde alunos em cursos de forma\u00e7\u00e3o, como aconteceu na \u00faltima turma do Curso de Soldado, at\u00e9 policiais de institui\u00e7\u00f5es de outros estados e de pa\u00edses estrangeiros.<\/p>\n<p>\u201cA nossa corpora\u00e7\u00e3o tem uma aten\u00e7\u00e3o especial com os policiais militares durante o servi\u00e7o, ou fora do hor\u00e1rio de servi\u00e7o. Com este novo estudo, que complementa os treinamentos j\u00e1 realizados em anos anteriores pelos autores com nosso efetivo, o conhecimento se dissemina, e as proposi\u00e7\u00f5es e conclus\u00f5es ir\u00e3o fortalecer ainda mais o preparo de nossos pacificadores\u201d, destacou o coronel Euller.<\/p>\n<p><img loading=\"lazy\" decoding=\"async\" class=\" wp-image-906502 aligncenter\" src=\"http:\/\/www.pm.pb.gov.br\/portal\/wp-content\/uploads\/2020\/08\/site1-619x445.jpeg\" alt=\"\" width=\"563\" height=\"405\" srcset=\"https:\/\/www.pm.pb.gov.br\/portal\/wp-content\/uploads\/2020\/08\/site1-619x445.jpeg 619w, https:\/\/www.pm.pb.gov.br\/portal\/wp-content\/uploads\/2020\/08\/site1-793x570.jpeg 793w, https:\/\/www.pm.pb.gov.br\/portal\/wp-content\/uploads\/2020\/08\/site1-768x552.jpeg 768w, https:\/\/www.pm.pb.gov.br\/portal\/wp-content\/uploads\/2020\/08\/site1.jpeg 1181w\" sizes=\"(max-width: 563px) 100vw, 563px\" \/><\/p>\n<p>A entrega do livro pelos autores aconteceu no fim da manh\u00e3 desta sexta-feira (07), no gabinete do pr\u00f3prio comandante-geral, no quartel do comando da institui\u00e7\u00e3o (foto acima). O livro ser\u00e1 lan\u00e7ado oficialmente na pr\u00f3xima segunda-feira (10), \u00e0s 20h, no Clube dos Oficiais, em Jo\u00e3o Pessoa. A ocasi\u00e3o ser\u00e1 transmitida pela internet, contando com participantes de estudiosos no assunto, operadores do Direito, e gestores de institui\u00e7\u00f5es p\u00fablicas.<\/p>\n","protected":false},"excerpt":{"rendered":"<p>O comandante-geral da Pol\u00edcia Militar, coronel Euller Chaves, recebeu na manh\u00e3 desta sexta-feira (07) um estudo rec\u00e9m-publicado, de autoria de<\/p>\n","protected":false},"author":12,"featured_media":906501,"comment_status":"closed","ping_status":"closed","sticky":false,"template":"","format":"standard","meta":{"_exactmetrics_skip_tracking":false,"_exactmetrics_sitenote_active":false,"_exactmetrics_sitenote_note":"","_exactmetrics_sitenote_category":0,"footnotes":""},"categories":[4,14],"tags":[],"yoast_head":"<!-- This site is optimized with the Yoast SEO plugin v22.0 - https:\/\/yoast.com\/wordpress\/plugins\/seo\/ -->\n<title>Comandante-geral recebe novo livro sobre estudo de vitimiza\u00e7\u00e3o e rea\u00e7\u00e3o policial durante hor\u00e1rio de folga - Pol\u00edcia Militar da Para\u00edba<\/title>\n<meta name=\"robots\" content=\"index, follow, max-snippet:-1, max-image-preview:large, max-video-preview:-1\" \/>\n<link rel=\"canonical\" href=\"https:\/\/www.pm.pb.gov.br\/portal\/2020\/08\/07\/comandante-geral-recebe-novo-livro-sobre-estudo-de-vitimizacao-e-reacao-policial-durante-horario-de-folga\/\" \/>\n<meta property=\"og:locale\" content=\"pt_BR\" \/>\n<meta property=\"og:type\" content=\"article\" \/>\n<meta property=\"og:title\" content=\"Comandante-geral recebe novo livro sobre estudo de vitimiza\u00e7\u00e3o e rea\u00e7\u00e3o policial durante hor\u00e1rio de folga - Pol\u00edcia Militar da Para\u00edba\" \/>\n<meta property=\"og:description\" content=\"O comandante-geral da Pol\u00edcia Militar, coronel Euller Chaves, recebeu na manh\u00e3 desta sexta-feira (07) um estudo rec\u00e9m-publicado, de autoria de\" \/>\n<meta property=\"og:url\" content=\"https:\/\/www.pm.pb.gov.br\/portal\/2020\/08\/07\/comandante-geral-recebe-novo-livro-sobre-estudo-de-vitimizacao-e-reacao-policial-durante-horario-de-folga\/\" \/>\n<meta property=\"og:site_name\" content=\"Pol\u00edcia Militar da Para\u00edba\" \/>\n<meta property=\"article:published_time\" content=\"2020-08-07T23:09:00+00:00\" \/>\n<meta property=\"article:modified_time\" content=\"2020-08-07T23:19:05+00:00\" \/>\n<meta property=\"og:image\" content=\"https:\/\/www.pm.pb.gov.br\/portal\/wp-content\/uploads\/2020\/08\/capa.jpeg\" \/>\n\t<meta property=\"og:image:width\" content=\"800\" \/>\n\t<meta property=\"og:image:height\" content=\"445\" \/>\n\t<meta property=\"og:image:type\" content=\"image\/jpeg\" \/>\n<meta name=\"author\" content=\"Tarcisio Oliveira\" \/>\n<meta name=\"twitter:card\" content=\"summary_large_image\" \/>\n<meta name=\"twitter:label1\" content=\"Escrito por\" \/>\n\t<meta name=\"twitter:data1\" content=\"Tarcisio Oliveira\" \/>\n\t<meta name=\"twitter:label2\" content=\"Est. tempo de leitura\" \/>\n\t<meta name=\"twitter:data2\" content=\"2 minutos\" \/>\n<script type=\"application\/ld+json\" class=\"yoast-schema-graph\">{\"@context\":\"https:\/\/schema.org\",\"@graph\":[{\"@type\":\"Article\",\"@id\":\"https:\/\/www.pm.pb.gov.br\/portal\/2020\/08\/07\/comandante-geral-recebe-novo-livro-sobre-estudo-de-vitimizacao-e-reacao-policial-durante-horario-de-folga\/#article\",\"isPartOf\":{\"@id\":\"https:\/\/www.pm.pb.gov.br\/portal\/2020\/08\/07\/comandante-geral-recebe-novo-livro-sobre-estudo-de-vitimizacao-e-reacao-policial-durante-horario-de-folga\/\"},\"author\":{\"name\":\"Tarcisio Oliveira\",\"@id\":\"https:\/\/www.pm.pb.gov.br\/portal\/#\/schema\/person\/f84f56dcc78ce4357054da888b8247fd\"},\"headline\":\"Comandante-geral recebe novo livro sobre estudo de vitimiza\u00e7\u00e3o e rea\u00e7\u00e3o policial durante hor\u00e1rio de folga\",\"datePublished\":\"2020-08-07T23:09:00+00:00\",\"dateModified\":\"2020-08-07T23:19:05+00:00\",\"mainEntityOfPage\":{\"@id\":\"https:\/\/www.pm.pb.gov.br\/portal\/2020\/08\/07\/comandante-geral-recebe-novo-livro-sobre-estudo-de-vitimizacao-e-reacao-policial-durante-horario-de-folga\/\"},\"wordCount\":384,\"publisher\":{\"@id\":\"https:\/\/www.pm.pb.gov.br\/portal\/#organization\"},\"articleSection\":[\"A\u00e7\u00f5es Policiais\",\"Preven\u00e7\u00e3o\"],\"inLanguage\":\"pt-BR\"},{\"@type\":\"WebPage\",\"@id\":\"https:\/\/www.pm.pb.gov.br\/portal\/2020\/08\/07\/comandante-geral-recebe-novo-livro-sobre-estudo-de-vitimizacao-e-reacao-policial-durante-horario-de-folga\/\",\"url\":\"https:\/\/www.pm.pb.gov.br\/portal\/2020\/08\/07\/comandante-geral-recebe-novo-livro-sobre-estudo-de-vitimizacao-e-reacao-policial-durante-horario-de-folga\/\",\"name\":\"Comandante-geral recebe novo livro sobre estudo de vitimiza\u00e7\u00e3o e rea\u00e7\u00e3o policial durante hor\u00e1rio de folga - Pol\u00edcia Militar da Para\u00edba\",\"isPartOf\":{\"@id\":\"https:\/\/www.pm.pb.gov.br\/portal\/#website\"},\"datePublished\":\"2020-08-07T23:09:00+00:00\",\"dateModified\":\"2020-08-07T23:19:05+00:00\",\"breadcrumb\":{\"@id\":\"https:\/\/www.pm.pb.gov.br\/portal\/2020\/08\/07\/comandante-geral-recebe-novo-livro-sobre-estudo-de-vitimizacao-e-reacao-policial-durante-horario-de-folga\/#breadcrumb\"},\"inLanguage\":\"pt-BR\",\"potentialAction\":[{\"@type\":\"ReadAction\",\"target\":[\"https:\/\/www.pm.pb.gov.br\/portal\/2020\/08\/07\/comandante-geral-recebe-novo-livro-sobre-estudo-de-vitimizacao-e-reacao-policial-durante-horario-de-folga\/\"]}]},{\"@type\":\"BreadcrumbList\",\"@id\":\"https:\/\/www.pm.pb.gov.br\/portal\/2020\/08\/07\/comandante-geral-recebe-novo-livro-sobre-estudo-de-vitimizacao-e-reacao-policial-durante-horario-de-folga\/#breadcrumb\",\"itemListElement\":[{\"@type\":\"ListItem\",\"position\":1,\"name\":\"In\u00edcio\",\"item\":\"https:\/\/www.pm.pb.gov.br\/portal\/\"},{\"@type\":\"ListItem\",\"position\":2,\"name\":\"Comandante-geral recebe novo livro sobre estudo de vitimiza\u00e7\u00e3o e rea\u00e7\u00e3o policial durante hor\u00e1rio de folga\"}]},{\"@type\":\"WebSite\",\"@id\":\"https:\/\/www.pm.pb.gov.br\/portal\/#website\",\"url\":\"https:\/\/www.pm.pb.gov.br\/portal\/\",\"name\":\"Pol\u00edcia Militar da Para\u00edba\",\"description\":\"\",\"publisher\":{\"@id\":\"https:\/\/www.pm.pb.gov.br\/portal\/#organization\"},\"potentialAction\":[{\"@type\":\"SearchAction\",\"target\":{\"@type\":\"EntryPoint\",\"urlTemplate\":\"https:\/\/www.pm.pb.gov.br\/portal\/?s={search_term_string}\"},\"query-input\":\"required name=search_term_string\"}],\"inLanguage\":\"pt-BR\"},{\"@type\":\"Organization\",\"@id\":\"https:\/\/www.pm.pb.gov.br\/portal\/#organization\",\"name\":\"Pol\u00edcia Militar da Para\u00edba\",\"url\":\"https:\/\/www.pm.pb.gov.br\/portal\/\",\"logo\":{\"@type\":\"ImageObject\",\"inLanguage\":\"pt-BR\",\"@id\":\"https:\/\/www.pm.pb.gov.br\/portal\/#\/schema\/logo\/image\/\",\"url\":\"https:\/\/www.pm.pb.gov.br\/portal\/wp-content\/uploads\/2025\/03\/cropped-logo-site-mag2-1.png\",\"contentUrl\":\"https:\/\/www.pm.pb.gov.br\/portal\/wp-content\/uploads\/2025\/03\/cropped-logo-site-mag2-1.png\",\"width\":320,\"height\":90,\"caption\":\"Pol\u00edcia Militar da Para\u00edba\"},\"image\":{\"@id\":\"https:\/\/www.pm.pb.gov.br\/portal\/#\/schema\/logo\/image\/\"}},{\"@type\":\"Person\",\"@id\":\"https:\/\/www.pm.pb.gov.br\/portal\/#\/schema\/person\/f84f56dcc78ce4357054da888b8247fd\",\"name\":\"Tarcisio Oliveira\",\"image\":{\"@type\":\"ImageObject\",\"inLanguage\":\"pt-BR\",\"@id\":\"https:\/\/www.pm.pb.gov.br\/portal\/#\/schema\/person\/image\/\",\"url\":\"https:\/\/secure.gravatar.com\/avatar\/72917b630b69d31cd0297507f34bac97?s=96&d=mm&r=g\",\"contentUrl\":\"https:\/\/secure.gravatar.com\/avatar\/72917b630b69d31cd0297507f34bac97?s=96&d=mm&r=g\",\"caption\":\"Tarcisio Oliveira\"},\"url\":\"https:\/\/www.pm.pb.gov.br\/portal\/author\/tarcisio\/\"}]}<\/script>\n<!-- \/ Yoast SEO plugin. -->","yoast_head_json":{"title":"Comandante-geral recebe novo livro sobre estudo de vitimiza\u00e7\u00e3o e rea\u00e7\u00e3o policial durante hor\u00e1rio de folga - Pol\u00edcia Militar da Para\u00edba","robots":{"index":"index","follow":"follow","max-snippet":"max-snippet:-1","max-image-preview":"max-image-preview:large","max-video-preview":"max-video-preview:-1"},"canonical":"https:\/\/www.pm.pb.gov.br\/portal\/2020\/08\/07\/comandante-geral-recebe-novo-livro-sobre-estudo-de-vitimizacao-e-reacao-policial-durante-horario-de-folga\/","og_locale":"pt_BR","og_type":"article","og_title":"Comandante-geral recebe novo livro sobre estudo de vitimiza\u00e7\u00e3o e rea\u00e7\u00e3o policial durante hor\u00e1rio de folga - Pol\u00edcia Militar da Para\u00edba","og_description":"O comandante-geral da Pol\u00edcia Militar, coronel Euller Chaves, recebeu na manh\u00e3 desta sexta-feira (07) um estudo rec\u00e9m-publicado, de autoria de","og_url":"https:\/\/www.pm.pb.gov.br\/portal\/2020\/08\/07\/comandante-geral-recebe-novo-livro-sobre-estudo-de-vitimizacao-e-reacao-policial-durante-horario-de-folga\/","og_site_name":"Pol\u00edcia Militar da Para\u00edba","article_published_time":"2020-08-07T23:09:00+00:00","article_modified_time":"2020-08-07T23:19:05+00:00","og_image":[{"width":800,"height":445,"url":"https:\/\/www.pm.pb.gov.br\/portal\/wp-content\/uploads\/2020\/08\/capa.jpeg","type":"image\/jpeg"}],"author":"Tarcisio Oliveira","twitter_card":"summary_large_image","twitter_misc":{"Escrito por":"Tarcisio Oliveira","Est. tempo de leitura":"2 minutos"},"schema":{"@context":"https:\/\/schema.org","@graph":[{"@type":"Article","@id":"https:\/\/www.pm.pb.gov.br\/portal\/2020\/08\/07\/comandante-geral-recebe-novo-livro-sobre-estudo-de-vitimizacao-e-reacao-policial-durante-horario-de-folga\/#article","isPartOf":{"@id":"https:\/\/www.pm.pb.gov.br\/portal\/2020\/08\/07\/comandante-geral-recebe-novo-livro-sobre-estudo-de-vitimizacao-e-reacao-policial-durante-horario-de-folga\/"},"author":{"name":"Tarcisio Oliveira","@id":"https:\/\/www.pm.pb.gov.br\/portal\/#\/schema\/person\/f84f56dcc78ce4357054da888b8247fd"},"headline":"Comandante-geral recebe novo livro sobre estudo de vitimiza\u00e7\u00e3o e rea\u00e7\u00e3o policial durante hor\u00e1rio de folga","datePublished":"2020-08-07T23:09:00+00:00","dateModified":"2020-08-07T23:19:05+00:00","mainEntityOfPage":{"@id":"https:\/\/www.pm.pb.gov.br\/portal\/2020\/08\/07\/comandante-geral-recebe-novo-livro-sobre-estudo-de-vitimizacao-e-reacao-policial-durante-horario-de-folga\/"},"wordCount":384,"publisher":{"@id":"https:\/\/www.pm.pb.gov.br\/portal\/#organization"},"articleSection":["A\u00e7\u00f5es Policiais","Preven\u00e7\u00e3o"],"inLanguage":"pt-BR"},{"@type":"WebPage","@id":"https:\/\/www.pm.pb.gov.br\/portal\/2020\/08\/07\/comandante-geral-recebe-novo-livro-sobre-estudo-de-vitimizacao-e-reacao-policial-durante-horario-de-folga\/","url":"https:\/\/www.pm.pb.gov.br\/portal\/2020\/08\/07\/comandante-geral-recebe-novo-livro-sobre-estudo-de-vitimizacao-e-reacao-policial-durante-horario-de-folga\/","name":"Comandante-geral recebe novo livro sobre estudo de vitimiza\u00e7\u00e3o e rea\u00e7\u00e3o policial durante hor\u00e1rio de folga - Pol\u00edcia Militar da Para\u00edba","isPartOf":{"@id":"https:\/\/www.pm.pb.gov.br\/portal\/#website"},"datePublished":"2020-08-07T23:09:00+00:00","dateModified":"2020-08-07T23:19:05+00:00","breadcrumb":{"@id":"https:\/\/www.pm.pb.gov.br\/portal\/2020\/08\/07\/comandante-geral-recebe-novo-livro-sobre-estudo-de-vitimizacao-e-reacao-policial-durante-horario-de-folga\/#breadcrumb"},"inLanguage":"pt-BR","potentialAction":[{"@type":"ReadAction","target":["https:\/\/www.pm.pb.gov.br\/portal\/2020\/08\/07\/comandante-geral-recebe-novo-livro-sobre-estudo-de-vitimizacao-e-reacao-policial-durante-horario-de-folga\/"]}]},{"@type":"BreadcrumbList","@id":"https:\/\/www.pm.pb.gov.br\/portal\/2020\/08\/07\/comandante-geral-recebe-novo-livro-sobre-estudo-de-vitimizacao-e-reacao-policial-durante-horario-de-folga\/#breadcrumb","itemListElement":[{"@type":"ListItem","position":1,"name":"In\u00edcio","item":"https:\/\/www.pm.pb.gov.br\/portal\/"},{"@type":"ListItem","position":2,"name":"Comandante-geral recebe novo livro sobre estudo de vitimiza\u00e7\u00e3o e rea\u00e7\u00e3o policial durante hor\u00e1rio de folga"}]},{"@type":"WebSite","@id":"https:\/\/www.pm.pb.gov.br\/portal\/#website","url":"https:\/\/www.pm.pb.gov.br\/portal\/","name":"Pol\u00edcia Militar da Para\u00edba","description":"","publisher":{"@id":"https:\/\/www.pm.pb.gov.br\/portal\/#organization"},"potentialAction":[{"@type":"SearchAction","target":{"@type":"EntryPoint","urlTemplate":"https:\/\/www.pm.pb.gov.br\/portal\/?s={search_term_string}"},"query-input":"required name=search_term_string"}],"inLanguage":"pt-BR"},{"@type":"Organization","@id":"https:\/\/www.pm.pb.gov.br\/portal\/#organization","name":"Pol\u00edcia Militar da Para\u00edba","url":"https:\/\/www.pm.pb.gov.br\/portal\/","logo":{"@type":"ImageObject","inLanguage":"pt-BR","@id":"https:\/\/www.pm.pb.gov.br\/portal\/#\/schema\/logo\/image\/","url":"https:\/\/www.pm.pb.gov.br\/portal\/wp-content\/uploads\/2025\/03\/cropped-logo-site-mag2-1.png","contentUrl":"https:\/\/www.pm.pb.gov.br\/portal\/wp-content\/uploads\/2025\/03\/cropped-logo-site-mag2-1.png","width":320,"height":90,"caption":"Pol\u00edcia Militar da Para\u00edba"},"image":{"@id":"https:\/\/www.pm.pb.gov.br\/portal\/#\/schema\/logo\/image\/"}},{"@type":"Person","@id":"https:\/\/www.pm.pb.gov.br\/portal\/#\/schema\/person\/f84f56dcc78ce4357054da888b8247fd","name":"Tarcisio Oliveira","image":{"@type":"ImageObject","inLanguage":"pt-BR","@id":"https:\/\/www.pm.pb.gov.br\/portal\/#\/schema\/person\/image\/","url":"https:\/\/secure.gravatar.com\/avatar\/72917b630b69d31cd0297507f34bac97?s=96&d=mm&r=g","contentUrl":"https:\/\/secure.gravatar.com\/avatar\/72917b630b69d31cd0297507f34bac97?s=96&d=mm&r=g","caption":"Tarcisio Oliveira"},"url":"https:\/\/www.pm.pb.gov.br\/portal\/author\/tarcisio\/"}]}},"_links":{"self":[{"href":"https:\/\/www.pm.pb.gov.br\/portal\/wp-json\/wp\/v2\/posts\/906500"}],"collection":[{"href":"https:\/\/www.pm.pb.gov.br\/portal\/wp-json\/wp\/v2\/posts"}],"about":[{"href":"https:\/\/www.pm.pb.gov.br\/portal\/wp-json\/wp\/v2\/types\/post"}],"author":[{"embeddable":true,"href":"https:\/\/www.pm.pb.gov.br\/portal\/wp-json\/wp\/v2\/users\/12"}],"replies":[{"embeddable":true,"href":"https:\/\/www.pm.pb.gov.br\/portal\/wp-json\/wp\/v2\/comments?post=906500"}],"version-history":[{"count":2,"href":"https:\/\/www.pm.pb.gov.br\/portal\/wp-json\/wp\/v2\/posts\/906500\/revisions"}],"predecessor-version":[{"id":906504,"href":"https:\/\/www.pm.pb.gov.br\/portal\/wp-json\/wp\/v2\/posts\/906500\/revisions\/906504"}],"wp:featuredmedia":[{"embeddable":true,"href":"https:\/\/www.pm.pb.gov.br\/portal\/wp-json\/wp\/v2\/media\/906501"}],"wp:attachment":[{"href":"https:\/\/www.pm.pb.gov.br\/portal\/wp-json\/wp\/v2\/media?parent=906500"}],"wp:term":[{"taxonomy":"category","embeddable":true,"href":"https:\/\/www.pm.pb.gov.br\/portal\/wp-json\/wp\/v2\/categories?post=906500"},{"taxonomy":"post_tag","embeddable":true,"href":"https:\/\/www.pm.pb.gov.br\/portal\/wp-json\/wp\/v2\/tags?post=906500"}],"curies":[{"name":"wp","href":"https:\/\/api.w.org\/{rel}","templated":true}]}}