{"id":906488,"date":"2020-08-07T19:47:42","date_gmt":"2020-08-07T22:47:42","guid":{"rendered":"http:\/\/www.pm.pb.gov.br\/portal\/?p=906488"},"modified":"2020-08-07T19:47:44","modified_gmt":"2020-08-07T22:47:44","slug":"joao-azevedo-garante-ampliacao-da-patrulha-maria-da-penha-para-mais-106-cidades","status":"publish","type":"post","link":"https:\/\/www.pm.pb.gov.br\/portal\/2020\/08\/07\/joao-azevedo-garante-ampliacao-da-patrulha-maria-da-penha-para-mais-106-cidades\/","title":{"rendered":"Jo\u00e3o Azev\u00eado garante amplia\u00e7\u00e3o da Patrulha Maria da Penha para mais 106 cidades"},"content":{"rendered":"<p>O governador Jo\u00e3o Azev\u00eado garantiu a amplia\u00e7\u00e3o da Patrulha Maria da Penha para mais 106 cidades da Para\u00edba e disse que vai intensificar as atividades do servi\u00e7o, em\u00a0\u00a0mensagem gravada para o Webin\u00e1rio de Um ano do Programa Integrado Patrulha Maria da Penha da Para\u00edba (PMP-PB), transmitido ao vivo pelo canal do YouTube. O evento foi aberto pela vice-governadora L\u00edgia Feliciano.<\/p>\n<p>\u201cEste \u00e9 um servi\u00e7o fundamental que tem livrado mulheres de agress\u00f5es e mortes. O governo vai garantir este trabalho que funciona de forma integral em parceria com v\u00e1rios \u00f3rg\u00e3os\u201d, afirmou o governador Jo\u00e3o Azev\u00eado parabenizando um ano de implanta\u00e7\u00e3o da pol\u00edtica.<\/p>\n<p>Ao abrir o Webin\u00e1rio, a vice-governadora L\u00edgia Feliciano afirmou que \u201ca viol\u00eancia contra mulheres \u00e9 uma pandemia global e nosso grande desafio \u00e9 fazer o enfrentamento e garantir a prote\u00e7\u00e3o dessas mulheres no Estado. \u00c9 muito importante a pol\u00edtica implantada com o programa integrado da Patrulha Maria da Penha, que comemora um ano e atende 377 mulheres com rotas de prote\u00e7\u00e3o e atendimento multidisciplinar\u201d, disse ela.<\/p>\n<p>O evento on-line contou com\u00a0\u00a0participa\u00e7\u00e3o de mais de 200 pessoas e abordou o tema &#8220;A efetividade da Lei Maria da Penha, Mulheres e Medidas Protetivas\u201d e marca o dia do anivers\u00e1rio de 14 anos da Lei Maria da Penha, comemorado durante todo o m\u00eas como Agosto Lil\u00e1s, com atividades de divulga\u00e7\u00e3o e import\u00e2ncia da den\u00fancia dos casos de viol\u00eancia contra mulheres.<\/p>\n<p>Com um ano de funcionamento o PIPMP-PB, servi\u00e7o do Governo do Estado coordenado pela Secretaria da Mulher e da Diversidade Humana, j\u00e1 atendeu 5.792 mulheres e realizou mais de 19 mil atividades, incluindo\u00a0triagens e atendimentos psicol\u00f3gico, social, jur\u00eddico, visitas (monitoramento e interven\u00e7\u00e3o) e plant\u00e3o.\u00a0Do total de atendimentos, 377 s\u00e3o acompanhadas pelo programa diariamente, isso inclui 12 mil rotas de monitoramento da Pol\u00edcia Militar elaborada pela equipe para prote\u00e7\u00e3o da mulher.<\/p>\n<p><img loading=\"lazy\" decoding=\"async\" class=\"wp-image-906489 aligncenter\" src=\"http:\/\/www.pm.pb.gov.br\/portal\/wp-content\/uploads\/2020\/08\/unnamed-792x445.jpg\" alt=\"\" width=\"502\" height=\"282\" srcset=\"https:\/\/www.pm.pb.gov.br\/portal\/wp-content\/uploads\/2020\/08\/unnamed-792x445.jpg 792w, https:\/\/www.pm.pb.gov.br\/portal\/wp-content\/uploads\/2020\/08\/unnamed-1015x570.jpg 1015w, https:\/\/www.pm.pb.gov.br\/portal\/wp-content\/uploads\/2020\/08\/unnamed-768x431.jpg 768w, https:\/\/www.pm.pb.gov.br\/portal\/wp-content\/uploads\/2020\/08\/unnamed.jpg 1280w\" sizes=\"(max-width: 502px) 100vw, 502px\" \/><br \/>\nA secret\u00e1ria da Mulher e da Diversidade Humana, L\u00eddia Moura, reafirmou o compromisso e o diferencial do atendimento multidisciplinar oferecido para as mulheres inscritas no programa ao longo do ano. \u201cSomos o quinto pa\u00eds que mais mata mulheres no mundo. Na Para\u00edba, n\u00f3s estamos trabalhando n\u00e3o apenas na parte ostensiva do trabalho de enfrentamento \u00e0 viol\u00eancia, mas com foco no atendimento psicol\u00f3gico, jur\u00eddico, assistencial. \u00c9 realmente um trabalho que preza pela aplica\u00e7\u00e3o da Lei Maria da Penha de fato, atendendo seu car\u00e1ter especial de entender a viol\u00eancia como um fen\u00f4meno complexo e que esta mulher deve ser vista de maneira integral. Prender apenas o agressor n\u00e3o basta! Por isso, atuamos com todos os parceiros de maneira integrada e muito trabalho ser\u00e1 feito com a amplia\u00e7\u00e3o para as cidades do interior\u201d, enfatizou a secret\u00e1ria.<\/p>\n<p>Tamb\u00e9m participaram do evento, a delegada geral adjunta da Pol\u00edcia Civil, Cassandra Duarte, o comandante geral da PMPB, Euler Chaves, o secret\u00e1rio Executivo de Seguran\u00e7a P\u00fablica, coronel Lamarck Victor Donato, a ju\u00edza Graziela Queiroga da Coordenadoria da Mulher do TJPB, a coordenadora das Delegacias Especializadas de Mulheres, Ma\u00edsa F\u00e9lix, al\u00e9m do juiz de Campina Grande, Ant\u00f4nio Junior.<\/p>\n<p><strong>Evento<\/strong>\u00a0&#8211; O servi\u00e7o funciona em parceria com a Secretaria de Seguran\u00e7a e Defesa Social (Sesds), por meio da Pol\u00edcia Militar, Pol\u00edcia Civil, Coordena\u00e7\u00e3o das Delegacias Especializadas de Mulheres e o Tribunal de Justi\u00e7a da Para\u00edba (TJ-PB). Durante o evento,\u00a0a coordenadora geral da PIPMP, Monica Brand\u00e3o, e a Capit\u00e3 da PM, Grabriela J\u00e1come, apresentaram os resultados de um ano de atividade. J\u00e1 a\u00a0ju\u00edza de S\u00e3o Paulo, Tereza Cristina Cabral, abordou\u00a0\u00a0a import\u00e2ncia da metodologia da an\u00e1lise de risco como ferramenta para deferimento das medidas. A psic\u00f3loga Vanda Menezes fez um panorama das lutas e conquistas das mulheres brasileiras em rela\u00e7\u00e3o \u00e0s quest\u00f5es de enfrentamento da viol\u00eancia e a advogada Samara Monteiro discutiu a Lei Maria da Penha a partir de v\u00e1rias abordagens. As palestras podem ser acessadas no link\u00a0<a href=\"https:\/\/paraiba.us20.list-manage.com\/track\/click?u=63cd2f513d25ab116c25e0753&amp;id=bc3f3cf02b&amp;e=3c9cfe75bc\" target=\"_blank\" rel=\"noopener noreferrer\" data-saferedirecturl=\"https:\/\/www.google.com\/url?q=https:\/\/paraiba.us20.list-manage.com\/track\/click?u%3D63cd2f513d25ab116c25e0753%26id%3Dbc3f3cf02b%26e%3D3c9cfe75bc&amp;source=gmail&amp;ust=1596914508868000&amp;usg=AFQjCNEFSJDRmxLnXFtIyZgHP_zOIP1zPQ\">https:\/\/youtu.be\/<wbr \/>iO65ZKtW0Dk<\/a><\/p>\n<p><img loading=\"lazy\" decoding=\"async\" class=\"size-medium wp-image-906490 aligncenter\" src=\"http:\/\/www.pm.pb.gov.br\/portal\/wp-content\/uploads\/2020\/08\/unnamed-1-792x445.jpg\" alt=\"\" width=\"792\" height=\"445\" srcset=\"https:\/\/www.pm.pb.gov.br\/portal\/wp-content\/uploads\/2020\/08\/unnamed-1-792x445.jpg 792w, https:\/\/www.pm.pb.gov.br\/portal\/wp-content\/uploads\/2020\/08\/unnamed-1-1015x570.jpg 1015w, https:\/\/www.pm.pb.gov.br\/portal\/wp-content\/uploads\/2020\/08\/unnamed-1-768x431.jpg 768w, https:\/\/www.pm.pb.gov.br\/portal\/wp-content\/uploads\/2020\/08\/unnamed-1.jpg 1280w\" sizes=\"(max-width: 792px) 100vw, 792px\" \/><\/p>\n<p>O Programa Integrado Patrulha Maria da Penha foi institu\u00eddo por meio do Decreto n\u00b0 39.343, de 08 de agosto de 2019, por meio de um Termo de Coopera\u00e7\u00e3o T\u00e9cnica entre o Tribunal de Justi\u00e7a e Governo do Estado. As a\u00e7\u00f5es em conjunto s\u00e3o desenvolvidas pela Secretaria da Mulher e da Diversidade Humana em parceria com a Secretaria de Seguran\u00e7a e Defesa Social (SESDS), por meio da Pol\u00edcia Militar, Pol\u00edcia Civil, Corpo de Bombeiros Coordena\u00e7\u00e3o das Delegacias Especializadas de Mulheres e o Tribunal de Justi\u00e7a da Para\u00edba.<\/p>\n<p>A sede da PMP funciona na rua Rodrigues de Aquino, 378, no Centro, em Jo\u00e3o Pessoa. \u00c9 uma base de apoio para as 26 cidades da Para\u00edba atendidas pelo programa, incluindo a regi\u00e3o metropolitana de Jo\u00e3o Pessoa. Est\u00e1 funcionando excepcionalmente das 8h \u00e0s 13h, em regime de plant\u00e3o com equipe multiprofissional e atendimento virtual 24 horas. Em caso de descumprimento da medida, ligue para den\u00fancia pelo 190 e 197. Telefone da sede da PMP: 3221-1673.<\/p>\n<p><em>Fonte: Secom-PB<\/em><\/p>\n","protected":false},"excerpt":{"rendered":"<p>O governador Jo\u00e3o Azev\u00eado garantiu a amplia\u00e7\u00e3o da Patrulha Maria da Penha para mais 106 cidades da Para\u00edba e disse<\/p>\n","protected":false},"author":12,"featured_media":903481,"comment_status":"closed","ping_status":"closed","sticky":false,"template":"","format":"standard","meta":{"_exactmetrics_skip_tracking":false,"_exactmetrics_sitenote_active":false,"_exactmetrics_sitenote_note":"","_exactmetrics_sitenote_category":0,"footnotes":""},"categories":[4,9],"tags":[],"yoast_head":"<!-- This site is optimized with the Yoast SEO plugin v22.0 - https:\/\/yoast.com\/wordpress\/plugins\/seo\/ -->\n<title>Jo\u00e3o Azev\u00eado garante amplia\u00e7\u00e3o da Patrulha Maria da Penha para mais 106 cidades - Pol\u00edcia Militar da Para\u00edba<\/title>\n<meta name=\"robots\" content=\"index, follow, max-snippet:-1, max-image-preview:large, max-video-preview:-1\" \/>\n<link rel=\"canonical\" href=\"https:\/\/www.pm.pb.gov.br\/portal\/2020\/08\/07\/joao-azevedo-garante-ampliacao-da-patrulha-maria-da-penha-para-mais-106-cidades\/\" \/>\n<meta property=\"og:locale\" content=\"pt_BR\" \/>\n<meta property=\"og:type\" content=\"article\" \/>\n<meta property=\"og:title\" content=\"Jo\u00e3o Azev\u00eado garante amplia\u00e7\u00e3o da Patrulha Maria da Penha para mais 106 cidades - Pol\u00edcia Militar da Para\u00edba\" \/>\n<meta property=\"og:description\" content=\"O governador Jo\u00e3o Azev\u00eado garantiu a amplia\u00e7\u00e3o da Patrulha Maria da Penha para mais 106 cidades da Para\u00edba e disse\" \/>\n<meta property=\"og:url\" content=\"https:\/\/www.pm.pb.gov.br\/portal\/2020\/08\/07\/joao-azevedo-garante-ampliacao-da-patrulha-maria-da-penha-para-mais-106-cidades\/\" \/>\n<meta property=\"og:site_name\" content=\"Pol\u00edcia Militar da Para\u00edba\" \/>\n<meta property=\"article:published_time\" content=\"2020-08-07T22:47:42+00:00\" \/>\n<meta property=\"article:modified_time\" content=\"2020-08-07T22:47:44+00:00\" \/>\n<meta property=\"og:image\" content=\"https:\/\/www.pm.pb.gov.br\/portal\/wp-content\/uploads\/2020\/01\/patrulhamaria.jpeg\" \/>\n\t<meta property=\"og:image:width\" content=\"800\" \/>\n\t<meta property=\"og:image:height\" content=\"445\" \/>\n\t<meta property=\"og:image:type\" content=\"image\/jpeg\" \/>\n<meta name=\"author\" content=\"Tarcisio Oliveira\" \/>\n<meta name=\"twitter:card\" content=\"summary_large_image\" \/>\n<meta name=\"twitter:label1\" content=\"Escrito por\" \/>\n\t<meta name=\"twitter:data1\" content=\"Tarcisio Oliveira\" \/>\n\t<meta name=\"twitter:label2\" content=\"Est. tempo de leitura\" \/>\n\t<meta name=\"twitter:data2\" content=\"4 minutos\" \/>\n<script type=\"application\/ld+json\" class=\"yoast-schema-graph\">{\"@context\":\"https:\/\/schema.org\",\"@graph\":[{\"@type\":\"Article\",\"@id\":\"https:\/\/www.pm.pb.gov.br\/portal\/2020\/08\/07\/joao-azevedo-garante-ampliacao-da-patrulha-maria-da-penha-para-mais-106-cidades\/#article\",\"isPartOf\":{\"@id\":\"https:\/\/www.pm.pb.gov.br\/portal\/2020\/08\/07\/joao-azevedo-garante-ampliacao-da-patrulha-maria-da-penha-para-mais-106-cidades\/\"},\"author\":{\"name\":\"Tarcisio Oliveira\",\"@id\":\"https:\/\/www.pm.pb.gov.br\/portal\/#\/schema\/person\/f84f56dcc78ce4357054da888b8247fd\"},\"headline\":\"Jo\u00e3o Azev\u00eado garante amplia\u00e7\u00e3o da Patrulha Maria da Penha para mais 106 cidades\",\"datePublished\":\"2020-08-07T22:47:42+00:00\",\"dateModified\":\"2020-08-07T22:47:44+00:00\",\"mainEntityOfPage\":{\"@id\":\"https:\/\/www.pm.pb.gov.br\/portal\/2020\/08\/07\/joao-azevedo-garante-ampliacao-da-patrulha-maria-da-penha-para-mais-106-cidades\/\"},\"wordCount\":884,\"publisher\":{\"@id\":\"https:\/\/www.pm.pb.gov.br\/portal\/#organization\"},\"articleSection\":[\"A\u00e7\u00f5es Policiais\",\"Eventos\"],\"inLanguage\":\"pt-BR\"},{\"@type\":\"WebPage\",\"@id\":\"https:\/\/www.pm.pb.gov.br\/portal\/2020\/08\/07\/joao-azevedo-garante-ampliacao-da-patrulha-maria-da-penha-para-mais-106-cidades\/\",\"url\":\"https:\/\/www.pm.pb.gov.br\/portal\/2020\/08\/07\/joao-azevedo-garante-ampliacao-da-patrulha-maria-da-penha-para-mais-106-cidades\/\",\"name\":\"Jo\u00e3o Azev\u00eado garante amplia\u00e7\u00e3o da Patrulha Maria da Penha para mais 106 cidades - Pol\u00edcia Militar da Para\u00edba\",\"isPartOf\":{\"@id\":\"https:\/\/www.pm.pb.gov.br\/portal\/#website\"},\"datePublished\":\"2020-08-07T22:47:42+00:00\",\"dateModified\":\"2020-08-07T22:47:44+00:00\",\"breadcrumb\":{\"@id\":\"https:\/\/www.pm.pb.gov.br\/portal\/2020\/08\/07\/joao-azevedo-garante-ampliacao-da-patrulha-maria-da-penha-para-mais-106-cidades\/#breadcrumb\"},\"inLanguage\":\"pt-BR\",\"potentialAction\":[{\"@type\":\"ReadAction\",\"target\":[\"https:\/\/www.pm.pb.gov.br\/portal\/2020\/08\/07\/joao-azevedo-garante-ampliacao-da-patrulha-maria-da-penha-para-mais-106-cidades\/\"]}]},{\"@type\":\"BreadcrumbList\",\"@id\":\"https:\/\/www.pm.pb.gov.br\/portal\/2020\/08\/07\/joao-azevedo-garante-ampliacao-da-patrulha-maria-da-penha-para-mais-106-cidades\/#breadcrumb\",\"itemListElement\":[{\"@type\":\"ListItem\",\"position\":1,\"name\":\"In\u00edcio\",\"item\":\"https:\/\/www.pm.pb.gov.br\/portal\/\"},{\"@type\":\"ListItem\",\"position\":2,\"name\":\"Jo\u00e3o Azev\u00eado garante amplia\u00e7\u00e3o da Patrulha Maria da Penha para mais 106 cidades\"}]},{\"@type\":\"WebSite\",\"@id\":\"https:\/\/www.pm.pb.gov.br\/portal\/#website\",\"url\":\"https:\/\/www.pm.pb.gov.br\/portal\/\",\"name\":\"Pol\u00edcia Militar da Para\u00edba\",\"description\":\"\",\"publisher\":{\"@id\":\"https:\/\/www.pm.pb.gov.br\/portal\/#organization\"},\"potentialAction\":[{\"@type\":\"SearchAction\",\"target\":{\"@type\":\"EntryPoint\",\"urlTemplate\":\"https:\/\/www.pm.pb.gov.br\/portal\/?s={search_term_string}\"},\"query-input\":\"required name=search_term_string\"}],\"inLanguage\":\"pt-BR\"},{\"@type\":\"Organization\",\"@id\":\"https:\/\/www.pm.pb.gov.br\/portal\/#organization\",\"name\":\"Pol\u00edcia Militar da Para\u00edba\",\"url\":\"https:\/\/www.pm.pb.gov.br\/portal\/\",\"logo\":{\"@type\":\"ImageObject\",\"inLanguage\":\"pt-BR\",\"@id\":\"https:\/\/www.pm.pb.gov.br\/portal\/#\/schema\/logo\/image\/\",\"url\":\"https:\/\/www.pm.pb.gov.br\/portal\/wp-content\/uploads\/2025\/03\/cropped-logo-site-mag2-1.png\",\"contentUrl\":\"https:\/\/www.pm.pb.gov.br\/portal\/wp-content\/uploads\/2025\/03\/cropped-logo-site-mag2-1.png\",\"width\":320,\"height\":90,\"caption\":\"Pol\u00edcia Militar da Para\u00edba\"},\"image\":{\"@id\":\"https:\/\/www.pm.pb.gov.br\/portal\/#\/schema\/logo\/image\/\"}},{\"@type\":\"Person\",\"@id\":\"https:\/\/www.pm.pb.gov.br\/portal\/#\/schema\/person\/f84f56dcc78ce4357054da888b8247fd\",\"name\":\"Tarcisio Oliveira\",\"image\":{\"@type\":\"ImageObject\",\"inLanguage\":\"pt-BR\",\"@id\":\"https:\/\/www.pm.pb.gov.br\/portal\/#\/schema\/person\/image\/\",\"url\":\"https:\/\/secure.gravatar.com\/avatar\/72917b630b69d31cd0297507f34bac97?s=96&d=mm&r=g\",\"contentUrl\":\"https:\/\/secure.gravatar.com\/avatar\/72917b630b69d31cd0297507f34bac97?s=96&d=mm&r=g\",\"caption\":\"Tarcisio Oliveira\"},\"url\":\"https:\/\/www.pm.pb.gov.br\/portal\/author\/tarcisio\/\"}]}<\/script>\n<!-- \/ Yoast SEO plugin. -->","yoast_head_json":{"title":"Jo\u00e3o Azev\u00eado garante amplia\u00e7\u00e3o da Patrulha Maria da Penha para mais 106 cidades - Pol\u00edcia Militar da Para\u00edba","robots":{"index":"index","follow":"follow","max-snippet":"max-snippet:-1","max-image-preview":"max-image-preview:large","max-video-preview":"max-video-preview:-1"},"canonical":"https:\/\/www.pm.pb.gov.br\/portal\/2020\/08\/07\/joao-azevedo-garante-ampliacao-da-patrulha-maria-da-penha-para-mais-106-cidades\/","og_locale":"pt_BR","og_type":"article","og_title":"Jo\u00e3o Azev\u00eado garante amplia\u00e7\u00e3o da Patrulha Maria da Penha para mais 106 cidades - Pol\u00edcia Militar da Para\u00edba","og_description":"O governador Jo\u00e3o Azev\u00eado garantiu a amplia\u00e7\u00e3o da Patrulha Maria da Penha para mais 106 cidades da Para\u00edba e disse","og_url":"https:\/\/www.pm.pb.gov.br\/portal\/2020\/08\/07\/joao-azevedo-garante-ampliacao-da-patrulha-maria-da-penha-para-mais-106-cidades\/","og_site_name":"Pol\u00edcia Militar da Para\u00edba","article_published_time":"2020-08-07T22:47:42+00:00","article_modified_time":"2020-08-07T22:47:44+00:00","og_image":[{"width":800,"height":445,"url":"https:\/\/www.pm.pb.gov.br\/portal\/wp-content\/uploads\/2020\/01\/patrulhamaria.jpeg","type":"image\/jpeg"}],"author":"Tarcisio Oliveira","twitter_card":"summary_large_image","twitter_misc":{"Escrito por":"Tarcisio Oliveira","Est. tempo de leitura":"4 minutos"},"schema":{"@context":"https:\/\/schema.org","@graph":[{"@type":"Article","@id":"https:\/\/www.pm.pb.gov.br\/portal\/2020\/08\/07\/joao-azevedo-garante-ampliacao-da-patrulha-maria-da-penha-para-mais-106-cidades\/#article","isPartOf":{"@id":"https:\/\/www.pm.pb.gov.br\/portal\/2020\/08\/07\/joao-azevedo-garante-ampliacao-da-patrulha-maria-da-penha-para-mais-106-cidades\/"},"author":{"name":"Tarcisio Oliveira","@id":"https:\/\/www.pm.pb.gov.br\/portal\/#\/schema\/person\/f84f56dcc78ce4357054da888b8247fd"},"headline":"Jo\u00e3o Azev\u00eado garante amplia\u00e7\u00e3o da Patrulha Maria da Penha para mais 106 cidades","datePublished":"2020-08-07T22:47:42+00:00","dateModified":"2020-08-07T22:47:44+00:00","mainEntityOfPage":{"@id":"https:\/\/www.pm.pb.gov.br\/portal\/2020\/08\/07\/joao-azevedo-garante-ampliacao-da-patrulha-maria-da-penha-para-mais-106-cidades\/"},"wordCount":884,"publisher":{"@id":"https:\/\/www.pm.pb.gov.br\/portal\/#organization"},"articleSection":["A\u00e7\u00f5es Policiais","Eventos"],"inLanguage":"pt-BR"},{"@type":"WebPage","@id":"https:\/\/www.pm.pb.gov.br\/portal\/2020\/08\/07\/joao-azevedo-garante-ampliacao-da-patrulha-maria-da-penha-para-mais-106-cidades\/","url":"https:\/\/www.pm.pb.gov.br\/portal\/2020\/08\/07\/joao-azevedo-garante-ampliacao-da-patrulha-maria-da-penha-para-mais-106-cidades\/","name":"Jo\u00e3o Azev\u00eado garante amplia\u00e7\u00e3o da Patrulha Maria da Penha para mais 106 cidades - Pol\u00edcia Militar da Para\u00edba","isPartOf":{"@id":"https:\/\/www.pm.pb.gov.br\/portal\/#website"},"datePublished":"2020-08-07T22:47:42+00:00","dateModified":"2020-08-07T22:47:44+00:00","breadcrumb":{"@id":"https:\/\/www.pm.pb.gov.br\/portal\/2020\/08\/07\/joao-azevedo-garante-ampliacao-da-patrulha-maria-da-penha-para-mais-106-cidades\/#breadcrumb"},"inLanguage":"pt-BR","potentialAction":[{"@type":"ReadAction","target":["https:\/\/www.pm.pb.gov.br\/portal\/2020\/08\/07\/joao-azevedo-garante-ampliacao-da-patrulha-maria-da-penha-para-mais-106-cidades\/"]}]},{"@type":"BreadcrumbList","@id":"https:\/\/www.pm.pb.gov.br\/portal\/2020\/08\/07\/joao-azevedo-garante-ampliacao-da-patrulha-maria-da-penha-para-mais-106-cidades\/#breadcrumb","itemListElement":[{"@type":"ListItem","position":1,"name":"In\u00edcio","item":"https:\/\/www.pm.pb.gov.br\/portal\/"},{"@type":"ListItem","position":2,"name":"Jo\u00e3o Azev\u00eado garante amplia\u00e7\u00e3o da Patrulha Maria da Penha para mais 106 cidades"}]},{"@type":"WebSite","@id":"https:\/\/www.pm.pb.gov.br\/portal\/#website","url":"https:\/\/www.pm.pb.gov.br\/portal\/","name":"Pol\u00edcia Militar da Para\u00edba","description":"","publisher":{"@id":"https:\/\/www.pm.pb.gov.br\/portal\/#organization"},"potentialAction":[{"@type":"SearchAction","target":{"@type":"EntryPoint","urlTemplate":"https:\/\/www.pm.pb.gov.br\/portal\/?s={search_term_string}"},"query-input":"required name=search_term_string"}],"inLanguage":"pt-BR"},{"@type":"Organization","@id":"https:\/\/www.pm.pb.gov.br\/portal\/#organization","name":"Pol\u00edcia Militar da Para\u00edba","url":"https:\/\/www.pm.pb.gov.br\/portal\/","logo":{"@type":"ImageObject","inLanguage":"pt-BR","@id":"https:\/\/www.pm.pb.gov.br\/portal\/#\/schema\/logo\/image\/","url":"https:\/\/www.pm.pb.gov.br\/portal\/wp-content\/uploads\/2025\/03\/cropped-logo-site-mag2-1.png","contentUrl":"https:\/\/www.pm.pb.gov.br\/portal\/wp-content\/uploads\/2025\/03\/cropped-logo-site-mag2-1.png","width":320,"height":90,"caption":"Pol\u00edcia Militar da Para\u00edba"},"image":{"@id":"https:\/\/www.pm.pb.gov.br\/portal\/#\/schema\/logo\/image\/"}},{"@type":"Person","@id":"https:\/\/www.pm.pb.gov.br\/portal\/#\/schema\/person\/f84f56dcc78ce4357054da888b8247fd","name":"Tarcisio Oliveira","image":{"@type":"ImageObject","inLanguage":"pt-BR","@id":"https:\/\/www.pm.pb.gov.br\/portal\/#\/schema\/person\/image\/","url":"https:\/\/secure.gravatar.com\/avatar\/72917b630b69d31cd0297507f34bac97?s=96&d=mm&r=g","contentUrl":"https:\/\/secure.gravatar.com\/avatar\/72917b630b69d31cd0297507f34bac97?s=96&d=mm&r=g","caption":"Tarcisio Oliveira"},"url":"https:\/\/www.pm.pb.gov.br\/portal\/author\/tarcisio\/"}]}},"_links":{"self":[{"href":"https:\/\/www.pm.pb.gov.br\/portal\/wp-json\/wp\/v2\/posts\/906488"}],"collection":[{"href":"https:\/\/www.pm.pb.gov.br\/portal\/wp-json\/wp\/v2\/posts"}],"about":[{"href":"https:\/\/www.pm.pb.gov.br\/portal\/wp-json\/wp\/v2\/types\/post"}],"author":[{"embeddable":true,"href":"https:\/\/www.pm.pb.gov.br\/portal\/wp-json\/wp\/v2\/users\/12"}],"replies":[{"embeddable":true,"href":"https:\/\/www.pm.pb.gov.br\/portal\/wp-json\/wp\/v2\/comments?post=906488"}],"version-history":[{"count":1,"href":"https:\/\/www.pm.pb.gov.br\/portal\/wp-json\/wp\/v2\/posts\/906488\/revisions"}],"predecessor-version":[{"id":906491,"href":"https:\/\/www.pm.pb.gov.br\/portal\/wp-json\/wp\/v2\/posts\/906488\/revisions\/906491"}],"wp:featuredmedia":[{"embeddable":true,"href":"https:\/\/www.pm.pb.gov.br\/portal\/wp-json\/wp\/v2\/media\/903481"}],"wp:attachment":[{"href":"https:\/\/www.pm.pb.gov.br\/portal\/wp-json\/wp\/v2\/media?parent=906488"}],"wp:term":[{"taxonomy":"category","embeddable":true,"href":"https:\/\/www.pm.pb.gov.br\/portal\/wp-json\/wp\/v2\/categories?post=906488"},{"taxonomy":"post_tag","embeddable":true,"href":"https:\/\/www.pm.pb.gov.br\/portal\/wp-json\/wp\/v2\/tags?post=906488"}],"curies":[{"name":"wp","href":"https:\/\/api.w.org\/{rel}","templated":true}]}}