{"id":906167,"date":"2020-07-21T08:49:59","date_gmt":"2020-07-21T11:49:59","guid":{"rendered":"http:\/\/www.pm.pb.gov.br\/portal\/?p=906167"},"modified":"2020-07-21T08:50:01","modified_gmt":"2020-07-21T11:50:01","slug":"jacare-e-resgatado-apos-ser-encontrado-andando-pela-calcada-da-avenida-principal-dos-bancarios","status":"publish","type":"post","link":"https:\/\/www.pm.pb.gov.br\/portal\/2020\/07\/21\/jacare-e-resgatado-apos-ser-encontrado-andando-pela-calcada-da-avenida-principal-dos-bancarios\/","title":{"rendered":"Jacar\u00e9 \u00e9 resgatado ap\u00f3s ser encontrado andando pela cal\u00e7ada da avenida principal dos Banc\u00e1rios"},"content":{"rendered":"\n<p>O Batalh\u00e3o de Pol\u00edcia Ambiental (BPAmb) resgatou um jacar\u00e9 com aproximadamente 1,5 metro, na noite dessa segunda-feira (20), ap\u00f3s o animal aparecer na cal\u00e7ada da avenida principal do bairro dos Banc\u00e1rios, que fica na zona sul da Capital. O animal foi encontrado por um homem que praticava atividade f\u00edsica pelo local e chamou a PM.<br><br>O jacar\u00e9 \u00e9 da esp\u00e9cie papo-amarelo (Caiman latirostris) e possivelmente saiu de algum c\u00f3rrego que passa pela mata que tem perto do local onde ele apareceu, conforme informa\u00e7\u00f5es do tenente Wellington Arag\u00e3o, respons\u00e1vel pelo resgate. \u201cO Batalh\u00e3o de Pol\u00edcia Ambiental j\u00e1 estava em alerta nessa segunda-feira por causa das chuvas, que trouxeram a possibilidade do aparecimento de serpentes e jacar\u00e9s, e por volta das 20h30 recebemos um chamado de um cidad\u00e3o que fazia cooper, dizendo que tinha visto um jacar\u00e9 andando pela cal\u00e7ada do come\u00e7o da principal dos Banc\u00e1rios\u201d, destacou.<br><br>O oficial refor\u00e7ou o alerta para a popula\u00e7\u00e3o n\u00e3o tentar tocar no animal. \u201cQuando visualizamos, ele aparentava estar calmo, mas quando fomos resgatar, o animal estava bastante arisco, o que refor\u00e7a o aviso para as pessoas terem cuidado, n\u00e3o tentar pegar, ligar para o 190 e ficar mantendo apenas o contato visual\u201d, disse.<br>Um jacar\u00e9 da mesma esp\u00e9cie tinha aparecido na \u00faltima sexta-feira (17), perto de uma casa, na cidade de Pitimbu, que fica no Litoral Sul da Para\u00edba. Assim como as cobras, os jacar\u00e9s tendem a aparecer em ambientes urbanos nesse per\u00edodo de mudan\u00e7a de clima, pois s\u00e3o considerados \u201canimais de sangue frio\u201d (s\u00e3o aqueles que n\u00e3o s\u00e3o capazes de regular a temperatura de seu pr\u00f3prio corpo).<br><br>O jacar\u00e9 resgatado nessa segunda-feira foi solto em seu habitat natural, no rio Mar\u00e9s, que fica no limite das cidades de Jo\u00e3o Pessoa e Bayeux. <br><\/p>\n","protected":false},"excerpt":{"rendered":"<p>O Batalh\u00e3o de Pol\u00edcia Ambiental (BPAmb) resgatou um jacar\u00e9 com aproximadamente 1,5 metro, na noite dessa segunda-feira (20), ap\u00f3s o<\/p>\n","protected":false},"author":10,"featured_media":906185,"comment_status":"closed","ping_status":"closed","sticky":false,"template":"","format":"standard","meta":{"_exactmetrics_skip_tracking":false,"_exactmetrics_sitenote_active":false,"_exactmetrics_sitenote_note":"","_exactmetrics_sitenote_category":0,"footnotes":""},"categories":[4],"tags":[],"yoast_head":"<!-- This site is optimized with the Yoast SEO plugin v22.0 - https:\/\/yoast.com\/wordpress\/plugins\/seo\/ -->\n<title>Jacar\u00e9 \u00e9 resgatado ap\u00f3s ser encontrado andando pela cal\u00e7ada da avenida principal dos Banc\u00e1rios - Pol\u00edcia Militar da Para\u00edba<\/title>\n<meta name=\"robots\" content=\"index, follow, max-snippet:-1, max-image-preview:large, max-video-preview:-1\" \/>\n<link rel=\"canonical\" href=\"https:\/\/www.pm.pb.gov.br\/portal\/2020\/07\/21\/jacare-e-resgatado-apos-ser-encontrado-andando-pela-calcada-da-avenida-principal-dos-bancarios\/\" \/>\n<meta property=\"og:locale\" content=\"pt_BR\" \/>\n<meta property=\"og:type\" content=\"article\" \/>\n<meta property=\"og:title\" content=\"Jacar\u00e9 \u00e9 resgatado ap\u00f3s ser encontrado andando pela cal\u00e7ada da avenida principal dos Banc\u00e1rios - Pol\u00edcia Militar da Para\u00edba\" \/>\n<meta property=\"og:description\" content=\"O Batalh\u00e3o de Pol\u00edcia Ambiental (BPAmb) resgatou um jacar\u00e9 com aproximadamente 1,5 metro, na noite dessa segunda-feira (20), ap\u00f3s o\" \/>\n<meta property=\"og:url\" content=\"https:\/\/www.pm.pb.gov.br\/portal\/2020\/07\/21\/jacare-e-resgatado-apos-ser-encontrado-andando-pela-calcada-da-avenida-principal-dos-bancarios\/\" \/>\n<meta property=\"og:site_name\" content=\"Pol\u00edcia Militar da Para\u00edba\" \/>\n<meta property=\"article:published_time\" content=\"2020-07-21T11:49:59+00:00\" \/>\n<meta property=\"article:modified_time\" content=\"2020-07-21T11:50:01+00:00\" \/>\n<meta property=\"og:image\" content=\"https:\/\/www.pm.pb.gov.br\/portal\/wp-content\/uploads\/2020\/07\/f54213d0-d1c7-4cc2-b768-29c138ffe533.jpeg\" \/>\n\t<meta property=\"og:image:width\" content=\"585\" \/>\n\t<meta property=\"og:image:height\" content=\"1040\" \/>\n\t<meta property=\"og:image:type\" content=\"image\/jpeg\" \/>\n<meta name=\"author\" content=\"WAGNER HENRIQUE VARELA DA SILVA\" \/>\n<meta name=\"twitter:card\" content=\"summary_large_image\" \/>\n<meta name=\"twitter:label1\" content=\"Escrito por\" \/>\n\t<meta name=\"twitter:data1\" content=\"WAGNER HENRIQUE VARELA DA SILVA\" \/>\n\t<meta name=\"twitter:label2\" content=\"Est. tempo de leitura\" \/>\n\t<meta name=\"twitter:data2\" content=\"2 minutos\" \/>\n<script type=\"application\/ld+json\" class=\"yoast-schema-graph\">{\"@context\":\"https:\/\/schema.org\",\"@graph\":[{\"@type\":\"Article\",\"@id\":\"https:\/\/www.pm.pb.gov.br\/portal\/2020\/07\/21\/jacare-e-resgatado-apos-ser-encontrado-andando-pela-calcada-da-avenida-principal-dos-bancarios\/#article\",\"isPartOf\":{\"@id\":\"https:\/\/www.pm.pb.gov.br\/portal\/2020\/07\/21\/jacare-e-resgatado-apos-ser-encontrado-andando-pela-calcada-da-avenida-principal-dos-bancarios\/\"},\"author\":{\"name\":\"WAGNER HENRIQUE VARELA DA SILVA\",\"@id\":\"https:\/\/www.pm.pb.gov.br\/portal\/#\/schema\/person\/b169b297b8494dea236e315ed1a201d1\"},\"headline\":\"Jacar\u00e9 \u00e9 resgatado ap\u00f3s ser encontrado andando pela cal\u00e7ada da avenida principal dos Banc\u00e1rios\",\"datePublished\":\"2020-07-21T11:49:59+00:00\",\"dateModified\":\"2020-07-21T11:50:01+00:00\",\"mainEntityOfPage\":{\"@id\":\"https:\/\/www.pm.pb.gov.br\/portal\/2020\/07\/21\/jacare-e-resgatado-apos-ser-encontrado-andando-pela-calcada-da-avenida-principal-dos-bancarios\/\"},\"wordCount\":334,\"publisher\":{\"@id\":\"https:\/\/www.pm.pb.gov.br\/portal\/#organization\"},\"articleSection\":[\"A\u00e7\u00f5es Policiais\"],\"inLanguage\":\"pt-BR\"},{\"@type\":\"WebPage\",\"@id\":\"https:\/\/www.pm.pb.gov.br\/portal\/2020\/07\/21\/jacare-e-resgatado-apos-ser-encontrado-andando-pela-calcada-da-avenida-principal-dos-bancarios\/\",\"url\":\"https:\/\/www.pm.pb.gov.br\/portal\/2020\/07\/21\/jacare-e-resgatado-apos-ser-encontrado-andando-pela-calcada-da-avenida-principal-dos-bancarios\/\",\"name\":\"Jacar\u00e9 \u00e9 resgatado ap\u00f3s ser encontrado andando pela cal\u00e7ada da avenida principal dos Banc\u00e1rios - Pol\u00edcia Militar da Para\u00edba\",\"isPartOf\":{\"@id\":\"https:\/\/www.pm.pb.gov.br\/portal\/#website\"},\"datePublished\":\"2020-07-21T11:49:59+00:00\",\"dateModified\":\"2020-07-21T11:50:01+00:00\",\"breadcrumb\":{\"@id\":\"https:\/\/www.pm.pb.gov.br\/portal\/2020\/07\/21\/jacare-e-resgatado-apos-ser-encontrado-andando-pela-calcada-da-avenida-principal-dos-bancarios\/#breadcrumb\"},\"inLanguage\":\"pt-BR\",\"potentialAction\":[{\"@type\":\"ReadAction\",\"target\":[\"https:\/\/www.pm.pb.gov.br\/portal\/2020\/07\/21\/jacare-e-resgatado-apos-ser-encontrado-andando-pela-calcada-da-avenida-principal-dos-bancarios\/\"]}]},{\"@type\":\"BreadcrumbList\",\"@id\":\"https:\/\/www.pm.pb.gov.br\/portal\/2020\/07\/21\/jacare-e-resgatado-apos-ser-encontrado-andando-pela-calcada-da-avenida-principal-dos-bancarios\/#breadcrumb\",\"itemListElement\":[{\"@type\":\"ListItem\",\"position\":1,\"name\":\"In\u00edcio\",\"item\":\"https:\/\/www.pm.pb.gov.br\/portal\/\"},{\"@type\":\"ListItem\",\"position\":2,\"name\":\"Jacar\u00e9 \u00e9 resgatado ap\u00f3s ser encontrado andando pela cal\u00e7ada da avenida principal dos Banc\u00e1rios\"}]},{\"@type\":\"WebSite\",\"@id\":\"https:\/\/www.pm.pb.gov.br\/portal\/#website\",\"url\":\"https:\/\/www.pm.pb.gov.br\/portal\/\",\"name\":\"Pol\u00edcia Militar da Para\u00edba\",\"description\":\"\",\"publisher\":{\"@id\":\"https:\/\/www.pm.pb.gov.br\/portal\/#organization\"},\"potentialAction\":[{\"@type\":\"SearchAction\",\"target\":{\"@type\":\"EntryPoint\",\"urlTemplate\":\"https:\/\/www.pm.pb.gov.br\/portal\/?s={search_term_string}\"},\"query-input\":\"required name=search_term_string\"}],\"inLanguage\":\"pt-BR\"},{\"@type\":\"Organization\",\"@id\":\"https:\/\/www.pm.pb.gov.br\/portal\/#organization\",\"name\":\"Pol\u00edcia Militar da Para\u00edba\",\"url\":\"https:\/\/www.pm.pb.gov.br\/portal\/\",\"logo\":{\"@type\":\"ImageObject\",\"inLanguage\":\"pt-BR\",\"@id\":\"https:\/\/www.pm.pb.gov.br\/portal\/#\/schema\/logo\/image\/\",\"url\":\"https:\/\/www.pm.pb.gov.br\/portal\/wp-content\/uploads\/2025\/03\/cropped-logo-site-mag2-1.png\",\"contentUrl\":\"https:\/\/www.pm.pb.gov.br\/portal\/wp-content\/uploads\/2025\/03\/cropped-logo-site-mag2-1.png\",\"width\":320,\"height\":90,\"caption\":\"Pol\u00edcia Militar da Para\u00edba\"},\"image\":{\"@id\":\"https:\/\/www.pm.pb.gov.br\/portal\/#\/schema\/logo\/image\/\"}},{\"@type\":\"Person\",\"@id\":\"https:\/\/www.pm.pb.gov.br\/portal\/#\/schema\/person\/b169b297b8494dea236e315ed1a201d1\",\"name\":\"WAGNER HENRIQUE VARELA DA SILVA\",\"image\":{\"@type\":\"ImageObject\",\"inLanguage\":\"pt-BR\",\"@id\":\"https:\/\/www.pm.pb.gov.br\/portal\/#\/schema\/person\/image\/\",\"url\":\"https:\/\/secure.gravatar.com\/avatar\/e08af53176a66730df5c0706c6c31fd6?s=96&d=mm&r=g\",\"contentUrl\":\"https:\/\/secure.gravatar.com\/avatar\/e08af53176a66730df5c0706c6c31fd6?s=96&d=mm&r=g\",\"caption\":\"WAGNER HENRIQUE VARELA DA SILVA\"},\"url\":\"https:\/\/www.pm.pb.gov.br\/portal\/author\/varela\/\"}]}<\/script>\n<!-- \/ Yoast SEO plugin. -->","yoast_head_json":{"title":"Jacar\u00e9 \u00e9 resgatado ap\u00f3s ser encontrado andando pela cal\u00e7ada da avenida principal dos Banc\u00e1rios - Pol\u00edcia Militar da Para\u00edba","robots":{"index":"index","follow":"follow","max-snippet":"max-snippet:-1","max-image-preview":"max-image-preview:large","max-video-preview":"max-video-preview:-1"},"canonical":"https:\/\/www.pm.pb.gov.br\/portal\/2020\/07\/21\/jacare-e-resgatado-apos-ser-encontrado-andando-pela-calcada-da-avenida-principal-dos-bancarios\/","og_locale":"pt_BR","og_type":"article","og_title":"Jacar\u00e9 \u00e9 resgatado ap\u00f3s ser encontrado andando pela cal\u00e7ada da avenida principal dos Banc\u00e1rios - Pol\u00edcia Militar da Para\u00edba","og_description":"O Batalh\u00e3o de Pol\u00edcia Ambiental (BPAmb) resgatou um jacar\u00e9 com aproximadamente 1,5 metro, na noite dessa segunda-feira (20), ap\u00f3s o","og_url":"https:\/\/www.pm.pb.gov.br\/portal\/2020\/07\/21\/jacare-e-resgatado-apos-ser-encontrado-andando-pela-calcada-da-avenida-principal-dos-bancarios\/","og_site_name":"Pol\u00edcia Militar da Para\u00edba","article_published_time":"2020-07-21T11:49:59+00:00","article_modified_time":"2020-07-21T11:50:01+00:00","og_image":[{"width":585,"height":1040,"url":"https:\/\/www.pm.pb.gov.br\/portal\/wp-content\/uploads\/2020\/07\/f54213d0-d1c7-4cc2-b768-29c138ffe533.jpeg","type":"image\/jpeg"}],"author":"WAGNER HENRIQUE VARELA DA SILVA","twitter_card":"summary_large_image","twitter_misc":{"Escrito por":"WAGNER HENRIQUE VARELA DA SILVA","Est. tempo de leitura":"2 minutos"},"schema":{"@context":"https:\/\/schema.org","@graph":[{"@type":"Article","@id":"https:\/\/www.pm.pb.gov.br\/portal\/2020\/07\/21\/jacare-e-resgatado-apos-ser-encontrado-andando-pela-calcada-da-avenida-principal-dos-bancarios\/#article","isPartOf":{"@id":"https:\/\/www.pm.pb.gov.br\/portal\/2020\/07\/21\/jacare-e-resgatado-apos-ser-encontrado-andando-pela-calcada-da-avenida-principal-dos-bancarios\/"},"author":{"name":"WAGNER HENRIQUE VARELA DA SILVA","@id":"https:\/\/www.pm.pb.gov.br\/portal\/#\/schema\/person\/b169b297b8494dea236e315ed1a201d1"},"headline":"Jacar\u00e9 \u00e9 resgatado ap\u00f3s ser encontrado andando pela cal\u00e7ada da avenida principal dos Banc\u00e1rios","datePublished":"2020-07-21T11:49:59+00:00","dateModified":"2020-07-21T11:50:01+00:00","mainEntityOfPage":{"@id":"https:\/\/www.pm.pb.gov.br\/portal\/2020\/07\/21\/jacare-e-resgatado-apos-ser-encontrado-andando-pela-calcada-da-avenida-principal-dos-bancarios\/"},"wordCount":334,"publisher":{"@id":"https:\/\/www.pm.pb.gov.br\/portal\/#organization"},"articleSection":["A\u00e7\u00f5es Policiais"],"inLanguage":"pt-BR"},{"@type":"WebPage","@id":"https:\/\/www.pm.pb.gov.br\/portal\/2020\/07\/21\/jacare-e-resgatado-apos-ser-encontrado-andando-pela-calcada-da-avenida-principal-dos-bancarios\/","url":"https:\/\/www.pm.pb.gov.br\/portal\/2020\/07\/21\/jacare-e-resgatado-apos-ser-encontrado-andando-pela-calcada-da-avenida-principal-dos-bancarios\/","name":"Jacar\u00e9 \u00e9 resgatado ap\u00f3s ser encontrado andando pela cal\u00e7ada da avenida principal dos Banc\u00e1rios - Pol\u00edcia Militar da Para\u00edba","isPartOf":{"@id":"https:\/\/www.pm.pb.gov.br\/portal\/#website"},"datePublished":"2020-07-21T11:49:59+00:00","dateModified":"2020-07-21T11:50:01+00:00","breadcrumb":{"@id":"https:\/\/www.pm.pb.gov.br\/portal\/2020\/07\/21\/jacare-e-resgatado-apos-ser-encontrado-andando-pela-calcada-da-avenida-principal-dos-bancarios\/#breadcrumb"},"inLanguage":"pt-BR","potentialAction":[{"@type":"ReadAction","target":["https:\/\/www.pm.pb.gov.br\/portal\/2020\/07\/21\/jacare-e-resgatado-apos-ser-encontrado-andando-pela-calcada-da-avenida-principal-dos-bancarios\/"]}]},{"@type":"BreadcrumbList","@id":"https:\/\/www.pm.pb.gov.br\/portal\/2020\/07\/21\/jacare-e-resgatado-apos-ser-encontrado-andando-pela-calcada-da-avenida-principal-dos-bancarios\/#breadcrumb","itemListElement":[{"@type":"ListItem","position":1,"name":"In\u00edcio","item":"https:\/\/www.pm.pb.gov.br\/portal\/"},{"@type":"ListItem","position":2,"name":"Jacar\u00e9 \u00e9 resgatado ap\u00f3s ser encontrado andando pela cal\u00e7ada da avenida principal dos Banc\u00e1rios"}]},{"@type":"WebSite","@id":"https:\/\/www.pm.pb.gov.br\/portal\/#website","url":"https:\/\/www.pm.pb.gov.br\/portal\/","name":"Pol\u00edcia Militar da Para\u00edba","description":"","publisher":{"@id":"https:\/\/www.pm.pb.gov.br\/portal\/#organization"},"potentialAction":[{"@type":"SearchAction","target":{"@type":"EntryPoint","urlTemplate":"https:\/\/www.pm.pb.gov.br\/portal\/?s={search_term_string}"},"query-input":"required name=search_term_string"}],"inLanguage":"pt-BR"},{"@type":"Organization","@id":"https:\/\/www.pm.pb.gov.br\/portal\/#organization","name":"Pol\u00edcia Militar da Para\u00edba","url":"https:\/\/www.pm.pb.gov.br\/portal\/","logo":{"@type":"ImageObject","inLanguage":"pt-BR","@id":"https:\/\/www.pm.pb.gov.br\/portal\/#\/schema\/logo\/image\/","url":"https:\/\/www.pm.pb.gov.br\/portal\/wp-content\/uploads\/2025\/03\/cropped-logo-site-mag2-1.png","contentUrl":"https:\/\/www.pm.pb.gov.br\/portal\/wp-content\/uploads\/2025\/03\/cropped-logo-site-mag2-1.png","width":320,"height":90,"caption":"Pol\u00edcia Militar da Para\u00edba"},"image":{"@id":"https:\/\/www.pm.pb.gov.br\/portal\/#\/schema\/logo\/image\/"}},{"@type":"Person","@id":"https:\/\/www.pm.pb.gov.br\/portal\/#\/schema\/person\/b169b297b8494dea236e315ed1a201d1","name":"WAGNER HENRIQUE VARELA DA SILVA","image":{"@type":"ImageObject","inLanguage":"pt-BR","@id":"https:\/\/www.pm.pb.gov.br\/portal\/#\/schema\/person\/image\/","url":"https:\/\/secure.gravatar.com\/avatar\/e08af53176a66730df5c0706c6c31fd6?s=96&d=mm&r=g","contentUrl":"https:\/\/secure.gravatar.com\/avatar\/e08af53176a66730df5c0706c6c31fd6?s=96&d=mm&r=g","caption":"WAGNER HENRIQUE VARELA DA SILVA"},"url":"https:\/\/www.pm.pb.gov.br\/portal\/author\/varela\/"}]}},"_links":{"self":[{"href":"https:\/\/www.pm.pb.gov.br\/portal\/wp-json\/wp\/v2\/posts\/906167"}],"collection":[{"href":"https:\/\/www.pm.pb.gov.br\/portal\/wp-json\/wp\/v2\/posts"}],"about":[{"href":"https:\/\/www.pm.pb.gov.br\/portal\/wp-json\/wp\/v2\/types\/post"}],"author":[{"embeddable":true,"href":"https:\/\/www.pm.pb.gov.br\/portal\/wp-json\/wp\/v2\/users\/10"}],"replies":[{"embeddable":true,"href":"https:\/\/www.pm.pb.gov.br\/portal\/wp-json\/wp\/v2\/comments?post=906167"}],"version-history":[{"count":2,"href":"https:\/\/www.pm.pb.gov.br\/portal\/wp-json\/wp\/v2\/posts\/906167\/revisions"}],"predecessor-version":[{"id":906186,"href":"https:\/\/www.pm.pb.gov.br\/portal\/wp-json\/wp\/v2\/posts\/906167\/revisions\/906186"}],"wp:featuredmedia":[{"embeddable":true,"href":"https:\/\/www.pm.pb.gov.br\/portal\/wp-json\/wp\/v2\/media\/906185"}],"wp:attachment":[{"href":"https:\/\/www.pm.pb.gov.br\/portal\/wp-json\/wp\/v2\/media?parent=906167"}],"wp:term":[{"taxonomy":"category","embeddable":true,"href":"https:\/\/www.pm.pb.gov.br\/portal\/wp-json\/wp\/v2\/categories?post=906167"},{"taxonomy":"post_tag","embeddable":true,"href":"https:\/\/www.pm.pb.gov.br\/portal\/wp-json\/wp\/v2\/tags?post=906167"}],"curies":[{"name":"wp","href":"https:\/\/api.w.org\/{rel}","templated":true}]}}