{"id":906163,"date":"2020-07-20T17:28:45","date_gmt":"2020-07-20T20:28:45","guid":{"rendered":"http:\/\/www.pm.pb.gov.br\/portal\/?p=906163"},"modified":"2020-07-20T17:28:46","modified_gmt":"2020-07-20T20:28:46","slug":"seguranca-realiza-3-mil-operacoes-e-registra-reducao-de-roubos-e-aumento-na-apreensao-de-drogas-no-primeiro-semestre","status":"publish","type":"post","link":"https:\/\/www.pm.pb.gov.br\/portal\/2020\/07\/20\/seguranca-realiza-3-mil-operacoes-e-registra-reducao-de-roubos-e-aumento-na-apreensao-de-drogas-no-primeiro-semestre\/","title":{"rendered":"Seguran\u00e7a realiza 3 mil opera\u00e7\u00f5es e registra redu\u00e7\u00e3o de roubos e aumento na apreens\u00e3o de drogas no primeiro semestre"},"content":{"rendered":"\n<p>Um total de 3 mil opera\u00e7\u00f5es de preven\u00e7\u00e3o e repress\u00e3o qualificadas foi realizado no primeiro semestre de 2020 na Para\u00edba. O trabalho das for\u00e7as de seguran\u00e7a resultou na redu\u00e7\u00e3o de ataques a bancos e roubos, no aumento da quantidade de drogas apreendidas e em mais de 1.600 armas de fogo retiradas das ruas. O balan\u00e7o das a\u00e7\u00f5es desenvolvidas por policiais militares e civis e bombeiros militares foi apresentado pelo governador Jo\u00e3o Azev\u00eado e pelo secret\u00e1rio da Seguran\u00e7a e da Defesa Social, Jean Francisco Nunes, nesta segunda-feira (20), durante o programa semanal \u2018Fala, governador\u2019, transmitido em cadeia estadual pela R\u00e1dio Tabajara.<br> <br>Os n\u00fameros apontam uma queda de 53% nos Crimes contra Institui\u00e7\u00f5es Banc\u00e1rias (Ciban). Foram 19 ocorr\u00eancias de janeiro a junho do ano passado contra nove no mesmo per\u00edodo de 2020. Os Crimes Violentos Patrimoniais tamb\u00e9m tiveram redu\u00e7\u00e3o na Para\u00edba. O relat\u00f3rio ainda afirma que no per\u00edodo, as ocorr\u00eancias sofreram queda de 23%, sendo menos 24% de roubos a pessoa, menos 14% de roubos a estabelecimentos comerciais, menos 67% de roubos a transportes coletivos e menos 2% de roubos em resid\u00eancias. Al\u00e9m disso, 1.769 ve\u00edculos roubados ou furtados foram recuperados e devolvidos aos seus propriet\u00e1rios no 1\u00ba semestre.<br> <br>Os seis primeiros meses de 2020 se consolidaram como o segundo melhor semestre no que se refere \u00e0 redu\u00e7\u00e3o de crimes contra a vida. De acordo com relat\u00f3rio da Sesds, foram 566 casos de Crimes Violentos Letais Intencionais (CVLI) contabilizados de janeiro a junho deste ano. Os casos de feminic\u00eddios somaram 15 ocorr\u00eancias em 2020, dois a menos do que o n\u00famero contabilizado no mesmo per\u00edodo do ano passado.<br> <br>As a\u00e7\u00f5es policiais contra o porte e a posse ilegal de armas de fogo resultaram na apreens\u00e3o de 1.656 espingardas, rev\u00f3lveres e pistolas, entre outros armamentos, de janeiro a junho deste ano. Nos mesmos meses, quase 1.300 quilos de entorpecentes foram retirados das ruas. Foram 1.205,9 quilos de maconha; 39,4 quilos de crack; e 46,5 quilos de coca\u00edna que deixaram de ser comercializados na Para\u00edba.<br> <br>As opera\u00e7\u00f5es realizadas resultaram em 8.223 pris\u00f5es em territ\u00f3rio paraibano no 1\u00ba semestre deste ano. Dessas, 1.225 se caracterizam de interesse estrat\u00e9gico, abrangendo cumprimento de mandados de pris\u00e3o, pris\u00f5es de acusados de roubos em geral, roubos de carros, roubos a banco e assassinatos.<br> <br>J\u00e1 o trabalho do Corpo de Bombeiros Militar totalizou em 56 vidas salvas no socorro de v\u00edtimas de tentativa de assassinatos. Al\u00e9m disso, 1.097 pessoas foram resgatadas pelos bombeiros militares em casos de acidentes de tr\u00e2nsito, que chegaram a uma redu\u00e7\u00e3o de 13% no 1\u00ba semestre deste ano (285 ocorr\u00eancias contra 355 em 2019).<br> <br>\u201cEsse \u00e9 o esfor\u00e7o coletivo de todo um time de governo que busca fazer com que as a\u00e7\u00f5es possam chegar \u00e0 popula\u00e7\u00e3o da maneira mais eficiente poss\u00edvel e foi a uni\u00e3o de todas as for\u00e7as de seguran\u00e7a que permitiu ao Estado continuar avan\u00e7ando, mesmo durante a pandemia do coronav\u00edrus\u201d, ressaltou o governador Jo\u00e3o Azev\u00eado.<br> <br>O secret\u00e1rio Jean Francisco Nunes destacou a produtividade das a\u00e7\u00f5es de seguran\u00e7a realizadas nos primeiros seis meses deste ano. \u201cEsse foi um semestre bastante desafiador e positivo em v\u00e1rios aspectos, e o governador tem acompanhado diariamente a rotina de seguran\u00e7a e monitorado a\u00e7\u00f5es. Mesmo diante da pandemia, nada parou na Secretaria de Seguran\u00e7a, pelo contr\u00e1rio, tivemos que avan\u00e7ar, nos superar e aprender a lidar com a nova rotina e assim est\u00e1 sendo feito, pois estamos acolhendo essas novas miss\u00f5es que chegaram\u201d, pontuou.<br> <br>Ele tamb\u00e9m afirmou que v\u00e1rias c\u00e2meras de monitoramento j\u00e1 foram instaladas em Jo\u00e3o Pessoa e em Campina Grande e novos equipamentos ser\u00e3o disponibilizados no Estado at\u00e9 o final do ano. \u201cIsso resultar\u00e1 em respostas muito mais r\u00e1pidas para o enfrentamento da viol\u00eancia, o que vai gerar qualidade no trabalho e mais seguran\u00e7a para a popula\u00e7\u00e3o\u201d, comentou.<br> <br>Por sua vez, Jo\u00e3o Azev\u00eado assegurou a continuidade dos investimentos em seguran\u00e7a e em tecnologia. \u201cEssas a\u00e7\u00f5es est\u00e3o se estendendo no pacote de obras que lan\u00e7amos recentemente. J\u00e1 autorizamos a licita\u00e7\u00e3o da estrutura f\u00edsica do Centro de Monitoramento de Jo\u00e3o Pessoa, bem como a licita\u00e7\u00e3o dos Centros de Campina Grande e de Patos para que a gente possa implementar, de forma definitiva, todo esse sistema de monitoramento\u201d, finalizou.<\/p>\n","protected":false},"excerpt":{"rendered":"<p>Um total de 3 mil opera\u00e7\u00f5es de preven\u00e7\u00e3o e repress\u00e3o qualificadas foi realizado no primeiro semestre de 2020 na Para\u00edba.<\/p>\n","protected":false},"author":10,"featured_media":904502,"comment_status":"closed","ping_status":"closed","sticky":false,"template":"","format":"standard","meta":{"_exactmetrics_skip_tracking":false,"_exactmetrics_sitenote_active":false,"_exactmetrics_sitenote_note":"","_exactmetrics_sitenote_category":0,"footnotes":""},"categories":[4],"tags":[],"yoast_head":"<!-- This site is optimized with the Yoast SEO plugin v22.0 - https:\/\/yoast.com\/wordpress\/plugins\/seo\/ -->\n<title>Seguran\u00e7a realiza 3 mil opera\u00e7\u00f5es e registra redu\u00e7\u00e3o de roubos e aumento na apreens\u00e3o de drogas no primeiro semestre - Pol\u00edcia Militar da Para\u00edba<\/title>\n<meta name=\"robots\" content=\"index, follow, max-snippet:-1, max-image-preview:large, max-video-preview:-1\" \/>\n<link rel=\"canonical\" href=\"https:\/\/www.pm.pb.gov.br\/portal\/2020\/07\/20\/seguranca-realiza-3-mil-operacoes-e-registra-reducao-de-roubos-e-aumento-na-apreensao-de-drogas-no-primeiro-semestre\/\" \/>\n<meta property=\"og:locale\" content=\"pt_BR\" \/>\n<meta property=\"og:type\" content=\"article\" \/>\n<meta property=\"og:title\" content=\"Seguran\u00e7a realiza 3 mil opera\u00e7\u00f5es e registra redu\u00e7\u00e3o de roubos e aumento na apreens\u00e3o de drogas no primeiro semestre - Pol\u00edcia Militar da Para\u00edba\" \/>\n<meta property=\"og:description\" content=\"Um total de 3 mil opera\u00e7\u00f5es de preven\u00e7\u00e3o e repress\u00e3o qualificadas foi realizado no primeiro semestre de 2020 na Para\u00edba.\" \/>\n<meta property=\"og:url\" content=\"https:\/\/www.pm.pb.gov.br\/portal\/2020\/07\/20\/seguranca-realiza-3-mil-operacoes-e-registra-reducao-de-roubos-e-aumento-na-apreensao-de-drogas-no-primeiro-semestre\/\" \/>\n<meta property=\"og:site_name\" content=\"Pol\u00edcia Militar da Para\u00edba\" \/>\n<meta property=\"article:published_time\" content=\"2020-07-20T20:28:45+00:00\" \/>\n<meta property=\"article:modified_time\" content=\"2020-07-20T20:28:46+00:00\" \/>\n<meta property=\"og:image\" content=\"https:\/\/www.pm.pb.gov.br\/portal\/wp-content\/uploads\/2020\/04\/OPERA\u00c7\u00c3O-EM-CG.jpeg\" \/>\n\t<meta property=\"og:image:width\" content=\"1032\" \/>\n\t<meta property=\"og:image:height\" content=\"774\" \/>\n\t<meta property=\"og:image:type\" content=\"image\/jpeg\" \/>\n<meta name=\"author\" content=\"WAGNER HENRIQUE VARELA DA SILVA\" \/>\n<meta name=\"twitter:card\" content=\"summary_large_image\" \/>\n<meta name=\"twitter:label1\" content=\"Escrito por\" \/>\n\t<meta name=\"twitter:data1\" content=\"WAGNER HENRIQUE VARELA DA SILVA\" \/>\n\t<meta name=\"twitter:label2\" content=\"Est. tempo de leitura\" \/>\n\t<meta name=\"twitter:data2\" content=\"4 minutos\" \/>\n<script type=\"application\/ld+json\" class=\"yoast-schema-graph\">{\"@context\":\"https:\/\/schema.org\",\"@graph\":[{\"@type\":\"Article\",\"@id\":\"https:\/\/www.pm.pb.gov.br\/portal\/2020\/07\/20\/seguranca-realiza-3-mil-operacoes-e-registra-reducao-de-roubos-e-aumento-na-apreensao-de-drogas-no-primeiro-semestre\/#article\",\"isPartOf\":{\"@id\":\"https:\/\/www.pm.pb.gov.br\/portal\/2020\/07\/20\/seguranca-realiza-3-mil-operacoes-e-registra-reducao-de-roubos-e-aumento-na-apreensao-de-drogas-no-primeiro-semestre\/\"},\"author\":{\"name\":\"WAGNER HENRIQUE VARELA DA SILVA\",\"@id\":\"https:\/\/www.pm.pb.gov.br\/portal\/#\/schema\/person\/b169b297b8494dea236e315ed1a201d1\"},\"headline\":\"Seguran\u00e7a realiza 3 mil opera\u00e7\u00f5es e registra redu\u00e7\u00e3o de roubos e aumento na apreens\u00e3o de drogas no primeiro semestre\",\"datePublished\":\"2020-07-20T20:28:45+00:00\",\"dateModified\":\"2020-07-20T20:28:46+00:00\",\"mainEntityOfPage\":{\"@id\":\"https:\/\/www.pm.pb.gov.br\/portal\/2020\/07\/20\/seguranca-realiza-3-mil-operacoes-e-registra-reducao-de-roubos-e-aumento-na-apreensao-de-drogas-no-primeiro-semestre\/\"},\"wordCount\":765,\"publisher\":{\"@id\":\"https:\/\/www.pm.pb.gov.br\/portal\/#organization\"},\"articleSection\":[\"A\u00e7\u00f5es Policiais\"],\"inLanguage\":\"pt-BR\"},{\"@type\":\"WebPage\",\"@id\":\"https:\/\/www.pm.pb.gov.br\/portal\/2020\/07\/20\/seguranca-realiza-3-mil-operacoes-e-registra-reducao-de-roubos-e-aumento-na-apreensao-de-drogas-no-primeiro-semestre\/\",\"url\":\"https:\/\/www.pm.pb.gov.br\/portal\/2020\/07\/20\/seguranca-realiza-3-mil-operacoes-e-registra-reducao-de-roubos-e-aumento-na-apreensao-de-drogas-no-primeiro-semestre\/\",\"name\":\"Seguran\u00e7a realiza 3 mil opera\u00e7\u00f5es e registra redu\u00e7\u00e3o de roubos e aumento na apreens\u00e3o de drogas no primeiro semestre - Pol\u00edcia Militar da Para\u00edba\",\"isPartOf\":{\"@id\":\"https:\/\/www.pm.pb.gov.br\/portal\/#website\"},\"datePublished\":\"2020-07-20T20:28:45+00:00\",\"dateModified\":\"2020-07-20T20:28:46+00:00\",\"breadcrumb\":{\"@id\":\"https:\/\/www.pm.pb.gov.br\/portal\/2020\/07\/20\/seguranca-realiza-3-mil-operacoes-e-registra-reducao-de-roubos-e-aumento-na-apreensao-de-drogas-no-primeiro-semestre\/#breadcrumb\"},\"inLanguage\":\"pt-BR\",\"potentialAction\":[{\"@type\":\"ReadAction\",\"target\":[\"https:\/\/www.pm.pb.gov.br\/portal\/2020\/07\/20\/seguranca-realiza-3-mil-operacoes-e-registra-reducao-de-roubos-e-aumento-na-apreensao-de-drogas-no-primeiro-semestre\/\"]}]},{\"@type\":\"BreadcrumbList\",\"@id\":\"https:\/\/www.pm.pb.gov.br\/portal\/2020\/07\/20\/seguranca-realiza-3-mil-operacoes-e-registra-reducao-de-roubos-e-aumento-na-apreensao-de-drogas-no-primeiro-semestre\/#breadcrumb\",\"itemListElement\":[{\"@type\":\"ListItem\",\"position\":1,\"name\":\"In\u00edcio\",\"item\":\"https:\/\/www.pm.pb.gov.br\/portal\/\"},{\"@type\":\"ListItem\",\"position\":2,\"name\":\"Seguran\u00e7a realiza 3 mil opera\u00e7\u00f5es e registra redu\u00e7\u00e3o de roubos e aumento na apreens\u00e3o de drogas no primeiro semestre\"}]},{\"@type\":\"WebSite\",\"@id\":\"https:\/\/www.pm.pb.gov.br\/portal\/#website\",\"url\":\"https:\/\/www.pm.pb.gov.br\/portal\/\",\"name\":\"Pol\u00edcia Militar da Para\u00edba\",\"description\":\"\",\"publisher\":{\"@id\":\"https:\/\/www.pm.pb.gov.br\/portal\/#organization\"},\"potentialAction\":[{\"@type\":\"SearchAction\",\"target\":{\"@type\":\"EntryPoint\",\"urlTemplate\":\"https:\/\/www.pm.pb.gov.br\/portal\/?s={search_term_string}\"},\"query-input\":\"required name=search_term_string\"}],\"inLanguage\":\"pt-BR\"},{\"@type\":\"Organization\",\"@id\":\"https:\/\/www.pm.pb.gov.br\/portal\/#organization\",\"name\":\"Pol\u00edcia Militar da Para\u00edba\",\"url\":\"https:\/\/www.pm.pb.gov.br\/portal\/\",\"logo\":{\"@type\":\"ImageObject\",\"inLanguage\":\"pt-BR\",\"@id\":\"https:\/\/www.pm.pb.gov.br\/portal\/#\/schema\/logo\/image\/\",\"url\":\"https:\/\/www.pm.pb.gov.br\/portal\/wp-content\/uploads\/2025\/03\/cropped-logo-site-mag2-1.png\",\"contentUrl\":\"https:\/\/www.pm.pb.gov.br\/portal\/wp-content\/uploads\/2025\/03\/cropped-logo-site-mag2-1.png\",\"width\":320,\"height\":90,\"caption\":\"Pol\u00edcia Militar da Para\u00edba\"},\"image\":{\"@id\":\"https:\/\/www.pm.pb.gov.br\/portal\/#\/schema\/logo\/image\/\"}},{\"@type\":\"Person\",\"@id\":\"https:\/\/www.pm.pb.gov.br\/portal\/#\/schema\/person\/b169b297b8494dea236e315ed1a201d1\",\"name\":\"WAGNER HENRIQUE VARELA DA SILVA\",\"image\":{\"@type\":\"ImageObject\",\"inLanguage\":\"pt-BR\",\"@id\":\"https:\/\/www.pm.pb.gov.br\/portal\/#\/schema\/person\/image\/\",\"url\":\"https:\/\/secure.gravatar.com\/avatar\/e08af53176a66730df5c0706c6c31fd6?s=96&d=mm&r=g\",\"contentUrl\":\"https:\/\/secure.gravatar.com\/avatar\/e08af53176a66730df5c0706c6c31fd6?s=96&d=mm&r=g\",\"caption\":\"WAGNER HENRIQUE VARELA DA SILVA\"},\"url\":\"https:\/\/www.pm.pb.gov.br\/portal\/author\/varela\/\"}]}<\/script>\n<!-- \/ Yoast SEO plugin. -->","yoast_head_json":{"title":"Seguran\u00e7a realiza 3 mil opera\u00e7\u00f5es e registra redu\u00e7\u00e3o de roubos e aumento na apreens\u00e3o de drogas no primeiro semestre - Pol\u00edcia Militar da Para\u00edba","robots":{"index":"index","follow":"follow","max-snippet":"max-snippet:-1","max-image-preview":"max-image-preview:large","max-video-preview":"max-video-preview:-1"},"canonical":"https:\/\/www.pm.pb.gov.br\/portal\/2020\/07\/20\/seguranca-realiza-3-mil-operacoes-e-registra-reducao-de-roubos-e-aumento-na-apreensao-de-drogas-no-primeiro-semestre\/","og_locale":"pt_BR","og_type":"article","og_title":"Seguran\u00e7a realiza 3 mil opera\u00e7\u00f5es e registra redu\u00e7\u00e3o de roubos e aumento na apreens\u00e3o de drogas no primeiro semestre - Pol\u00edcia Militar da Para\u00edba","og_description":"Um total de 3 mil opera\u00e7\u00f5es de preven\u00e7\u00e3o e repress\u00e3o qualificadas foi realizado no primeiro semestre de 2020 na Para\u00edba.","og_url":"https:\/\/www.pm.pb.gov.br\/portal\/2020\/07\/20\/seguranca-realiza-3-mil-operacoes-e-registra-reducao-de-roubos-e-aumento-na-apreensao-de-drogas-no-primeiro-semestre\/","og_site_name":"Pol\u00edcia Militar da Para\u00edba","article_published_time":"2020-07-20T20:28:45+00:00","article_modified_time":"2020-07-20T20:28:46+00:00","og_image":[{"width":1032,"height":774,"url":"https:\/\/www.pm.pb.gov.br\/portal\/wp-content\/uploads\/2020\/04\/OPERA\u00c7\u00c3O-EM-CG.jpeg","type":"image\/jpeg"}],"author":"WAGNER HENRIQUE VARELA DA SILVA","twitter_card":"summary_large_image","twitter_misc":{"Escrito por":"WAGNER HENRIQUE VARELA DA SILVA","Est. tempo de leitura":"4 minutos"},"schema":{"@context":"https:\/\/schema.org","@graph":[{"@type":"Article","@id":"https:\/\/www.pm.pb.gov.br\/portal\/2020\/07\/20\/seguranca-realiza-3-mil-operacoes-e-registra-reducao-de-roubos-e-aumento-na-apreensao-de-drogas-no-primeiro-semestre\/#article","isPartOf":{"@id":"https:\/\/www.pm.pb.gov.br\/portal\/2020\/07\/20\/seguranca-realiza-3-mil-operacoes-e-registra-reducao-de-roubos-e-aumento-na-apreensao-de-drogas-no-primeiro-semestre\/"},"author":{"name":"WAGNER HENRIQUE VARELA DA SILVA","@id":"https:\/\/www.pm.pb.gov.br\/portal\/#\/schema\/person\/b169b297b8494dea236e315ed1a201d1"},"headline":"Seguran\u00e7a realiza 3 mil opera\u00e7\u00f5es e registra redu\u00e7\u00e3o de roubos e aumento na apreens\u00e3o de drogas no primeiro semestre","datePublished":"2020-07-20T20:28:45+00:00","dateModified":"2020-07-20T20:28:46+00:00","mainEntityOfPage":{"@id":"https:\/\/www.pm.pb.gov.br\/portal\/2020\/07\/20\/seguranca-realiza-3-mil-operacoes-e-registra-reducao-de-roubos-e-aumento-na-apreensao-de-drogas-no-primeiro-semestre\/"},"wordCount":765,"publisher":{"@id":"https:\/\/www.pm.pb.gov.br\/portal\/#organization"},"articleSection":["A\u00e7\u00f5es Policiais"],"inLanguage":"pt-BR"},{"@type":"WebPage","@id":"https:\/\/www.pm.pb.gov.br\/portal\/2020\/07\/20\/seguranca-realiza-3-mil-operacoes-e-registra-reducao-de-roubos-e-aumento-na-apreensao-de-drogas-no-primeiro-semestre\/","url":"https:\/\/www.pm.pb.gov.br\/portal\/2020\/07\/20\/seguranca-realiza-3-mil-operacoes-e-registra-reducao-de-roubos-e-aumento-na-apreensao-de-drogas-no-primeiro-semestre\/","name":"Seguran\u00e7a realiza 3 mil opera\u00e7\u00f5es e registra redu\u00e7\u00e3o de roubos e aumento na apreens\u00e3o de drogas no primeiro semestre - Pol\u00edcia Militar da Para\u00edba","isPartOf":{"@id":"https:\/\/www.pm.pb.gov.br\/portal\/#website"},"datePublished":"2020-07-20T20:28:45+00:00","dateModified":"2020-07-20T20:28:46+00:00","breadcrumb":{"@id":"https:\/\/www.pm.pb.gov.br\/portal\/2020\/07\/20\/seguranca-realiza-3-mil-operacoes-e-registra-reducao-de-roubos-e-aumento-na-apreensao-de-drogas-no-primeiro-semestre\/#breadcrumb"},"inLanguage":"pt-BR","potentialAction":[{"@type":"ReadAction","target":["https:\/\/www.pm.pb.gov.br\/portal\/2020\/07\/20\/seguranca-realiza-3-mil-operacoes-e-registra-reducao-de-roubos-e-aumento-na-apreensao-de-drogas-no-primeiro-semestre\/"]}]},{"@type":"BreadcrumbList","@id":"https:\/\/www.pm.pb.gov.br\/portal\/2020\/07\/20\/seguranca-realiza-3-mil-operacoes-e-registra-reducao-de-roubos-e-aumento-na-apreensao-de-drogas-no-primeiro-semestre\/#breadcrumb","itemListElement":[{"@type":"ListItem","position":1,"name":"In\u00edcio","item":"https:\/\/www.pm.pb.gov.br\/portal\/"},{"@type":"ListItem","position":2,"name":"Seguran\u00e7a realiza 3 mil opera\u00e7\u00f5es e registra redu\u00e7\u00e3o de roubos e aumento na apreens\u00e3o de drogas no primeiro semestre"}]},{"@type":"WebSite","@id":"https:\/\/www.pm.pb.gov.br\/portal\/#website","url":"https:\/\/www.pm.pb.gov.br\/portal\/","name":"Pol\u00edcia Militar da Para\u00edba","description":"","publisher":{"@id":"https:\/\/www.pm.pb.gov.br\/portal\/#organization"},"potentialAction":[{"@type":"SearchAction","target":{"@type":"EntryPoint","urlTemplate":"https:\/\/www.pm.pb.gov.br\/portal\/?s={search_term_string}"},"query-input":"required name=search_term_string"}],"inLanguage":"pt-BR"},{"@type":"Organization","@id":"https:\/\/www.pm.pb.gov.br\/portal\/#organization","name":"Pol\u00edcia Militar da Para\u00edba","url":"https:\/\/www.pm.pb.gov.br\/portal\/","logo":{"@type":"ImageObject","inLanguage":"pt-BR","@id":"https:\/\/www.pm.pb.gov.br\/portal\/#\/schema\/logo\/image\/","url":"https:\/\/www.pm.pb.gov.br\/portal\/wp-content\/uploads\/2025\/03\/cropped-logo-site-mag2-1.png","contentUrl":"https:\/\/www.pm.pb.gov.br\/portal\/wp-content\/uploads\/2025\/03\/cropped-logo-site-mag2-1.png","width":320,"height":90,"caption":"Pol\u00edcia Militar da Para\u00edba"},"image":{"@id":"https:\/\/www.pm.pb.gov.br\/portal\/#\/schema\/logo\/image\/"}},{"@type":"Person","@id":"https:\/\/www.pm.pb.gov.br\/portal\/#\/schema\/person\/b169b297b8494dea236e315ed1a201d1","name":"WAGNER HENRIQUE VARELA DA SILVA","image":{"@type":"ImageObject","inLanguage":"pt-BR","@id":"https:\/\/www.pm.pb.gov.br\/portal\/#\/schema\/person\/image\/","url":"https:\/\/secure.gravatar.com\/avatar\/e08af53176a66730df5c0706c6c31fd6?s=96&d=mm&r=g","contentUrl":"https:\/\/secure.gravatar.com\/avatar\/e08af53176a66730df5c0706c6c31fd6?s=96&d=mm&r=g","caption":"WAGNER HENRIQUE VARELA DA SILVA"},"url":"https:\/\/www.pm.pb.gov.br\/portal\/author\/varela\/"}]}},"_links":{"self":[{"href":"https:\/\/www.pm.pb.gov.br\/portal\/wp-json\/wp\/v2\/posts\/906163"}],"collection":[{"href":"https:\/\/www.pm.pb.gov.br\/portal\/wp-json\/wp\/v2\/posts"}],"about":[{"href":"https:\/\/www.pm.pb.gov.br\/portal\/wp-json\/wp\/v2\/types\/post"}],"author":[{"embeddable":true,"href":"https:\/\/www.pm.pb.gov.br\/portal\/wp-json\/wp\/v2\/users\/10"}],"replies":[{"embeddable":true,"href":"https:\/\/www.pm.pb.gov.br\/portal\/wp-json\/wp\/v2\/comments?post=906163"}],"version-history":[{"count":2,"href":"https:\/\/www.pm.pb.gov.br\/portal\/wp-json\/wp\/v2\/posts\/906163\/revisions"}],"predecessor-version":[{"id":906169,"href":"https:\/\/www.pm.pb.gov.br\/portal\/wp-json\/wp\/v2\/posts\/906163\/revisions\/906169"}],"wp:featuredmedia":[{"embeddable":true,"href":"https:\/\/www.pm.pb.gov.br\/portal\/wp-json\/wp\/v2\/media\/904502"}],"wp:attachment":[{"href":"https:\/\/www.pm.pb.gov.br\/portal\/wp-json\/wp\/v2\/media?parent=906163"}],"wp:term":[{"taxonomy":"category","embeddable":true,"href":"https:\/\/www.pm.pb.gov.br\/portal\/wp-json\/wp\/v2\/categories?post=906163"},{"taxonomy":"post_tag","embeddable":true,"href":"https:\/\/www.pm.pb.gov.br\/portal\/wp-json\/wp\/v2\/tags?post=906163"}],"curies":[{"name":"wp","href":"https:\/\/api.w.org\/{rel}","templated":true}]}}