{"id":906159,"date":"2020-07-20T10:26:43","date_gmt":"2020-07-20T13:26:43","guid":{"rendered":"http:\/\/www.pm.pb.gov.br\/portal\/?p=906159"},"modified":"2020-07-20T10:26:44","modified_gmt":"2020-07-20T13:26:44","slug":"policia-militar-prende-73-suspeitos-e-apreende-17-armas-nas-operacoes-do-fim-de-semana-na-paraiba","status":"publish","type":"post","link":"https:\/\/www.pm.pb.gov.br\/portal\/2020\/07\/20\/policia-militar-prende-73-suspeitos-e-apreende-17-armas-nas-operacoes-do-fim-de-semana-na-paraiba\/","title":{"rendered":"Pol\u00edcia Militar prende 73 suspeitos e apreende 17 armas nas opera\u00e7\u00f5es do fim de semana na Para\u00edba"},"content":{"rendered":"\n<p>A Pol\u00edcia Militar concluiu as opera\u00e7\u00f5es desse fim de semana com a condu\u00e7\u00e3o de pelo menos 73 suspeitos at\u00e9 as delegacias, 17 armas apreendidas, mais de 13 kg de drogas retiradas de circula\u00e7\u00e3o e 16 ve\u00edculos com queixas de roubo recuperados. Os dados s\u00e3o da Coordenadoria de Estat\u00edstica e Avalia\u00e7\u00e3o (EM\/7) da PM.<br><br>Entre as armas apreendidas, teve uma pistola calibre 9 mil\u00edmetros, que \u00e9 de uso restrito \u00e0s For\u00e7as de Seguran\u00e7a. Foi na cidade de Santa Rita, um dos locais que recebeu maior aten\u00e7\u00e3o nas a\u00e7\u00f5es do fim de semana. A arma estava com um suspeito de 37 anos, que chegou a trocar tiros com os policiais antes de ser preso. As outras apreens\u00f5es de armas aconteceram nas cidades de Jo\u00e3o Pessoa, Cabedelo, Pitimbu, Juazeirinho, Natuba, Campina Grande, Itabaiana, Nova Floresta, Queimadas, Sum\u00e9 e Pianc\u00f3.<br><br>A corpora\u00e7\u00e3o atuou no per\u00edodo com as Opera\u00e7\u00f5es Impacto, Cidade Segura, N\u00f4made e \u00d4nibus Seguro. As atividades, que foram coordenadas pelo pr\u00f3prio comandante-geral da corpora\u00e7\u00e3o, coronel Euller Chaves, come\u00e7aram na noite da sexta-feira (17) e tiveram continuidade at\u00e9 o in\u00edcio da madrugada desta segunda (20).<br>As 73 pris\u00f5es foram motivadas por v\u00e1rios tipos de crimes, entre eles o tr\u00e1fico de drogas, porte ilegal de arma, roubo, les\u00e3o corporal, entre outros.<br><br><strong>Para os pr\u00f3ximos dias \u2013 <\/strong>As \u00faltimas duas semana de julho ter\u00e3o a continuidade das opera\u00e7\u00f5es, com destaque para a \u00d4nibus Seguro, que tem o objetivo de prevenir crimes contra usu\u00e1rios e trabalhadores dos transportes coletivos.  <br><\/p>\n","protected":false},"excerpt":{"rendered":"<p>A Pol\u00edcia Militar concluiu as opera\u00e7\u00f5es desse fim de semana com a condu\u00e7\u00e3o de pelo menos 73 suspeitos at\u00e9 as<\/p>\n","protected":false},"author":10,"featured_media":906164,"comment_status":"closed","ping_status":"closed","sticky":false,"template":"","format":"standard","meta":{"_exactmetrics_skip_tracking":false,"_exactmetrics_sitenote_active":false,"_exactmetrics_sitenote_note":"","_exactmetrics_sitenote_category":0,"footnotes":""},"categories":[4],"tags":[],"yoast_head":"<!-- This site is optimized with the Yoast SEO plugin v22.0 - https:\/\/yoast.com\/wordpress\/plugins\/seo\/ -->\n<title>Pol\u00edcia Militar prende 73 suspeitos e apreende 17 armas nas opera\u00e7\u00f5es do fim de semana na Para\u00edba - Pol\u00edcia Militar da Para\u00edba<\/title>\n<meta name=\"robots\" content=\"index, follow, max-snippet:-1, max-image-preview:large, max-video-preview:-1\" \/>\n<link rel=\"canonical\" href=\"https:\/\/www.pm.pb.gov.br\/portal\/2020\/07\/20\/policia-militar-prende-73-suspeitos-e-apreende-17-armas-nas-operacoes-do-fim-de-semana-na-paraiba\/\" \/>\n<meta property=\"og:locale\" content=\"pt_BR\" \/>\n<meta property=\"og:type\" content=\"article\" \/>\n<meta property=\"og:title\" content=\"Pol\u00edcia Militar prende 73 suspeitos e apreende 17 armas nas opera\u00e7\u00f5es do fim de semana na Para\u00edba - Pol\u00edcia Militar da Para\u00edba\" \/>\n<meta property=\"og:description\" content=\"A Pol\u00edcia Militar concluiu as opera\u00e7\u00f5es desse fim de semana com a condu\u00e7\u00e3o de pelo menos 73 suspeitos at\u00e9 as\" \/>\n<meta property=\"og:url\" content=\"https:\/\/www.pm.pb.gov.br\/portal\/2020\/07\/20\/policia-militar-prende-73-suspeitos-e-apreende-17-armas-nas-operacoes-do-fim-de-semana-na-paraiba\/\" \/>\n<meta property=\"og:site_name\" content=\"Pol\u00edcia Militar da Para\u00edba\" \/>\n<meta property=\"article:published_time\" content=\"2020-07-20T13:26:43+00:00\" \/>\n<meta property=\"article:modified_time\" content=\"2020-07-20T13:26:44+00:00\" \/>\n<meta property=\"og:image\" content=\"https:\/\/www.pm.pb.gov.br\/portal\/wp-content\/uploads\/2020\/07\/94a85ca0-65e2-477c-ad6c-821897446e14.jpeg\" \/>\n\t<meta property=\"og:image:width\" content=\"1280\" \/>\n\t<meta property=\"og:image:height\" content=\"960\" \/>\n\t<meta property=\"og:image:type\" content=\"image\/jpeg\" \/>\n<meta name=\"author\" content=\"WAGNER HENRIQUE VARELA DA SILVA\" \/>\n<meta name=\"twitter:card\" content=\"summary_large_image\" \/>\n<meta name=\"twitter:label1\" content=\"Escrito por\" \/>\n\t<meta name=\"twitter:data1\" content=\"WAGNER HENRIQUE VARELA DA SILVA\" \/>\n\t<meta name=\"twitter:label2\" content=\"Est. tempo de leitura\" \/>\n\t<meta name=\"twitter:data2\" content=\"1 minuto\" \/>\n<script type=\"application\/ld+json\" class=\"yoast-schema-graph\">{\"@context\":\"https:\/\/schema.org\",\"@graph\":[{\"@type\":\"Article\",\"@id\":\"https:\/\/www.pm.pb.gov.br\/portal\/2020\/07\/20\/policia-militar-prende-73-suspeitos-e-apreende-17-armas-nas-operacoes-do-fim-de-semana-na-paraiba\/#article\",\"isPartOf\":{\"@id\":\"https:\/\/www.pm.pb.gov.br\/portal\/2020\/07\/20\/policia-militar-prende-73-suspeitos-e-apreende-17-armas-nas-operacoes-do-fim-de-semana-na-paraiba\/\"},\"author\":{\"name\":\"WAGNER HENRIQUE VARELA DA SILVA\",\"@id\":\"https:\/\/www.pm.pb.gov.br\/portal\/#\/schema\/person\/b169b297b8494dea236e315ed1a201d1\"},\"headline\":\"Pol\u00edcia Militar prende 73 suspeitos e apreende 17 armas nas opera\u00e7\u00f5es do fim de semana na Para\u00edba\",\"datePublished\":\"2020-07-20T13:26:43+00:00\",\"dateModified\":\"2020-07-20T13:26:44+00:00\",\"mainEntityOfPage\":{\"@id\":\"https:\/\/www.pm.pb.gov.br\/portal\/2020\/07\/20\/policia-militar-prende-73-suspeitos-e-apreende-17-armas-nas-operacoes-do-fim-de-semana-na-paraiba\/\"},\"wordCount\":280,\"publisher\":{\"@id\":\"https:\/\/www.pm.pb.gov.br\/portal\/#organization\"},\"articleSection\":[\"A\u00e7\u00f5es Policiais\"],\"inLanguage\":\"pt-BR\"},{\"@type\":\"WebPage\",\"@id\":\"https:\/\/www.pm.pb.gov.br\/portal\/2020\/07\/20\/policia-militar-prende-73-suspeitos-e-apreende-17-armas-nas-operacoes-do-fim-de-semana-na-paraiba\/\",\"url\":\"https:\/\/www.pm.pb.gov.br\/portal\/2020\/07\/20\/policia-militar-prende-73-suspeitos-e-apreende-17-armas-nas-operacoes-do-fim-de-semana-na-paraiba\/\",\"name\":\"Pol\u00edcia Militar prende 73 suspeitos e apreende 17 armas nas opera\u00e7\u00f5es do fim de semana na Para\u00edba - Pol\u00edcia Militar da Para\u00edba\",\"isPartOf\":{\"@id\":\"https:\/\/www.pm.pb.gov.br\/portal\/#website\"},\"datePublished\":\"2020-07-20T13:26:43+00:00\",\"dateModified\":\"2020-07-20T13:26:44+00:00\",\"breadcrumb\":{\"@id\":\"https:\/\/www.pm.pb.gov.br\/portal\/2020\/07\/20\/policia-militar-prende-73-suspeitos-e-apreende-17-armas-nas-operacoes-do-fim-de-semana-na-paraiba\/#breadcrumb\"},\"inLanguage\":\"pt-BR\",\"potentialAction\":[{\"@type\":\"ReadAction\",\"target\":[\"https:\/\/www.pm.pb.gov.br\/portal\/2020\/07\/20\/policia-militar-prende-73-suspeitos-e-apreende-17-armas-nas-operacoes-do-fim-de-semana-na-paraiba\/\"]}]},{\"@type\":\"BreadcrumbList\",\"@id\":\"https:\/\/www.pm.pb.gov.br\/portal\/2020\/07\/20\/policia-militar-prende-73-suspeitos-e-apreende-17-armas-nas-operacoes-do-fim-de-semana-na-paraiba\/#breadcrumb\",\"itemListElement\":[{\"@type\":\"ListItem\",\"position\":1,\"name\":\"In\u00edcio\",\"item\":\"https:\/\/www.pm.pb.gov.br\/portal\/\"},{\"@type\":\"ListItem\",\"position\":2,\"name\":\"Pol\u00edcia Militar prende 73 suspeitos e apreende 17 armas nas opera\u00e7\u00f5es do fim de semana na Para\u00edba\"}]},{\"@type\":\"WebSite\",\"@id\":\"https:\/\/www.pm.pb.gov.br\/portal\/#website\",\"url\":\"https:\/\/www.pm.pb.gov.br\/portal\/\",\"name\":\"Pol\u00edcia Militar da Para\u00edba\",\"description\":\"\",\"publisher\":{\"@id\":\"https:\/\/www.pm.pb.gov.br\/portal\/#organization\"},\"potentialAction\":[{\"@type\":\"SearchAction\",\"target\":{\"@type\":\"EntryPoint\",\"urlTemplate\":\"https:\/\/www.pm.pb.gov.br\/portal\/?s={search_term_string}\"},\"query-input\":\"required name=search_term_string\"}],\"inLanguage\":\"pt-BR\"},{\"@type\":\"Organization\",\"@id\":\"https:\/\/www.pm.pb.gov.br\/portal\/#organization\",\"name\":\"Pol\u00edcia Militar da Para\u00edba\",\"url\":\"https:\/\/www.pm.pb.gov.br\/portal\/\",\"logo\":{\"@type\":\"ImageObject\",\"inLanguage\":\"pt-BR\",\"@id\":\"https:\/\/www.pm.pb.gov.br\/portal\/#\/schema\/logo\/image\/\",\"url\":\"https:\/\/www.pm.pb.gov.br\/portal\/wp-content\/uploads\/2025\/03\/cropped-logo-site-mag2-1.png\",\"contentUrl\":\"https:\/\/www.pm.pb.gov.br\/portal\/wp-content\/uploads\/2025\/03\/cropped-logo-site-mag2-1.png\",\"width\":320,\"height\":90,\"caption\":\"Pol\u00edcia Militar da Para\u00edba\"},\"image\":{\"@id\":\"https:\/\/www.pm.pb.gov.br\/portal\/#\/schema\/logo\/image\/\"}},{\"@type\":\"Person\",\"@id\":\"https:\/\/www.pm.pb.gov.br\/portal\/#\/schema\/person\/b169b297b8494dea236e315ed1a201d1\",\"name\":\"WAGNER HENRIQUE VARELA DA SILVA\",\"image\":{\"@type\":\"ImageObject\",\"inLanguage\":\"pt-BR\",\"@id\":\"https:\/\/www.pm.pb.gov.br\/portal\/#\/schema\/person\/image\/\",\"url\":\"https:\/\/secure.gravatar.com\/avatar\/e08af53176a66730df5c0706c6c31fd6?s=96&d=mm&r=g\",\"contentUrl\":\"https:\/\/secure.gravatar.com\/avatar\/e08af53176a66730df5c0706c6c31fd6?s=96&d=mm&r=g\",\"caption\":\"WAGNER HENRIQUE VARELA DA SILVA\"},\"url\":\"https:\/\/www.pm.pb.gov.br\/portal\/author\/varela\/\"}]}<\/script>\n<!-- \/ Yoast SEO plugin. -->","yoast_head_json":{"title":"Pol\u00edcia Militar prende 73 suspeitos e apreende 17 armas nas opera\u00e7\u00f5es do fim de semana na Para\u00edba - Pol\u00edcia Militar da Para\u00edba","robots":{"index":"index","follow":"follow","max-snippet":"max-snippet:-1","max-image-preview":"max-image-preview:large","max-video-preview":"max-video-preview:-1"},"canonical":"https:\/\/www.pm.pb.gov.br\/portal\/2020\/07\/20\/policia-militar-prende-73-suspeitos-e-apreende-17-armas-nas-operacoes-do-fim-de-semana-na-paraiba\/","og_locale":"pt_BR","og_type":"article","og_title":"Pol\u00edcia Militar prende 73 suspeitos e apreende 17 armas nas opera\u00e7\u00f5es do fim de semana na Para\u00edba - Pol\u00edcia Militar da Para\u00edba","og_description":"A Pol\u00edcia Militar concluiu as opera\u00e7\u00f5es desse fim de semana com a condu\u00e7\u00e3o de pelo menos 73 suspeitos at\u00e9 as","og_url":"https:\/\/www.pm.pb.gov.br\/portal\/2020\/07\/20\/policia-militar-prende-73-suspeitos-e-apreende-17-armas-nas-operacoes-do-fim-de-semana-na-paraiba\/","og_site_name":"Pol\u00edcia Militar da Para\u00edba","article_published_time":"2020-07-20T13:26:43+00:00","article_modified_time":"2020-07-20T13:26:44+00:00","og_image":[{"width":1280,"height":960,"url":"https:\/\/www.pm.pb.gov.br\/portal\/wp-content\/uploads\/2020\/07\/94a85ca0-65e2-477c-ad6c-821897446e14.jpeg","type":"image\/jpeg"}],"author":"WAGNER HENRIQUE VARELA DA SILVA","twitter_card":"summary_large_image","twitter_misc":{"Escrito por":"WAGNER HENRIQUE VARELA DA SILVA","Est. tempo de leitura":"1 minuto"},"schema":{"@context":"https:\/\/schema.org","@graph":[{"@type":"Article","@id":"https:\/\/www.pm.pb.gov.br\/portal\/2020\/07\/20\/policia-militar-prende-73-suspeitos-e-apreende-17-armas-nas-operacoes-do-fim-de-semana-na-paraiba\/#article","isPartOf":{"@id":"https:\/\/www.pm.pb.gov.br\/portal\/2020\/07\/20\/policia-militar-prende-73-suspeitos-e-apreende-17-armas-nas-operacoes-do-fim-de-semana-na-paraiba\/"},"author":{"name":"WAGNER HENRIQUE VARELA DA SILVA","@id":"https:\/\/www.pm.pb.gov.br\/portal\/#\/schema\/person\/b169b297b8494dea236e315ed1a201d1"},"headline":"Pol\u00edcia Militar prende 73 suspeitos e apreende 17 armas nas opera\u00e7\u00f5es do fim de semana na Para\u00edba","datePublished":"2020-07-20T13:26:43+00:00","dateModified":"2020-07-20T13:26:44+00:00","mainEntityOfPage":{"@id":"https:\/\/www.pm.pb.gov.br\/portal\/2020\/07\/20\/policia-militar-prende-73-suspeitos-e-apreende-17-armas-nas-operacoes-do-fim-de-semana-na-paraiba\/"},"wordCount":280,"publisher":{"@id":"https:\/\/www.pm.pb.gov.br\/portal\/#organization"},"articleSection":["A\u00e7\u00f5es Policiais"],"inLanguage":"pt-BR"},{"@type":"WebPage","@id":"https:\/\/www.pm.pb.gov.br\/portal\/2020\/07\/20\/policia-militar-prende-73-suspeitos-e-apreende-17-armas-nas-operacoes-do-fim-de-semana-na-paraiba\/","url":"https:\/\/www.pm.pb.gov.br\/portal\/2020\/07\/20\/policia-militar-prende-73-suspeitos-e-apreende-17-armas-nas-operacoes-do-fim-de-semana-na-paraiba\/","name":"Pol\u00edcia Militar prende 73 suspeitos e apreende 17 armas nas opera\u00e7\u00f5es do fim de semana na Para\u00edba - Pol\u00edcia Militar da Para\u00edba","isPartOf":{"@id":"https:\/\/www.pm.pb.gov.br\/portal\/#website"},"datePublished":"2020-07-20T13:26:43+00:00","dateModified":"2020-07-20T13:26:44+00:00","breadcrumb":{"@id":"https:\/\/www.pm.pb.gov.br\/portal\/2020\/07\/20\/policia-militar-prende-73-suspeitos-e-apreende-17-armas-nas-operacoes-do-fim-de-semana-na-paraiba\/#breadcrumb"},"inLanguage":"pt-BR","potentialAction":[{"@type":"ReadAction","target":["https:\/\/www.pm.pb.gov.br\/portal\/2020\/07\/20\/policia-militar-prende-73-suspeitos-e-apreende-17-armas-nas-operacoes-do-fim-de-semana-na-paraiba\/"]}]},{"@type":"BreadcrumbList","@id":"https:\/\/www.pm.pb.gov.br\/portal\/2020\/07\/20\/policia-militar-prende-73-suspeitos-e-apreende-17-armas-nas-operacoes-do-fim-de-semana-na-paraiba\/#breadcrumb","itemListElement":[{"@type":"ListItem","position":1,"name":"In\u00edcio","item":"https:\/\/www.pm.pb.gov.br\/portal\/"},{"@type":"ListItem","position":2,"name":"Pol\u00edcia Militar prende 73 suspeitos e apreende 17 armas nas opera\u00e7\u00f5es do fim de semana na Para\u00edba"}]},{"@type":"WebSite","@id":"https:\/\/www.pm.pb.gov.br\/portal\/#website","url":"https:\/\/www.pm.pb.gov.br\/portal\/","name":"Pol\u00edcia Militar da Para\u00edba","description":"","publisher":{"@id":"https:\/\/www.pm.pb.gov.br\/portal\/#organization"},"potentialAction":[{"@type":"SearchAction","target":{"@type":"EntryPoint","urlTemplate":"https:\/\/www.pm.pb.gov.br\/portal\/?s={search_term_string}"},"query-input":"required name=search_term_string"}],"inLanguage":"pt-BR"},{"@type":"Organization","@id":"https:\/\/www.pm.pb.gov.br\/portal\/#organization","name":"Pol\u00edcia Militar da Para\u00edba","url":"https:\/\/www.pm.pb.gov.br\/portal\/","logo":{"@type":"ImageObject","inLanguage":"pt-BR","@id":"https:\/\/www.pm.pb.gov.br\/portal\/#\/schema\/logo\/image\/","url":"https:\/\/www.pm.pb.gov.br\/portal\/wp-content\/uploads\/2025\/03\/cropped-logo-site-mag2-1.png","contentUrl":"https:\/\/www.pm.pb.gov.br\/portal\/wp-content\/uploads\/2025\/03\/cropped-logo-site-mag2-1.png","width":320,"height":90,"caption":"Pol\u00edcia Militar da Para\u00edba"},"image":{"@id":"https:\/\/www.pm.pb.gov.br\/portal\/#\/schema\/logo\/image\/"}},{"@type":"Person","@id":"https:\/\/www.pm.pb.gov.br\/portal\/#\/schema\/person\/b169b297b8494dea236e315ed1a201d1","name":"WAGNER HENRIQUE VARELA DA SILVA","image":{"@type":"ImageObject","inLanguage":"pt-BR","@id":"https:\/\/www.pm.pb.gov.br\/portal\/#\/schema\/person\/image\/","url":"https:\/\/secure.gravatar.com\/avatar\/e08af53176a66730df5c0706c6c31fd6?s=96&d=mm&r=g","contentUrl":"https:\/\/secure.gravatar.com\/avatar\/e08af53176a66730df5c0706c6c31fd6?s=96&d=mm&r=g","caption":"WAGNER HENRIQUE VARELA DA SILVA"},"url":"https:\/\/www.pm.pb.gov.br\/portal\/author\/varela\/"}]}},"_links":{"self":[{"href":"https:\/\/www.pm.pb.gov.br\/portal\/wp-json\/wp\/v2\/posts\/906159"}],"collection":[{"href":"https:\/\/www.pm.pb.gov.br\/portal\/wp-json\/wp\/v2\/posts"}],"about":[{"href":"https:\/\/www.pm.pb.gov.br\/portal\/wp-json\/wp\/v2\/types\/post"}],"author":[{"embeddable":true,"href":"https:\/\/www.pm.pb.gov.br\/portal\/wp-json\/wp\/v2\/users\/10"}],"replies":[{"embeddable":true,"href":"https:\/\/www.pm.pb.gov.br\/portal\/wp-json\/wp\/v2\/comments?post=906159"}],"version-history":[{"count":2,"href":"https:\/\/www.pm.pb.gov.br\/portal\/wp-json\/wp\/v2\/posts\/906159\/revisions"}],"predecessor-version":[{"id":906165,"href":"https:\/\/www.pm.pb.gov.br\/portal\/wp-json\/wp\/v2\/posts\/906159\/revisions\/906165"}],"wp:featuredmedia":[{"embeddable":true,"href":"https:\/\/www.pm.pb.gov.br\/portal\/wp-json\/wp\/v2\/media\/906164"}],"wp:attachment":[{"href":"https:\/\/www.pm.pb.gov.br\/portal\/wp-json\/wp\/v2\/media?parent=906159"}],"wp:term":[{"taxonomy":"category","embeddable":true,"href":"https:\/\/www.pm.pb.gov.br\/portal\/wp-json\/wp\/v2\/categories?post=906159"},{"taxonomy":"post_tag","embeddable":true,"href":"https:\/\/www.pm.pb.gov.br\/portal\/wp-json\/wp\/v2\/tags?post=906159"}],"curies":[{"name":"wp","href":"https:\/\/api.w.org\/{rel}","templated":true}]}}